{"id":10629,"date":"2014-09-11T09:30:43","date_gmt":"2014-09-11T14:30:43","guid":{"rendered":"http:\/\/centrourbano.com\/?p=10629"},"modified":"2014-09-10T15:43:07","modified_gmt":"2014-09-10T20:43:07","slug":"invertira-ara500-millones-de-pesos-en-adquisicion-de-terrenos","status":"publish","type":"post","link":"https:\/\/centrourbano.com\/revista\/vivienda\/invertira-ara500-millones-de-pesos-en-adquisicion-de-terrenos\/","title":{"rendered":"Invertir\u00e1 ARA 500 millones de pesos en adquisici\u00f3n de terrenos"},"content":{"rendered":"<p>&nbsp;<\/p>\n<p><em>Dicho monto, proyectado para lo que resta del a\u00f1o, dar\u00e1 continuidad a sus proyectos INTEGRARA<\/em><!--more--><\/p>\n<p>La estructura financiera saludable y un nivel de deuda moderado ha permitido a la desarrolladora Consorcio ARA seguir avanzando en la construcci\u00f3n de proyectos tanto en el Distrito Federal como en el Estado de M\u00e9xico, Quintana Roo y Veracruz, por lo cual invertir\u00e1 500 millones de pesos para la adquisici\u00f3n de terrenos.<\/p>\n<p>Lo anterior derivado de la generaci\u00f3n de flujos, pues tras los logros que tuvo en 2013, entre ellos la reducci\u00f3n de la deuda en 23.6 por ciento, el aumento de las utilidades acumuladas de 5.4 por ciento y la recalendarizaci\u00f3n de la deuda; mientras que en la primera mitad de 2014, ha generado flujo libre de efectivo para la firma de 762 millones de pesos, y sus ingresos incrementaron 9.5 por ciento con relaci\u00f3n a la segunda mitad de 2013.<\/p>\n<p>Es precisamente esa generaci\u00f3n de flujo la que les permitir\u00e1, en lo que resta del a\u00f1o, la citada inversi\u00f3n con la cual, Consorcio ARA dio a conocer que adquirir\u00e1 principalmente terrenos ubicados en la ciudad de M\u00e9xico para dar continuidad a la construcci\u00f3n y venta de sus proyectos INTEGRARA, correspondiente a su oferta inmobiliaria para grandes urbes, en zonas con buenas vialidades, cerca de escuelas, hospitales, comercios y todo tipo de servicios.<\/p>\n<p>Dicho concepto de vivienda vertical est\u00e1 destinado a un amplio mercado, debido a que concentran todo lo necesario en una distancia accesible, departamentos de los cuales ha comercializado m\u00e1s de 2 mil 260 unidades de 2010 a la fecha. De este tipo destaca INTEGRARA Iztacalco, desarrollo de 738 viviendas el cual recibi\u00f3 el Premio Nacional de Vivienda en 2011 en su categor\u00eda de Desarrollo Urbano Sustentable, por aprovechar eficientemente los recursos naturales.<\/p>\n<p>A la par de los proyectos de vivienda vertical que contempla Consorcio ARA, en el resto de la Rep\u00fablica est\u00e1 enfocada a la construcci\u00f3n de edificios de la marca ARA Crystal Lagoons en el Estado de M\u00e9xico, Quintana Roo y Veracruz.<\/p>\n<p>Actualmente la viviendera opera en 16 estados, 18 ciudades, 34 municipios y 43 desarrollos y su reserva territorial est\u00e1 estrat\u00e9gicamente ubicada en zonas con alto crecimiento econ\u00f3mico y poblacional, la cual consta de 38.8 millones de metros cuadrados, para edificar aproximadamente 159 mil viviendas a plan maestro.<\/p>\n","protected":false},"excerpt":{"rendered":"<p>&nbsp; Dicho monto, proyectado para lo que resta del a\u00f1o, dar\u00e1 continuidad a sus proyectos INTEGRARA<\/p>\n","protected":false},"author":5,"featured_media":0,"comment_status":"open","ping_status":"closed","sticky":false,"template":"","format":"standard","meta":{"om_disable_all_campaigns":false,"inline_featured_image":false,"_monsterinsights_skip_tracking":false,"_monsterinsights_sitenote_active":false,"_monsterinsights_sitenote_note":"","_monsterinsights_sitenote_category":0,"footnotes":""},"categories":[12],"tags":[326,2982,2983,656],"class_list":["post-10629","post","type-post","status-publish","format-standard","hentry","category-vivienda","tag-consorcio-ara","tag-crystal-lagoons","tag-integrara","tag-vivienda-vertical"],"yoast_head":"<!-- This site is optimized with the Yoast SEO plugin v27.4 - https:\/\/yoast.com\/product\/yoast-seo-wordpress\/ -->\n<title>Invertir\u00e1 ARA 500 millones de pesos en adquisici\u00f3n de terrenos -<\/title>\n<meta name=\"description\" content=\"&nbsp; Dicho monto, proyectado para lo que resta del a\u00f1o, dar\u00e1 continuidad a sus proyectos INTEGRARA La estructura financiera saludable y un nivel de\" \/>\n<meta name=\"robots\" content=\"index, follow, max-snippet:-1, max-image-preview:large, max-video-preview:-1\" \/>\n<link rel=\"canonical\" href=\"https:\/\/centrourbano.com\/revista\/vivienda\/invertira-ara500-millones-de-pesos-en-adquisicion-de-terrenos\/\" \/>\n<meta property=\"og:locale\" content=\"es_ES\" \/>\n<meta property=\"og:type\" content=\"article\" \/>\n<meta property=\"og:title\" content=\"Invertir\u00e1 ARA 500 millones de pesos en adquisici\u00f3n de terrenos -\" \/>\n<meta property=\"og:description\" content=\"&nbsp; Dicho monto, proyectado para lo que resta del a\u00f1o, dar\u00e1 continuidad a sus proyectos INTEGRARA La estructura financiera saludable y un nivel de\" \/>\n<meta property=\"og:url\" content=\"https:\/\/centrourbano.com\/revista\/vivienda\/invertira-ara500-millones-de-pesos-en-adquisicion-de-terrenos\/\" \/>\n<meta property=\"og:site_name\" content=\"Centro Urbano\" \/>\n<meta property=\"article:publisher\" content=\"https:\/\/www.facebook.com\/portalcentrourbano\" \/>\n<meta property=\"article:published_time\" content=\"2014-09-11T14:30:43+00:00\" \/>\n<meta property=\"og:image\" content=\"https:\/\/centrourbano.com\/revista\/wp-content\/uploads\/CU-logo.png\" \/>\n\t<meta property=\"og:image:width\" content=\"350\" \/>\n\t<meta property=\"og:image:height\" content=\"91\" \/>\n\t<meta property=\"og:image:type\" content=\"image\/png\" \/>\n<meta name=\"author\" content=\"Aura Fuentes\" \/>\n<meta name=\"twitter:card\" content=\"summary_large_image\" \/>\n<meta name=\"twitter:creator\" content=\"@CentroUrbano\" \/>\n<meta name=\"twitter:site\" content=\"@CentroUrbano\" \/>\n<meta name=\"twitter:label1\" content=\"Escrito por\" \/>\n\t<meta name=\"twitter:data1\" content=\"Aura Fuentes\" \/>\n\t<meta name=\"twitter:label2\" content=\"Tiempo de lectura\" \/>\n\t<meta name=\"twitter:data2\" content=\"2 minutos\" \/>\n<script type=\"application\/ld+json\" class=\"yoast-schema-graph\">{\"@context\":\"https:\\\/\\\/schema.org\",\"@graph\":[{\"@type\":\"Article\",\"@id\":\"https:\\\/\\\/centrourbano.com\\\/revista\\\/vivienda\\\/invertira-ara500-millones-de-pesos-en-adquisicion-de-terrenos\\\/#article\",\"isPartOf\":{\"@id\":\"https:\\\/\\\/centrourbano.com\\\/revista\\\/vivienda\\\/invertira-ara500-millones-de-pesos-en-adquisicion-de-terrenos\\\/\"},\"author\":{\"name\":\"Aura Fuentes\",\"@id\":\"https:\\\/\\\/centrourbano.com\\\/revista\\\/#\\\/schema\\\/person\\\/756e631daf8400a0026dd8474463803a\"},\"headline\":\"Invertir\u00e1 ARA 500 millones de pesos en adquisici\u00f3n de terrenos\",\"datePublished\":\"2014-09-11T14:30:43+00:00\",\"mainEntityOfPage\":{\"@id\":\"https:\\\/\\\/centrourbano.com\\\/revista\\\/vivienda\\\/invertira-ara500-millones-de-pesos-en-adquisicion-de-terrenos\\\/\"},\"wordCount\":391,\"commentCount\":0,\"publisher\":{\"@id\":\"https:\\\/\\\/centrourbano.com\\\/revista\\\/#organization\"},\"keywords\":[\"Consorcio ARA\",\"Crystal Lagoons\",\"INTEGRARA\",\"Vivienda vertical\"],\"articleSection\":[\"Vivienda\"],\"inLanguage\":\"es\",\"potentialAction\":[{\"@type\":\"CommentAction\",\"name\":\"Comment\",\"target\":[\"https:\\\/\\\/centrourbano.com\\\/revista\\\/vivienda\\\/invertira-ara500-millones-de-pesos-en-adquisicion-de-terrenos\\\/#respond\"]}]},{\"@type\":\"WebPage\",\"@id\":\"https:\\\/\\\/centrourbano.com\\\/revista\\\/vivienda\\\/invertira-ara500-millones-de-pesos-en-adquisicion-de-terrenos\\\/\",\"url\":\"https:\\\/\\\/centrourbano.com\\\/revista\\\/vivienda\\\/invertira-ara500-millones-de-pesos-en-adquisicion-de-terrenos\\\/\",\"name\":\"Invertir\u00e1 ARA 500 millones de pesos en adquisici\u00f3n de terrenos -\",\"isPartOf\":{\"@id\":\"https:\\\/\\\/centrourbano.com\\\/revista\\\/#website\"},\"datePublished\":\"2014-09-11T14:30:43+00:00\",\"description\":\"&nbsp; Dicho monto, proyectado para lo que resta del a\u00f1o, dar\u00e1 continuidad a sus proyectos INTEGRARA La estructura financiera saludable y un nivel de\",\"breadcrumb\":{\"@id\":\"https:\\\/\\\/centrourbano.com\\\/revista\\\/vivienda\\\/invertira-ara500-millones-de-pesos-en-adquisicion-de-terrenos\\\/#breadcrumb\"},\"inLanguage\":\"es\",\"potentialAction\":[{\"@type\":\"ReadAction\",\"target\":[\"https:\\\/\\\/centrourbano.com\\\/revista\\\/vivienda\\\/invertira-ara500-millones-de-pesos-en-adquisicion-de-terrenos\\\/\"]}]},{\"@type\":\"BreadcrumbList\",\"@id\":\"https:\\\/\\\/centrourbano.com\\\/revista\\\/vivienda\\\/invertira-ara500-millones-de-pesos-en-adquisicion-de-terrenos\\\/#breadcrumb\",\"itemListElement\":[{\"@type\":\"ListItem\",\"position\":1,\"name\":\"Portada\",\"item\":\"https:\\\/\\\/centrourbano.com\\\/revista\\\/\"},{\"@type\":\"ListItem\",\"position\":2,\"name\":\"Invertir\u00e1 ARA 500 millones de pesos en adquisici\u00f3n de terrenos\"}]},{\"@type\":\"WebSite\",\"@id\":\"https:\\\/\\\/centrourbano.com\\\/revista\\\/#website\",\"url\":\"https:\\\/\\\/centrourbano.com\\\/revista\\\/\",\"name\":\"Centro Urbano\",\"description\":\"Medio especializado en los sectores vivienda, inmobiliario, construcci\u00f3n, arquitectura y urbanismo.\",\"publisher\":{\"@id\":\"https:\\\/\\\/centrourbano.com\\\/revista\\\/#organization\"},\"potentialAction\":[{\"@type\":\"SearchAction\",\"target\":{\"@type\":\"EntryPoint\",\"urlTemplate\":\"https:\\\/\\\/centrourbano.com\\\/revista\\\/?s={search_term_string}\"},\"query-input\":{\"@type\":\"PropertyValueSpecification\",\"valueRequired\":true,\"valueName\":\"search_term_string\"}}],\"inLanguage\":\"es\"},{\"@type\":\"Organization\",\"@id\":\"https:\\\/\\\/centrourbano.com\\\/revista\\\/#organization\",\"name\":\"Centro Urbano\",\"url\":\"https:\\\/\\\/centrourbano.com\\\/revista\\\/\",\"logo\":{\"@type\":\"ImageObject\",\"inLanguage\":\"es\",\"@id\":\"https:\\\/\\\/centrourbano.com\\\/revista\\\/#\\\/schema\\\/logo\\\/image\\\/\",\"url\":\"https:\\\/\\\/centrourbano.com\\\/revista\\\/wp-content\\\/uploads\\\/web_CU_logo-1.png\",\"contentUrl\":\"https:\\\/\\\/centrourbano.com\\\/revista\\\/wp-content\\\/uploads\\\/web_CU_logo-1.png\",\"width\":350,\"height\":91,\"caption\":\"Centro Urbano\"},\"image\":{\"@id\":\"https:\\\/\\\/centrourbano.com\\\/revista\\\/#\\\/schema\\\/logo\\\/image\\\/\"},\"sameAs\":[\"https:\\\/\\\/www.facebook.com\\\/portalcentrourbano\",\"https:\\\/\\\/x.com\\\/CentroUrbano\",\"https:\\\/\\\/www.instagram.com\\\/centro_urbano\\\/\",\"https:\\\/\\\/www.linkedin.com\\\/company\\\/centro-urbano\\\/\",\"http:\\\/\\\/www.youtube.com\\\/user\\\/portalcentrourbano\"]},{\"@type\":\"Person\",\"@id\":\"https:\\\/\\\/centrourbano.com\\\/revista\\\/#\\\/schema\\\/person\\\/756e631daf8400a0026dd8474463803a\",\"name\":\"Aura Fuentes\",\"image\":{\"@type\":\"ImageObject\",\"inLanguage\":\"es\",\"@id\":\"https:\\\/\\\/secure.gravatar.com\\\/avatar\\\/d4d494c7466b3a8e92935aa38a4205c72303f888e06051bec24b2018c769f20a?s=96&d=mm&r=g\",\"url\":\"https:\\\/\\\/secure.gravatar.com\\\/avatar\\\/d4d494c7466b3a8e92935aa38a4205c72303f888e06051bec24b2018c769f20a?s=96&d=mm&r=g\",\"contentUrl\":\"https:\\\/\\\/secure.gravatar.com\\\/avatar\\\/d4d494c7466b3a8e92935aa38a4205c72303f888e06051bec24b2018c769f20a?s=96&d=mm&r=g\",\"caption\":\"Aura Fuentes\"},\"description\":\"Egresada de la carrera de Comunicaci\u00f3n y Periodismo en la FES Arag\u00f3n, UNAM. Aunque se especializ\u00f3 en Televisi\u00f3n prefiere estar detr\u00e1s de una computadora haciendo lo que m\u00e1s le gusta: escribir. Su mayor experiencia como profesionista la obtuvo en Diario de M\u00e9xico Edici\u00f3n USA, donde fungi\u00f3 como coordinadora editorial. Siempre perfeccionista y responsable, ahora se desempe\u00f1a como Editora en Jefe dentro de Centro Urbano.\",\"sameAs\":[\"http:\\\/\\\/@Aura_CU\"],\"url\":\"https:\\\/\\\/centrourbano.com\\\/revista\\\/author\\\/aura-fuentes\\\/\"}]}<\/script>\n<!-- \/ Yoast SEO plugin. -->","yoast_head_json":{"title":"Invertir\u00e1 ARA 500 millones de pesos en adquisici\u00f3n de terrenos -","description":"&nbsp; Dicho monto, proyectado para lo que resta del a\u00f1o, dar\u00e1 continuidad a sus proyectos INTEGRARA La estructura financiera saludable y un nivel de","robots":{"index":"index","follow":"follow","max-snippet":"max-snippet:-1","max-image-preview":"max-image-preview:large","max-video-preview":"max-video-preview:-1"},"canonical":"https:\/\/centrourbano.com\/revista\/vivienda\/invertira-ara500-millones-de-pesos-en-adquisicion-de-terrenos\/","og_locale":"es_ES","og_type":"article","og_title":"Invertir\u00e1 ARA 500 millones de pesos en adquisici\u00f3n de terrenos -","og_description":"&nbsp; Dicho monto, proyectado para lo que resta del a\u00f1o, dar\u00e1 continuidad a sus proyectos INTEGRARA La estructura financiera saludable y un nivel de","og_url":"https:\/\/centrourbano.com\/revista\/vivienda\/invertira-ara500-millones-de-pesos-en-adquisicion-de-terrenos\/","og_site_name":"Centro Urbano","article_publisher":"https:\/\/www.facebook.com\/portalcentrourbano","article_published_time":"2014-09-11T14:30:43+00:00","og_image":[{"width":350,"height":91,"url":"https:\/\/centrourbano.com\/revista\/wp-content\/uploads\/CU-logo.png","type":"image\/png"}],"author":"Aura Fuentes","twitter_card":"summary_large_image","twitter_creator":"@CentroUrbano","twitter_site":"@CentroUrbano","twitter_misc":{"Escrito por":"Aura Fuentes","Tiempo de lectura":"2 minutos"},"schema":{"@context":"https:\/\/schema.org","@graph":[{"@type":"Article","@id":"https:\/\/centrourbano.com\/revista\/vivienda\/invertira-ara500-millones-de-pesos-en-adquisicion-de-terrenos\/#article","isPartOf":{"@id":"https:\/\/centrourbano.com\/revista\/vivienda\/invertira-ara500-millones-de-pesos-en-adquisicion-de-terrenos\/"},"author":{"name":"Aura Fuentes","@id":"https:\/\/centrourbano.com\/revista\/#\/schema\/person\/756e631daf8400a0026dd8474463803a"},"headline":"Invertir\u00e1 ARA 500 millones de pesos en adquisici\u00f3n de terrenos","datePublished":"2014-09-11T14:30:43+00:00","mainEntityOfPage":{"@id":"https:\/\/centrourbano.com\/revista\/vivienda\/invertira-ara500-millones-de-pesos-en-adquisicion-de-terrenos\/"},"wordCount":391,"commentCount":0,"publisher":{"@id":"https:\/\/centrourbano.com\/revista\/#organization"},"keywords":["Consorcio ARA","Crystal Lagoons","INTEGRARA","Vivienda vertical"],"articleSection":["Vivienda"],"inLanguage":"es","potentialAction":[{"@type":"CommentAction","name":"Comment","target":["https:\/\/centrourbano.com\/revista\/vivienda\/invertira-ara500-millones-de-pesos-en-adquisicion-de-terrenos\/#respond"]}]},{"@type":"WebPage","@id":"https:\/\/centrourbano.com\/revista\/vivienda\/invertira-ara500-millones-de-pesos-en-adquisicion-de-terrenos\/","url":"https:\/\/centrourbano.com\/revista\/vivienda\/invertira-ara500-millones-de-pesos-en-adquisicion-de-terrenos\/","name":"Invertir\u00e1 ARA 500 millones de pesos en adquisici\u00f3n de terrenos -","isPartOf":{"@id":"https:\/\/centrourbano.com\/revista\/#website"},"datePublished":"2014-09-11T14:30:43+00:00","description":"&nbsp; Dicho monto, proyectado para lo que resta del a\u00f1o, dar\u00e1 continuidad a sus proyectos INTEGRARA La estructura financiera saludable y un nivel de","breadcrumb":{"@id":"https:\/\/centrourbano.com\/revista\/vivienda\/invertira-ara500-millones-de-pesos-en-adquisicion-de-terrenos\/#breadcrumb"},"inLanguage":"es","potentialAction":[{"@type":"ReadAction","target":["https:\/\/centrourbano.com\/revista\/vivienda\/invertira-ara500-millones-de-pesos-en-adquisicion-de-terrenos\/"]}]},{"@type":"BreadcrumbList","@id":"https:\/\/centrourbano.com\/revista\/vivienda\/invertira-ara500-millones-de-pesos-en-adquisicion-de-terrenos\/#breadcrumb","itemListElement":[{"@type":"ListItem","position":1,"name":"Portada","item":"https:\/\/centrourbano.com\/revista\/"},{"@type":"ListItem","position":2,"name":"Invertir\u00e1 ARA 500 millones de pesos en adquisici\u00f3n de terrenos"}]},{"@type":"WebSite","@id":"https:\/\/centrourbano.com\/revista\/#website","url":"https:\/\/centrourbano.com\/revista\/","name":"Centro Urbano","description":"Medio especializado en los sectores vivienda, inmobiliario, construcci\u00f3n, arquitectura y urbanismo.","publisher":{"@id":"https:\/\/centrourbano.com\/revista\/#organization"},"potentialAction":[{"@type":"SearchAction","target":{"@type":"EntryPoint","urlTemplate":"https:\/\/centrourbano.com\/revista\/?s={search_term_string}"},"query-input":{"@type":"PropertyValueSpecification","valueRequired":true,"valueName":"search_term_string"}}],"inLanguage":"es"},{"@type":"Organization","@id":"https:\/\/centrourbano.com\/revista\/#organization","name":"Centro Urbano","url":"https:\/\/centrourbano.com\/revista\/","logo":{"@type":"ImageObject","inLanguage":"es","@id":"https:\/\/centrourbano.com\/revista\/#\/schema\/logo\/image\/","url":"https:\/\/centrourbano.com\/revista\/wp-content\/uploads\/web_CU_logo-1.png","contentUrl":"https:\/\/centrourbano.com\/revista\/wp-content\/uploads\/web_CU_logo-1.png","width":350,"height":91,"caption":"Centro Urbano"},"image":{"@id":"https:\/\/centrourbano.com\/revista\/#\/schema\/logo\/image\/"},"sameAs":["https:\/\/www.facebook.com\/portalcentrourbano","https:\/\/x.com\/CentroUrbano","https:\/\/www.instagram.com\/centro_urbano\/","https:\/\/www.linkedin.com\/company\/centro-urbano\/","http:\/\/www.youtube.com\/user\/portalcentrourbano"]},{"@type":"Person","@id":"https:\/\/centrourbano.com\/revista\/#\/schema\/person\/756e631daf8400a0026dd8474463803a","name":"Aura Fuentes","image":{"@type":"ImageObject","inLanguage":"es","@id":"https:\/\/secure.gravatar.com\/avatar\/d4d494c7466b3a8e92935aa38a4205c72303f888e06051bec24b2018c769f20a?s=96&d=mm&r=g","url":"https:\/\/secure.gravatar.com\/avatar\/d4d494c7466b3a8e92935aa38a4205c72303f888e06051bec24b2018c769f20a?s=96&d=mm&r=g","contentUrl":"https:\/\/secure.gravatar.com\/avatar\/d4d494c7466b3a8e92935aa38a4205c72303f888e06051bec24b2018c769f20a?s=96&d=mm&r=g","caption":"Aura Fuentes"},"description":"Egresada de la carrera de Comunicaci\u00f3n y Periodismo en la FES Arag\u00f3n, UNAM. Aunque se especializ\u00f3 en Televisi\u00f3n prefiere estar detr\u00e1s de una computadora haciendo lo que m\u00e1s le gusta: escribir. Su mayor experiencia como profesionista la obtuvo en Diario de M\u00e9xico Edici\u00f3n USA, donde fungi\u00f3 como coordinadora editorial. Siempre perfeccionista y responsable, ahora se desempe\u00f1a como Editora en Jefe dentro de Centro Urbano.","sameAs":["http:\/\/@Aura_CU"],"url":"https:\/\/centrourbano.com\/revista\/author\/aura-fuentes\/"}]}},"_links":{"self":[{"href":"https:\/\/centrourbano.com\/revista\/wp-json\/wp\/v2\/posts\/10629","targetHints":{"allow":["GET"]}}],"collection":[{"href":"https:\/\/centrourbano.com\/revista\/wp-json\/wp\/v2\/posts"}],"about":[{"href":"https:\/\/centrourbano.com\/revista\/wp-json\/wp\/v2\/types\/post"}],"author":[{"embeddable":true,"href":"https:\/\/centrourbano.com\/revista\/wp-json\/wp\/v2\/users\/5"}],"replies":[{"embeddable":true,"href":"https:\/\/centrourbano.com\/revista\/wp-json\/wp\/v2\/comments?post=10629"}],"version-history":[{"count":0,"href":"https:\/\/centrourbano.com\/revista\/wp-json\/wp\/v2\/posts\/10629\/revisions"}],"wp:attachment":[{"href":"https:\/\/centrourbano.com\/revista\/wp-json\/wp\/v2\/media?parent=10629"}],"wp:term":[{"taxonomy":"category","embeddable":true,"href":"https:\/\/centrourbano.com\/revista\/wp-json\/wp\/v2\/categories?post=10629"},{"taxonomy":"post_tag","embeddable":true,"href":"https:\/\/centrourbano.com\/revista\/wp-json\/wp\/v2\/tags?post=10629"}],"curies":[{"name":"wp","href":"https:\/\/api.w.org\/{rel}","templated":true}]}}