{"id":106253,"date":"2020-05-11T15:00:04","date_gmt":"2020-05-11T20:00:04","guid":{"rendered":"https:\/\/centrourbano.com\/?p=106253"},"modified":"2020-05-11T16:54:05","modified_gmt":"2020-05-11T21:54:05","slug":"vivienda-retomaria-actividades-el-18-de-mayo-concamin","status":"publish","type":"post","link":"https:\/\/centrourbano.com\/revista\/vivienda\/vivienda-retomaria-actividades-el-18-de-mayo-concamin\/","title":{"rendered":"Vivienda retomar\u00eda actividades el 18 de mayo: Concamin"},"content":{"rendered":"<p><em>La Confederaci\u00f3n destac\u00f3 que se encuentran a la espera que las autoridades confirmen la reactivaci\u00f3n de esta industria como prioritaria <\/em><!--more--><\/p>\n<p>El sector de la <strong>construcci\u00f3n<\/strong>,\u00a0<strong>vivienda<\/strong> y la industria automotriz, son la tres ramas que se consideran como prioritarias para arrancar en el marco de la <strong><a href=\"https:\/\/centrourbano.com\/cobertura-covid-19\/\" target=\"_blank\" rel=\"noopener noreferrer\">reactivaci\u00f3n<\/a> econ\u00f3mica pactada para el 18 de mayo<\/strong>, se\u00f1al\u00f3 <strong>Francisco Cervantes D\u00edaz<\/strong>, presidente de la <strong>Concamin<\/strong>.<\/p>\n<p>En conferencia de prensa, el representante de los industriales destac\u00f3 que si bien <strong>a\u00fan no se tienen definidas<\/strong> las actividades que reabrir\u00e1n a partir de este 18 de mayo, desde la <strong>iniciativa privada se est\u00e1 dando prioridad a la construcci\u00f3n<\/strong> en su conjunto y al sector automotriz.<\/p>\n<p>[quote]\u201cHay propuestas de los sectores que obviamente le estamos dando <a href=\"https:\/\/www.youtube.com\/watch?v=7IWLSZalhmE\" target=\"_blank\" rel=\"noopener noreferrer\">prioridad<\/a>: la industria automotriz por el tema regional y del Tratado de Libre Comercio; y tambi\u00e9n el de construcci\u00f3n junto con el de la vivienda, que es el que m\u00e1s ramas abraza. Esta son recomendaciones en primera l\u00ednea\u201d, indic\u00f3.[\/quote]<\/p>\n<p>El Presidente de la Concamin destac\u00f3 que los empresarios han trabajado muy de cerca con la <strong>Secretar\u00eda de Econom\u00eda<\/strong> y las autoridades sanitarias para definir la reapertura de actividades. Se\u00f1al\u00f3 que se trabaja en los <strong>protocolos de seguridad<\/strong> para que la reanudaci\u00f3n de las actividades se realice sin riesgo a contagio.<\/p>\n<p>Al respecto, a\u00f1adi\u00f3 que hoy por la ma\u00f1ana se reuni\u00f3 el gabinete que le da seguimiento al tema. Ante ello, indic\u00f3, estar\u00edan en espera de<strong> la confirmaci\u00f3n sobre las actividades que podr\u00edan regresar este 18 de mayo<\/strong>.<\/p>\n<p>[quote]\u201cTodav\u00eda no tenemos confirmaci\u00f3n de que el d\u00eda 18 vaya a ser (la reactivaci\u00f3n); estamos en espera de esa confirmaci\u00f3n, y si son estas ramas las que estamos recomendando las que se vayan a abrir\u201d.[\/quote]<\/p>\n<h4><strong>Reactivaci\u00f3n por cadena <\/strong><\/h4>\n<p>Francisco Cervantes explic\u00f3 que desde la Concamin se busca la reactivaci\u00f3n de las actividades industriales por <strong>cadena<\/strong> o <strong>regi\u00f3n<\/strong>. Principalmente, dijo, en el caso de industrias como la aeron\u00e1utica o automotriz, se deber\u00e1 reactivar por cadena.<\/p>\n<p>\u201cHoy el presidente en la ma\u00f1anera dijo que \u00edbamos a empezar con la apertura. A las 10:30 hubo una reuni\u00f3n del gabinete y estamos esperando esta noticia. En cualquier momento nos dar\u00e1n la noticia; es lo que nos han dicho\u201d.<\/p>\n","protected":false},"excerpt":{"rendered":"<p>La Confederaci\u00f3n destac\u00f3 que se encuentran a la espera que las autoridades confirmen la reactivaci\u00f3n de esta industria como prioritaria<\/p>\n","protected":false},"author":47,"featured_media":106254,"comment_status":"open","ping_status":"closed","sticky":false,"template":"","format":"standard","meta":{"om_disable_all_campaigns":false,"inline_featured_image":false,"_monsterinsights_skip_tracking":false,"_monsterinsights_sitenote_active":false,"_monsterinsights_sitenote_note":"","_monsterinsights_sitenote_category":0,"footnotes":""},"categories":[17827,14,12],"tags":[556,22,17784,17814,17900,60],"class_list":["post-106253","post","type-post","status-publish","format-standard","has-post-thumbnail","hentry","category-cobertura-covid-19","category-construccion","category-vivienda","tag-concamin","tag-construccion-2","tag-covid-19","tag-covid19","tag-reactivacion","tag-vivienda-2"],"yoast_head":"<!-- This site is optimized with the Yoast SEO plugin v27.5 - https:\/\/yoast.com\/product\/yoast-seo-wordpress\/ -->\n<title>Vivienda retomar\u00eda actividades el 18 de mayo: Concamin<\/title>\n<meta name=\"description\" content=\"La Concamin destac\u00f3 que se encuentran a la espera que las autoridades confirmen la reactivaci\u00f3n de esta industria.Vivienda retomar\u00eda actividades\" \/>\n<meta name=\"robots\" content=\"index, follow, max-snippet:-1, max-image-preview:large, max-video-preview:-1\" \/>\n<link rel=\"canonical\" href=\"https:\/\/centrourbano.com\/revista\/vivienda\/vivienda-retomaria-actividades-el-18-de-mayo-concamin\/\" \/>\n<meta property=\"og:locale\" content=\"es_ES\" \/>\n<meta property=\"og:type\" content=\"article\" \/>\n<meta property=\"og:title\" content=\"Vivienda retomar\u00eda actividades el 18 de mayo: Concamin\" \/>\n<meta property=\"og:description\" content=\"La Concamin destac\u00f3 que se encuentran a la espera que las autoridades confirmen la reactivaci\u00f3n de esta industria.Vivienda retomar\u00eda actividades\" \/>\n<meta property=\"og:url\" content=\"https:\/\/centrourbano.com\/revista\/vivienda\/vivienda-retomaria-actividades-el-18-de-mayo-concamin\/\" \/>\n<meta property=\"og:site_name\" content=\"Centro Urbano\" \/>\n<meta property=\"article:publisher\" content=\"https:\/\/www.facebook.com\/portalcentrourbano\" \/>\n<meta property=\"article:published_time\" content=\"2020-05-11T20:00:04+00:00\" \/>\n<meta property=\"article:modified_time\" content=\"2020-05-11T21:54:05+00:00\" \/>\n<meta property=\"og:image\" content=\"https:\/\/centrourbano.com\/revista\/wp-content\/uploads\/Vivienda-retomar\u00eda-actividades-el-18-de-mayo-Concamin-Francisco-CErvantes-.jpeg\" \/>\n\t<meta property=\"og:image:width\" content=\"1137\" \/>\n\t<meta property=\"og:image:height\" content=\"832\" \/>\n\t<meta property=\"og:image:type\" content=\"image\/jpeg\" \/>\n<meta name=\"author\" content=\"Edgar Rosas\" \/>\n<meta name=\"twitter:card\" content=\"summary_large_image\" \/>\n<meta name=\"twitter:creator\" content=\"@https:\/\/twitter.com\/ERosasCU?s=09\" \/>\n<meta name=\"twitter:site\" content=\"@CentroUrbano\" \/>\n<meta name=\"twitter:label1\" content=\"Escrito por\" \/>\n\t<meta name=\"twitter:data1\" content=\"Edgar Rosas\" \/>\n\t<meta name=\"twitter:label2\" content=\"Tiempo de lectura\" \/>\n\t<meta name=\"twitter:data2\" content=\"2 minutos\" \/>\n<script type=\"application\/ld+json\" class=\"yoast-schema-graph\">{\"@context\":\"https:\\\/\\\/schema.org\",\"@graph\":[{\"@type\":\"Article\",\"@id\":\"https:\\\/\\\/centrourbano.com\\\/revista\\\/vivienda\\\/vivienda-retomaria-actividades-el-18-de-mayo-concamin\\\/#article\",\"isPartOf\":{\"@id\":\"https:\\\/\\\/centrourbano.com\\\/revista\\\/vivienda\\\/vivienda-retomaria-actividades-el-18-de-mayo-concamin\\\/\"},\"author\":{\"name\":\"Edgar Rosas\",\"@id\":\"https:\\\/\\\/centrourbano.com\\\/revista\\\/#\\\/schema\\\/person\\\/ff3c00651ce5b1630479d2cd0c2e3ac0\"},\"headline\":\"Vivienda retomar\u00eda actividades el 18 de mayo: Concamin\",\"datePublished\":\"2020-05-11T20:00:04+00:00\",\"dateModified\":\"2020-05-11T21:54:05+00:00\",\"mainEntityOfPage\":{\"@id\":\"https:\\\/\\\/centrourbano.com\\\/revista\\\/vivienda\\\/vivienda-retomaria-actividades-el-18-de-mayo-concamin\\\/\"},\"wordCount\":402,\"commentCount\":0,\"publisher\":{\"@id\":\"https:\\\/\\\/centrourbano.com\\\/revista\\\/#organization\"},\"image\":{\"@id\":\"https:\\\/\\\/centrourbano.com\\\/revista\\\/vivienda\\\/vivienda-retomaria-actividades-el-18-de-mayo-concamin\\\/#primaryimage\"},\"thumbnailUrl\":\"https:\\\/\\\/centrourbano.com\\\/revista\\\/wp-content\\\/uploads\\\/Vivienda-retomar\u00eda-actividades-el-18-de-mayo-Concamin-Francisco-CErvantes-.jpeg\",\"keywords\":[\"Concamin\",\"construcci\u00f3n\",\"COVID-19\",\"Covid19\",\"Reactivaci\u00f3n\",\"vivienda\"],\"articleSection\":[\"Cobertura Covid-19\",\"Construcci\u00f3n\",\"Vivienda\"],\"inLanguage\":\"es\",\"potentialAction\":[{\"@type\":\"CommentAction\",\"name\":\"Comment\",\"target\":[\"https:\\\/\\\/centrourbano.com\\\/revista\\\/vivienda\\\/vivienda-retomaria-actividades-el-18-de-mayo-concamin\\\/#respond\"]}]},{\"@type\":\"WebPage\",\"@id\":\"https:\\\/\\\/centrourbano.com\\\/revista\\\/vivienda\\\/vivienda-retomaria-actividades-el-18-de-mayo-concamin\\\/\",\"url\":\"https:\\\/\\\/centrourbano.com\\\/revista\\\/vivienda\\\/vivienda-retomaria-actividades-el-18-de-mayo-concamin\\\/\",\"name\":\"Vivienda retomar\u00eda actividades el 18 de mayo: Concamin\",\"isPartOf\":{\"@id\":\"https:\\\/\\\/centrourbano.com\\\/revista\\\/#website\"},\"primaryImageOfPage\":{\"@id\":\"https:\\\/\\\/centrourbano.com\\\/revista\\\/vivienda\\\/vivienda-retomaria-actividades-el-18-de-mayo-concamin\\\/#primaryimage\"},\"image\":{\"@id\":\"https:\\\/\\\/centrourbano.com\\\/revista\\\/vivienda\\\/vivienda-retomaria-actividades-el-18-de-mayo-concamin\\\/#primaryimage\"},\"thumbnailUrl\":\"https:\\\/\\\/centrourbano.com\\\/revista\\\/wp-content\\\/uploads\\\/Vivienda-retomar\u00eda-actividades-el-18-de-mayo-Concamin-Francisco-CErvantes-.jpeg\",\"datePublished\":\"2020-05-11T20:00:04+00:00\",\"dateModified\":\"2020-05-11T21:54:05+00:00\",\"description\":\"La Concamin destac\u00f3 que se encuentran a la espera que las autoridades confirmen la reactivaci\u00f3n de esta industria.Vivienda retomar\u00eda actividades\",\"breadcrumb\":{\"@id\":\"https:\\\/\\\/centrourbano.com\\\/revista\\\/vivienda\\\/vivienda-retomaria-actividades-el-18-de-mayo-concamin\\\/#breadcrumb\"},\"inLanguage\":\"es\",\"potentialAction\":[{\"@type\":\"ReadAction\",\"target\":[\"https:\\\/\\\/centrourbano.com\\\/revista\\\/vivienda\\\/vivienda-retomaria-actividades-el-18-de-mayo-concamin\\\/\"]}]},{\"@type\":\"ImageObject\",\"inLanguage\":\"es\",\"@id\":\"https:\\\/\\\/centrourbano.com\\\/revista\\\/vivienda\\\/vivienda-retomaria-actividades-el-18-de-mayo-concamin\\\/#primaryimage\",\"url\":\"https:\\\/\\\/centrourbano.com\\\/revista\\\/wp-content\\\/uploads\\\/Vivienda-retomar\u00eda-actividades-el-18-de-mayo-Concamin-Francisco-CErvantes-.jpeg\",\"contentUrl\":\"https:\\\/\\\/centrourbano.com\\\/revista\\\/wp-content\\\/uploads\\\/Vivienda-retomar\u00eda-actividades-el-18-de-mayo-Concamin-Francisco-CErvantes-.jpeg\",\"width\":1137,\"height\":832,\"caption\":\"Vivienda retomar\u00eda actividades el 18 de mayo-Concamin-Francisco CErvantes\"},{\"@type\":\"BreadcrumbList\",\"@id\":\"https:\\\/\\\/centrourbano.com\\\/revista\\\/vivienda\\\/vivienda-retomaria-actividades-el-18-de-mayo-concamin\\\/#breadcrumb\",\"itemListElement\":[{\"@type\":\"ListItem\",\"position\":1,\"name\":\"Portada\",\"item\":\"https:\\\/\\\/centrourbano.com\\\/revista\\\/\"},{\"@type\":\"ListItem\",\"position\":2,\"name\":\"Vivienda retomar\u00eda actividades el 18 de mayo: Concamin\"}]},{\"@type\":\"WebSite\",\"@id\":\"https:\\\/\\\/centrourbano.com\\\/revista\\\/#website\",\"url\":\"https:\\\/\\\/centrourbano.com\\\/revista\\\/\",\"name\":\"Centro Urbano\",\"description\":\"Medio especializado en los sectores vivienda, inmobiliario, construcci\u00f3n, arquitectura y urbanismo.\",\"publisher\":{\"@id\":\"https:\\\/\\\/centrourbano.com\\\/revista\\\/#organization\"},\"potentialAction\":[{\"@type\":\"SearchAction\",\"target\":{\"@type\":\"EntryPoint\",\"urlTemplate\":\"https:\\\/\\\/centrourbano.com\\\/revista\\\/?s={search_term_string}\"},\"query-input\":{\"@type\":\"PropertyValueSpecification\",\"valueRequired\":true,\"valueName\":\"search_term_string\"}}],\"inLanguage\":\"es\"},{\"@type\":\"Organization\",\"@id\":\"https:\\\/\\\/centrourbano.com\\\/revista\\\/#organization\",\"name\":\"Centro Urbano\",\"url\":\"https:\\\/\\\/centrourbano.com\\\/revista\\\/\",\"logo\":{\"@type\":\"ImageObject\",\"inLanguage\":\"es\",\"@id\":\"https:\\\/\\\/centrourbano.com\\\/revista\\\/#\\\/schema\\\/logo\\\/image\\\/\",\"url\":\"https:\\\/\\\/centrourbano.com\\\/revista\\\/wp-content\\\/uploads\\\/web_CU_logo-1.png\",\"contentUrl\":\"https:\\\/\\\/centrourbano.com\\\/revista\\\/wp-content\\\/uploads\\\/web_CU_logo-1.png\",\"width\":350,\"height\":91,\"caption\":\"Centro Urbano\"},\"image\":{\"@id\":\"https:\\\/\\\/centrourbano.com\\\/revista\\\/#\\\/schema\\\/logo\\\/image\\\/\"},\"sameAs\":[\"https:\\\/\\\/www.facebook.com\\\/portalcentrourbano\",\"https:\\\/\\\/x.com\\\/CentroUrbano\",\"https:\\\/\\\/www.instagram.com\\\/centro_urbano\\\/\",\"https:\\\/\\\/www.linkedin.com\\\/company\\\/centro-urbano\\\/\",\"http:\\\/\\\/www.youtube.com\\\/user\\\/portalcentrourbano\"]},{\"@type\":\"Person\",\"@id\":\"https:\\\/\\\/centrourbano.com\\\/revista\\\/#\\\/schema\\\/person\\\/ff3c00651ce5b1630479d2cd0c2e3ac0\",\"name\":\"Edgar Rosas\",\"image\":{\"@type\":\"ImageObject\",\"inLanguage\":\"es\",\"@id\":\"https:\\\/\\\/secure.gravatar.com\\\/avatar\\\/94440c4283495211faa5300bf85e80061036b83fced868c3783aa1310b350d9c?s=96&d=mm&r=g\",\"url\":\"https:\\\/\\\/secure.gravatar.com\\\/avatar\\\/94440c4283495211faa5300bf85e80061036b83fced868c3783aa1310b350d9c?s=96&d=mm&r=g\",\"contentUrl\":\"https:\\\/\\\/secure.gravatar.com\\\/avatar\\\/94440c4283495211faa5300bf85e80061036b83fced868c3783aa1310b350d9c?s=96&d=mm&r=g\",\"caption\":\"Edgar Rosas\"},\"description\":\"Editor en Jefe de Centro Urbano. Egresado de la maestr\u00eda en Periodismo Pol\u00edtico de la Escuela de Periodismo Carlos Septi\u00e9n Garc\u00eda (EPCSG). Estudi\u00f3 la licenciatura en Comunicaci\u00f3n en la Universidad Mexicana. Amante de la cr\u00f3nica y el reportaje. Admirador de Vicente Le\u00f1ero y Miguel \u00c1ngel Granados Chapa.\",\"sameAs\":[\"https:\\\/\\\/x.com\\\/https:\\\/\\\/twitter.com\\\/ERosasCU?s=09\"],\"url\":\"https:\\\/\\\/centrourbano.com\\\/revista\\\/author\\\/edgar-rosas\\\/\"}]}<\/script>\n<!-- \/ Yoast SEO plugin. -->","yoast_head_json":{"title":"Vivienda retomar\u00eda actividades el 18 de mayo: Concamin","description":"La Concamin destac\u00f3 que se encuentran a la espera que las autoridades confirmen la reactivaci\u00f3n de esta industria.Vivienda retomar\u00eda actividades","robots":{"index":"index","follow":"follow","max-snippet":"max-snippet:-1","max-image-preview":"max-image-preview:large","max-video-preview":"max-video-preview:-1"},"canonical":"https:\/\/centrourbano.com\/revista\/vivienda\/vivienda-retomaria-actividades-el-18-de-mayo-concamin\/","og_locale":"es_ES","og_type":"article","og_title":"Vivienda retomar\u00eda actividades el 18 de mayo: Concamin","og_description":"La Concamin destac\u00f3 que se encuentran a la espera que las autoridades confirmen la reactivaci\u00f3n de esta industria.Vivienda retomar\u00eda actividades","og_url":"https:\/\/centrourbano.com\/revista\/vivienda\/vivienda-retomaria-actividades-el-18-de-mayo-concamin\/","og_site_name":"Centro Urbano","article_publisher":"https:\/\/www.facebook.com\/portalcentrourbano","article_published_time":"2020-05-11T20:00:04+00:00","article_modified_time":"2020-05-11T21:54:05+00:00","og_image":[{"width":1137,"height":832,"url":"https:\/\/centrourbano.com\/revista\/wp-content\/uploads\/Vivienda-retomar\u00eda-actividades-el-18-de-mayo-Concamin-Francisco-CErvantes-.jpeg","type":"image\/jpeg"}],"author":"Edgar Rosas","twitter_card":"summary_large_image","twitter_creator":"@https:\/\/twitter.com\/ERosasCU?s=09","twitter_site":"@CentroUrbano","twitter_misc":{"Escrito por":"Edgar Rosas","Tiempo de lectura":"2 minutos"},"schema":{"@context":"https:\/\/schema.org","@graph":[{"@type":"Article","@id":"https:\/\/centrourbano.com\/revista\/vivienda\/vivienda-retomaria-actividades-el-18-de-mayo-concamin\/#article","isPartOf":{"@id":"https:\/\/centrourbano.com\/revista\/vivienda\/vivienda-retomaria-actividades-el-18-de-mayo-concamin\/"},"author":{"name":"Edgar Rosas","@id":"https:\/\/centrourbano.com\/revista\/#\/schema\/person\/ff3c00651ce5b1630479d2cd0c2e3ac0"},"headline":"Vivienda retomar\u00eda actividades el 18 de mayo: Concamin","datePublished":"2020-05-11T20:00:04+00:00","dateModified":"2020-05-11T21:54:05+00:00","mainEntityOfPage":{"@id":"https:\/\/centrourbano.com\/revista\/vivienda\/vivienda-retomaria-actividades-el-18-de-mayo-concamin\/"},"wordCount":402,"commentCount":0,"publisher":{"@id":"https:\/\/centrourbano.com\/revista\/#organization"},"image":{"@id":"https:\/\/centrourbano.com\/revista\/vivienda\/vivienda-retomaria-actividades-el-18-de-mayo-concamin\/#primaryimage"},"thumbnailUrl":"https:\/\/centrourbano.com\/revista\/wp-content\/uploads\/Vivienda-retomar\u00eda-actividades-el-18-de-mayo-Concamin-Francisco-CErvantes-.jpeg","keywords":["Concamin","construcci\u00f3n","COVID-19","Covid19","Reactivaci\u00f3n","vivienda"],"articleSection":["Cobertura Covid-19","Construcci\u00f3n","Vivienda"],"inLanguage":"es","potentialAction":[{"@type":"CommentAction","name":"Comment","target":["https:\/\/centrourbano.com\/revista\/vivienda\/vivienda-retomaria-actividades-el-18-de-mayo-concamin\/#respond"]}]},{"@type":"WebPage","@id":"https:\/\/centrourbano.com\/revista\/vivienda\/vivienda-retomaria-actividades-el-18-de-mayo-concamin\/","url":"https:\/\/centrourbano.com\/revista\/vivienda\/vivienda-retomaria-actividades-el-18-de-mayo-concamin\/","name":"Vivienda retomar\u00eda actividades el 18 de mayo: Concamin","isPartOf":{"@id":"https:\/\/centrourbano.com\/revista\/#website"},"primaryImageOfPage":{"@id":"https:\/\/centrourbano.com\/revista\/vivienda\/vivienda-retomaria-actividades-el-18-de-mayo-concamin\/#primaryimage"},"image":{"@id":"https:\/\/centrourbano.com\/revista\/vivienda\/vivienda-retomaria-actividades-el-18-de-mayo-concamin\/#primaryimage"},"thumbnailUrl":"https:\/\/centrourbano.com\/revista\/wp-content\/uploads\/Vivienda-retomar\u00eda-actividades-el-18-de-mayo-Concamin-Francisco-CErvantes-.jpeg","datePublished":"2020-05-11T20:00:04+00:00","dateModified":"2020-05-11T21:54:05+00:00","description":"La Concamin destac\u00f3 que se encuentran a la espera que las autoridades confirmen la reactivaci\u00f3n de esta industria.Vivienda retomar\u00eda actividades","breadcrumb":{"@id":"https:\/\/centrourbano.com\/revista\/vivienda\/vivienda-retomaria-actividades-el-18-de-mayo-concamin\/#breadcrumb"},"inLanguage":"es","potentialAction":[{"@type":"ReadAction","target":["https:\/\/centrourbano.com\/revista\/vivienda\/vivienda-retomaria-actividades-el-18-de-mayo-concamin\/"]}]},{"@type":"ImageObject","inLanguage":"es","@id":"https:\/\/centrourbano.com\/revista\/vivienda\/vivienda-retomaria-actividades-el-18-de-mayo-concamin\/#primaryimage","url":"https:\/\/centrourbano.com\/revista\/wp-content\/uploads\/Vivienda-retomar\u00eda-actividades-el-18-de-mayo-Concamin-Francisco-CErvantes-.jpeg","contentUrl":"https:\/\/centrourbano.com\/revista\/wp-content\/uploads\/Vivienda-retomar\u00eda-actividades-el-18-de-mayo-Concamin-Francisco-CErvantes-.jpeg","width":1137,"height":832,"caption":"Vivienda retomar\u00eda actividades el 18 de mayo-Concamin-Francisco CErvantes"},{"@type":"BreadcrumbList","@id":"https:\/\/centrourbano.com\/revista\/vivienda\/vivienda-retomaria-actividades-el-18-de-mayo-concamin\/#breadcrumb","itemListElement":[{"@type":"ListItem","position":1,"name":"Portada","item":"https:\/\/centrourbano.com\/revista\/"},{"@type":"ListItem","position":2,"name":"Vivienda retomar\u00eda actividades el 18 de mayo: Concamin"}]},{"@type":"WebSite","@id":"https:\/\/centrourbano.com\/revista\/#website","url":"https:\/\/centrourbano.com\/revista\/","name":"Centro Urbano","description":"Medio especializado en los sectores vivienda, inmobiliario, construcci\u00f3n, arquitectura y urbanismo.","publisher":{"@id":"https:\/\/centrourbano.com\/revista\/#organization"},"potentialAction":[{"@type":"SearchAction","target":{"@type":"EntryPoint","urlTemplate":"https:\/\/centrourbano.com\/revista\/?s={search_term_string}"},"query-input":{"@type":"PropertyValueSpecification","valueRequired":true,"valueName":"search_term_string"}}],"inLanguage":"es"},{"@type":"Organization","@id":"https:\/\/centrourbano.com\/revista\/#organization","name":"Centro Urbano","url":"https:\/\/centrourbano.com\/revista\/","logo":{"@type":"ImageObject","inLanguage":"es","@id":"https:\/\/centrourbano.com\/revista\/#\/schema\/logo\/image\/","url":"https:\/\/centrourbano.com\/revista\/wp-content\/uploads\/web_CU_logo-1.png","contentUrl":"https:\/\/centrourbano.com\/revista\/wp-content\/uploads\/web_CU_logo-1.png","width":350,"height":91,"caption":"Centro Urbano"},"image":{"@id":"https:\/\/centrourbano.com\/revista\/#\/schema\/logo\/image\/"},"sameAs":["https:\/\/www.facebook.com\/portalcentrourbano","https:\/\/x.com\/CentroUrbano","https:\/\/www.instagram.com\/centro_urbano\/","https:\/\/www.linkedin.com\/company\/centro-urbano\/","http:\/\/www.youtube.com\/user\/portalcentrourbano"]},{"@type":"Person","@id":"https:\/\/centrourbano.com\/revista\/#\/schema\/person\/ff3c00651ce5b1630479d2cd0c2e3ac0","name":"Edgar Rosas","image":{"@type":"ImageObject","inLanguage":"es","@id":"https:\/\/secure.gravatar.com\/avatar\/94440c4283495211faa5300bf85e80061036b83fced868c3783aa1310b350d9c?s=96&d=mm&r=g","url":"https:\/\/secure.gravatar.com\/avatar\/94440c4283495211faa5300bf85e80061036b83fced868c3783aa1310b350d9c?s=96&d=mm&r=g","contentUrl":"https:\/\/secure.gravatar.com\/avatar\/94440c4283495211faa5300bf85e80061036b83fced868c3783aa1310b350d9c?s=96&d=mm&r=g","caption":"Edgar Rosas"},"description":"Editor en Jefe de Centro Urbano. Egresado de la maestr\u00eda en Periodismo Pol\u00edtico de la Escuela de Periodismo Carlos Septi\u00e9n Garc\u00eda (EPCSG). Estudi\u00f3 la licenciatura en Comunicaci\u00f3n en la Universidad Mexicana. Amante de la cr\u00f3nica y el reportaje. Admirador de Vicente Le\u00f1ero y Miguel \u00c1ngel Granados Chapa.","sameAs":["https:\/\/x.com\/https:\/\/twitter.com\/ERosasCU?s=09"],"url":"https:\/\/centrourbano.com\/revista\/author\/edgar-rosas\/"}]}},"_links":{"self":[{"href":"https:\/\/centrourbano.com\/revista\/wp-json\/wp\/v2\/posts\/106253","targetHints":{"allow":["GET"]}}],"collection":[{"href":"https:\/\/centrourbano.com\/revista\/wp-json\/wp\/v2\/posts"}],"about":[{"href":"https:\/\/centrourbano.com\/revista\/wp-json\/wp\/v2\/types\/post"}],"author":[{"embeddable":true,"href":"https:\/\/centrourbano.com\/revista\/wp-json\/wp\/v2\/users\/47"}],"replies":[{"embeddable":true,"href":"https:\/\/centrourbano.com\/revista\/wp-json\/wp\/v2\/comments?post=106253"}],"version-history":[{"count":5,"href":"https:\/\/centrourbano.com\/revista\/wp-json\/wp\/v2\/posts\/106253\/revisions"}],"predecessor-version":[{"id":106263,"href":"https:\/\/centrourbano.com\/revista\/wp-json\/wp\/v2\/posts\/106253\/revisions\/106263"}],"wp:featuredmedia":[{"embeddable":true,"href":"https:\/\/centrourbano.com\/revista\/wp-json\/wp\/v2\/media\/106254"}],"wp:attachment":[{"href":"https:\/\/centrourbano.com\/revista\/wp-json\/wp\/v2\/media?parent=106253"}],"wp:term":[{"taxonomy":"category","embeddable":true,"href":"https:\/\/centrourbano.com\/revista\/wp-json\/wp\/v2\/categories?post=106253"},{"taxonomy":"post_tag","embeddable":true,"href":"https:\/\/centrourbano.com\/revista\/wp-json\/wp\/v2\/tags?post=106253"}],"curies":[{"name":"wp","href":"https:\/\/api.w.org\/{rel}","templated":true}]}}