{"id":106244,"date":"2020-05-11T16:09:07","date_gmt":"2020-05-11T21:09:07","guid":{"rendered":"https:\/\/centrourbano.com\/?p=106244"},"modified":"2020-05-11T16:09:07","modified_gmt":"2020-05-11T21:09:07","slug":"este-lunes-recorre-desde-casa-el-museo-de-los-ferrocarrileros","status":"publish","type":"post","link":"https:\/\/centrourbano.com\/revista\/agenda-2\/eventos\/este-lunes-recorre-desde-casa-el-museo-de-los-ferrocarrileros\/","title":{"rendered":"Este lunes, recorre desde casa el Museo de los Ferrocarrileros"},"content":{"rendered":"<p><em>Este lunes, en punto de las 18:00 horas, el Museo de los Ferrocarrileros abrir\u00e1 sus puertas virtuales a trav\u00e9s de \u2018Capital Cultural en Nuestra Casa\u2019<\/em><\/p>\n<p><!--more--><\/p>\n<p>En punto de las 18:00 horas de este lunes 11 de mayo, el <strong>Museo de los Ferrocarrileros abrir\u00e1 sus puertas<\/strong> de manera virtual para dar un recorrido guiado que se transmitir\u00e1 por la plataforma digital \u2018<strong><a href=\"http:\/\/www.capitalculturalennuestracasa.cdmx.gob.mx\/\">Capital Cultural en Nuestra Casa<\/a><\/strong>\u2019.<\/p>\n<p>La apertura del Museo, v\u00eda streaming, permitir\u00e1 recorrer la historia de M\u00e9xico durante el siglo XX a trav\u00e9s de fotograf\u00edas, archivos y locomotoras conservadas. \u00c9ste ser\u00e1 efectuado por Luis Gallardo, colaborador de la direcci\u00f3n general de Patrimonio Hist\u00f3rico, Art\u00edstico y Cultural de la dependencia.<\/p>\n<p>La Secretar\u00eda de Cultura capitalina (<a href=\"https:\/\/twitter.com\/CulturaCiudadMx\">Cultura CDMX<\/a>) precis\u00f3 que en la transmisi\u00f3n se explicar\u00e1 la reconversi\u00f3n de la otrora estaci\u00f3n ferroviaria de la ruta M\u00e9xico-Veracruz en un museo.<\/p>\n<p>Uno de los grandes atractivos de la visita, seg\u00fan Cultura CDMX, ser\u00e1 la visita al Centro de Documentaci\u00f3n del museo, sitio donde se proyectar\u00e1 un video para conocer la historia del gremio ferroviario; esta cr\u00f3nica se har\u00e1 con fotograf\u00edas, documentos y herramientas varias.<\/p>\n<p>Cultura CDMX indic\u00f3 que en el sitio se encuentran tres locomotoras: \u2018Petra\u2019, que fue requerida para los festejos de la revoluci\u00f3n en 2019; \u2018una m\u00e1quina limpia\u2019 que funcionaba con di\u00e9sel y una m\u00e1s, la \u2018507\u2019 que fue utilizada para movimientos de patio.<\/p>\n","protected":false},"excerpt":{"rendered":"<p>Este lunes, en punto de las 18:00 horas, el Museo de los Ferrocarrileros abrir\u00e1 sus puertas virtuales a trav\u00e9s de \u2018Capital Cultural en Nuestra Casa\u2019<\/p>\n","protected":false},"author":75,"featured_media":106245,"comment_status":"open","ping_status":"closed","sticky":false,"template":"","format":"standard","meta":{"om_disable_all_campaigns":false,"inline_featured_image":false,"_monsterinsights_skip_tracking":false,"_monsterinsights_sitenote_active":false,"_monsterinsights_sitenote_note":"","_monsterinsights_sitenote_category":0,"footnotes":""},"categories":[10585,10613],"tags":[17933,15525,18297,18296,16177,13153,18294,3462,18295],"class_list":["post-106244","post","type-post","status-publish","format-standard","has-post-thumbnail","hentry","category-eventos","category-exposiciones","tag-capital-cultural-en-nuestra-casa","tag-cultura-cdmx","tag-estacion-ferroviaria","tag-locomotoras","tag-museo-de-los-ferrocarrileros","tag-petra","tag-recorrido-guiado","tag-secretaria-de-cultura","tag-streaming"],"yoast_head":"<!-- This site is optimized with the Yoast SEO plugin v27.5 - https:\/\/yoast.com\/product\/yoast-seo-wordpress\/ -->\n<title>Este lunes, recorre desde casa el Museo de los Ferrocarrileros<\/title>\n<meta name=\"description\" content=\"Este lunes, en punto de las 18:00 horas, el Museo de los Ferrocarrileros abrir\u00e1 sus puertas virtuales a trav\u00e9s de \u2018Capital Cultural en Nuestra Casa\u2019\" \/>\n<meta name=\"robots\" content=\"index, follow, max-snippet:-1, max-image-preview:large, max-video-preview:-1\" \/>\n<link rel=\"canonical\" href=\"https:\/\/centrourbano.com\/revista\/agenda-2\/eventos\/este-lunes-recorre-desde-casa-el-museo-de-los-ferrocarrileros\/\" \/>\n<meta property=\"og:locale\" content=\"es_ES\" \/>\n<meta property=\"og:type\" content=\"article\" \/>\n<meta property=\"og:title\" content=\"Este lunes, recorre desde casa el Museo de los Ferrocarrileros\" \/>\n<meta property=\"og:description\" content=\"Este lunes, en punto de las 18:00 horas, el Museo de los Ferrocarrileros abrir\u00e1 sus puertas virtuales a trav\u00e9s de \u2018Capital Cultural en Nuestra Casa\u2019\" \/>\n<meta property=\"og:url\" content=\"https:\/\/centrourbano.com\/revista\/agenda-2\/eventos\/este-lunes-recorre-desde-casa-el-museo-de-los-ferrocarrileros\/\" \/>\n<meta property=\"og:site_name\" content=\"Centro Urbano\" \/>\n<meta property=\"article:publisher\" content=\"https:\/\/www.facebook.com\/portalcentrourbano\" \/>\n<meta property=\"article:published_time\" content=\"2020-05-11T21:09:07+00:00\" \/>\n<meta property=\"og:image\" content=\"https:\/\/centrourbano.com\/revista\/wp-content\/uploads\/Museo-de-los-ferrocarrileros-2.jpg\" \/>\n\t<meta property=\"og:image:width\" content=\"2048\" \/>\n\t<meta property=\"og:image:height\" content=\"1242\" \/>\n\t<meta property=\"og:image:type\" content=\"image\/jpeg\" \/>\n<meta name=\"author\" content=\"Antonio Garc\u00eda\" \/>\n<meta name=\"twitter:card\" content=\"summary_large_image\" \/>\n<meta name=\"twitter:creator\" content=\"@https:\/\/twitter.com\/TGarper\" \/>\n<meta name=\"twitter:site\" content=\"@CentroUrbano\" \/>\n<meta name=\"twitter:label1\" content=\"Escrito por\" \/>\n\t<meta name=\"twitter:data1\" content=\"Antonio Garc\u00eda\" \/>\n\t<meta name=\"twitter:label2\" content=\"Tiempo de lectura\" \/>\n\t<meta name=\"twitter:data2\" content=\"1 minuto\" \/>\n<script type=\"application\/ld+json\" class=\"yoast-schema-graph\">{\"@context\":\"https:\\\/\\\/schema.org\",\"@graph\":[{\"@type\":\"Article\",\"@id\":\"https:\\\/\\\/centrourbano.com\\\/revista\\\/agenda-2\\\/eventos\\\/este-lunes-recorre-desde-casa-el-museo-de-los-ferrocarrileros\\\/#article\",\"isPartOf\":{\"@id\":\"https:\\\/\\\/centrourbano.com\\\/revista\\\/agenda-2\\\/eventos\\\/este-lunes-recorre-desde-casa-el-museo-de-los-ferrocarrileros\\\/\"},\"author\":{\"name\":\"Antonio Garc\u00eda\",\"@id\":\"https:\\\/\\\/centrourbano.com\\\/revista\\\/#\\\/schema\\\/person\\\/317fc57cd0dcfa64aa25174335bd5d1a\"},\"headline\":\"Este lunes, recorre desde casa el Museo de los Ferrocarrileros\",\"datePublished\":\"2020-05-11T21:09:07+00:00\",\"mainEntityOfPage\":{\"@id\":\"https:\\\/\\\/centrourbano.com\\\/revista\\\/agenda-2\\\/eventos\\\/este-lunes-recorre-desde-casa-el-museo-de-los-ferrocarrileros\\\/\"},\"wordCount\":248,\"commentCount\":0,\"publisher\":{\"@id\":\"https:\\\/\\\/centrourbano.com\\\/revista\\\/#organization\"},\"image\":{\"@id\":\"https:\\\/\\\/centrourbano.com\\\/revista\\\/agenda-2\\\/eventos\\\/este-lunes-recorre-desde-casa-el-museo-de-los-ferrocarrileros\\\/#primaryimage\"},\"thumbnailUrl\":\"https:\\\/\\\/centrourbano.com\\\/revista\\\/wp-content\\\/uploads\\\/Museo-de-los-ferrocarrileros-2.jpg\",\"keywords\":[\"Capital Cultural en Nuestra Casa\",\"Cultura CDMX\",\"estaci\u00f3n ferroviaria\",\"locomotoras\",\"Museo de los Ferrocarrileros\",\"Petra\",\"recorrido guiado\",\"Secretar\u00eda de Cultura\",\"streaming\"],\"articleSection\":[\"Eventos\",\"Exposiciones\"],\"inLanguage\":\"es\",\"potentialAction\":[{\"@type\":\"CommentAction\",\"name\":\"Comment\",\"target\":[\"https:\\\/\\\/centrourbano.com\\\/revista\\\/agenda-2\\\/eventos\\\/este-lunes-recorre-desde-casa-el-museo-de-los-ferrocarrileros\\\/#respond\"]}]},{\"@type\":\"WebPage\",\"@id\":\"https:\\\/\\\/centrourbano.com\\\/revista\\\/agenda-2\\\/eventos\\\/este-lunes-recorre-desde-casa-el-museo-de-los-ferrocarrileros\\\/\",\"url\":\"https:\\\/\\\/centrourbano.com\\\/revista\\\/agenda-2\\\/eventos\\\/este-lunes-recorre-desde-casa-el-museo-de-los-ferrocarrileros\\\/\",\"name\":\"Este lunes, recorre desde casa el Museo de los Ferrocarrileros\",\"isPartOf\":{\"@id\":\"https:\\\/\\\/centrourbano.com\\\/revista\\\/#website\"},\"primaryImageOfPage\":{\"@id\":\"https:\\\/\\\/centrourbano.com\\\/revista\\\/agenda-2\\\/eventos\\\/este-lunes-recorre-desde-casa-el-museo-de-los-ferrocarrileros\\\/#primaryimage\"},\"image\":{\"@id\":\"https:\\\/\\\/centrourbano.com\\\/revista\\\/agenda-2\\\/eventos\\\/este-lunes-recorre-desde-casa-el-museo-de-los-ferrocarrileros\\\/#primaryimage\"},\"thumbnailUrl\":\"https:\\\/\\\/centrourbano.com\\\/revista\\\/wp-content\\\/uploads\\\/Museo-de-los-ferrocarrileros-2.jpg\",\"datePublished\":\"2020-05-11T21:09:07+00:00\",\"description\":\"Este lunes, en punto de las 18:00 horas, el Museo de los Ferrocarrileros abrir\u00e1 sus puertas virtuales a trav\u00e9s de \u2018Capital Cultural en Nuestra Casa\u2019\",\"breadcrumb\":{\"@id\":\"https:\\\/\\\/centrourbano.com\\\/revista\\\/agenda-2\\\/eventos\\\/este-lunes-recorre-desde-casa-el-museo-de-los-ferrocarrileros\\\/#breadcrumb\"},\"inLanguage\":\"es\",\"potentialAction\":[{\"@type\":\"ReadAction\",\"target\":[\"https:\\\/\\\/centrourbano.com\\\/revista\\\/agenda-2\\\/eventos\\\/este-lunes-recorre-desde-casa-el-museo-de-los-ferrocarrileros\\\/\"]}]},{\"@type\":\"ImageObject\",\"inLanguage\":\"es\",\"@id\":\"https:\\\/\\\/centrourbano.com\\\/revista\\\/agenda-2\\\/eventos\\\/este-lunes-recorre-desde-casa-el-museo-de-los-ferrocarrileros\\\/#primaryimage\",\"url\":\"https:\\\/\\\/centrourbano.com\\\/revista\\\/wp-content\\\/uploads\\\/Museo-de-los-ferrocarrileros-2.jpg\",\"contentUrl\":\"https:\\\/\\\/centrourbano.com\\\/revista\\\/wp-content\\\/uploads\\\/Museo-de-los-ferrocarrileros-2.jpg\",\"width\":2048,\"height\":1242,\"caption\":\"Este lunes, en punto de las 18:00 horas, el Museo de los Ferrocarrileros abrir\u00e1 sus puertas virtuales a trav\u00e9s de \u2018Capital Cultural en Nuestra Casa\u2019\"},{\"@type\":\"BreadcrumbList\",\"@id\":\"https:\\\/\\\/centrourbano.com\\\/revista\\\/agenda-2\\\/eventos\\\/este-lunes-recorre-desde-casa-el-museo-de-los-ferrocarrileros\\\/#breadcrumb\",\"itemListElement\":[{\"@type\":\"ListItem\",\"position\":1,\"name\":\"Portada\",\"item\":\"https:\\\/\\\/centrourbano.com\\\/revista\\\/\"},{\"@type\":\"ListItem\",\"position\":2,\"name\":\"Este lunes, recorre desde casa el Museo de los Ferrocarrileros\"}]},{\"@type\":\"WebSite\",\"@id\":\"https:\\\/\\\/centrourbano.com\\\/revista\\\/#website\",\"url\":\"https:\\\/\\\/centrourbano.com\\\/revista\\\/\",\"name\":\"Centro Urbano\",\"description\":\"Medio especializado en los sectores vivienda, inmobiliario, construcci\u00f3n, arquitectura y urbanismo.\",\"publisher\":{\"@id\":\"https:\\\/\\\/centrourbano.com\\\/revista\\\/#organization\"},\"potentialAction\":[{\"@type\":\"SearchAction\",\"target\":{\"@type\":\"EntryPoint\",\"urlTemplate\":\"https:\\\/\\\/centrourbano.com\\\/revista\\\/?s={search_term_string}\"},\"query-input\":{\"@type\":\"PropertyValueSpecification\",\"valueRequired\":true,\"valueName\":\"search_term_string\"}}],\"inLanguage\":\"es\"},{\"@type\":\"Organization\",\"@id\":\"https:\\\/\\\/centrourbano.com\\\/revista\\\/#organization\",\"name\":\"Centro Urbano\",\"url\":\"https:\\\/\\\/centrourbano.com\\\/revista\\\/\",\"logo\":{\"@type\":\"ImageObject\",\"inLanguage\":\"es\",\"@id\":\"https:\\\/\\\/centrourbano.com\\\/revista\\\/#\\\/schema\\\/logo\\\/image\\\/\",\"url\":\"https:\\\/\\\/centrourbano.com\\\/revista\\\/wp-content\\\/uploads\\\/web_CU_logo-1.png\",\"contentUrl\":\"https:\\\/\\\/centrourbano.com\\\/revista\\\/wp-content\\\/uploads\\\/web_CU_logo-1.png\",\"width\":350,\"height\":91,\"caption\":\"Centro Urbano\"},\"image\":{\"@id\":\"https:\\\/\\\/centrourbano.com\\\/revista\\\/#\\\/schema\\\/logo\\\/image\\\/\"},\"sameAs\":[\"https:\\\/\\\/www.facebook.com\\\/portalcentrourbano\",\"https:\\\/\\\/x.com\\\/CentroUrbano\",\"https:\\\/\\\/www.instagram.com\\\/centro_urbano\\\/\",\"https:\\\/\\\/www.linkedin.com\\\/company\\\/centro-urbano\\\/\",\"http:\\\/\\\/www.youtube.com\\\/user\\\/portalcentrourbano\"]},{\"@type\":\"Person\",\"@id\":\"https:\\\/\\\/centrourbano.com\\\/revista\\\/#\\\/schema\\\/person\\\/317fc57cd0dcfa64aa25174335bd5d1a\",\"name\":\"Antonio Garc\u00eda\",\"image\":{\"@type\":\"ImageObject\",\"inLanguage\":\"es\",\"@id\":\"https:\\\/\\\/secure.gravatar.com\\\/avatar\\\/68b7fcfc82d16a702310836698db1d823c3fb3b28e1f0938164455de47d96d82?s=96&d=mm&r=g\",\"url\":\"https:\\\/\\\/secure.gravatar.com\\\/avatar\\\/68b7fcfc82d16a702310836698db1d823c3fb3b28e1f0938164455de47d96d82?s=96&d=mm&r=g\",\"contentUrl\":\"https:\\\/\\\/secure.gravatar.com\\\/avatar\\\/68b7fcfc82d16a702310836698db1d823c3fb3b28e1f0938164455de47d96d82?s=96&d=mm&r=g\",\"caption\":\"Antonio Garc\u00eda\"},\"description\":\"Integrante del equipo editorial en Centro Urbano. Egresado de la carrera de Econom\u00eda (preespecialidad en Desarrollo Regional) en el IPN y de Matem\u00e1ticas Aplicadas y Computaci\u00f3n en la UNAM. Apasionado de los temas inherentes al desarrollo urbano-regional y estudios formales -e informales- sobre la ciudad y la econom\u00eda urbana.\",\"sameAs\":[\"https:\\\/\\\/www.instagram.com\\\/caminante_en_la_ciudad\\\/?hl=es-la\",\"https:\\\/\\\/x.com\\\/https:\\\/\\\/twitter.com\\\/TGarper\"],\"url\":\"https:\\\/\\\/centrourbano.com\\\/revista\\\/author\\\/antonio-garcia\\\/\"}]}<\/script>\n<!-- \/ Yoast SEO plugin. -->","yoast_head_json":{"title":"Este lunes, recorre desde casa el Museo de los Ferrocarrileros","description":"Este lunes, en punto de las 18:00 horas, el Museo de los Ferrocarrileros abrir\u00e1 sus puertas virtuales a trav\u00e9s de \u2018Capital Cultural en Nuestra Casa\u2019","robots":{"index":"index","follow":"follow","max-snippet":"max-snippet:-1","max-image-preview":"max-image-preview:large","max-video-preview":"max-video-preview:-1"},"canonical":"https:\/\/centrourbano.com\/revista\/agenda-2\/eventos\/este-lunes-recorre-desde-casa-el-museo-de-los-ferrocarrileros\/","og_locale":"es_ES","og_type":"article","og_title":"Este lunes, recorre desde casa el Museo de los Ferrocarrileros","og_description":"Este lunes, en punto de las 18:00 horas, el Museo de los Ferrocarrileros abrir\u00e1 sus puertas virtuales a trav\u00e9s de \u2018Capital Cultural en Nuestra Casa\u2019","og_url":"https:\/\/centrourbano.com\/revista\/agenda-2\/eventos\/este-lunes-recorre-desde-casa-el-museo-de-los-ferrocarrileros\/","og_site_name":"Centro Urbano","article_publisher":"https:\/\/www.facebook.com\/portalcentrourbano","article_published_time":"2020-05-11T21:09:07+00:00","og_image":[{"width":2048,"height":1242,"url":"https:\/\/centrourbano.com\/revista\/wp-content\/uploads\/Museo-de-los-ferrocarrileros-2.jpg","type":"image\/jpeg"}],"author":"Antonio Garc\u00eda","twitter_card":"summary_large_image","twitter_creator":"@https:\/\/twitter.com\/TGarper","twitter_site":"@CentroUrbano","twitter_misc":{"Escrito por":"Antonio Garc\u00eda","Tiempo de lectura":"1 minuto"},"schema":{"@context":"https:\/\/schema.org","@graph":[{"@type":"Article","@id":"https:\/\/centrourbano.com\/revista\/agenda-2\/eventos\/este-lunes-recorre-desde-casa-el-museo-de-los-ferrocarrileros\/#article","isPartOf":{"@id":"https:\/\/centrourbano.com\/revista\/agenda-2\/eventos\/este-lunes-recorre-desde-casa-el-museo-de-los-ferrocarrileros\/"},"author":{"name":"Antonio Garc\u00eda","@id":"https:\/\/centrourbano.com\/revista\/#\/schema\/person\/317fc57cd0dcfa64aa25174335bd5d1a"},"headline":"Este lunes, recorre desde casa el Museo de los Ferrocarrileros","datePublished":"2020-05-11T21:09:07+00:00","mainEntityOfPage":{"@id":"https:\/\/centrourbano.com\/revista\/agenda-2\/eventos\/este-lunes-recorre-desde-casa-el-museo-de-los-ferrocarrileros\/"},"wordCount":248,"commentCount":0,"publisher":{"@id":"https:\/\/centrourbano.com\/revista\/#organization"},"image":{"@id":"https:\/\/centrourbano.com\/revista\/agenda-2\/eventos\/este-lunes-recorre-desde-casa-el-museo-de-los-ferrocarrileros\/#primaryimage"},"thumbnailUrl":"https:\/\/centrourbano.com\/revista\/wp-content\/uploads\/Museo-de-los-ferrocarrileros-2.jpg","keywords":["Capital Cultural en Nuestra Casa","Cultura CDMX","estaci\u00f3n ferroviaria","locomotoras","Museo de los Ferrocarrileros","Petra","recorrido guiado","Secretar\u00eda de Cultura","streaming"],"articleSection":["Eventos","Exposiciones"],"inLanguage":"es","potentialAction":[{"@type":"CommentAction","name":"Comment","target":["https:\/\/centrourbano.com\/revista\/agenda-2\/eventos\/este-lunes-recorre-desde-casa-el-museo-de-los-ferrocarrileros\/#respond"]}]},{"@type":"WebPage","@id":"https:\/\/centrourbano.com\/revista\/agenda-2\/eventos\/este-lunes-recorre-desde-casa-el-museo-de-los-ferrocarrileros\/","url":"https:\/\/centrourbano.com\/revista\/agenda-2\/eventos\/este-lunes-recorre-desde-casa-el-museo-de-los-ferrocarrileros\/","name":"Este lunes, recorre desde casa el Museo de los Ferrocarrileros","isPartOf":{"@id":"https:\/\/centrourbano.com\/revista\/#website"},"primaryImageOfPage":{"@id":"https:\/\/centrourbano.com\/revista\/agenda-2\/eventos\/este-lunes-recorre-desde-casa-el-museo-de-los-ferrocarrileros\/#primaryimage"},"image":{"@id":"https:\/\/centrourbano.com\/revista\/agenda-2\/eventos\/este-lunes-recorre-desde-casa-el-museo-de-los-ferrocarrileros\/#primaryimage"},"thumbnailUrl":"https:\/\/centrourbano.com\/revista\/wp-content\/uploads\/Museo-de-los-ferrocarrileros-2.jpg","datePublished":"2020-05-11T21:09:07+00:00","description":"Este lunes, en punto de las 18:00 horas, el Museo de los Ferrocarrileros abrir\u00e1 sus puertas virtuales a trav\u00e9s de \u2018Capital Cultural en Nuestra Casa\u2019","breadcrumb":{"@id":"https:\/\/centrourbano.com\/revista\/agenda-2\/eventos\/este-lunes-recorre-desde-casa-el-museo-de-los-ferrocarrileros\/#breadcrumb"},"inLanguage":"es","potentialAction":[{"@type":"ReadAction","target":["https:\/\/centrourbano.com\/revista\/agenda-2\/eventos\/este-lunes-recorre-desde-casa-el-museo-de-los-ferrocarrileros\/"]}]},{"@type":"ImageObject","inLanguage":"es","@id":"https:\/\/centrourbano.com\/revista\/agenda-2\/eventos\/este-lunes-recorre-desde-casa-el-museo-de-los-ferrocarrileros\/#primaryimage","url":"https:\/\/centrourbano.com\/revista\/wp-content\/uploads\/Museo-de-los-ferrocarrileros-2.jpg","contentUrl":"https:\/\/centrourbano.com\/revista\/wp-content\/uploads\/Museo-de-los-ferrocarrileros-2.jpg","width":2048,"height":1242,"caption":"Este lunes, en punto de las 18:00 horas, el Museo de los Ferrocarrileros abrir\u00e1 sus puertas virtuales a trav\u00e9s de \u2018Capital Cultural en Nuestra Casa\u2019"},{"@type":"BreadcrumbList","@id":"https:\/\/centrourbano.com\/revista\/agenda-2\/eventos\/este-lunes-recorre-desde-casa-el-museo-de-los-ferrocarrileros\/#breadcrumb","itemListElement":[{"@type":"ListItem","position":1,"name":"Portada","item":"https:\/\/centrourbano.com\/revista\/"},{"@type":"ListItem","position":2,"name":"Este lunes, recorre desde casa el Museo de los Ferrocarrileros"}]},{"@type":"WebSite","@id":"https:\/\/centrourbano.com\/revista\/#website","url":"https:\/\/centrourbano.com\/revista\/","name":"Centro Urbano","description":"Medio especializado en los sectores vivienda, inmobiliario, construcci\u00f3n, arquitectura y urbanismo.","publisher":{"@id":"https:\/\/centrourbano.com\/revista\/#organization"},"potentialAction":[{"@type":"SearchAction","target":{"@type":"EntryPoint","urlTemplate":"https:\/\/centrourbano.com\/revista\/?s={search_term_string}"},"query-input":{"@type":"PropertyValueSpecification","valueRequired":true,"valueName":"search_term_string"}}],"inLanguage":"es"},{"@type":"Organization","@id":"https:\/\/centrourbano.com\/revista\/#organization","name":"Centro Urbano","url":"https:\/\/centrourbano.com\/revista\/","logo":{"@type":"ImageObject","inLanguage":"es","@id":"https:\/\/centrourbano.com\/revista\/#\/schema\/logo\/image\/","url":"https:\/\/centrourbano.com\/revista\/wp-content\/uploads\/web_CU_logo-1.png","contentUrl":"https:\/\/centrourbano.com\/revista\/wp-content\/uploads\/web_CU_logo-1.png","width":350,"height":91,"caption":"Centro Urbano"},"image":{"@id":"https:\/\/centrourbano.com\/revista\/#\/schema\/logo\/image\/"},"sameAs":["https:\/\/www.facebook.com\/portalcentrourbano","https:\/\/x.com\/CentroUrbano","https:\/\/www.instagram.com\/centro_urbano\/","https:\/\/www.linkedin.com\/company\/centro-urbano\/","http:\/\/www.youtube.com\/user\/portalcentrourbano"]},{"@type":"Person","@id":"https:\/\/centrourbano.com\/revista\/#\/schema\/person\/317fc57cd0dcfa64aa25174335bd5d1a","name":"Antonio Garc\u00eda","image":{"@type":"ImageObject","inLanguage":"es","@id":"https:\/\/secure.gravatar.com\/avatar\/68b7fcfc82d16a702310836698db1d823c3fb3b28e1f0938164455de47d96d82?s=96&d=mm&r=g","url":"https:\/\/secure.gravatar.com\/avatar\/68b7fcfc82d16a702310836698db1d823c3fb3b28e1f0938164455de47d96d82?s=96&d=mm&r=g","contentUrl":"https:\/\/secure.gravatar.com\/avatar\/68b7fcfc82d16a702310836698db1d823c3fb3b28e1f0938164455de47d96d82?s=96&d=mm&r=g","caption":"Antonio Garc\u00eda"},"description":"Integrante del equipo editorial en Centro Urbano. Egresado de la carrera de Econom\u00eda (preespecialidad en Desarrollo Regional) en el IPN y de Matem\u00e1ticas Aplicadas y Computaci\u00f3n en la UNAM. Apasionado de los temas inherentes al desarrollo urbano-regional y estudios formales -e informales- sobre la ciudad y la econom\u00eda urbana.","sameAs":["https:\/\/www.instagram.com\/caminante_en_la_ciudad\/?hl=es-la","https:\/\/x.com\/https:\/\/twitter.com\/TGarper"],"url":"https:\/\/centrourbano.com\/revista\/author\/antonio-garcia\/"}]}},"_links":{"self":[{"href":"https:\/\/centrourbano.com\/revista\/wp-json\/wp\/v2\/posts\/106244","targetHints":{"allow":["GET"]}}],"collection":[{"href":"https:\/\/centrourbano.com\/revista\/wp-json\/wp\/v2\/posts"}],"about":[{"href":"https:\/\/centrourbano.com\/revista\/wp-json\/wp\/v2\/types\/post"}],"author":[{"embeddable":true,"href":"https:\/\/centrourbano.com\/revista\/wp-json\/wp\/v2\/users\/75"}],"replies":[{"embeddable":true,"href":"https:\/\/centrourbano.com\/revista\/wp-json\/wp\/v2\/comments?post=106244"}],"version-history":[{"count":3,"href":"https:\/\/centrourbano.com\/revista\/wp-json\/wp\/v2\/posts\/106244\/revisions"}],"predecessor-version":[{"id":106252,"href":"https:\/\/centrourbano.com\/revista\/wp-json\/wp\/v2\/posts\/106244\/revisions\/106252"}],"wp:featuredmedia":[{"embeddable":true,"href":"https:\/\/centrourbano.com\/revista\/wp-json\/wp\/v2\/media\/106245"}],"wp:attachment":[{"href":"https:\/\/centrourbano.com\/revista\/wp-json\/wp\/v2\/media?parent=106244"}],"wp:term":[{"taxonomy":"category","embeddable":true,"href":"https:\/\/centrourbano.com\/revista\/wp-json\/wp\/v2\/categories?post=106244"},{"taxonomy":"post_tag","embeddable":true,"href":"https:\/\/centrourbano.com\/revista\/wp-json\/wp\/v2\/tags?post=106244"}],"curies":[{"name":"wp","href":"https:\/\/api.w.org\/{rel}","templated":true}]}}