{"id":106102,"date":"2020-05-13T10:42:37","date_gmt":"2020-05-13T15:42:37","guid":{"rendered":"https:\/\/centrourbano.com\/?p=106102"},"modified":"2020-05-13T10:42:37","modified_gmt":"2020-05-13T15:42:37","slug":"turistas-de-eeuu-y-canada-priorizaran-a-mexico-sobre-otros-destinos","status":"publish","type":"post","link":"https:\/\/centrourbano.com\/revista\/inmobiliario\/turistas-de-eeuu-y-canada-priorizaran-a-mexico-sobre-otros-destinos\/","title":{"rendered":"Turistas de EEUU y Canad\u00e1 priorizar\u00e1n a M\u00e9xico sobre otros destinos"},"content":{"rendered":"<p><em>El tiempo que est\u00e1n dispuestos a trasladarse los turistas, nacionales y extranjeros, ser\u00e1 fundamental para la elecci\u00f3n de un destino tur\u00edstico: Sectur<\/em><\/p>\n<p><!--more--><\/p>\n<p>En el marco de las reuniones que sostiene Miguel Torruco Marqu\u00e9s, titular de la Secretar\u00eda de Turismo (<a href=\"https:\/\/twitter.com\/SECTUR_mx\">Sectur<\/a>), para dar a conocer la &#8216;estrategia digital&#8217; para la reactivaci\u00f3n del sector tur\u00edstico nacional, el funcionario federal puso en la mesa de discusi\u00f3n una <strong>variable de peso<\/strong> en los turistas.<\/p>\n<p>De manera concreto, el funcionario dijo que se trata del <strong><u>tiempo de traslado,<\/u><\/strong> el cual ser\u00e1 factor clave a la hora de <strong>elegir destinos tur\u00edsticos<\/strong> en la \u00e9poca inmediata al levantamiento de la cuarentena.<\/p>\n<p>De acuerdo con la Sectur, a nivel internacional la previsi\u00f3n es que\u00a0<strong>canadienses y estadounidenses, <\/strong>turistas de los mercados externos m\u00e1s importantes para el pa\u00eds, optar\u00e1n por viajar a <strong>destinos cercanos<\/strong>, que a lo mucho impliquen <strong>4.5 horas de vuelo<\/strong>.<\/p>\n<p>El titular de la Sectur refiri\u00f3 que, hist\u00f3ricamente, el turismo extranjero que llega a M\u00e9xico es 55.2% estadounidense y 12.1% canadiense; en ese orden de ideas, sustent\u00f3 la importancia de priorizar estos mercados objetivo.<\/p>\n<p>En ese sentido, los <strong>destinos favorecidos<\/strong> ser\u00e1n los tradicionalmente frecuentados, y que representan el <strong>98% de los sitios visitados por extranjeros<\/strong>:<\/p>\n<p>Canc\u00fan, Playa del Carmen, Riviera Maya y Cozumel, en Quintana Roo; Los Cabos y La Paz, en Baja California Sur; Puerto Vallarta y Guadalajara, en Jalisco; Riviera Nayarit, en Nayarit; Mazatl\u00e1n, en Sinaloa; Acapulco e Ixtapa-Zihuatanejo, en Guerrero; Manzanillo, en Colima; Monterrey, en Nuevo Le\u00f3n; y Huatulco, en Oaxaca; adem\u00e1s de la Ciudad de M\u00e9xico.<\/p>\n<p>No obstante, Miguel Torruco adelant\u00f3 que el <strong>Turismo Fronterizo<\/strong> se reactivar\u00e1 con una variante propia de la \u00e9poca post-cuarentena, esta ser\u00e1: turismo en el <strong>segmento M\u00e9dico<\/strong>.<\/p>\n<h3>Recuperaci\u00f3n del turismo ser\u00e1 desde dentro. Regionalizaci\u00f3n, la clave<\/h3>\n<p>El <strong>mayor peso de la recuperaci\u00f3n del turismo <\/strong>en M\u00e9xico ser\u00e1 cargado a los <strong>viajeros nacionales<\/strong> cuyo consumo tur\u00edstico representa 82.5% del total nacional, as\u00ed lo refiri\u00f3 el secretario.<\/p>\n<p>Apunt\u00f3 que las previsiones en torno a la variable del tiempo son las mismas para los <strong>turistas mexicanos<\/strong>, aunque precis\u00f3 que los viajes ser\u00e1n cortos y <strong>no pasar\u00e1n de las 3 horas por carretera<\/strong>.<\/p>\n<p>Con este marco temporal de referencia, la Secretar\u00eda trabaja en crear un marco espacial ad hoc a distancias de 3 horas con la conformaci\u00f3n de <strong>regiones funcionales<\/strong>.<\/p>\n<p>\u201cHemos dise\u00f1ado una estrategia de reactivaci\u00f3n del turismo interno, a partir de rutas cortas en las ocho macro regiones funcionales del pa\u00eds, tomando en consideraci\u00f3n los grandes centros de distribuci\u00f3n de las 74 zonas metropolitanas\u201d.<\/p>\n<p>Torruco Marqu\u00e9s enfatiz\u00f3 en que esta regionalizaci\u00f3n se lleva a cabo en coordinaci\u00f3n con tour operadores, agentes de viajes, hoteleros y restauranteros.<\/p>\n<h3>Relanzar el dinamismo tur\u00edstico con Estrategia Digital<\/h3>\n<p>En el marco de la Emergencia Sanitaria por Covid-19 y sus efectos devastadores en materia econ\u00f3mica, los diversos sectores de la econom\u00eda y sus respectivas autoridades han comenzado a trabajar en la implementaci\u00f3n de planes y estrategias de acci\u00f3n que marquen una hoja de ruta para retomar dinamismo y salir de la crisis.<\/p>\n<p>A prop\u00f3sito de esa urgencia, en el sector del turismo, el titular de la Sectur, dio a conocer <strong><a href=\"https:\/\/centrourbano.com\/2020\/04\/14\/trabaja-sectur-en-estrategia-digital-para-reactivar-sector-turistico\/\">la implementaci\u00f3n de una Estrategia Digital para hacer frente a la crisis<\/a><\/strong>.<\/p>\n<p>Dicha Estrategia estar\u00eda compuesta por la plataforma VisitMexico, el Comit\u00e9 de Crisis del Consejo de la Diplomacia Tur\u00edstica, la Uni\u00f3n de Secretarios de Turismo de M\u00e9xico (Asetur), Concanaco Servytur y el Consejo Nacional Empresarial Tur\u00edstico (CNET).<\/p>\n<p>En aras de retroalimentar y fortalecer aquella, Miguel Torruco Marqu\u00e9s inici\u00f3 las reuniones con diversos actores involucrados en el mercado del turismo en M\u00e9xico.<\/p>\n<p>La m\u00e1s reciente se dio con los miembros de la C\u00e1mara Nacional del Autotransporte de Pasaje y Turismo (Canapat), en ella se inici\u00f3 la discusi\u00f3n en torno a el papel que jugar\u00e1n los potenciales turistas nacionales y extranjeros en la recuperaci\u00f3n del sector.<\/p>\n","protected":false},"excerpt":{"rendered":"<p>El tiempo que est\u00e1n dispuestos a trasladarse los turistas, nacionales y extranjeros, ser\u00e1 fundamental para la elecci\u00f3n de un destino tur\u00edstico: Sectur<\/p>\n","protected":false},"author":75,"featured_media":106103,"comment_status":"open","ping_status":"closed","sticky":false,"template":"","format":"standard","meta":{"om_disable_all_campaigns":false,"inline_featured_image":false,"_monsterinsights_skip_tracking":false,"_monsterinsights_sitenote_active":false,"_monsterinsights_sitenote_note":"","_monsterinsights_sitenote_category":0,"footnotes":""},"categories":[80,17827,15],"tags":[18249,16909,12968,18254,784,18251,14994,18255,18252,18253,18250],"class_list":["post-106102","post","type-post","status-publish","format-standard","has-post-thumbnail","hentry","category-actualidad","category-cobertura-covid-19","category-inmobiliario","tag-destinos-internacionales","tag-destinos-turisticos","tag-estrategia-digital","tag-regiones-funcionales","tag-sectur","tag-tiempo-de-traslado","tag-torruco","tag-turismo-en-mexico","tag-turismo-fronterizo","tag-turistas-mexicanos","tag-turistas-nacionales"],"yoast_head":"<!-- This site is optimized with the Yoast SEO plugin v27.4 - https:\/\/yoast.com\/product\/yoast-seo-wordpress\/ -->\n<title>Turistas de EEUU y Canad\u00e1 priorizar\u00e1n a M\u00e9xico sobre otros destinos<\/title>\n<meta name=\"description\" content=\"El tiempo que est\u00e1n dispuestos a trasladarse los turistas, nacionales y extranjeros, ser\u00e1 fundamental para la elecci\u00f3n de un destino tur\u00edstico: Sectur\" \/>\n<meta name=\"robots\" content=\"index, follow, max-snippet:-1, max-image-preview:large, max-video-preview:-1\" \/>\n<link rel=\"canonical\" href=\"https:\/\/centrourbano.com\/revista\/inmobiliario\/turistas-de-eeuu-y-canada-priorizaran-a-mexico-sobre-otros-destinos\/\" \/>\n<meta property=\"og:locale\" content=\"es_ES\" \/>\n<meta property=\"og:type\" content=\"article\" \/>\n<meta property=\"og:title\" content=\"Turistas de EEUU y Canad\u00e1 priorizar\u00e1n a M\u00e9xico sobre otros destinos\" \/>\n<meta property=\"og:description\" content=\"El tiempo que est\u00e1n dispuestos a trasladarse los turistas, nacionales y extranjeros, ser\u00e1 fundamental para la elecci\u00f3n de un destino tur\u00edstico: Sectur\" \/>\n<meta property=\"og:url\" content=\"https:\/\/centrourbano.com\/revista\/inmobiliario\/turistas-de-eeuu-y-canada-priorizaran-a-mexico-sobre-otros-destinos\/\" \/>\n<meta property=\"og:site_name\" content=\"Centro Urbano\" \/>\n<meta property=\"article:publisher\" content=\"https:\/\/www.facebook.com\/portalcentrourbano\" \/>\n<meta property=\"article:published_time\" content=\"2020-05-13T15:42:37+00:00\" \/>\n<meta property=\"og:image\" content=\"https:\/\/centrourbano.com\/revista\/wp-content\/uploads\/Turismo-M\u00e9xico-1.jpg\" \/>\n\t<meta property=\"og:image:width\" content=\"1280\" \/>\n\t<meta property=\"og:image:height\" content=\"675\" \/>\n\t<meta property=\"og:image:type\" content=\"image\/jpeg\" \/>\n<meta name=\"author\" content=\"Antonio Garc\u00eda\" \/>\n<meta name=\"twitter:card\" content=\"summary_large_image\" \/>\n<meta name=\"twitter:creator\" content=\"@https:\/\/twitter.com\/TGarper\" \/>\n<meta name=\"twitter:site\" content=\"@CentroUrbano\" \/>\n<meta name=\"twitter:label1\" content=\"Escrito por\" \/>\n\t<meta name=\"twitter:data1\" content=\"Antonio Garc\u00eda\" \/>\n\t<meta name=\"twitter:label2\" content=\"Tiempo de lectura\" \/>\n\t<meta name=\"twitter:data2\" content=\"3 minutos\" \/>\n<script type=\"application\/ld+json\" class=\"yoast-schema-graph\">{\"@context\":\"https:\\\/\\\/schema.org\",\"@graph\":[{\"@type\":\"Article\",\"@id\":\"https:\\\/\\\/centrourbano.com\\\/revista\\\/inmobiliario\\\/turistas-de-eeuu-y-canada-priorizaran-a-mexico-sobre-otros-destinos\\\/#article\",\"isPartOf\":{\"@id\":\"https:\\\/\\\/centrourbano.com\\\/revista\\\/inmobiliario\\\/turistas-de-eeuu-y-canada-priorizaran-a-mexico-sobre-otros-destinos\\\/\"},\"author\":{\"name\":\"Antonio Garc\u00eda\",\"@id\":\"https:\\\/\\\/centrourbano.com\\\/revista\\\/#\\\/schema\\\/person\\\/d12ede3164a0881bab68f5868d5dfe8c\"},\"headline\":\"Turistas de EEUU y Canad\u00e1 priorizar\u00e1n a M\u00e9xico sobre otros destinos\",\"datePublished\":\"2020-05-13T15:42:37+00:00\",\"mainEntityOfPage\":{\"@id\":\"https:\\\/\\\/centrourbano.com\\\/revista\\\/inmobiliario\\\/turistas-de-eeuu-y-canada-priorizaran-a-mexico-sobre-otros-destinos\\\/\"},\"wordCount\":692,\"commentCount\":0,\"publisher\":{\"@id\":\"https:\\\/\\\/centrourbano.com\\\/revista\\\/#organization\"},\"image\":{\"@id\":\"https:\\\/\\\/centrourbano.com\\\/revista\\\/inmobiliario\\\/turistas-de-eeuu-y-canada-priorizaran-a-mexico-sobre-otros-destinos\\\/#primaryimage\"},\"thumbnailUrl\":\"https:\\\/\\\/centrourbano.com\\\/revista\\\/wp-content\\\/uploads\\\/Turismo-M\u00e9xico-1.jpg\",\"keywords\":[\"destinos internacionales\",\"Destinos tur\u00edsticos\",\"Estrategia digital\",\"regiones funcionales\",\"Sectur\",\"tiempo de traslado\",\"Torruco\",\"turismo en M\u00e9xico\",\"Turismo Fronterizo\",\"turistas mexicanos\",\"turistas nacionales\"],\"articleSection\":[\"Actualidad\",\"Cobertura Covid-19\",\"Inmobiliario\"],\"inLanguage\":\"es\",\"potentialAction\":[{\"@type\":\"CommentAction\",\"name\":\"Comment\",\"target\":[\"https:\\\/\\\/centrourbano.com\\\/revista\\\/inmobiliario\\\/turistas-de-eeuu-y-canada-priorizaran-a-mexico-sobre-otros-destinos\\\/#respond\"]}]},{\"@type\":\"WebPage\",\"@id\":\"https:\\\/\\\/centrourbano.com\\\/revista\\\/inmobiliario\\\/turistas-de-eeuu-y-canada-priorizaran-a-mexico-sobre-otros-destinos\\\/\",\"url\":\"https:\\\/\\\/centrourbano.com\\\/revista\\\/inmobiliario\\\/turistas-de-eeuu-y-canada-priorizaran-a-mexico-sobre-otros-destinos\\\/\",\"name\":\"Turistas de EEUU y Canad\u00e1 priorizar\u00e1n a M\u00e9xico sobre otros destinos\",\"isPartOf\":{\"@id\":\"https:\\\/\\\/centrourbano.com\\\/revista\\\/#website\"},\"primaryImageOfPage\":{\"@id\":\"https:\\\/\\\/centrourbano.com\\\/revista\\\/inmobiliario\\\/turistas-de-eeuu-y-canada-priorizaran-a-mexico-sobre-otros-destinos\\\/#primaryimage\"},\"image\":{\"@id\":\"https:\\\/\\\/centrourbano.com\\\/revista\\\/inmobiliario\\\/turistas-de-eeuu-y-canada-priorizaran-a-mexico-sobre-otros-destinos\\\/#primaryimage\"},\"thumbnailUrl\":\"https:\\\/\\\/centrourbano.com\\\/revista\\\/wp-content\\\/uploads\\\/Turismo-M\u00e9xico-1.jpg\",\"datePublished\":\"2020-05-13T15:42:37+00:00\",\"description\":\"El tiempo que est\u00e1n dispuestos a trasladarse los turistas, nacionales y extranjeros, ser\u00e1 fundamental para la elecci\u00f3n de un destino tur\u00edstico: Sectur\",\"breadcrumb\":{\"@id\":\"https:\\\/\\\/centrourbano.com\\\/revista\\\/inmobiliario\\\/turistas-de-eeuu-y-canada-priorizaran-a-mexico-sobre-otros-destinos\\\/#breadcrumb\"},\"inLanguage\":\"es\",\"potentialAction\":[{\"@type\":\"ReadAction\",\"target\":[\"https:\\\/\\\/centrourbano.com\\\/revista\\\/inmobiliario\\\/turistas-de-eeuu-y-canada-priorizaran-a-mexico-sobre-otros-destinos\\\/\"]}]},{\"@type\":\"ImageObject\",\"inLanguage\":\"es\",\"@id\":\"https:\\\/\\\/centrourbano.com\\\/revista\\\/inmobiliario\\\/turistas-de-eeuu-y-canada-priorizaran-a-mexico-sobre-otros-destinos\\\/#primaryimage\",\"url\":\"https:\\\/\\\/centrourbano.com\\\/revista\\\/wp-content\\\/uploads\\\/Turismo-M\u00e9xico-1.jpg\",\"contentUrl\":\"https:\\\/\\\/centrourbano.com\\\/revista\\\/wp-content\\\/uploads\\\/Turismo-M\u00e9xico-1.jpg\",\"width\":1280,\"height\":675,\"caption\":\"El tiempo que est\u00e1n dispuestos a trasladarse los turistas, nacionales y extranjeros, ser\u00e1 fundamental para la elecci\u00f3n de un destino tur\u00edstico: Sectur\"},{\"@type\":\"BreadcrumbList\",\"@id\":\"https:\\\/\\\/centrourbano.com\\\/revista\\\/inmobiliario\\\/turistas-de-eeuu-y-canada-priorizaran-a-mexico-sobre-otros-destinos\\\/#breadcrumb\",\"itemListElement\":[{\"@type\":\"ListItem\",\"position\":1,\"name\":\"Portada\",\"item\":\"https:\\\/\\\/centrourbano.com\\\/revista\\\/\"},{\"@type\":\"ListItem\",\"position\":2,\"name\":\"Turistas de EEUU y Canad\u00e1 priorizar\u00e1n a M\u00e9xico sobre otros destinos\"}]},{\"@type\":\"WebSite\",\"@id\":\"https:\\\/\\\/centrourbano.com\\\/revista\\\/#website\",\"url\":\"https:\\\/\\\/centrourbano.com\\\/revista\\\/\",\"name\":\"Centro Urbano\",\"description\":\"Medio especializado en los sectores vivienda, inmobiliario, construcci\u00f3n, arquitectura y urbanismo.\",\"publisher\":{\"@id\":\"https:\\\/\\\/centrourbano.com\\\/revista\\\/#organization\"},\"potentialAction\":[{\"@type\":\"SearchAction\",\"target\":{\"@type\":\"EntryPoint\",\"urlTemplate\":\"https:\\\/\\\/centrourbano.com\\\/revista\\\/?s={search_term_string}\"},\"query-input\":{\"@type\":\"PropertyValueSpecification\",\"valueRequired\":true,\"valueName\":\"search_term_string\"}}],\"inLanguage\":\"es\"},{\"@type\":\"Organization\",\"@id\":\"https:\\\/\\\/centrourbano.com\\\/revista\\\/#organization\",\"name\":\"Centro Urbano\",\"url\":\"https:\\\/\\\/centrourbano.com\\\/revista\\\/\",\"logo\":{\"@type\":\"ImageObject\",\"inLanguage\":\"es\",\"@id\":\"https:\\\/\\\/centrourbano.com\\\/revista\\\/#\\\/schema\\\/logo\\\/image\\\/\",\"url\":\"https:\\\/\\\/centrourbano.com\\\/revista\\\/wp-content\\\/uploads\\\/web_CU_logo-1.png\",\"contentUrl\":\"https:\\\/\\\/centrourbano.com\\\/revista\\\/wp-content\\\/uploads\\\/web_CU_logo-1.png\",\"width\":350,\"height\":91,\"caption\":\"Centro Urbano\"},\"image\":{\"@id\":\"https:\\\/\\\/centrourbano.com\\\/revista\\\/#\\\/schema\\\/logo\\\/image\\\/\"},\"sameAs\":[\"https:\\\/\\\/www.facebook.com\\\/portalcentrourbano\",\"https:\\\/\\\/x.com\\\/CentroUrbano\",\"https:\\\/\\\/www.instagram.com\\\/centro_urbano\\\/\",\"https:\\\/\\\/www.linkedin.com\\\/company\\\/centro-urbano\\\/\",\"http:\\\/\\\/www.youtube.com\\\/user\\\/portalcentrourbano\"]},{\"@type\":\"Person\",\"@id\":\"https:\\\/\\\/centrourbano.com\\\/revista\\\/#\\\/schema\\\/person\\\/d12ede3164a0881bab68f5868d5dfe8c\",\"name\":\"Antonio Garc\u00eda\",\"image\":{\"@type\":\"ImageObject\",\"inLanguage\":\"es\",\"@id\":\"https:\\\/\\\/secure.gravatar.com\\\/avatar\\\/68b7fcfc82d16a702310836698db1d823c3fb3b28e1f0938164455de47d96d82?s=96&d=mm&r=g\",\"url\":\"https:\\\/\\\/secure.gravatar.com\\\/avatar\\\/68b7fcfc82d16a702310836698db1d823c3fb3b28e1f0938164455de47d96d82?s=96&d=mm&r=g\",\"contentUrl\":\"https:\\\/\\\/secure.gravatar.com\\\/avatar\\\/68b7fcfc82d16a702310836698db1d823c3fb3b28e1f0938164455de47d96d82?s=96&d=mm&r=g\",\"caption\":\"Antonio Garc\u00eda\"},\"description\":\"Integrante del equipo editorial en Centro Urbano. Egresado de la carrera de Econom\u00eda (preespecialidad en Desarrollo Regional) en el IPN y de Matem\u00e1ticas Aplicadas y Computaci\u00f3n en la UNAM. Apasionado de los temas inherentes al desarrollo urbano-regional y estudios formales -e informales- sobre la ciudad y la econom\u00eda urbana.\",\"sameAs\":[\"https:\\\/\\\/www.instagram.com\\\/caminante_en_la_ciudad\\\/?hl=es-la\",\"https:\\\/\\\/x.com\\\/https:\\\/\\\/twitter.com\\\/TGarper\"],\"url\":\"https:\\\/\\\/centrourbano.com\\\/revista\\\/author\\\/antonio-garcia\\\/\"}]}<\/script>\n<!-- \/ Yoast SEO plugin. -->","yoast_head_json":{"title":"Turistas de EEUU y Canad\u00e1 priorizar\u00e1n a M\u00e9xico sobre otros destinos","description":"El tiempo que est\u00e1n dispuestos a trasladarse los turistas, nacionales y extranjeros, ser\u00e1 fundamental para la elecci\u00f3n de un destino tur\u00edstico: Sectur","robots":{"index":"index","follow":"follow","max-snippet":"max-snippet:-1","max-image-preview":"max-image-preview:large","max-video-preview":"max-video-preview:-1"},"canonical":"https:\/\/centrourbano.com\/revista\/inmobiliario\/turistas-de-eeuu-y-canada-priorizaran-a-mexico-sobre-otros-destinos\/","og_locale":"es_ES","og_type":"article","og_title":"Turistas de EEUU y Canad\u00e1 priorizar\u00e1n a M\u00e9xico sobre otros destinos","og_description":"El tiempo que est\u00e1n dispuestos a trasladarse los turistas, nacionales y extranjeros, ser\u00e1 fundamental para la elecci\u00f3n de un destino tur\u00edstico: Sectur","og_url":"https:\/\/centrourbano.com\/revista\/inmobiliario\/turistas-de-eeuu-y-canada-priorizaran-a-mexico-sobre-otros-destinos\/","og_site_name":"Centro Urbano","article_publisher":"https:\/\/www.facebook.com\/portalcentrourbano","article_published_time":"2020-05-13T15:42:37+00:00","og_image":[{"width":1280,"height":675,"url":"https:\/\/centrourbano.com\/revista\/wp-content\/uploads\/Turismo-M\u00e9xico-1.jpg","type":"image\/jpeg"}],"author":"Antonio Garc\u00eda","twitter_card":"summary_large_image","twitter_creator":"@https:\/\/twitter.com\/TGarper","twitter_site":"@CentroUrbano","twitter_misc":{"Escrito por":"Antonio Garc\u00eda","Tiempo de lectura":"3 minutos"},"schema":{"@context":"https:\/\/schema.org","@graph":[{"@type":"Article","@id":"https:\/\/centrourbano.com\/revista\/inmobiliario\/turistas-de-eeuu-y-canada-priorizaran-a-mexico-sobre-otros-destinos\/#article","isPartOf":{"@id":"https:\/\/centrourbano.com\/revista\/inmobiliario\/turistas-de-eeuu-y-canada-priorizaran-a-mexico-sobre-otros-destinos\/"},"author":{"name":"Antonio Garc\u00eda","@id":"https:\/\/centrourbano.com\/revista\/#\/schema\/person\/d12ede3164a0881bab68f5868d5dfe8c"},"headline":"Turistas de EEUU y Canad\u00e1 priorizar\u00e1n a M\u00e9xico sobre otros destinos","datePublished":"2020-05-13T15:42:37+00:00","mainEntityOfPage":{"@id":"https:\/\/centrourbano.com\/revista\/inmobiliario\/turistas-de-eeuu-y-canada-priorizaran-a-mexico-sobre-otros-destinos\/"},"wordCount":692,"commentCount":0,"publisher":{"@id":"https:\/\/centrourbano.com\/revista\/#organization"},"image":{"@id":"https:\/\/centrourbano.com\/revista\/inmobiliario\/turistas-de-eeuu-y-canada-priorizaran-a-mexico-sobre-otros-destinos\/#primaryimage"},"thumbnailUrl":"https:\/\/centrourbano.com\/revista\/wp-content\/uploads\/Turismo-M\u00e9xico-1.jpg","keywords":["destinos internacionales","Destinos tur\u00edsticos","Estrategia digital","regiones funcionales","Sectur","tiempo de traslado","Torruco","turismo en M\u00e9xico","Turismo Fronterizo","turistas mexicanos","turistas nacionales"],"articleSection":["Actualidad","Cobertura Covid-19","Inmobiliario"],"inLanguage":"es","potentialAction":[{"@type":"CommentAction","name":"Comment","target":["https:\/\/centrourbano.com\/revista\/inmobiliario\/turistas-de-eeuu-y-canada-priorizaran-a-mexico-sobre-otros-destinos\/#respond"]}]},{"@type":"WebPage","@id":"https:\/\/centrourbano.com\/revista\/inmobiliario\/turistas-de-eeuu-y-canada-priorizaran-a-mexico-sobre-otros-destinos\/","url":"https:\/\/centrourbano.com\/revista\/inmobiliario\/turistas-de-eeuu-y-canada-priorizaran-a-mexico-sobre-otros-destinos\/","name":"Turistas de EEUU y Canad\u00e1 priorizar\u00e1n a M\u00e9xico sobre otros destinos","isPartOf":{"@id":"https:\/\/centrourbano.com\/revista\/#website"},"primaryImageOfPage":{"@id":"https:\/\/centrourbano.com\/revista\/inmobiliario\/turistas-de-eeuu-y-canada-priorizaran-a-mexico-sobre-otros-destinos\/#primaryimage"},"image":{"@id":"https:\/\/centrourbano.com\/revista\/inmobiliario\/turistas-de-eeuu-y-canada-priorizaran-a-mexico-sobre-otros-destinos\/#primaryimage"},"thumbnailUrl":"https:\/\/centrourbano.com\/revista\/wp-content\/uploads\/Turismo-M\u00e9xico-1.jpg","datePublished":"2020-05-13T15:42:37+00:00","description":"El tiempo que est\u00e1n dispuestos a trasladarse los turistas, nacionales y extranjeros, ser\u00e1 fundamental para la elecci\u00f3n de un destino tur\u00edstico: Sectur","breadcrumb":{"@id":"https:\/\/centrourbano.com\/revista\/inmobiliario\/turistas-de-eeuu-y-canada-priorizaran-a-mexico-sobre-otros-destinos\/#breadcrumb"},"inLanguage":"es","potentialAction":[{"@type":"ReadAction","target":["https:\/\/centrourbano.com\/revista\/inmobiliario\/turistas-de-eeuu-y-canada-priorizaran-a-mexico-sobre-otros-destinos\/"]}]},{"@type":"ImageObject","inLanguage":"es","@id":"https:\/\/centrourbano.com\/revista\/inmobiliario\/turistas-de-eeuu-y-canada-priorizaran-a-mexico-sobre-otros-destinos\/#primaryimage","url":"https:\/\/centrourbano.com\/revista\/wp-content\/uploads\/Turismo-M\u00e9xico-1.jpg","contentUrl":"https:\/\/centrourbano.com\/revista\/wp-content\/uploads\/Turismo-M\u00e9xico-1.jpg","width":1280,"height":675,"caption":"El tiempo que est\u00e1n dispuestos a trasladarse los turistas, nacionales y extranjeros, ser\u00e1 fundamental para la elecci\u00f3n de un destino tur\u00edstico: Sectur"},{"@type":"BreadcrumbList","@id":"https:\/\/centrourbano.com\/revista\/inmobiliario\/turistas-de-eeuu-y-canada-priorizaran-a-mexico-sobre-otros-destinos\/#breadcrumb","itemListElement":[{"@type":"ListItem","position":1,"name":"Portada","item":"https:\/\/centrourbano.com\/revista\/"},{"@type":"ListItem","position":2,"name":"Turistas de EEUU y Canad\u00e1 priorizar\u00e1n a M\u00e9xico sobre otros destinos"}]},{"@type":"WebSite","@id":"https:\/\/centrourbano.com\/revista\/#website","url":"https:\/\/centrourbano.com\/revista\/","name":"Centro Urbano","description":"Medio especializado en los sectores vivienda, inmobiliario, construcci\u00f3n, arquitectura y urbanismo.","publisher":{"@id":"https:\/\/centrourbano.com\/revista\/#organization"},"potentialAction":[{"@type":"SearchAction","target":{"@type":"EntryPoint","urlTemplate":"https:\/\/centrourbano.com\/revista\/?s={search_term_string}"},"query-input":{"@type":"PropertyValueSpecification","valueRequired":true,"valueName":"search_term_string"}}],"inLanguage":"es"},{"@type":"Organization","@id":"https:\/\/centrourbano.com\/revista\/#organization","name":"Centro Urbano","url":"https:\/\/centrourbano.com\/revista\/","logo":{"@type":"ImageObject","inLanguage":"es","@id":"https:\/\/centrourbano.com\/revista\/#\/schema\/logo\/image\/","url":"https:\/\/centrourbano.com\/revista\/wp-content\/uploads\/web_CU_logo-1.png","contentUrl":"https:\/\/centrourbano.com\/revista\/wp-content\/uploads\/web_CU_logo-1.png","width":350,"height":91,"caption":"Centro Urbano"},"image":{"@id":"https:\/\/centrourbano.com\/revista\/#\/schema\/logo\/image\/"},"sameAs":["https:\/\/www.facebook.com\/portalcentrourbano","https:\/\/x.com\/CentroUrbano","https:\/\/www.instagram.com\/centro_urbano\/","https:\/\/www.linkedin.com\/company\/centro-urbano\/","http:\/\/www.youtube.com\/user\/portalcentrourbano"]},{"@type":"Person","@id":"https:\/\/centrourbano.com\/revista\/#\/schema\/person\/d12ede3164a0881bab68f5868d5dfe8c","name":"Antonio Garc\u00eda","image":{"@type":"ImageObject","inLanguage":"es","@id":"https:\/\/secure.gravatar.com\/avatar\/68b7fcfc82d16a702310836698db1d823c3fb3b28e1f0938164455de47d96d82?s=96&d=mm&r=g","url":"https:\/\/secure.gravatar.com\/avatar\/68b7fcfc82d16a702310836698db1d823c3fb3b28e1f0938164455de47d96d82?s=96&d=mm&r=g","contentUrl":"https:\/\/secure.gravatar.com\/avatar\/68b7fcfc82d16a702310836698db1d823c3fb3b28e1f0938164455de47d96d82?s=96&d=mm&r=g","caption":"Antonio Garc\u00eda"},"description":"Integrante del equipo editorial en Centro Urbano. Egresado de la carrera de Econom\u00eda (preespecialidad en Desarrollo Regional) en el IPN y de Matem\u00e1ticas Aplicadas y Computaci\u00f3n en la UNAM. Apasionado de los temas inherentes al desarrollo urbano-regional y estudios formales -e informales- sobre la ciudad y la econom\u00eda urbana.","sameAs":["https:\/\/www.instagram.com\/caminante_en_la_ciudad\/?hl=es-la","https:\/\/x.com\/https:\/\/twitter.com\/TGarper"],"url":"https:\/\/centrourbano.com\/revista\/author\/antonio-garcia\/"}]}},"_links":{"self":[{"href":"https:\/\/centrourbano.com\/revista\/wp-json\/wp\/v2\/posts\/106102","targetHints":{"allow":["GET"]}}],"collection":[{"href":"https:\/\/centrourbano.com\/revista\/wp-json\/wp\/v2\/posts"}],"about":[{"href":"https:\/\/centrourbano.com\/revista\/wp-json\/wp\/v2\/types\/post"}],"author":[{"embeddable":true,"href":"https:\/\/centrourbano.com\/revista\/wp-json\/wp\/v2\/users\/75"}],"replies":[{"embeddable":true,"href":"https:\/\/centrourbano.com\/revista\/wp-json\/wp\/v2\/comments?post=106102"}],"version-history":[{"count":4,"href":"https:\/\/centrourbano.com\/revista\/wp-json\/wp\/v2\/posts\/106102\/revisions"}],"predecessor-version":[{"id":106354,"href":"https:\/\/centrourbano.com\/revista\/wp-json\/wp\/v2\/posts\/106102\/revisions\/106354"}],"wp:featuredmedia":[{"embeddable":true,"href":"https:\/\/centrourbano.com\/revista\/wp-json\/wp\/v2\/media\/106103"}],"wp:attachment":[{"href":"https:\/\/centrourbano.com\/revista\/wp-json\/wp\/v2\/media?parent=106102"}],"wp:term":[{"taxonomy":"category","embeddable":true,"href":"https:\/\/centrourbano.com\/revista\/wp-json\/wp\/v2\/categories?post=106102"},{"taxonomy":"post_tag","embeddable":true,"href":"https:\/\/centrourbano.com\/revista\/wp-json\/wp\/v2\/tags?post=106102"}],"curies":[{"name":"wp","href":"https:\/\/api.w.org\/{rel}","templated":true}]}}