{"id":10608,"date":"2014-09-10T11:08:34","date_gmt":"2014-09-10T16:08:34","guid":{"rendered":"http:\/\/centrourbano.com\/?p=10608"},"modified":"2014-09-10T12:46:22","modified_gmt":"2014-09-10T17:46:22","slug":"recibe-el-gobierno-de-la-ciudad-ii-reconocimiento-a-las-buenas-practicas","status":"publish","type":"post","link":"https:\/\/centrourbano.com\/revista\/urbanismo\/recibe-el-gobierno-de-la-ciudad-ii-reconocimiento-a-las-buenas-practicas\/","title":{"rendered":"Reconocen al Gobierno del DF por Buenas Pr\u00e1cticas"},"content":{"rendered":"<p>&nbsp;<\/p>\n<p><em>El reconocimiento fue otorgado gracias al Programa Comunitario de Mejoramiento Barrial<\/em><!--more--><\/p>\n<p>El Gobierno de la ciudad de M\u00e9xico recibi\u00f3 el II Reconocimiento de Buenas Pr\u00e1cticas Subnacionales en Pol\u00edticas P\u00fablicas de Desarrollo Social en Am\u00e9rica Latina, por el Programa Comunitario de Mejoramiento Barrial (PCMB), operado por la Secretar\u00eda de Desarrollo Social (Sedeso) Capitalina.<\/p>\n<p>El reconocimiento fue entregado en una ceremonia en el estado de Guanajuato, en donde Adolfo Sav\u00edn Cravioto,\u00a0subsecretario de Participaci\u00f3n Ciudadana de la Sedeso, y Arturo Cer\u00f3n, director general del Consejo de Evaluaci\u00f3n del Desarrollo Social del Distrito Federal (Eval\u00faa-DF), recibieron el premio en representaci\u00f3n del Jefe de Gobierno de la Ciudad de M\u00e9xico, Miguel \u00c1ngel Mancera Espinosa.<\/p>\n<p>La ceremonia tuvo lugar en el marco del\u00a0Congreso Nacional de Programas Sociales Innovadores en el Mejoramiento de la Calidad de Vida y Sentido Social, organizado por el CLEAR, el CIDE, la OCDE, el Instituto Nacional de Estad\u00edstica y Geograf\u00eda (INEGI), el Consejo Nacional de Evaluaci\u00f3n de la Pol\u00edtica de Desarrollo Social (Coneval), la Universidad de Guanajuato y el Gobierno del estado.<\/p>\n<p>La convocatoria para postular los proyectos estuvo abierta del 13 de junio al 1 de agosto, y para la premiaci\u00f3n se tom\u00f3 en cuenta el nivel de innovaci\u00f3n, la contribuci\u00f3n al bienestar (bienes y servicios otorgados), la coherencia entre los objetivos y el problema p\u00fablico, el nivel de involucramiento de la ciudadan\u00eda y la calidad de los mecanismos de monitoreo y evaluaci\u00f3n.<\/p>\n","protected":false},"excerpt":{"rendered":"<p>&nbsp; El reconocimiento fue otorgado gracias al Programa Comunitario de Mejoramiento Barrial<\/p>\n","protected":false},"author":77,"featured_media":0,"comment_status":"open","ping_status":"closed","sticky":false,"template":"","format":"standard","meta":{"inline_featured_image":false,"footnotes":""},"categories":[82],"tags":[2975,2974,430,2036,1407,1156],"class_list":["post-10608","post","type-post","status-publish","format-standard","hentry","category-urbanismo","tag-coneval","tag-evalua-df","tag-inegi","tag-ocde","tag-pcmb","tag-sedeso"],"yoast_head":"<!-- This site is optimized with the Yoast SEO plugin v28.4 - https:\/\/yoast.com\/product\/yoast-seo-wordpress\/ -->\n<title>Reconocen al Gobierno del DF por Buenas Pr\u00e1cticas -<\/title>\n<meta name=\"description\" content=\"&nbsp; El reconocimiento fue otorgado gracias al Programa Comunitario de Mejoramiento Barrial El Gobierno de la ciudad de M\u00e9xico recibi\u00f3 el II\" \/>\n<meta name=\"robots\" content=\"index, follow, max-snippet:-1, max-image-preview:large, max-video-preview:-1\" \/>\n<link rel=\"canonical\" href=\"https:\/\/centrourbano.com\/revista\/urbanismo\/recibe-el-gobierno-de-la-ciudad-ii-reconocimiento-a-las-buenas-practicas\/\" \/>\n<meta property=\"og:locale\" content=\"es_ES\" \/>\n<meta property=\"og:type\" content=\"article\" \/>\n<meta property=\"og:title\" content=\"Reconocen al Gobierno del DF por Buenas Pr\u00e1cticas -\" \/>\n<meta property=\"og:description\" content=\"&nbsp; El reconocimiento fue otorgado gracias al Programa Comunitario de Mejoramiento Barrial El Gobierno de la ciudad de M\u00e9xico recibi\u00f3 el II\" \/>\n<meta property=\"og:url\" content=\"https:\/\/centrourbano.com\/revista\/urbanismo\/recibe-el-gobierno-de-la-ciudad-ii-reconocimiento-a-las-buenas-practicas\/\" \/>\n<meta property=\"og:site_name\" content=\"Centro Urbano\" \/>\n<meta property=\"article:publisher\" content=\"https:\/\/www.facebook.com\/portalcentrourbano\" \/>\n<meta property=\"article:published_time\" content=\"2014-09-10T16:08:34+00:00\" \/>\n<meta property=\"article:modified_time\" content=\"2014-09-10T17:46:22+00:00\" \/>\n<meta property=\"og:image\" content=\"https:\/\/centrourbano.com\/revista\/wp-content\/uploads\/CU-logo.png\" \/>\n\t<meta property=\"og:image:width\" content=\"350\" \/>\n\t<meta property=\"og:image:height\" content=\"91\" \/>\n\t<meta property=\"og:image:type\" content=\"image\/png\" \/>\n<meta name=\"author\" content=\"G4A\" \/>\n<meta name=\"twitter:card\" content=\"summary_large_image\" \/>\n<meta name=\"twitter:creator\" content=\"@CentroUrbano\" \/>\n<meta name=\"twitter:site\" content=\"@CentroUrbano\" \/>\n<meta name=\"twitter:label1\" content=\"Escrito por\" \/>\n\t<meta name=\"twitter:data1\" content=\"G4A\" \/>\n\t<meta name=\"twitter:label2\" content=\"Tiempo de lectura\" \/>\n\t<meta name=\"twitter:data2\" content=\"1 minuto\" \/>\n<script type=\"application\/ld+json\" class=\"yoast-schema-graph\">{\"@context\":\"https:\\\/\\\/schema.org\",\"@graph\":[{\"@type\":\"Article\",\"@id\":\"https:\\\/\\\/centrourbano.com\\\/revista\\\/urbanismo\\\/recibe-el-gobierno-de-la-ciudad-ii-reconocimiento-a-las-buenas-practicas\\\/#article\",\"isPartOf\":{\"@id\":\"https:\\\/\\\/centrourbano.com\\\/revista\\\/urbanismo\\\/recibe-el-gobierno-de-la-ciudad-ii-reconocimiento-a-las-buenas-practicas\\\/\"},\"author\":{\"name\":\"G4A\",\"@id\":\"https:\\\/\\\/centrourbano.com\\\/revista\\\/#\\\/schema\\\/person\\\/370fa0ba2d8dd5bde3fdb8b62ad360aa\"},\"headline\":\"Reconocen al Gobierno del DF por Buenas Pr\u00e1cticas\",\"datePublished\":\"2014-09-10T16:08:34+00:00\",\"dateModified\":\"2014-09-10T17:46:22+00:00\",\"mainEntityOfPage\":{\"@id\":\"https:\\\/\\\/centrourbano.com\\\/revista\\\/urbanismo\\\/recibe-el-gobierno-de-la-ciudad-ii-reconocimiento-a-las-buenas-practicas\\\/\"},\"wordCount\":265,\"commentCount\":0,\"publisher\":{\"@id\":\"https:\\\/\\\/centrourbano.com\\\/revista\\\/#organization\"},\"keywords\":[\"Coneval\",\"Eval\u00faa-DF\",\"Inegi\",\"OCDE\",\"PCMB\",\"Sedeso\"],\"articleSection\":[\"Urbanismo\"],\"inLanguage\":\"es\"},{\"@type\":\"WebPage\",\"@id\":\"https:\\\/\\\/centrourbano.com\\\/revista\\\/urbanismo\\\/recibe-el-gobierno-de-la-ciudad-ii-reconocimiento-a-las-buenas-practicas\\\/\",\"url\":\"https:\\\/\\\/centrourbano.com\\\/revista\\\/urbanismo\\\/recibe-el-gobierno-de-la-ciudad-ii-reconocimiento-a-las-buenas-practicas\\\/\",\"name\":\"Reconocen al Gobierno del DF por Buenas Pr\u00e1cticas -\",\"isPartOf\":{\"@id\":\"https:\\\/\\\/centrourbano.com\\\/revista\\\/#website\"},\"datePublished\":\"2014-09-10T16:08:34+00:00\",\"dateModified\":\"2014-09-10T17:46:22+00:00\",\"description\":\"&nbsp; El reconocimiento fue otorgado gracias al Programa Comunitario de Mejoramiento Barrial El Gobierno de la ciudad de M\u00e9xico recibi\u00f3 el II\",\"breadcrumb\":{\"@id\":\"https:\\\/\\\/centrourbano.com\\\/revista\\\/urbanismo\\\/recibe-el-gobierno-de-la-ciudad-ii-reconocimiento-a-las-buenas-practicas\\\/#breadcrumb\"},\"inLanguage\":\"es\",\"potentialAction\":[{\"@type\":\"ReadAction\",\"target\":[\"https:\\\/\\\/centrourbano.com\\\/revista\\\/urbanismo\\\/recibe-el-gobierno-de-la-ciudad-ii-reconocimiento-a-las-buenas-practicas\\\/\"]}]},{\"@type\":\"BreadcrumbList\",\"@id\":\"https:\\\/\\\/centrourbano.com\\\/revista\\\/urbanismo\\\/recibe-el-gobierno-de-la-ciudad-ii-reconocimiento-a-las-buenas-practicas\\\/#breadcrumb\",\"itemListElement\":[{\"@type\":\"ListItem\",\"position\":1,\"name\":\"Portada\",\"item\":\"https:\\\/\\\/centrourbano.com\\\/revista\\\/\"},{\"@type\":\"ListItem\",\"position\":2,\"name\":\"Reconocen al Gobierno del DF por Buenas Pr\u00e1cticas\"}]},{\"@type\":\"WebSite\",\"@id\":\"https:\\\/\\\/centrourbano.com\\\/revista\\\/#website\",\"url\":\"https:\\\/\\\/centrourbano.com\\\/revista\\\/\",\"name\":\"Centro Urbano\",\"description\":\"Medio especializado en los sectores vivienda, inmobiliario, construcci\u00f3n, arquitectura y urbanismo.\",\"publisher\":{\"@id\":\"https:\\\/\\\/centrourbano.com\\\/revista\\\/#organization\"},\"potentialAction\":[{\"@type\":\"SearchAction\",\"target\":{\"@type\":\"EntryPoint\",\"urlTemplate\":\"https:\\\/\\\/centrourbano.com\\\/revista\\\/?s={search_term_string}\"},\"query-input\":{\"@type\":\"PropertyValueSpecification\",\"valueRequired\":true,\"valueName\":\"search_term_string\"}}],\"inLanguage\":\"es\"},{\"@type\":\"Organization\",\"@id\":\"https:\\\/\\\/centrourbano.com\\\/revista\\\/#organization\",\"name\":\"Centro Urbano\",\"url\":\"https:\\\/\\\/centrourbano.com\\\/revista\\\/\",\"logo\":{\"@type\":\"ImageObject\",\"inLanguage\":\"es\",\"@id\":\"https:\\\/\\\/centrourbano.com\\\/revista\\\/#\\\/schema\\\/logo\\\/image\\\/\",\"url\":\"https:\\\/\\\/centrourbano.com\\\/revista\\\/wp-content\\\/uploads\\\/web_CU_logo-1.png\",\"contentUrl\":\"https:\\\/\\\/centrourbano.com\\\/revista\\\/wp-content\\\/uploads\\\/web_CU_logo-1.png\",\"width\":350,\"height\":91,\"caption\":\"Centro Urbano\"},\"image\":{\"@id\":\"https:\\\/\\\/centrourbano.com\\\/revista\\\/#\\\/schema\\\/logo\\\/image\\\/\"},\"sameAs\":[\"https:\\\/\\\/www.facebook.com\\\/portalcentrourbano\",\"https:\\\/\\\/x.com\\\/CentroUrbano\",\"https:\\\/\\\/www.instagram.com\\\/centro_urbano\\\/\",\"https:\\\/\\\/www.linkedin.com\\\/company\\\/centro-urbano\\\/\",\"http:\\\/\\\/www.youtube.com\\\/user\\\/portalcentrourbano\"]},{\"@type\":\"Person\",\"@id\":\"https:\\\/\\\/centrourbano.com\\\/revista\\\/#\\\/schema\\\/person\\\/370fa0ba2d8dd5bde3fdb8b62ad360aa\",\"name\":\"G4A\",\"image\":{\"@type\":\"ImageObject\",\"inLanguage\":\"es\",\"@id\":\"https:\\\/\\\/secure.gravatar.com\\\/avatar\\\/932a97121b13d5de5bbd8193c6c83d3b92c9eda0f39623607d4280e7a5778d97?s=96&d=mm&r=g\",\"url\":\"https:\\\/\\\/secure.gravatar.com\\\/avatar\\\/932a97121b13d5de5bbd8193c6c83d3b92c9eda0f39623607d4280e7a5778d97?s=96&d=mm&r=g\",\"contentUrl\":\"https:\\\/\\\/secure.gravatar.com\\\/avatar\\\/932a97121b13d5de5bbd8193c6c83d3b92c9eda0f39623607d4280e7a5778d97?s=96&d=mm&r=g\",\"caption\":\"G4A\"},\"url\":\"https:\\\/\\\/centrourbano.com\\\/revista\\\/author\\\/admin-g4a\\\/\"}]}<\/script>\n<!-- \/ Yoast SEO plugin. -->","yoast_head_json":{"title":"Reconocen al Gobierno del DF por Buenas Pr\u00e1cticas -","description":"&nbsp; El reconocimiento fue otorgado gracias al Programa Comunitario de Mejoramiento Barrial El Gobierno de la ciudad de M\u00e9xico recibi\u00f3 el II","robots":{"index":"index","follow":"follow","max-snippet":"max-snippet:-1","max-image-preview":"max-image-preview:large","max-video-preview":"max-video-preview:-1"},"canonical":"https:\/\/centrourbano.com\/revista\/urbanismo\/recibe-el-gobierno-de-la-ciudad-ii-reconocimiento-a-las-buenas-practicas\/","og_locale":"es_ES","og_type":"article","og_title":"Reconocen al Gobierno del DF por Buenas Pr\u00e1cticas -","og_description":"&nbsp; El reconocimiento fue otorgado gracias al Programa Comunitario de Mejoramiento Barrial El Gobierno de la ciudad de M\u00e9xico recibi\u00f3 el II","og_url":"https:\/\/centrourbano.com\/revista\/urbanismo\/recibe-el-gobierno-de-la-ciudad-ii-reconocimiento-a-las-buenas-practicas\/","og_site_name":"Centro Urbano","article_publisher":"https:\/\/www.facebook.com\/portalcentrourbano","article_published_time":"2014-09-10T16:08:34+00:00","article_modified_time":"2014-09-10T17:46:22+00:00","og_image":[{"width":350,"height":91,"url":"https:\/\/centrourbano.com\/revista\/wp-content\/uploads\/CU-logo.png","type":"image\/png"}],"author":"G4A","twitter_card":"summary_large_image","twitter_creator":"@CentroUrbano","twitter_site":"@CentroUrbano","twitter_misc":{"Escrito por":"G4A","Tiempo de lectura":"1 minuto"},"schema":{"@context":"https:\/\/schema.org","@graph":[{"@type":"Article","@id":"https:\/\/centrourbano.com\/revista\/urbanismo\/recibe-el-gobierno-de-la-ciudad-ii-reconocimiento-a-las-buenas-practicas\/#article","isPartOf":{"@id":"https:\/\/centrourbano.com\/revista\/urbanismo\/recibe-el-gobierno-de-la-ciudad-ii-reconocimiento-a-las-buenas-practicas\/"},"author":{"name":"G4A","@id":"https:\/\/centrourbano.com\/revista\/#\/schema\/person\/370fa0ba2d8dd5bde3fdb8b62ad360aa"},"headline":"Reconocen al Gobierno del DF por Buenas Pr\u00e1cticas","datePublished":"2014-09-10T16:08:34+00:00","dateModified":"2014-09-10T17:46:22+00:00","mainEntityOfPage":{"@id":"https:\/\/centrourbano.com\/revista\/urbanismo\/recibe-el-gobierno-de-la-ciudad-ii-reconocimiento-a-las-buenas-practicas\/"},"wordCount":265,"commentCount":0,"publisher":{"@id":"https:\/\/centrourbano.com\/revista\/#organization"},"keywords":["Coneval","Eval\u00faa-DF","Inegi","OCDE","PCMB","Sedeso"],"articleSection":["Urbanismo"],"inLanguage":"es"},{"@type":"WebPage","@id":"https:\/\/centrourbano.com\/revista\/urbanismo\/recibe-el-gobierno-de-la-ciudad-ii-reconocimiento-a-las-buenas-practicas\/","url":"https:\/\/centrourbano.com\/revista\/urbanismo\/recibe-el-gobierno-de-la-ciudad-ii-reconocimiento-a-las-buenas-practicas\/","name":"Reconocen al Gobierno del DF por Buenas Pr\u00e1cticas -","isPartOf":{"@id":"https:\/\/centrourbano.com\/revista\/#website"},"datePublished":"2014-09-10T16:08:34+00:00","dateModified":"2014-09-10T17:46:22+00:00","description":"&nbsp; El reconocimiento fue otorgado gracias al Programa Comunitario de Mejoramiento Barrial El Gobierno de la ciudad de M\u00e9xico recibi\u00f3 el II","breadcrumb":{"@id":"https:\/\/centrourbano.com\/revista\/urbanismo\/recibe-el-gobierno-de-la-ciudad-ii-reconocimiento-a-las-buenas-practicas\/#breadcrumb"},"inLanguage":"es","potentialAction":[{"@type":"ReadAction","target":["https:\/\/centrourbano.com\/revista\/urbanismo\/recibe-el-gobierno-de-la-ciudad-ii-reconocimiento-a-las-buenas-practicas\/"]}]},{"@type":"BreadcrumbList","@id":"https:\/\/centrourbano.com\/revista\/urbanismo\/recibe-el-gobierno-de-la-ciudad-ii-reconocimiento-a-las-buenas-practicas\/#breadcrumb","itemListElement":[{"@type":"ListItem","position":1,"name":"Portada","item":"https:\/\/centrourbano.com\/revista\/"},{"@type":"ListItem","position":2,"name":"Reconocen al Gobierno del DF por Buenas Pr\u00e1cticas"}]},{"@type":"WebSite","@id":"https:\/\/centrourbano.com\/revista\/#website","url":"https:\/\/centrourbano.com\/revista\/","name":"Centro Urbano","description":"Medio especializado en los sectores vivienda, inmobiliario, construcci\u00f3n, arquitectura y urbanismo.","publisher":{"@id":"https:\/\/centrourbano.com\/revista\/#organization"},"potentialAction":[{"@type":"SearchAction","target":{"@type":"EntryPoint","urlTemplate":"https:\/\/centrourbano.com\/revista\/?s={search_term_string}"},"query-input":{"@type":"PropertyValueSpecification","valueRequired":true,"valueName":"search_term_string"}}],"inLanguage":"es"},{"@type":"Organization","@id":"https:\/\/centrourbano.com\/revista\/#organization","name":"Centro Urbano","url":"https:\/\/centrourbano.com\/revista\/","logo":{"@type":"ImageObject","inLanguage":"es","@id":"https:\/\/centrourbano.com\/revista\/#\/schema\/logo\/image\/","url":"https:\/\/centrourbano.com\/revista\/wp-content\/uploads\/web_CU_logo-1.png","contentUrl":"https:\/\/centrourbano.com\/revista\/wp-content\/uploads\/web_CU_logo-1.png","width":350,"height":91,"caption":"Centro Urbano"},"image":{"@id":"https:\/\/centrourbano.com\/revista\/#\/schema\/logo\/image\/"},"sameAs":["https:\/\/www.facebook.com\/portalcentrourbano","https:\/\/x.com\/CentroUrbano","https:\/\/www.instagram.com\/centro_urbano\/","https:\/\/www.linkedin.com\/company\/centro-urbano\/","http:\/\/www.youtube.com\/user\/portalcentrourbano"]},{"@type":"Person","@id":"https:\/\/centrourbano.com\/revista\/#\/schema\/person\/370fa0ba2d8dd5bde3fdb8b62ad360aa","name":"G4A","image":{"@type":"ImageObject","inLanguage":"es","@id":"https:\/\/secure.gravatar.com\/avatar\/932a97121b13d5de5bbd8193c6c83d3b92c9eda0f39623607d4280e7a5778d97?s=96&d=mm&r=g","url":"https:\/\/secure.gravatar.com\/avatar\/932a97121b13d5de5bbd8193c6c83d3b92c9eda0f39623607d4280e7a5778d97?s=96&d=mm&r=g","contentUrl":"https:\/\/secure.gravatar.com\/avatar\/932a97121b13d5de5bbd8193c6c83d3b92c9eda0f39623607d4280e7a5778d97?s=96&d=mm&r=g","caption":"G4A"},"url":"https:\/\/centrourbano.com\/revista\/author\/admin-g4a\/"}]}},"_links":{"self":[{"href":"https:\/\/centrourbano.com\/revista\/wp-json\/wp\/v2\/posts\/10608","targetHints":{"allow":["GET"]}}],"collection":[{"href":"https:\/\/centrourbano.com\/revista\/wp-json\/wp\/v2\/posts"}],"about":[{"href":"https:\/\/centrourbano.com\/revista\/wp-json\/wp\/v2\/types\/post"}],"author":[{"embeddable":true,"href":"https:\/\/centrourbano.com\/revista\/wp-json\/wp\/v2\/users\/77"}],"replies":[{"embeddable":true,"href":"https:\/\/centrourbano.com\/revista\/wp-json\/wp\/v2\/comments?post=10608"}],"version-history":[{"count":0,"href":"https:\/\/centrourbano.com\/revista\/wp-json\/wp\/v2\/posts\/10608\/revisions"}],"wp:attachment":[{"href":"https:\/\/centrourbano.com\/revista\/wp-json\/wp\/v2\/media?parent=10608"}],"wp:term":[{"taxonomy":"category","embeddable":true,"href":"https:\/\/centrourbano.com\/revista\/wp-json\/wp\/v2\/categories?post=10608"},{"taxonomy":"post_tag","embeddable":true,"href":"https:\/\/centrourbano.com\/revista\/wp-json\/wp\/v2\/tags?post=10608"}],"curies":[{"name":"wp","href":"https:\/\/api.w.org\/{rel}","templated":true}]}}