{"id":105955,"date":"2020-05-01T21:02:31","date_gmt":"2020-05-02T02:02:31","guid":{"rendered":"https:\/\/centrourbano.com\/?p=105955"},"modified":"2020-05-01T21:23:03","modified_gmt":"2020-05-02T02:23:03","slug":"cuidar-la-demanda-la-prioridad-tras-el-covid-19-en-el-sector-vivienda","status":"publish","type":"post","link":"https:\/\/centrourbano.com\/revista\/opinion\/blog-desde-el-terreno\/cuidar-la-demanda-la-prioridad-tras-el-covid-19-en-el-sector-vivienda\/","title":{"rendered":"Cuidar la demanda, la prioridad tras el Covid-19 en el sector vivienda"},"content":{"rendered":"<p>En las \u00faltimas semanas, desde <strong><a href=\"https:\/\/www.youtube.com\/watch?v=Hszs5SQR-Uk&amp;t=16s\" target=\"_blank\" rel=\"noopener noreferrer\">Centro Urbano<\/a><\/strong> hemos emprendido un esfuerzo para <strong>abrir el di\u00e1logo<\/strong> con diversos actores del sector y tratar de dimensionar los alcances de la <strong>contingencia generada por el <a href=\"https:\/\/centrourbano.com\/cobertura-covid-19\/\" target=\"_blank\" rel=\"noopener noreferrer\">Covid-19<\/a><\/strong>.<\/p>\n<p>En este marco, hemos contado con una <strong>diversidad de voces que ha enriquecido<\/strong> de sobremanera el debate en torno a los efectos que traer\u00e1 consigo la pandemia. Pero, sobre todo, para tratar de <strong>identificar los caminos<\/strong> por los que deber\u00e1 transitar la industria en aras de incentivar su recuperaci\u00f3n lo antes posible.<\/p>\n<p>De este ejercicio, ha resultado una<strong> idea importante<\/strong> que se debe destacar: <strong>en la demanda debe enfocarse<\/strong> la primera l\u00ednea de acci\u00f3n para pensar en la recuperaci\u00f3n del sector. En otras palabras, los esfuerzos se deben concentrar en cuidar, fortalecer la demanda, hacer que la poca que exista no se caiga.<\/p>\n<p>Y esta premisa parte de la idea que el mercado cambiar\u00e1 una vez que pase la contingencia. Sobre todo, este cambio, coinciden algunos actores, estar\u00e1 impulsado por una <strong>afectaci\u00f3n importante en los ingresos de las familias<\/strong>.<\/p>\n<h4>Cuidar la demanda<\/h4>\n<p>En esa l\u00ednea, diversas voces consultadas por Centro Urbano han insistido que ser\u00e1 importante comenzar a planear medidas que permitan <strong>fortalecer a la demanda<\/strong>; es decir, generar estrategias que <strong>permitan a las familias tomar los cr\u00e9ditos<\/strong> hipotecarios y comprar las viviendas.<\/p>\n<p>Esta medida, incluso, la ponen en <strong>orden de prioridad por encima<\/strong> de la necesidad de <strong>retomar la construcci\u00f3n<\/strong>. Y es que se insiste que si bien es importante retomar las obras, esto no tendr\u00e1 sentido <strong>si no habr\u00e1 un mercado<\/strong> con el suficiente poder adquisitivo para hacerse de las unidades que se produzcan.<\/p>\n<p>Ante ese escenario, varios actores han insistido en la necesidad de <strong>realizar un an\u00e1lisis sobre el mercado que habr\u00e1<\/strong> despu\u00e9s del Covid-19. Esto, partiendo de la idea que <strong>muchos trabajadores<\/strong> podr\u00e1n <strong>perder el empleo<\/strong>, <strong>ser suspendidos por la contingencia<\/strong> o ver reducido su salario.<\/p>\n<h4>Estrategias<\/h4>\n<p>Al respecto, ya sea habla de la necesidad de <strong>impulsar estrategias claras<\/strong>, sobre todo desde los <strong>organismos p\u00fablicos para fortalecer a la demanda<\/strong>. Se pone sobre la mesa la necesidad de <strong>adelantar programas<\/strong> como el que se trabaja de <strong>Sociedad Hipotecaria Federal<\/strong> (SHF) para atender a la econom\u00eda mixta y no afiliada.<\/p>\n<p>Aqu\u00ed tambi\u00e9n se destaca la importancia del <strong>Infonavit<\/strong>. Entre otras cosas, se ha hecho \u00e9nfasis en la necesidad que pueda recortar <strong>su tasa de inter\u00e9s<\/strong> y emprender <strong>otro tipo de medidas para flexibilizar<\/strong> el otorgamiento de financiamiento.<\/p>\n<p>En este caso, se habla de un hecho particular: <strong>el evitar el desperfilamiento de los derechohabientes<\/strong>. Y es que, ante la posibilidad de que muchos <strong>sean suspendidos durante la contingencia<\/strong>, o vean reducido su salario, <strong>podr\u00edan salir de la zona de trabajadores precalificados<\/strong> que ya pueden solicitar su cr\u00e9dito, con lo que bajar\u00eda el n\u00famero de familias que estar\u00edan en posibilidad de comprar una vivienda.<\/p>\n<p>Para ello, se ha hecho \u00e9nfasis en la necesidad que el<strong> Infonavit eche mano de sus facultades<\/strong>, y permita que para la precalificaci\u00f3n se tome como referencia el <strong>\u00faltimo bimestre antes del inicio de la pandemia<\/strong>. Con ello, los trabajadores mantendr\u00edan la posibilidad de ser candidatos para un cr\u00e9dito.<\/p>\n<h4>Incertidumbre<\/h4>\n<p>Sin duda el debate a\u00fan est\u00e1 en el aire y la <strong>incertidumbre a\u00fan nubla la vista<\/strong>. A un mes de la fecha pactada para levantar las medidas de aislamiento y comenzar con el retorno paulatino de las actividades, <strong>todav\u00eda no se tienen certezas sobre el escenario post Covid19<\/strong>.<\/p>\n<p>Ya los c\u00e1lculos realizados por algunos bancos hablan de ca\u00eddas importantes en el PIB, lo que sin duda impactar\u00e1 en el n\u00famero de plazas laborales.<\/p>\n<p>Si algo es cierto, <strong>es que sin mercado ser\u00e1 muy dif\u00edcil la recuperaci\u00f3n<\/strong> de un sector tan importante como la vivienda. Se ha insistido que esta industria es un <strong>motor contrac\u00edclico por naturaleza<\/strong>, al tener un alto impacto en lo social y en lo econ\u00f3mico.<\/p>\n<p>Por ello, en esta intenci\u00f3n de tratar de clarificar el panorama, poner al centro de la agenda la necesidad de <strong>robustecer la demanda<\/strong>; de enfocar los esfuerzos en cuidar a quienes quieren comprar una vivienda, <strong>es un primer gran paso<\/strong>. Conforme avance el tiempo, se vuelve m\u00e1s apremiante contar con una estrategia de acci\u00f3n <strong>para combatir lo que viene tras el Covid-19<\/strong>.<\/p>\n<p>Lo importante ser\u00e1 estar atentos; seguir en la suma de voluntades y esfuerzos para que los efectos repercutan en menor medida en la capacidad de compra de las familias. <strong>Que tras la pandemia un trabajador a\u00fan considere comprar su vivienda<\/strong>, ser\u00e1 una se\u00f1al alentadora de un M\u00e9xico que podr\u00eda salir adelante m\u00e1s pronto de lo pensado.<\/p>\n","protected":false},"excerpt":{"rendered":"<p>En las \u00faltimas semanas, desde Centro Urbano hemos emprendido un esfuerzo para abrir el di\u00e1logo con diversos actores del sector y tratar de dimensionar los alcances de la contingencia generada por el Covid-19. En este marco, hemos contado con una diversidad de voces que ha enriquecido de sobremanera el debate en torno a los efectos [&hellip;]<\/p>\n","protected":false},"author":47,"featured_media":105956,"comment_status":"open","ping_status":"closed","sticky":false,"template":"","format":"standard","meta":{"om_disable_all_campaigns":false,"inline_featured_image":false,"_monsterinsights_skip_tracking":false,"_monsterinsights_sitenote_active":false,"_monsterinsights_sitenote_note":"","_monsterinsights_sitenote_category":0,"footnotes":""},"categories":[14067],"tags":[2733,17784,17814,2324,60],"class_list":["post-105955","post","type-post","status-publish","format-standard","has-post-thumbnail","hentry","category-blog-desde-el-terreno","tag-centro-urbano","tag-covid-19","tag-covid19","tag-demanda","tag-vivienda-2"],"yoast_head":"<!-- This site is optimized with the Yoast SEO plugin v27.4 - https:\/\/yoast.com\/product\/yoast-seo-wordpress\/ -->\n<title>Cuidar la demanda, la prioridad tras el Covid-19 en el sector vivienda<\/title>\n<meta name=\"description\" content=\"En la demanda debe enfocarse la primera l\u00ednea de acci\u00f3n para pensar en la recuperaci\u00f3n del sector. Cuidar la demanda, la prioridad tras el Covid-19.\" \/>\n<meta name=\"robots\" content=\"index, follow, max-snippet:-1, max-image-preview:large, max-video-preview:-1\" \/>\n<link rel=\"canonical\" href=\"https:\/\/centrourbano.com\/revista\/opinion\/blog-desde-el-terreno\/cuidar-la-demanda-la-prioridad-tras-el-covid-19-en-el-sector-vivienda\/\" \/>\n<meta property=\"og:locale\" content=\"es_ES\" \/>\n<meta property=\"og:type\" content=\"article\" \/>\n<meta property=\"og:title\" content=\"Cuidar la demanda, la prioridad tras el Covid-19 en el sector vivienda\" \/>\n<meta property=\"og:description\" content=\"En la demanda debe enfocarse la primera l\u00ednea de acci\u00f3n para pensar en la recuperaci\u00f3n del sector. Cuidar la demanda, la prioridad tras el Covid-19.\" \/>\n<meta property=\"og:url\" content=\"https:\/\/centrourbano.com\/revista\/opinion\/blog-desde-el-terreno\/cuidar-la-demanda-la-prioridad-tras-el-covid-19-en-el-sector-vivienda\/\" \/>\n<meta property=\"og:site_name\" content=\"Centro Urbano\" \/>\n<meta property=\"article:publisher\" content=\"https:\/\/www.facebook.com\/portalcentrourbano\" \/>\n<meta property=\"article:published_time\" content=\"2020-05-02T02:02:31+00:00\" \/>\n<meta property=\"article:modified_time\" content=\"2020-05-02T02:23:03+00:00\" \/>\n<meta property=\"og:image\" content=\"https:\/\/centrourbano.com\/revista\/wp-content\/uploads\/Cuidar-la-demanda-la-prioridad-tras-el-Covid-19-Edgar-Rosas-Industria-de-la-Vivienda.jpg\" \/>\n\t<meta property=\"og:image:width\" content=\"640\" \/>\n\t<meta property=\"og:image:height\" content=\"400\" \/>\n\t<meta property=\"og:image:type\" content=\"image\/jpeg\" \/>\n<meta name=\"author\" content=\"Edgar Rosas\" \/>\n<meta name=\"twitter:card\" content=\"summary_large_image\" \/>\n<meta name=\"twitter:creator\" content=\"@https:\/\/twitter.com\/ERosasCU?s=09\" \/>\n<meta name=\"twitter:site\" content=\"@CentroUrbano\" \/>\n<meta name=\"twitter:label1\" content=\"Escrito por\" \/>\n\t<meta name=\"twitter:data1\" content=\"Edgar Rosas\" \/>\n\t<meta name=\"twitter:label2\" content=\"Tiempo de lectura\" \/>\n\t<meta name=\"twitter:data2\" content=\"4 minutos\" \/>\n<script type=\"application\/ld+json\" class=\"yoast-schema-graph\">{\"@context\":\"https:\\\/\\\/schema.org\",\"@graph\":[{\"@type\":\"Article\",\"@id\":\"https:\\\/\\\/centrourbano.com\\\/revista\\\/opinion\\\/blog-desde-el-terreno\\\/cuidar-la-demanda-la-prioridad-tras-el-covid-19-en-el-sector-vivienda\\\/#article\",\"isPartOf\":{\"@id\":\"https:\\\/\\\/centrourbano.com\\\/revista\\\/opinion\\\/blog-desde-el-terreno\\\/cuidar-la-demanda-la-prioridad-tras-el-covid-19-en-el-sector-vivienda\\\/\"},\"author\":{\"name\":\"Edgar Rosas\",\"@id\":\"https:\\\/\\\/centrourbano.com\\\/revista\\\/#\\\/schema\\\/person\\\/ff3c00651ce5b1630479d2cd0c2e3ac0\"},\"headline\":\"Cuidar la demanda, la prioridad tras el Covid-19 en el sector vivienda\",\"datePublished\":\"2020-05-02T02:02:31+00:00\",\"dateModified\":\"2020-05-02T02:23:03+00:00\",\"mainEntityOfPage\":{\"@id\":\"https:\\\/\\\/centrourbano.com\\\/revista\\\/opinion\\\/blog-desde-el-terreno\\\/cuidar-la-demanda-la-prioridad-tras-el-covid-19-en-el-sector-vivienda\\\/\"},\"wordCount\":808,\"commentCount\":0,\"publisher\":{\"@id\":\"https:\\\/\\\/centrourbano.com\\\/revista\\\/#organization\"},\"image\":{\"@id\":\"https:\\\/\\\/centrourbano.com\\\/revista\\\/opinion\\\/blog-desde-el-terreno\\\/cuidar-la-demanda-la-prioridad-tras-el-covid-19-en-el-sector-vivienda\\\/#primaryimage\"},\"thumbnailUrl\":\"https:\\\/\\\/centrourbano.com\\\/revista\\\/wp-content\\\/uploads\\\/Cuidar-la-demanda-la-prioridad-tras-el-Covid-19-Edgar-Rosas-Industria-de-la-Vivienda.jpg\",\"keywords\":[\"Centro Urbano\",\"COVID-19\",\"Covid19\",\"Demanda\",\"vivienda\"],\"articleSection\":[\"Desde el terreno\"],\"inLanguage\":\"es\",\"potentialAction\":[{\"@type\":\"CommentAction\",\"name\":\"Comment\",\"target\":[\"https:\\\/\\\/centrourbano.com\\\/revista\\\/opinion\\\/blog-desde-el-terreno\\\/cuidar-la-demanda-la-prioridad-tras-el-covid-19-en-el-sector-vivienda\\\/#respond\"]}]},{\"@type\":\"WebPage\",\"@id\":\"https:\\\/\\\/centrourbano.com\\\/revista\\\/opinion\\\/blog-desde-el-terreno\\\/cuidar-la-demanda-la-prioridad-tras-el-covid-19-en-el-sector-vivienda\\\/\",\"url\":\"https:\\\/\\\/centrourbano.com\\\/revista\\\/opinion\\\/blog-desde-el-terreno\\\/cuidar-la-demanda-la-prioridad-tras-el-covid-19-en-el-sector-vivienda\\\/\",\"name\":\"Cuidar la demanda, la prioridad tras el Covid-19 en el sector vivienda\",\"isPartOf\":{\"@id\":\"https:\\\/\\\/centrourbano.com\\\/revista\\\/#website\"},\"primaryImageOfPage\":{\"@id\":\"https:\\\/\\\/centrourbano.com\\\/revista\\\/opinion\\\/blog-desde-el-terreno\\\/cuidar-la-demanda-la-prioridad-tras-el-covid-19-en-el-sector-vivienda\\\/#primaryimage\"},\"image\":{\"@id\":\"https:\\\/\\\/centrourbano.com\\\/revista\\\/opinion\\\/blog-desde-el-terreno\\\/cuidar-la-demanda-la-prioridad-tras-el-covid-19-en-el-sector-vivienda\\\/#primaryimage\"},\"thumbnailUrl\":\"https:\\\/\\\/centrourbano.com\\\/revista\\\/wp-content\\\/uploads\\\/Cuidar-la-demanda-la-prioridad-tras-el-Covid-19-Edgar-Rosas-Industria-de-la-Vivienda.jpg\",\"datePublished\":\"2020-05-02T02:02:31+00:00\",\"dateModified\":\"2020-05-02T02:23:03+00:00\",\"description\":\"En la demanda debe enfocarse la primera l\u00ednea de acci\u00f3n para pensar en la recuperaci\u00f3n del sector. Cuidar la demanda, la prioridad tras el Covid-19.\",\"breadcrumb\":{\"@id\":\"https:\\\/\\\/centrourbano.com\\\/revista\\\/opinion\\\/blog-desde-el-terreno\\\/cuidar-la-demanda-la-prioridad-tras-el-covid-19-en-el-sector-vivienda\\\/#breadcrumb\"},\"inLanguage\":\"es\",\"potentialAction\":[{\"@type\":\"ReadAction\",\"target\":[\"https:\\\/\\\/centrourbano.com\\\/revista\\\/opinion\\\/blog-desde-el-terreno\\\/cuidar-la-demanda-la-prioridad-tras-el-covid-19-en-el-sector-vivienda\\\/\"]}]},{\"@type\":\"ImageObject\",\"inLanguage\":\"es\",\"@id\":\"https:\\\/\\\/centrourbano.com\\\/revista\\\/opinion\\\/blog-desde-el-terreno\\\/cuidar-la-demanda-la-prioridad-tras-el-covid-19-en-el-sector-vivienda\\\/#primaryimage\",\"url\":\"https:\\\/\\\/centrourbano.com\\\/revista\\\/wp-content\\\/uploads\\\/Cuidar-la-demanda-la-prioridad-tras-el-Covid-19-Edgar-Rosas-Industria-de-la-Vivienda.jpg\",\"contentUrl\":\"https:\\\/\\\/centrourbano.com\\\/revista\\\/wp-content\\\/uploads\\\/Cuidar-la-demanda-la-prioridad-tras-el-Covid-19-Edgar-Rosas-Industria-de-la-Vivienda.jpg\",\"width\":640,\"height\":400,\"caption\":\"Cuidar la demanda, la prioridad tras el Covid-19-Edgar Rosas-Industria de la Vivienda\"},{\"@type\":\"BreadcrumbList\",\"@id\":\"https:\\\/\\\/centrourbano.com\\\/revista\\\/opinion\\\/blog-desde-el-terreno\\\/cuidar-la-demanda-la-prioridad-tras-el-covid-19-en-el-sector-vivienda\\\/#breadcrumb\",\"itemListElement\":[{\"@type\":\"ListItem\",\"position\":1,\"name\":\"Portada\",\"item\":\"https:\\\/\\\/centrourbano.com\\\/revista\\\/\"},{\"@type\":\"ListItem\",\"position\":2,\"name\":\"Cuidar la demanda, la prioridad tras el Covid-19 en el sector vivienda\"}]},{\"@type\":\"WebSite\",\"@id\":\"https:\\\/\\\/centrourbano.com\\\/revista\\\/#website\",\"url\":\"https:\\\/\\\/centrourbano.com\\\/revista\\\/\",\"name\":\"Centro Urbano\",\"description\":\"Medio especializado en los sectores vivienda, inmobiliario, construcci\u00f3n, arquitectura y urbanismo.\",\"publisher\":{\"@id\":\"https:\\\/\\\/centrourbano.com\\\/revista\\\/#organization\"},\"potentialAction\":[{\"@type\":\"SearchAction\",\"target\":{\"@type\":\"EntryPoint\",\"urlTemplate\":\"https:\\\/\\\/centrourbano.com\\\/revista\\\/?s={search_term_string}\"},\"query-input\":{\"@type\":\"PropertyValueSpecification\",\"valueRequired\":true,\"valueName\":\"search_term_string\"}}],\"inLanguage\":\"es\"},{\"@type\":\"Organization\",\"@id\":\"https:\\\/\\\/centrourbano.com\\\/revista\\\/#organization\",\"name\":\"Centro Urbano\",\"url\":\"https:\\\/\\\/centrourbano.com\\\/revista\\\/\",\"logo\":{\"@type\":\"ImageObject\",\"inLanguage\":\"es\",\"@id\":\"https:\\\/\\\/centrourbano.com\\\/revista\\\/#\\\/schema\\\/logo\\\/image\\\/\",\"url\":\"https:\\\/\\\/centrourbano.com\\\/revista\\\/wp-content\\\/uploads\\\/web_CU_logo-1.png\",\"contentUrl\":\"https:\\\/\\\/centrourbano.com\\\/revista\\\/wp-content\\\/uploads\\\/web_CU_logo-1.png\",\"width\":350,\"height\":91,\"caption\":\"Centro Urbano\"},\"image\":{\"@id\":\"https:\\\/\\\/centrourbano.com\\\/revista\\\/#\\\/schema\\\/logo\\\/image\\\/\"},\"sameAs\":[\"https:\\\/\\\/www.facebook.com\\\/portalcentrourbano\",\"https:\\\/\\\/x.com\\\/CentroUrbano\",\"https:\\\/\\\/www.instagram.com\\\/centro_urbano\\\/\",\"https:\\\/\\\/www.linkedin.com\\\/company\\\/centro-urbano\\\/\",\"http:\\\/\\\/www.youtube.com\\\/user\\\/portalcentrourbano\"]},{\"@type\":\"Person\",\"@id\":\"https:\\\/\\\/centrourbano.com\\\/revista\\\/#\\\/schema\\\/person\\\/ff3c00651ce5b1630479d2cd0c2e3ac0\",\"name\":\"Edgar Rosas\",\"image\":{\"@type\":\"ImageObject\",\"inLanguage\":\"es\",\"@id\":\"https:\\\/\\\/secure.gravatar.com\\\/avatar\\\/94440c4283495211faa5300bf85e80061036b83fced868c3783aa1310b350d9c?s=96&d=mm&r=g\",\"url\":\"https:\\\/\\\/secure.gravatar.com\\\/avatar\\\/94440c4283495211faa5300bf85e80061036b83fced868c3783aa1310b350d9c?s=96&d=mm&r=g\",\"contentUrl\":\"https:\\\/\\\/secure.gravatar.com\\\/avatar\\\/94440c4283495211faa5300bf85e80061036b83fced868c3783aa1310b350d9c?s=96&d=mm&r=g\",\"caption\":\"Edgar Rosas\"},\"description\":\"Editor en Jefe de Centro Urbano. Egresado de la maestr\u00eda en Periodismo Pol\u00edtico de la Escuela de Periodismo Carlos Septi\u00e9n Garc\u00eda (EPCSG). Estudi\u00f3 la licenciatura en Comunicaci\u00f3n en la Universidad Mexicana. Amante de la cr\u00f3nica y el reportaje. Admirador de Vicente Le\u00f1ero y Miguel \u00c1ngel Granados Chapa.\",\"sameAs\":[\"https:\\\/\\\/x.com\\\/https:\\\/\\\/twitter.com\\\/ERosasCU?s=09\"],\"url\":\"https:\\\/\\\/centrourbano.com\\\/revista\\\/author\\\/edgar-rosas\\\/\"}]}<\/script>\n<!-- \/ Yoast SEO plugin. -->","yoast_head_json":{"title":"Cuidar la demanda, la prioridad tras el Covid-19 en el sector vivienda","description":"En la demanda debe enfocarse la primera l\u00ednea de acci\u00f3n para pensar en la recuperaci\u00f3n del sector. Cuidar la demanda, la prioridad tras el Covid-19.","robots":{"index":"index","follow":"follow","max-snippet":"max-snippet:-1","max-image-preview":"max-image-preview:large","max-video-preview":"max-video-preview:-1"},"canonical":"https:\/\/centrourbano.com\/revista\/opinion\/blog-desde-el-terreno\/cuidar-la-demanda-la-prioridad-tras-el-covid-19-en-el-sector-vivienda\/","og_locale":"es_ES","og_type":"article","og_title":"Cuidar la demanda, la prioridad tras el Covid-19 en el sector vivienda","og_description":"En la demanda debe enfocarse la primera l\u00ednea de acci\u00f3n para pensar en la recuperaci\u00f3n del sector. Cuidar la demanda, la prioridad tras el Covid-19.","og_url":"https:\/\/centrourbano.com\/revista\/opinion\/blog-desde-el-terreno\/cuidar-la-demanda-la-prioridad-tras-el-covid-19-en-el-sector-vivienda\/","og_site_name":"Centro Urbano","article_publisher":"https:\/\/www.facebook.com\/portalcentrourbano","article_published_time":"2020-05-02T02:02:31+00:00","article_modified_time":"2020-05-02T02:23:03+00:00","og_image":[{"width":640,"height":400,"url":"https:\/\/centrourbano.com\/revista\/wp-content\/uploads\/Cuidar-la-demanda-la-prioridad-tras-el-Covid-19-Edgar-Rosas-Industria-de-la-Vivienda.jpg","type":"image\/jpeg"}],"author":"Edgar Rosas","twitter_card":"summary_large_image","twitter_creator":"@https:\/\/twitter.com\/ERosasCU?s=09","twitter_site":"@CentroUrbano","twitter_misc":{"Escrito por":"Edgar Rosas","Tiempo de lectura":"4 minutos"},"schema":{"@context":"https:\/\/schema.org","@graph":[{"@type":"Article","@id":"https:\/\/centrourbano.com\/revista\/opinion\/blog-desde-el-terreno\/cuidar-la-demanda-la-prioridad-tras-el-covid-19-en-el-sector-vivienda\/#article","isPartOf":{"@id":"https:\/\/centrourbano.com\/revista\/opinion\/blog-desde-el-terreno\/cuidar-la-demanda-la-prioridad-tras-el-covid-19-en-el-sector-vivienda\/"},"author":{"name":"Edgar Rosas","@id":"https:\/\/centrourbano.com\/revista\/#\/schema\/person\/ff3c00651ce5b1630479d2cd0c2e3ac0"},"headline":"Cuidar la demanda, la prioridad tras el Covid-19 en el sector vivienda","datePublished":"2020-05-02T02:02:31+00:00","dateModified":"2020-05-02T02:23:03+00:00","mainEntityOfPage":{"@id":"https:\/\/centrourbano.com\/revista\/opinion\/blog-desde-el-terreno\/cuidar-la-demanda-la-prioridad-tras-el-covid-19-en-el-sector-vivienda\/"},"wordCount":808,"commentCount":0,"publisher":{"@id":"https:\/\/centrourbano.com\/revista\/#organization"},"image":{"@id":"https:\/\/centrourbano.com\/revista\/opinion\/blog-desde-el-terreno\/cuidar-la-demanda-la-prioridad-tras-el-covid-19-en-el-sector-vivienda\/#primaryimage"},"thumbnailUrl":"https:\/\/centrourbano.com\/revista\/wp-content\/uploads\/Cuidar-la-demanda-la-prioridad-tras-el-Covid-19-Edgar-Rosas-Industria-de-la-Vivienda.jpg","keywords":["Centro Urbano","COVID-19","Covid19","Demanda","vivienda"],"articleSection":["Desde el terreno"],"inLanguage":"es","potentialAction":[{"@type":"CommentAction","name":"Comment","target":["https:\/\/centrourbano.com\/revista\/opinion\/blog-desde-el-terreno\/cuidar-la-demanda-la-prioridad-tras-el-covid-19-en-el-sector-vivienda\/#respond"]}]},{"@type":"WebPage","@id":"https:\/\/centrourbano.com\/revista\/opinion\/blog-desde-el-terreno\/cuidar-la-demanda-la-prioridad-tras-el-covid-19-en-el-sector-vivienda\/","url":"https:\/\/centrourbano.com\/revista\/opinion\/blog-desde-el-terreno\/cuidar-la-demanda-la-prioridad-tras-el-covid-19-en-el-sector-vivienda\/","name":"Cuidar la demanda, la prioridad tras el Covid-19 en el sector vivienda","isPartOf":{"@id":"https:\/\/centrourbano.com\/revista\/#website"},"primaryImageOfPage":{"@id":"https:\/\/centrourbano.com\/revista\/opinion\/blog-desde-el-terreno\/cuidar-la-demanda-la-prioridad-tras-el-covid-19-en-el-sector-vivienda\/#primaryimage"},"image":{"@id":"https:\/\/centrourbano.com\/revista\/opinion\/blog-desde-el-terreno\/cuidar-la-demanda-la-prioridad-tras-el-covid-19-en-el-sector-vivienda\/#primaryimage"},"thumbnailUrl":"https:\/\/centrourbano.com\/revista\/wp-content\/uploads\/Cuidar-la-demanda-la-prioridad-tras-el-Covid-19-Edgar-Rosas-Industria-de-la-Vivienda.jpg","datePublished":"2020-05-02T02:02:31+00:00","dateModified":"2020-05-02T02:23:03+00:00","description":"En la demanda debe enfocarse la primera l\u00ednea de acci\u00f3n para pensar en la recuperaci\u00f3n del sector. Cuidar la demanda, la prioridad tras el Covid-19.","breadcrumb":{"@id":"https:\/\/centrourbano.com\/revista\/opinion\/blog-desde-el-terreno\/cuidar-la-demanda-la-prioridad-tras-el-covid-19-en-el-sector-vivienda\/#breadcrumb"},"inLanguage":"es","potentialAction":[{"@type":"ReadAction","target":["https:\/\/centrourbano.com\/revista\/opinion\/blog-desde-el-terreno\/cuidar-la-demanda-la-prioridad-tras-el-covid-19-en-el-sector-vivienda\/"]}]},{"@type":"ImageObject","inLanguage":"es","@id":"https:\/\/centrourbano.com\/revista\/opinion\/blog-desde-el-terreno\/cuidar-la-demanda-la-prioridad-tras-el-covid-19-en-el-sector-vivienda\/#primaryimage","url":"https:\/\/centrourbano.com\/revista\/wp-content\/uploads\/Cuidar-la-demanda-la-prioridad-tras-el-Covid-19-Edgar-Rosas-Industria-de-la-Vivienda.jpg","contentUrl":"https:\/\/centrourbano.com\/revista\/wp-content\/uploads\/Cuidar-la-demanda-la-prioridad-tras-el-Covid-19-Edgar-Rosas-Industria-de-la-Vivienda.jpg","width":640,"height":400,"caption":"Cuidar la demanda, la prioridad tras el Covid-19-Edgar Rosas-Industria de la Vivienda"},{"@type":"BreadcrumbList","@id":"https:\/\/centrourbano.com\/revista\/opinion\/blog-desde-el-terreno\/cuidar-la-demanda-la-prioridad-tras-el-covid-19-en-el-sector-vivienda\/#breadcrumb","itemListElement":[{"@type":"ListItem","position":1,"name":"Portada","item":"https:\/\/centrourbano.com\/revista\/"},{"@type":"ListItem","position":2,"name":"Cuidar la demanda, la prioridad tras el Covid-19 en el sector vivienda"}]},{"@type":"WebSite","@id":"https:\/\/centrourbano.com\/revista\/#website","url":"https:\/\/centrourbano.com\/revista\/","name":"Centro Urbano","description":"Medio especializado en los sectores vivienda, inmobiliario, construcci\u00f3n, arquitectura y urbanismo.","publisher":{"@id":"https:\/\/centrourbano.com\/revista\/#organization"},"potentialAction":[{"@type":"SearchAction","target":{"@type":"EntryPoint","urlTemplate":"https:\/\/centrourbano.com\/revista\/?s={search_term_string}"},"query-input":{"@type":"PropertyValueSpecification","valueRequired":true,"valueName":"search_term_string"}}],"inLanguage":"es"},{"@type":"Organization","@id":"https:\/\/centrourbano.com\/revista\/#organization","name":"Centro Urbano","url":"https:\/\/centrourbano.com\/revista\/","logo":{"@type":"ImageObject","inLanguage":"es","@id":"https:\/\/centrourbano.com\/revista\/#\/schema\/logo\/image\/","url":"https:\/\/centrourbano.com\/revista\/wp-content\/uploads\/web_CU_logo-1.png","contentUrl":"https:\/\/centrourbano.com\/revista\/wp-content\/uploads\/web_CU_logo-1.png","width":350,"height":91,"caption":"Centro Urbano"},"image":{"@id":"https:\/\/centrourbano.com\/revista\/#\/schema\/logo\/image\/"},"sameAs":["https:\/\/www.facebook.com\/portalcentrourbano","https:\/\/x.com\/CentroUrbano","https:\/\/www.instagram.com\/centro_urbano\/","https:\/\/www.linkedin.com\/company\/centro-urbano\/","http:\/\/www.youtube.com\/user\/portalcentrourbano"]},{"@type":"Person","@id":"https:\/\/centrourbano.com\/revista\/#\/schema\/person\/ff3c00651ce5b1630479d2cd0c2e3ac0","name":"Edgar Rosas","image":{"@type":"ImageObject","inLanguage":"es","@id":"https:\/\/secure.gravatar.com\/avatar\/94440c4283495211faa5300bf85e80061036b83fced868c3783aa1310b350d9c?s=96&d=mm&r=g","url":"https:\/\/secure.gravatar.com\/avatar\/94440c4283495211faa5300bf85e80061036b83fced868c3783aa1310b350d9c?s=96&d=mm&r=g","contentUrl":"https:\/\/secure.gravatar.com\/avatar\/94440c4283495211faa5300bf85e80061036b83fced868c3783aa1310b350d9c?s=96&d=mm&r=g","caption":"Edgar Rosas"},"description":"Editor en Jefe de Centro Urbano. Egresado de la maestr\u00eda en Periodismo Pol\u00edtico de la Escuela de Periodismo Carlos Septi\u00e9n Garc\u00eda (EPCSG). Estudi\u00f3 la licenciatura en Comunicaci\u00f3n en la Universidad Mexicana. Amante de la cr\u00f3nica y el reportaje. Admirador de Vicente Le\u00f1ero y Miguel \u00c1ngel Granados Chapa.","sameAs":["https:\/\/x.com\/https:\/\/twitter.com\/ERosasCU?s=09"],"url":"https:\/\/centrourbano.com\/revista\/author\/edgar-rosas\/"}]}},"_links":{"self":[{"href":"https:\/\/centrourbano.com\/revista\/wp-json\/wp\/v2\/posts\/105955","targetHints":{"allow":["GET"]}}],"collection":[{"href":"https:\/\/centrourbano.com\/revista\/wp-json\/wp\/v2\/posts"}],"about":[{"href":"https:\/\/centrourbano.com\/revista\/wp-json\/wp\/v2\/types\/post"}],"author":[{"embeddable":true,"href":"https:\/\/centrourbano.com\/revista\/wp-json\/wp\/v2\/users\/47"}],"replies":[{"embeddable":true,"href":"https:\/\/centrourbano.com\/revista\/wp-json\/wp\/v2\/comments?post=105955"}],"version-history":[{"count":3,"href":"https:\/\/centrourbano.com\/revista\/wp-json\/wp\/v2\/posts\/105955\/revisions"}],"predecessor-version":[{"id":105959,"href":"https:\/\/centrourbano.com\/revista\/wp-json\/wp\/v2\/posts\/105955\/revisions\/105959"}],"wp:featuredmedia":[{"embeddable":true,"href":"https:\/\/centrourbano.com\/revista\/wp-json\/wp\/v2\/media\/105956"}],"wp:attachment":[{"href":"https:\/\/centrourbano.com\/revista\/wp-json\/wp\/v2\/media?parent=105955"}],"wp:term":[{"taxonomy":"category","embeddable":true,"href":"https:\/\/centrourbano.com\/revista\/wp-json\/wp\/v2\/categories?post=105955"},{"taxonomy":"post_tag","embeddable":true,"href":"https:\/\/centrourbano.com\/revista\/wp-json\/wp\/v2\/tags?post=105955"}],"curies":[{"name":"wp","href":"https:\/\/api.w.org\/{rel}","templated":true}]}}