{"id":105943,"date":"2020-05-04T09:00:53","date_gmt":"2020-05-04T14:00:53","guid":{"rendered":"https:\/\/centrourbano.com\/?p=105943"},"modified":"2020-05-04T09:47:58","modified_gmt":"2020-05-04T14:47:58","slug":"unam-respirador-portatil-economico","status":"publish","type":"post","link":"https:\/\/centrourbano.com\/revista\/cobertura-covid-19\/unam-respirador-portatil-economico\/","title":{"rendered":"Investigadores de la UNAM dise\u00f1an respirador port\u00e1til y econ\u00f3mico"},"content":{"rendered":"<p><em>Gustavo Medina explic\u00f3 que el respirador debe ser probado en modelo animal y contar con un permiso de la Cofepris; para que pueda ser usado como instrumento de emergencia<\/em><!--more--><\/p>\n<p>Investigadores y estudiantes de la <strong>Universidad Nacional Aut\u00f3noma de M\u00e9xico (UNAM)<\/strong> desarrollaron, en solo tres semanas, un <strong>respirador para personas infectadas con Covid-19<\/strong>; port\u00e1til y m\u00e1s econ\u00f3mico que uno comercial.<\/p>\n<p>Integrantes del <strong>Laboratorio de Instrumentaci\u00f3n Espacial (LINX),<\/strong> del <strong>Instituto de Ciencias Nucleares<\/strong>, dise\u00f1aron este instrumento con el objetivo de contribuir a enfrentar la emergencia sanitaria; especialmente en regiones del pa\u00eds y hospitales menos favorecidos en cuanto a sus condiciones de operaci\u00f3n.<\/p>\n<a href=\"https:\/\/centrourbano.com\/revista\/wp-content\/uploads\/Respirador_unam.jpg\" target=\"_blank\" rel=\"noopener noreferrer\"><img loading=\"lazy\" decoding=\"async\" class=\"alignleft wp-image-105945 \" src=\"https:\/\/centrourbano.com\/revista\/wp-content\/uploads\/Respirador_unam.jpg\" alt=\"\" width=\"300\" height=\"400\" srcset=\"https:\/\/centrourbano.com\/revista\/wp-content\/uploads\/Respirador_unam.jpg 1772w, https:\/\/centrourbano.com\/revista\/wp-content\/uploads\/Respirador_unam-225x300.jpg 225w, https:\/\/centrourbano.com\/revista\/wp-content\/uploads\/Respirador_unam-768x1024.jpg 768w, https:\/\/centrourbano.com\/revista\/wp-content\/uploads\/Respirador_unam-1152x1536.jpg 1152w, https:\/\/centrourbano.com\/revista\/wp-content\/uploads\/Respirador_unam-1536x2048.jpg 1536w\" sizes=\"auto, (max-width: 300px) 100vw, 300px\" \/><\/a>\n<p>De acuerdo con <strong>Gustavo Medina, responsable del LINX<\/strong>, el respirador ya ha tenido tres rondas de pruebas en el <strong>Instituto Nacional de Enfermedades Respiratorias (INER);<\/strong> y dos sesiones m\u00e1s de calibraci\u00f3n en el <strong>Instituto Nacional de Ciencias M\u00e9dicas y Nutrici\u00f3n Salvador Zubir\u00e1n (INCMNSZ).<\/strong><\/p>\n<p>\u201cAhora falta probarlo en <strong>modelo animal<\/strong> y contar con un permiso de la <strong>Comisi\u00f3n Federal para la Protecci\u00f3n contra Riesgos Sanitarios (Cofepris)<\/strong> para que pueda usarse como instrumento de emergencia\u201d, explic\u00f3.<\/p>\n<p>Destac\u00f3 que, con apoyo de algunas empresas, ya comenzaron a buscar los <strong>componentes<\/strong> y estudiar c\u00f3mo montar una <strong>l\u00ednea de producci\u00f3n<\/strong>. \u201cEl proyecto incluye todo, de punta a punta; desde la concepci\u00f3n del ventilador, dise\u00f1o, prototipos, validaci\u00f3n, hasta c\u00f3mo montar una planta de producci\u00f3n y c\u00f3mo distribuirlos. Cada ventilador ir\u00eda acompa\u00f1ado de piezas de repuesto y tambi\u00e9n se tiene contemplado apoyar en la formaci\u00f3n de recursos humanos\u201d.<\/p>\n<p>Mencion\u00f3 que la presente pandemia ha demostrado que las soluciones a los grandes problemas de salud o desaf\u00edos de progreso y desarrollo pasan por la <strong>innovaci\u00f3n<\/strong> y la <strong>ciencia<\/strong>; desde la generaci\u00f3n de conocimiento b\u00e1sico hasta su aplicaci\u00f3n en beneficio de la sociedad.<\/p>\n<p>\u201cEl nuestro es un ejemplo simb\u00f3lico y representativo; pues tenemos esperando, en India, un sat\u00e9lite, y realizaremos una misi\u00f3n a la Luna el a\u00f1o que viene. Y aunque pareciera que algunas de estas cosas no est\u00e1n ligadas a los problemas inmediatos del pa\u00eds, no es as\u00ed. Cuando hacemos <strong>desarrollos en ciencia y tecnolog\u00eda<\/strong>, creamos infraestructura; formamos recursos humanos y el <em>know how<\/em> para poderlos reconvertir a necesidades muy diversas que tenga la naci\u00f3n y la sociedad\u201d; dijo.<\/p>\n<p>\u201cPara nosotros es un recordatorio de que podemos hacer m\u00e1s y generar infraestructura con un sentido estrat\u00e9gico. En la <strong>UNAM<\/strong>, adem\u00e1s de contribuir a hacer frente a esta crisis; intentamos obtener experiencias para estar mejor preparados como sociedad ante los retos que enfrentamos\u201d; concluy\u00f3 el universitario.<\/p>\n<p>&nbsp;<\/p>\n","protected":false},"excerpt":{"rendered":"<p>Gustavo Medina explic\u00f3 que el respirador debe ser probado en modelo animal y contar con un permiso de la Cofepris; para que pueda ser usado como instrumento de emergencia<\/p>\n","protected":false},"author":73,"featured_media":105944,"comment_status":"open","ping_status":"closed","sticky":false,"template":"","format":"standard","meta":{"om_disable_all_campaigns":false,"inline_featured_image":false,"_monsterinsights_skip_tracking":false,"_monsterinsights_sitenote_active":false,"_monsterinsights_sitenote_note":"","_monsterinsights_sitenote_category":0,"footnotes":""},"categories":[80,17827],"tags":[17784,18197,18198,18196,244],"class_list":["post-105943","post","type-post","status-publish","format-standard","has-post-thumbnail","hentry","category-actualidad","category-cobertura-covid-19","tag-covid-19","tag-instituto-de-ciencias-nucleares","tag-linx","tag-respirador","tag-unam"],"yoast_head":"<!-- This site is optimized with the Yoast SEO plugin v27.5 - https:\/\/yoast.com\/product\/yoast-seo-wordpress\/ -->\n<title>Investigadores de la UNAM dise\u00f1an respirador port\u00e1til y econ\u00f3mico<\/title>\n<meta name=\"description\" content=\"Gustavo Medina explic\u00f3 que el respirador debe ser probado y contar con un permiso de la Cofepris para que pueda ser usado como instrumento de emergencia\" \/>\n<meta name=\"robots\" content=\"index, follow, max-snippet:-1, max-image-preview:large, max-video-preview:-1\" \/>\n<link rel=\"canonical\" href=\"https:\/\/centrourbano.com\/revista\/cobertura-covid-19\/unam-respirador-portatil-economico\/\" \/>\n<meta property=\"og:locale\" content=\"es_ES\" \/>\n<meta property=\"og:type\" content=\"article\" \/>\n<meta property=\"og:title\" content=\"Investigadores de la UNAM dise\u00f1an respirador port\u00e1til y econ\u00f3mico\" \/>\n<meta property=\"og:description\" content=\"Gustavo Medina explic\u00f3 que el respirador debe ser probado y contar con un permiso de la Cofepris para que pueda ser usado como instrumento de emergencia\" \/>\n<meta property=\"og:url\" content=\"https:\/\/centrourbano.com\/revista\/cobertura-covid-19\/unam-respirador-portatil-economico\/\" \/>\n<meta property=\"og:site_name\" content=\"Centro Urbano\" \/>\n<meta property=\"article:publisher\" content=\"https:\/\/www.facebook.com\/portalcentrourbano\" \/>\n<meta property=\"article:published_time\" content=\"2020-05-04T14:00:53+00:00\" \/>\n<meta property=\"article:modified_time\" content=\"2020-05-04T14:47:58+00:00\" \/>\n<meta property=\"og:image\" content=\"https:\/\/centrourbano.com\/revista\/wp-content\/uploads\/Investigadores-de-la-UNAM-dise\u00f1an-respirador-port\u00e1til-y-econ\u00f3mico.jpg\" \/>\n\t<meta property=\"og:image:width\" content=\"802\" \/>\n\t<meta property=\"og:image:height\" content=\"445\" \/>\n\t<meta property=\"og:image:type\" content=\"image\/jpeg\" \/>\n<meta name=\"author\" content=\"Fernanda Hern\u00e1ndez\" \/>\n<meta name=\"twitter:card\" content=\"summary_large_image\" \/>\n<meta name=\"twitter:creator\" content=\"@https:\/\/twitter.com\/Nannz_Hernandez\" \/>\n<meta name=\"twitter:site\" content=\"@CentroUrbano\" \/>\n<meta name=\"twitter:label1\" content=\"Escrito por\" \/>\n\t<meta name=\"twitter:data1\" content=\"Fernanda Hern\u00e1ndez\" \/>\n\t<meta name=\"twitter:label2\" content=\"Tiempo de lectura\" \/>\n\t<meta name=\"twitter:data2\" content=\"2 minutos\" \/>\n<script type=\"application\/ld+json\" class=\"yoast-schema-graph\">{\"@context\":\"https:\\\/\\\/schema.org\",\"@graph\":[{\"@type\":\"Article\",\"@id\":\"https:\\\/\\\/centrourbano.com\\\/revista\\\/cobertura-covid-19\\\/unam-respirador-portatil-economico\\\/#article\",\"isPartOf\":{\"@id\":\"https:\\\/\\\/centrourbano.com\\\/revista\\\/cobertura-covid-19\\\/unam-respirador-portatil-economico\\\/\"},\"author\":{\"name\":\"Fernanda Hern\u00e1ndez\",\"@id\":\"https:\\\/\\\/centrourbano.com\\\/revista\\\/#\\\/schema\\\/person\\\/bc284507d99af21c6df75a3f1924b95c\"},\"headline\":\"Investigadores de la UNAM dise\u00f1an respirador port\u00e1til y econ\u00f3mico\",\"datePublished\":\"2020-05-04T14:00:53+00:00\",\"dateModified\":\"2020-05-04T14:47:58+00:00\",\"mainEntityOfPage\":{\"@id\":\"https:\\\/\\\/centrourbano.com\\\/revista\\\/cobertura-covid-19\\\/unam-respirador-portatil-economico\\\/\"},\"wordCount\":465,\"commentCount\":0,\"publisher\":{\"@id\":\"https:\\\/\\\/centrourbano.com\\\/revista\\\/#organization\"},\"image\":{\"@id\":\"https:\\\/\\\/centrourbano.com\\\/revista\\\/cobertura-covid-19\\\/unam-respirador-portatil-economico\\\/#primaryimage\"},\"thumbnailUrl\":\"https:\\\/\\\/centrourbano.com\\\/revista\\\/wp-content\\\/uploads\\\/Investigadores-de-la-UNAM-dise\u00f1an-respirador-port\u00e1til-y-econ\u00f3mico.jpg\",\"keywords\":[\"COVID-19\",\"Instituto de Ciencias Nucleares\",\"LINX\",\"Respirador\",\"UNAM\"],\"articleSection\":[\"Actualidad\",\"Cobertura Covid-19\"],\"inLanguage\":\"es\",\"potentialAction\":[{\"@type\":\"CommentAction\",\"name\":\"Comment\",\"target\":[\"https:\\\/\\\/centrourbano.com\\\/revista\\\/cobertura-covid-19\\\/unam-respirador-portatil-economico\\\/#respond\"]}]},{\"@type\":\"WebPage\",\"@id\":\"https:\\\/\\\/centrourbano.com\\\/revista\\\/cobertura-covid-19\\\/unam-respirador-portatil-economico\\\/\",\"url\":\"https:\\\/\\\/centrourbano.com\\\/revista\\\/cobertura-covid-19\\\/unam-respirador-portatil-economico\\\/\",\"name\":\"Investigadores de la UNAM dise\u00f1an respirador port\u00e1til y econ\u00f3mico\",\"isPartOf\":{\"@id\":\"https:\\\/\\\/centrourbano.com\\\/revista\\\/#website\"},\"primaryImageOfPage\":{\"@id\":\"https:\\\/\\\/centrourbano.com\\\/revista\\\/cobertura-covid-19\\\/unam-respirador-portatil-economico\\\/#primaryimage\"},\"image\":{\"@id\":\"https:\\\/\\\/centrourbano.com\\\/revista\\\/cobertura-covid-19\\\/unam-respirador-portatil-economico\\\/#primaryimage\"},\"thumbnailUrl\":\"https:\\\/\\\/centrourbano.com\\\/revista\\\/wp-content\\\/uploads\\\/Investigadores-de-la-UNAM-dise\u00f1an-respirador-port\u00e1til-y-econ\u00f3mico.jpg\",\"datePublished\":\"2020-05-04T14:00:53+00:00\",\"dateModified\":\"2020-05-04T14:47:58+00:00\",\"description\":\"Gustavo Medina explic\u00f3 que el respirador debe ser probado y contar con un permiso de la Cofepris para que pueda ser usado como instrumento de emergencia\",\"breadcrumb\":{\"@id\":\"https:\\\/\\\/centrourbano.com\\\/revista\\\/cobertura-covid-19\\\/unam-respirador-portatil-economico\\\/#breadcrumb\"},\"inLanguage\":\"es\",\"potentialAction\":[{\"@type\":\"ReadAction\",\"target\":[\"https:\\\/\\\/centrourbano.com\\\/revista\\\/cobertura-covid-19\\\/unam-respirador-portatil-economico\\\/\"]}]},{\"@type\":\"ImageObject\",\"inLanguage\":\"es\",\"@id\":\"https:\\\/\\\/centrourbano.com\\\/revista\\\/cobertura-covid-19\\\/unam-respirador-portatil-economico\\\/#primaryimage\",\"url\":\"https:\\\/\\\/centrourbano.com\\\/revista\\\/wp-content\\\/uploads\\\/Investigadores-de-la-UNAM-dise\u00f1an-respirador-port\u00e1til-y-econ\u00f3mico.jpg\",\"contentUrl\":\"https:\\\/\\\/centrourbano.com\\\/revista\\\/wp-content\\\/uploads\\\/Investigadores-de-la-UNAM-dise\u00f1an-respirador-port\u00e1til-y-econ\u00f3mico.jpg\",\"width\":802,\"height\":445,\"caption\":\"Gustavo Medina explic\u00f3 que el respirador debe ser probado y contar con un permiso de la Cofepris para que pueda ser usado como instrumento de emergencia\"},{\"@type\":\"BreadcrumbList\",\"@id\":\"https:\\\/\\\/centrourbano.com\\\/revista\\\/cobertura-covid-19\\\/unam-respirador-portatil-economico\\\/#breadcrumb\",\"itemListElement\":[{\"@type\":\"ListItem\",\"position\":1,\"name\":\"Portada\",\"item\":\"https:\\\/\\\/centrourbano.com\\\/revista\\\/\"},{\"@type\":\"ListItem\",\"position\":2,\"name\":\"Investigadores de la UNAM dise\u00f1an respirador port\u00e1til y econ\u00f3mico\"}]},{\"@type\":\"WebSite\",\"@id\":\"https:\\\/\\\/centrourbano.com\\\/revista\\\/#website\",\"url\":\"https:\\\/\\\/centrourbano.com\\\/revista\\\/\",\"name\":\"Centro Urbano\",\"description\":\"Medio especializado en los sectores vivienda, inmobiliario, construcci\u00f3n, arquitectura y urbanismo.\",\"publisher\":{\"@id\":\"https:\\\/\\\/centrourbano.com\\\/revista\\\/#organization\"},\"potentialAction\":[{\"@type\":\"SearchAction\",\"target\":{\"@type\":\"EntryPoint\",\"urlTemplate\":\"https:\\\/\\\/centrourbano.com\\\/revista\\\/?s={search_term_string}\"},\"query-input\":{\"@type\":\"PropertyValueSpecification\",\"valueRequired\":true,\"valueName\":\"search_term_string\"}}],\"inLanguage\":\"es\"},{\"@type\":\"Organization\",\"@id\":\"https:\\\/\\\/centrourbano.com\\\/revista\\\/#organization\",\"name\":\"Centro Urbano\",\"url\":\"https:\\\/\\\/centrourbano.com\\\/revista\\\/\",\"logo\":{\"@type\":\"ImageObject\",\"inLanguage\":\"es\",\"@id\":\"https:\\\/\\\/centrourbano.com\\\/revista\\\/#\\\/schema\\\/logo\\\/image\\\/\",\"url\":\"https:\\\/\\\/centrourbano.com\\\/revista\\\/wp-content\\\/uploads\\\/web_CU_logo-1.png\",\"contentUrl\":\"https:\\\/\\\/centrourbano.com\\\/revista\\\/wp-content\\\/uploads\\\/web_CU_logo-1.png\",\"width\":350,\"height\":91,\"caption\":\"Centro Urbano\"},\"image\":{\"@id\":\"https:\\\/\\\/centrourbano.com\\\/revista\\\/#\\\/schema\\\/logo\\\/image\\\/\"},\"sameAs\":[\"https:\\\/\\\/www.facebook.com\\\/portalcentrourbano\",\"https:\\\/\\\/x.com\\\/CentroUrbano\",\"https:\\\/\\\/www.instagram.com\\\/centro_urbano\\\/\",\"https:\\\/\\\/www.linkedin.com\\\/company\\\/centro-urbano\\\/\",\"http:\\\/\\\/www.youtube.com\\\/user\\\/portalcentrourbano\"]},{\"@type\":\"Person\",\"@id\":\"https:\\\/\\\/centrourbano.com\\\/revista\\\/#\\\/schema\\\/person\\\/bc284507d99af21c6df75a3f1924b95c\",\"name\":\"Fernanda Hern\u00e1ndez\",\"image\":{\"@type\":\"ImageObject\",\"inLanguage\":\"es\",\"@id\":\"https:\\\/\\\/secure.gravatar.com\\\/avatar\\\/9471831fb0a24eae9d32d826a7cb8ef07c34a41520aca1a0ab1f5c0903ba49b9?s=96&d=mm&r=g\",\"url\":\"https:\\\/\\\/secure.gravatar.com\\\/avatar\\\/9471831fb0a24eae9d32d826a7cb8ef07c34a41520aca1a0ab1f5c0903ba49b9?s=96&d=mm&r=g\",\"contentUrl\":\"https:\\\/\\\/secure.gravatar.com\\\/avatar\\\/9471831fb0a24eae9d32d826a7cb8ef07c34a41520aca1a0ab1f5c0903ba49b9?s=96&d=mm&r=g\",\"caption\":\"Fernanda Hern\u00e1ndez\"},\"description\":\"Reportera y redactora en Centro Urbano. Soy egresada de la licenciatura en Ciencias de la Comunicaci\u00f3n de la Facultad de Ciencias Pol\u00edticas y Sociales (UNAM). Me interesa la cultura, el urbanismo y la arquitectura. Amante del mundo digital, el cine, la m\u00fasica, la lectura y la escritura.\",\"sameAs\":[\"https:\\\/\\\/x.com\\\/https:\\\/\\\/twitter.com\\\/Nannz_Hernandez\"],\"url\":\"https:\\\/\\\/centrourbano.com\\\/revista\\\/author\\\/fernanda-hernandez\\\/\"}]}<\/script>\n<!-- \/ Yoast SEO plugin. -->","yoast_head_json":{"title":"Investigadores de la UNAM dise\u00f1an respirador port\u00e1til y econ\u00f3mico","description":"Gustavo Medina explic\u00f3 que el respirador debe ser probado y contar con un permiso de la Cofepris para que pueda ser usado como instrumento de emergencia","robots":{"index":"index","follow":"follow","max-snippet":"max-snippet:-1","max-image-preview":"max-image-preview:large","max-video-preview":"max-video-preview:-1"},"canonical":"https:\/\/centrourbano.com\/revista\/cobertura-covid-19\/unam-respirador-portatil-economico\/","og_locale":"es_ES","og_type":"article","og_title":"Investigadores de la UNAM dise\u00f1an respirador port\u00e1til y econ\u00f3mico","og_description":"Gustavo Medina explic\u00f3 que el respirador debe ser probado y contar con un permiso de la Cofepris para que pueda ser usado como instrumento de emergencia","og_url":"https:\/\/centrourbano.com\/revista\/cobertura-covid-19\/unam-respirador-portatil-economico\/","og_site_name":"Centro Urbano","article_publisher":"https:\/\/www.facebook.com\/portalcentrourbano","article_published_time":"2020-05-04T14:00:53+00:00","article_modified_time":"2020-05-04T14:47:58+00:00","og_image":[{"width":802,"height":445,"url":"https:\/\/centrourbano.com\/revista\/wp-content\/uploads\/Investigadores-de-la-UNAM-dise\u00f1an-respirador-port\u00e1til-y-econ\u00f3mico.jpg","type":"image\/jpeg"}],"author":"Fernanda Hern\u00e1ndez","twitter_card":"summary_large_image","twitter_creator":"@https:\/\/twitter.com\/Nannz_Hernandez","twitter_site":"@CentroUrbano","twitter_misc":{"Escrito por":"Fernanda Hern\u00e1ndez","Tiempo de lectura":"2 minutos"},"schema":{"@context":"https:\/\/schema.org","@graph":[{"@type":"Article","@id":"https:\/\/centrourbano.com\/revista\/cobertura-covid-19\/unam-respirador-portatil-economico\/#article","isPartOf":{"@id":"https:\/\/centrourbano.com\/revista\/cobertura-covid-19\/unam-respirador-portatil-economico\/"},"author":{"name":"Fernanda Hern\u00e1ndez","@id":"https:\/\/centrourbano.com\/revista\/#\/schema\/person\/bc284507d99af21c6df75a3f1924b95c"},"headline":"Investigadores de la UNAM dise\u00f1an respirador port\u00e1til y econ\u00f3mico","datePublished":"2020-05-04T14:00:53+00:00","dateModified":"2020-05-04T14:47:58+00:00","mainEntityOfPage":{"@id":"https:\/\/centrourbano.com\/revista\/cobertura-covid-19\/unam-respirador-portatil-economico\/"},"wordCount":465,"commentCount":0,"publisher":{"@id":"https:\/\/centrourbano.com\/revista\/#organization"},"image":{"@id":"https:\/\/centrourbano.com\/revista\/cobertura-covid-19\/unam-respirador-portatil-economico\/#primaryimage"},"thumbnailUrl":"https:\/\/centrourbano.com\/revista\/wp-content\/uploads\/Investigadores-de-la-UNAM-dise\u00f1an-respirador-port\u00e1til-y-econ\u00f3mico.jpg","keywords":["COVID-19","Instituto de Ciencias Nucleares","LINX","Respirador","UNAM"],"articleSection":["Actualidad","Cobertura Covid-19"],"inLanguage":"es","potentialAction":[{"@type":"CommentAction","name":"Comment","target":["https:\/\/centrourbano.com\/revista\/cobertura-covid-19\/unam-respirador-portatil-economico\/#respond"]}]},{"@type":"WebPage","@id":"https:\/\/centrourbano.com\/revista\/cobertura-covid-19\/unam-respirador-portatil-economico\/","url":"https:\/\/centrourbano.com\/revista\/cobertura-covid-19\/unam-respirador-portatil-economico\/","name":"Investigadores de la UNAM dise\u00f1an respirador port\u00e1til y econ\u00f3mico","isPartOf":{"@id":"https:\/\/centrourbano.com\/revista\/#website"},"primaryImageOfPage":{"@id":"https:\/\/centrourbano.com\/revista\/cobertura-covid-19\/unam-respirador-portatil-economico\/#primaryimage"},"image":{"@id":"https:\/\/centrourbano.com\/revista\/cobertura-covid-19\/unam-respirador-portatil-economico\/#primaryimage"},"thumbnailUrl":"https:\/\/centrourbano.com\/revista\/wp-content\/uploads\/Investigadores-de-la-UNAM-dise\u00f1an-respirador-port\u00e1til-y-econ\u00f3mico.jpg","datePublished":"2020-05-04T14:00:53+00:00","dateModified":"2020-05-04T14:47:58+00:00","description":"Gustavo Medina explic\u00f3 que el respirador debe ser probado y contar con un permiso de la Cofepris para que pueda ser usado como instrumento de emergencia","breadcrumb":{"@id":"https:\/\/centrourbano.com\/revista\/cobertura-covid-19\/unam-respirador-portatil-economico\/#breadcrumb"},"inLanguage":"es","potentialAction":[{"@type":"ReadAction","target":["https:\/\/centrourbano.com\/revista\/cobertura-covid-19\/unam-respirador-portatil-economico\/"]}]},{"@type":"ImageObject","inLanguage":"es","@id":"https:\/\/centrourbano.com\/revista\/cobertura-covid-19\/unam-respirador-portatil-economico\/#primaryimage","url":"https:\/\/centrourbano.com\/revista\/wp-content\/uploads\/Investigadores-de-la-UNAM-dise\u00f1an-respirador-port\u00e1til-y-econ\u00f3mico.jpg","contentUrl":"https:\/\/centrourbano.com\/revista\/wp-content\/uploads\/Investigadores-de-la-UNAM-dise\u00f1an-respirador-port\u00e1til-y-econ\u00f3mico.jpg","width":802,"height":445,"caption":"Gustavo Medina explic\u00f3 que el respirador debe ser probado y contar con un permiso de la Cofepris para que pueda ser usado como instrumento de emergencia"},{"@type":"BreadcrumbList","@id":"https:\/\/centrourbano.com\/revista\/cobertura-covid-19\/unam-respirador-portatil-economico\/#breadcrumb","itemListElement":[{"@type":"ListItem","position":1,"name":"Portada","item":"https:\/\/centrourbano.com\/revista\/"},{"@type":"ListItem","position":2,"name":"Investigadores de la UNAM dise\u00f1an respirador port\u00e1til y econ\u00f3mico"}]},{"@type":"WebSite","@id":"https:\/\/centrourbano.com\/revista\/#website","url":"https:\/\/centrourbano.com\/revista\/","name":"Centro Urbano","description":"Medio especializado en los sectores vivienda, inmobiliario, construcci\u00f3n, arquitectura y urbanismo.","publisher":{"@id":"https:\/\/centrourbano.com\/revista\/#organization"},"potentialAction":[{"@type":"SearchAction","target":{"@type":"EntryPoint","urlTemplate":"https:\/\/centrourbano.com\/revista\/?s={search_term_string}"},"query-input":{"@type":"PropertyValueSpecification","valueRequired":true,"valueName":"search_term_string"}}],"inLanguage":"es"},{"@type":"Organization","@id":"https:\/\/centrourbano.com\/revista\/#organization","name":"Centro Urbano","url":"https:\/\/centrourbano.com\/revista\/","logo":{"@type":"ImageObject","inLanguage":"es","@id":"https:\/\/centrourbano.com\/revista\/#\/schema\/logo\/image\/","url":"https:\/\/centrourbano.com\/revista\/wp-content\/uploads\/web_CU_logo-1.png","contentUrl":"https:\/\/centrourbano.com\/revista\/wp-content\/uploads\/web_CU_logo-1.png","width":350,"height":91,"caption":"Centro Urbano"},"image":{"@id":"https:\/\/centrourbano.com\/revista\/#\/schema\/logo\/image\/"},"sameAs":["https:\/\/www.facebook.com\/portalcentrourbano","https:\/\/x.com\/CentroUrbano","https:\/\/www.instagram.com\/centro_urbano\/","https:\/\/www.linkedin.com\/company\/centro-urbano\/","http:\/\/www.youtube.com\/user\/portalcentrourbano"]},{"@type":"Person","@id":"https:\/\/centrourbano.com\/revista\/#\/schema\/person\/bc284507d99af21c6df75a3f1924b95c","name":"Fernanda Hern\u00e1ndez","image":{"@type":"ImageObject","inLanguage":"es","@id":"https:\/\/secure.gravatar.com\/avatar\/9471831fb0a24eae9d32d826a7cb8ef07c34a41520aca1a0ab1f5c0903ba49b9?s=96&d=mm&r=g","url":"https:\/\/secure.gravatar.com\/avatar\/9471831fb0a24eae9d32d826a7cb8ef07c34a41520aca1a0ab1f5c0903ba49b9?s=96&d=mm&r=g","contentUrl":"https:\/\/secure.gravatar.com\/avatar\/9471831fb0a24eae9d32d826a7cb8ef07c34a41520aca1a0ab1f5c0903ba49b9?s=96&d=mm&r=g","caption":"Fernanda Hern\u00e1ndez"},"description":"Reportera y redactora en Centro Urbano. Soy egresada de la licenciatura en Ciencias de la Comunicaci\u00f3n de la Facultad de Ciencias Pol\u00edticas y Sociales (UNAM). Me interesa la cultura, el urbanismo y la arquitectura. Amante del mundo digital, el cine, la m\u00fasica, la lectura y la escritura.","sameAs":["https:\/\/x.com\/https:\/\/twitter.com\/Nannz_Hernandez"],"url":"https:\/\/centrourbano.com\/revista\/author\/fernanda-hernandez\/"}]}},"_links":{"self":[{"href":"https:\/\/centrourbano.com\/revista\/wp-json\/wp\/v2\/posts\/105943","targetHints":{"allow":["GET"]}}],"collection":[{"href":"https:\/\/centrourbano.com\/revista\/wp-json\/wp\/v2\/posts"}],"about":[{"href":"https:\/\/centrourbano.com\/revista\/wp-json\/wp\/v2\/types\/post"}],"author":[{"embeddable":true,"href":"https:\/\/centrourbano.com\/revista\/wp-json\/wp\/v2\/users\/73"}],"replies":[{"embeddable":true,"href":"https:\/\/centrourbano.com\/revista\/wp-json\/wp\/v2\/comments?post=105943"}],"version-history":[{"count":2,"href":"https:\/\/centrourbano.com\/revista\/wp-json\/wp\/v2\/posts\/105943\/revisions"}],"predecessor-version":[{"id":105960,"href":"https:\/\/centrourbano.com\/revista\/wp-json\/wp\/v2\/posts\/105943\/revisions\/105960"}],"wp:featuredmedia":[{"embeddable":true,"href":"https:\/\/centrourbano.com\/revista\/wp-json\/wp\/v2\/media\/105944"}],"wp:attachment":[{"href":"https:\/\/centrourbano.com\/revista\/wp-json\/wp\/v2\/media?parent=105943"}],"wp:term":[{"taxonomy":"category","embeddable":true,"href":"https:\/\/centrourbano.com\/revista\/wp-json\/wp\/v2\/categories?post=105943"},{"taxonomy":"post_tag","embeddable":true,"href":"https:\/\/centrourbano.com\/revista\/wp-json\/wp\/v2\/tags?post=105943"}],"curies":[{"name":"wp","href":"https:\/\/api.w.org\/{rel}","templated":true}]}}