{"id":105892,"date":"2020-04-30T12:26:28","date_gmt":"2020-04-30T17:26:28","guid":{"rendered":"https:\/\/centrourbano.com\/?p=105892"},"modified":"2020-04-30T12:39:14","modified_gmt":"2020-04-30T17:39:14","slug":"infonavit-reducira-tasa-de-interes-y-aumentara-monto","status":"publish","type":"post","link":"https:\/\/centrourbano.com\/revista\/vivienda\/infonavit-reducira-tasa-de-interes-y-aumentara-monto\/","title":{"rendered":"Infonavit reducir\u00e1 tasa de inter\u00e9s y aumentar\u00e1 monto de cr\u00e9dito"},"content":{"rendered":"<p><em>Si bien Infonavit reducir\u00e1 tasa de inter\u00e9s, no eliminar\u00eda el complemento al pago\u00a0<\/em><!--more--><\/p>\n<p>El <strong>Instituto del Fondo Nacional de la Vivienda para los Trabajadores<\/strong> (Infonavit) reducir\u00e1 la <strong>tasa de inter\u00e9s<\/strong> y <strong>aumentar\u00e1 el monto de cr\u00e9dito<\/strong> que otorga a los derechohabientes, inform\u00f3 <strong>Carlos Mart\u00ednez<\/strong>, director general del organismo.<\/p>\n<p>En el marco de la <strong>Asamblea General Ordinaria 120<\/strong>, el titular del Infonavit destac\u00f3 que estas medidas se dar\u00e1n a conocer en breve. Detall\u00f3 que con la baja de inter\u00e9s <strong>no se eliminar\u00e1 el completo al pago<\/strong> que se entrega a trabajadores de menores ingresos.<\/p>\n<p>[quote]\u201cPugnamos por reducir la tasa de inter\u00e9s que ofrecemos a nuestros acreditados, manteniendo elementos importantes como el complemento de pago para las personas con menos ingresos. La nueva tasa de inter\u00e9s que daremos a conocer dentro de poco vendr\u00e1 aparejada de un aumento en la capacidad de compra de las y los trabajadores\u201d.[\/quote]<\/p>\n<p>Carlos Mart\u00ednez enfatiz\u00f3 que estas medidas se acompa\u00f1ar\u00e1n de nuevos esquemas crediticios que lanzar\u00e1 el Instituto. Entre ellos, record\u00f3, <strong>Unamos Cr\u00e9ditos<\/strong> y <strong>Cuenta Infonavit + Cr\u00e9dito Bancario.<\/strong><\/p>\n<p>\u201cEl objetivo de estos <a href=\"https:\/\/centrourbano.com\/2020\/03\/24\/prepara-infonavit-programa-permanente-para-reestructurar-creditos\/\" target=\"_blank\" rel=\"noopener noreferrer\">programas<\/a> y de otras medidas que estamos impulsando en esta Administraci\u00f3n es que el Infonavit sea m\u00e1s \u00fatil para las y los derechohabientes; que empatice con su realidad y les ofrezca soluciones a la medida de sus necesidades\u201d, asegur\u00f3.<\/p>\n<h4>La propuesta<\/h4>\n<p>En diciembre de 2019, <a href=\"https:\/\/www.youtube.com\/watch?v=cjrqR3YfCGM&amp;list=PLvyu9gRJBJ5yZ6ym8yBh0IByw1sdIHAfh&amp;index=6\" target=\"_blank\" rel=\"noopener noreferrer\">Carlos Mart\u00ednez<\/a> habl\u00f3 sobre la propuesta para reducir la tasa de inter\u00e9s del organismo. En aquella ocasi\u00f3n, el Director General se\u00f1al\u00f3 <strong>la necesidad de dar un cambio en el esquema<\/strong> de otorgamiento de cr\u00e9dito.<\/p>\n<p>Al respecto, explic\u00f3 que con el actual modelo, y con la tasa de inter\u00e9s de 12%, el Instituto genera un subsidio cruzado. Con este mecanismo, indic\u00f3, se apoya a los trabajadores de menores ingresos.<\/p>\n<p>Expuso que mientras a <strong>los trabajadores que ganan m\u00e1s de 6 salarios m\u00ednimos<\/strong> se les cobra la tasa completa de 12%, a los trabajadores que ganan entre 1 y 4 salarios m\u00ednimos se otorga un subsidio. As\u00ed, el trabajador que menos gana, <strong>obtiene una tasa de 4% sobre sus cr\u00e9ditos<\/strong>. Dicho de otra manera, lo que los trabajadores de mayores ingresos pagan como inter\u00e9s, permite subsidiar a los que menos ganan.<\/p>\n<p>\u201cReducir la tasa contractual implica revisa tomar dos caminos; el primero, en el que eliminamos el subsidio cruzado y bajamos la tasa de inter\u00e9s para todos; o, por otro lado, mantenemos el subsidio cruzado, pero haces una reducci\u00f3n menor a la tasa de 12%\u201d, expuso.<\/p>\n","protected":false},"excerpt":{"rendered":"<p>Si bien Infonavit reducir\u00e1 tasa de inter\u00e9s, no eliminar\u00eda el complemento al pago\u00a0<\/p>\n","protected":false},"author":77,"featured_media":105893,"comment_status":"open","ping_status":"closed","sticky":false,"template":"","format":"standard","meta":{"inline_featured_image":false,"footnotes":""},"categories":[12],"tags":[14572,173,1291,100,7219,60],"class_list":["post-105892","post","type-post","status-publish","format-standard","has-post-thumbnail","hentry","category-vivienda","tag-carlos-martinez","tag-credito","tag-hipotecas","tag-infonavit","tag-tasa-de-interes","tag-vivienda-2"],"yoast_head":"<!-- This site is optimized with the Yoast SEO plugin v28.4 - https:\/\/yoast.com\/product\/yoast-seo-wordpress\/ -->\n<title>Infonavit reducir\u00e1 tasa de inter\u00e9s y aumentar\u00e1 monto de cr\u00e9dito<\/title>\n<meta name=\"description\" content=\"El organismo busca apoyar a los trabajadores con una serie de medidas.Infonavit reducir\u00e1 tasa de inter\u00e9s y aumentar\u00e1 monto de cr\u00e9dito.\" \/>\n<meta name=\"robots\" content=\"index, follow, max-snippet:-1, max-image-preview:large, max-video-preview:-1\" \/>\n<link rel=\"canonical\" href=\"https:\/\/centrourbano.com\/revista\/vivienda\/infonavit-reducira-tasa-de-interes-y-aumentara-monto\/\" \/>\n<meta property=\"og:locale\" content=\"es_ES\" \/>\n<meta property=\"og:type\" content=\"article\" \/>\n<meta property=\"og:title\" content=\"Infonavit reducir\u00e1 tasa de inter\u00e9s y aumentar\u00e1 monto de cr\u00e9dito\" \/>\n<meta property=\"og:description\" content=\"El organismo busca apoyar a los trabajadores con una serie de medidas.Infonavit reducir\u00e1 tasa de inter\u00e9s y aumentar\u00e1 monto de cr\u00e9dito.\" \/>\n<meta property=\"og:url\" content=\"https:\/\/centrourbano.com\/revista\/vivienda\/infonavit-reducira-tasa-de-interes-y-aumentara-monto\/\" \/>\n<meta property=\"og:site_name\" content=\"Centro Urbano\" \/>\n<meta property=\"article:publisher\" content=\"https:\/\/www.facebook.com\/portalcentrourbano\" \/>\n<meta property=\"article:published_time\" content=\"2020-04-30T17:26:28+00:00\" \/>\n<meta property=\"article:modified_time\" content=\"2020-04-30T17:39:14+00:00\" \/>\n<meta property=\"og:image\" content=\"https:\/\/centrourbano.com\/revista\/wp-content\/uploads\/Infonavit-reducir\u00e1-tasa-de-inter\u00e9s-Asamblea-120-Carlos-Mart\u00ednez.jpeg\" \/>\n\t<meta property=\"og:image:width\" content=\"680\" \/>\n\t<meta property=\"og:image:height\" content=\"453\" \/>\n\t<meta property=\"og:image:type\" content=\"image\/jpeg\" \/>\n<meta name=\"author\" content=\"G4A\" \/>\n<meta name=\"twitter:card\" content=\"summary_large_image\" \/>\n<meta name=\"twitter:creator\" content=\"@CentroUrbano\" \/>\n<meta name=\"twitter:site\" content=\"@CentroUrbano\" \/>\n<meta name=\"twitter:label1\" content=\"Escrito por\" \/>\n\t<meta name=\"twitter:data1\" content=\"G4A\" \/>\n\t<meta name=\"twitter:label2\" content=\"Tiempo de lectura\" \/>\n\t<meta name=\"twitter:data2\" content=\"2 minutos\" \/>\n<script type=\"application\/ld+json\" class=\"yoast-schema-graph\">{\"@context\":\"https:\\\/\\\/schema.org\",\"@graph\":[{\"@type\":\"Article\",\"@id\":\"https:\\\/\\\/centrourbano.com\\\/revista\\\/vivienda\\\/infonavit-reducira-tasa-de-interes-y-aumentara-monto\\\/#article\",\"isPartOf\":{\"@id\":\"https:\\\/\\\/centrourbano.com\\\/revista\\\/vivienda\\\/infonavit-reducira-tasa-de-interes-y-aumentara-monto\\\/\"},\"author\":{\"name\":\"G4A\",\"@id\":\"https:\\\/\\\/centrourbano.com\\\/revista\\\/#\\\/schema\\\/person\\\/370fa0ba2d8dd5bde3fdb8b62ad360aa\"},\"headline\":\"Infonavit reducir\u00e1 tasa de inter\u00e9s y aumentar\u00e1 monto de cr\u00e9dito\",\"datePublished\":\"2020-04-30T17:26:28+00:00\",\"dateModified\":\"2020-04-30T17:39:14+00:00\",\"mainEntityOfPage\":{\"@id\":\"https:\\\/\\\/centrourbano.com\\\/revista\\\/vivienda\\\/infonavit-reducira-tasa-de-interes-y-aumentara-monto\\\/\"},\"wordCount\":439,\"commentCount\":0,\"publisher\":{\"@id\":\"https:\\\/\\\/centrourbano.com\\\/revista\\\/#organization\"},\"image\":{\"@id\":\"https:\\\/\\\/centrourbano.com\\\/revista\\\/vivienda\\\/infonavit-reducira-tasa-de-interes-y-aumentara-monto\\\/#primaryimage\"},\"thumbnailUrl\":\"https:\\\/\\\/centrourbano.com\\\/revista\\\/wp-content\\\/uploads\\\/Infonavit-reducir\u00e1-tasa-de-inter\u00e9s-Asamblea-120-Carlos-Mart\u00ednez.jpeg\",\"keywords\":[\"Carlos Mart\u00ednez\",\"cr\u00e9dito\",\"Hipotecas\",\"Infonavit\",\"Tasa de Inter\u00e9s\",\"vivienda\"],\"articleSection\":[\"Vivienda\"],\"inLanguage\":\"es\"},{\"@type\":\"WebPage\",\"@id\":\"https:\\\/\\\/centrourbano.com\\\/revista\\\/vivienda\\\/infonavit-reducira-tasa-de-interes-y-aumentara-monto\\\/\",\"url\":\"https:\\\/\\\/centrourbano.com\\\/revista\\\/vivienda\\\/infonavit-reducira-tasa-de-interes-y-aumentara-monto\\\/\",\"name\":\"Infonavit reducir\u00e1 tasa de inter\u00e9s y aumentar\u00e1 monto de cr\u00e9dito\",\"isPartOf\":{\"@id\":\"https:\\\/\\\/centrourbano.com\\\/revista\\\/#website\"},\"primaryImageOfPage\":{\"@id\":\"https:\\\/\\\/centrourbano.com\\\/revista\\\/vivienda\\\/infonavit-reducira-tasa-de-interes-y-aumentara-monto\\\/#primaryimage\"},\"image\":{\"@id\":\"https:\\\/\\\/centrourbano.com\\\/revista\\\/vivienda\\\/infonavit-reducira-tasa-de-interes-y-aumentara-monto\\\/#primaryimage\"},\"thumbnailUrl\":\"https:\\\/\\\/centrourbano.com\\\/revista\\\/wp-content\\\/uploads\\\/Infonavit-reducir\u00e1-tasa-de-inter\u00e9s-Asamblea-120-Carlos-Mart\u00ednez.jpeg\",\"datePublished\":\"2020-04-30T17:26:28+00:00\",\"dateModified\":\"2020-04-30T17:39:14+00:00\",\"description\":\"El organismo busca apoyar a los trabajadores con una serie de medidas.Infonavit reducir\u00e1 tasa de inter\u00e9s y aumentar\u00e1 monto de cr\u00e9dito.\",\"breadcrumb\":{\"@id\":\"https:\\\/\\\/centrourbano.com\\\/revista\\\/vivienda\\\/infonavit-reducira-tasa-de-interes-y-aumentara-monto\\\/#breadcrumb\"},\"inLanguage\":\"es\",\"potentialAction\":[{\"@type\":\"ReadAction\",\"target\":[\"https:\\\/\\\/centrourbano.com\\\/revista\\\/vivienda\\\/infonavit-reducira-tasa-de-interes-y-aumentara-monto\\\/\"]}]},{\"@type\":\"ImageObject\",\"inLanguage\":\"es\",\"@id\":\"https:\\\/\\\/centrourbano.com\\\/revista\\\/vivienda\\\/infonavit-reducira-tasa-de-interes-y-aumentara-monto\\\/#primaryimage\",\"url\":\"https:\\\/\\\/centrourbano.com\\\/revista\\\/wp-content\\\/uploads\\\/Infonavit-reducir\u00e1-tasa-de-inter\u00e9s-Asamblea-120-Carlos-Mart\u00ednez.jpeg\",\"contentUrl\":\"https:\\\/\\\/centrourbano.com\\\/revista\\\/wp-content\\\/uploads\\\/Infonavit-reducir\u00e1-tasa-de-inter\u00e9s-Asamblea-120-Carlos-Mart\u00ednez.jpeg\",\"width\":680,\"height\":453,\"caption\":\"Infonavit reducir\u00e1 tasa de inter\u00e9s-Asamblea 120-Carlos Mart\u00ednez\"},{\"@type\":\"BreadcrumbList\",\"@id\":\"https:\\\/\\\/centrourbano.com\\\/revista\\\/vivienda\\\/infonavit-reducira-tasa-de-interes-y-aumentara-monto\\\/#breadcrumb\",\"itemListElement\":[{\"@type\":\"ListItem\",\"position\":1,\"name\":\"Portada\",\"item\":\"https:\\\/\\\/centrourbano.com\\\/revista\\\/\"},{\"@type\":\"ListItem\",\"position\":2,\"name\":\"Infonavit reducir\u00e1 tasa de inter\u00e9s y aumentar\u00e1 monto de cr\u00e9dito\"}]},{\"@type\":\"WebSite\",\"@id\":\"https:\\\/\\\/centrourbano.com\\\/revista\\\/#website\",\"url\":\"https:\\\/\\\/centrourbano.com\\\/revista\\\/\",\"name\":\"Centro Urbano\",\"description\":\"Medio especializado en los sectores vivienda, inmobiliario, construcci\u00f3n, arquitectura y urbanismo.\",\"publisher\":{\"@id\":\"https:\\\/\\\/centrourbano.com\\\/revista\\\/#organization\"},\"potentialAction\":[{\"@type\":\"SearchAction\",\"target\":{\"@type\":\"EntryPoint\",\"urlTemplate\":\"https:\\\/\\\/centrourbano.com\\\/revista\\\/?s={search_term_string}\"},\"query-input\":{\"@type\":\"PropertyValueSpecification\",\"valueRequired\":true,\"valueName\":\"search_term_string\"}}],\"inLanguage\":\"es\"},{\"@type\":\"Organization\",\"@id\":\"https:\\\/\\\/centrourbano.com\\\/revista\\\/#organization\",\"name\":\"Centro Urbano\",\"url\":\"https:\\\/\\\/centrourbano.com\\\/revista\\\/\",\"logo\":{\"@type\":\"ImageObject\",\"inLanguage\":\"es\",\"@id\":\"https:\\\/\\\/centrourbano.com\\\/revista\\\/#\\\/schema\\\/logo\\\/image\\\/\",\"url\":\"https:\\\/\\\/centrourbano.com\\\/revista\\\/wp-content\\\/uploads\\\/web_CU_logo-1.png\",\"contentUrl\":\"https:\\\/\\\/centrourbano.com\\\/revista\\\/wp-content\\\/uploads\\\/web_CU_logo-1.png\",\"width\":350,\"height\":91,\"caption\":\"Centro Urbano\"},\"image\":{\"@id\":\"https:\\\/\\\/centrourbano.com\\\/revista\\\/#\\\/schema\\\/logo\\\/image\\\/\"},\"sameAs\":[\"https:\\\/\\\/www.facebook.com\\\/portalcentrourbano\",\"https:\\\/\\\/x.com\\\/CentroUrbano\",\"https:\\\/\\\/www.instagram.com\\\/centro_urbano\\\/\",\"https:\\\/\\\/www.linkedin.com\\\/company\\\/centro-urbano\\\/\",\"http:\\\/\\\/www.youtube.com\\\/user\\\/portalcentrourbano\"]},{\"@type\":\"Person\",\"@id\":\"https:\\\/\\\/centrourbano.com\\\/revista\\\/#\\\/schema\\\/person\\\/370fa0ba2d8dd5bde3fdb8b62ad360aa\",\"name\":\"G4A\",\"image\":{\"@type\":\"ImageObject\",\"inLanguage\":\"es\",\"@id\":\"https:\\\/\\\/secure.gravatar.com\\\/avatar\\\/932a97121b13d5de5bbd8193c6c83d3b92c9eda0f39623607d4280e7a5778d97?s=96&d=mm&r=g\",\"url\":\"https:\\\/\\\/secure.gravatar.com\\\/avatar\\\/932a97121b13d5de5bbd8193c6c83d3b92c9eda0f39623607d4280e7a5778d97?s=96&d=mm&r=g\",\"contentUrl\":\"https:\\\/\\\/secure.gravatar.com\\\/avatar\\\/932a97121b13d5de5bbd8193c6c83d3b92c9eda0f39623607d4280e7a5778d97?s=96&d=mm&r=g\",\"caption\":\"G4A\"},\"url\":\"https:\\\/\\\/centrourbano.com\\\/revista\\\/author\\\/admin-g4a\\\/\"}]}<\/script>\n<!-- \/ Yoast SEO plugin. -->","yoast_head_json":{"title":"Infonavit reducir\u00e1 tasa de inter\u00e9s y aumentar\u00e1 monto de cr\u00e9dito","description":"El organismo busca apoyar a los trabajadores con una serie de medidas.Infonavit reducir\u00e1 tasa de inter\u00e9s y aumentar\u00e1 monto de cr\u00e9dito.","robots":{"index":"index","follow":"follow","max-snippet":"max-snippet:-1","max-image-preview":"max-image-preview:large","max-video-preview":"max-video-preview:-1"},"canonical":"https:\/\/centrourbano.com\/revista\/vivienda\/infonavit-reducira-tasa-de-interes-y-aumentara-monto\/","og_locale":"es_ES","og_type":"article","og_title":"Infonavit reducir\u00e1 tasa de inter\u00e9s y aumentar\u00e1 monto de cr\u00e9dito","og_description":"El organismo busca apoyar a los trabajadores con una serie de medidas.Infonavit reducir\u00e1 tasa de inter\u00e9s y aumentar\u00e1 monto de cr\u00e9dito.","og_url":"https:\/\/centrourbano.com\/revista\/vivienda\/infonavit-reducira-tasa-de-interes-y-aumentara-monto\/","og_site_name":"Centro Urbano","article_publisher":"https:\/\/www.facebook.com\/portalcentrourbano","article_published_time":"2020-04-30T17:26:28+00:00","article_modified_time":"2020-04-30T17:39:14+00:00","og_image":[{"width":680,"height":453,"url":"https:\/\/centrourbano.com\/revista\/wp-content\/uploads\/Infonavit-reducir\u00e1-tasa-de-inter\u00e9s-Asamblea-120-Carlos-Mart\u00ednez.jpeg","type":"image\/jpeg"}],"author":"G4A","twitter_card":"summary_large_image","twitter_creator":"@CentroUrbano","twitter_site":"@CentroUrbano","twitter_misc":{"Escrito por":"G4A","Tiempo de lectura":"2 minutos"},"schema":{"@context":"https:\/\/schema.org","@graph":[{"@type":"Article","@id":"https:\/\/centrourbano.com\/revista\/vivienda\/infonavit-reducira-tasa-de-interes-y-aumentara-monto\/#article","isPartOf":{"@id":"https:\/\/centrourbano.com\/revista\/vivienda\/infonavit-reducira-tasa-de-interes-y-aumentara-monto\/"},"author":{"name":"G4A","@id":"https:\/\/centrourbano.com\/revista\/#\/schema\/person\/370fa0ba2d8dd5bde3fdb8b62ad360aa"},"headline":"Infonavit reducir\u00e1 tasa de inter\u00e9s y aumentar\u00e1 monto de cr\u00e9dito","datePublished":"2020-04-30T17:26:28+00:00","dateModified":"2020-04-30T17:39:14+00:00","mainEntityOfPage":{"@id":"https:\/\/centrourbano.com\/revista\/vivienda\/infonavit-reducira-tasa-de-interes-y-aumentara-monto\/"},"wordCount":439,"commentCount":0,"publisher":{"@id":"https:\/\/centrourbano.com\/revista\/#organization"},"image":{"@id":"https:\/\/centrourbano.com\/revista\/vivienda\/infonavit-reducira-tasa-de-interes-y-aumentara-monto\/#primaryimage"},"thumbnailUrl":"https:\/\/centrourbano.com\/revista\/wp-content\/uploads\/Infonavit-reducir\u00e1-tasa-de-inter\u00e9s-Asamblea-120-Carlos-Mart\u00ednez.jpeg","keywords":["Carlos Mart\u00ednez","cr\u00e9dito","Hipotecas","Infonavit","Tasa de Inter\u00e9s","vivienda"],"articleSection":["Vivienda"],"inLanguage":"es"},{"@type":"WebPage","@id":"https:\/\/centrourbano.com\/revista\/vivienda\/infonavit-reducira-tasa-de-interes-y-aumentara-monto\/","url":"https:\/\/centrourbano.com\/revista\/vivienda\/infonavit-reducira-tasa-de-interes-y-aumentara-monto\/","name":"Infonavit reducir\u00e1 tasa de inter\u00e9s y aumentar\u00e1 monto de cr\u00e9dito","isPartOf":{"@id":"https:\/\/centrourbano.com\/revista\/#website"},"primaryImageOfPage":{"@id":"https:\/\/centrourbano.com\/revista\/vivienda\/infonavit-reducira-tasa-de-interes-y-aumentara-monto\/#primaryimage"},"image":{"@id":"https:\/\/centrourbano.com\/revista\/vivienda\/infonavit-reducira-tasa-de-interes-y-aumentara-monto\/#primaryimage"},"thumbnailUrl":"https:\/\/centrourbano.com\/revista\/wp-content\/uploads\/Infonavit-reducir\u00e1-tasa-de-inter\u00e9s-Asamblea-120-Carlos-Mart\u00ednez.jpeg","datePublished":"2020-04-30T17:26:28+00:00","dateModified":"2020-04-30T17:39:14+00:00","description":"El organismo busca apoyar a los trabajadores con una serie de medidas.Infonavit reducir\u00e1 tasa de inter\u00e9s y aumentar\u00e1 monto de cr\u00e9dito.","breadcrumb":{"@id":"https:\/\/centrourbano.com\/revista\/vivienda\/infonavit-reducira-tasa-de-interes-y-aumentara-monto\/#breadcrumb"},"inLanguage":"es","potentialAction":[{"@type":"ReadAction","target":["https:\/\/centrourbano.com\/revista\/vivienda\/infonavit-reducira-tasa-de-interes-y-aumentara-monto\/"]}]},{"@type":"ImageObject","inLanguage":"es","@id":"https:\/\/centrourbano.com\/revista\/vivienda\/infonavit-reducira-tasa-de-interes-y-aumentara-monto\/#primaryimage","url":"https:\/\/centrourbano.com\/revista\/wp-content\/uploads\/Infonavit-reducir\u00e1-tasa-de-inter\u00e9s-Asamblea-120-Carlos-Mart\u00ednez.jpeg","contentUrl":"https:\/\/centrourbano.com\/revista\/wp-content\/uploads\/Infonavit-reducir\u00e1-tasa-de-inter\u00e9s-Asamblea-120-Carlos-Mart\u00ednez.jpeg","width":680,"height":453,"caption":"Infonavit reducir\u00e1 tasa de inter\u00e9s-Asamblea 120-Carlos Mart\u00ednez"},{"@type":"BreadcrumbList","@id":"https:\/\/centrourbano.com\/revista\/vivienda\/infonavit-reducira-tasa-de-interes-y-aumentara-monto\/#breadcrumb","itemListElement":[{"@type":"ListItem","position":1,"name":"Portada","item":"https:\/\/centrourbano.com\/revista\/"},{"@type":"ListItem","position":2,"name":"Infonavit reducir\u00e1 tasa de inter\u00e9s y aumentar\u00e1 monto de cr\u00e9dito"}]},{"@type":"WebSite","@id":"https:\/\/centrourbano.com\/revista\/#website","url":"https:\/\/centrourbano.com\/revista\/","name":"Centro Urbano","description":"Medio especializado en los sectores vivienda, inmobiliario, construcci\u00f3n, arquitectura y urbanismo.","publisher":{"@id":"https:\/\/centrourbano.com\/revista\/#organization"},"potentialAction":[{"@type":"SearchAction","target":{"@type":"EntryPoint","urlTemplate":"https:\/\/centrourbano.com\/revista\/?s={search_term_string}"},"query-input":{"@type":"PropertyValueSpecification","valueRequired":true,"valueName":"search_term_string"}}],"inLanguage":"es"},{"@type":"Organization","@id":"https:\/\/centrourbano.com\/revista\/#organization","name":"Centro Urbano","url":"https:\/\/centrourbano.com\/revista\/","logo":{"@type":"ImageObject","inLanguage":"es","@id":"https:\/\/centrourbano.com\/revista\/#\/schema\/logo\/image\/","url":"https:\/\/centrourbano.com\/revista\/wp-content\/uploads\/web_CU_logo-1.png","contentUrl":"https:\/\/centrourbano.com\/revista\/wp-content\/uploads\/web_CU_logo-1.png","width":350,"height":91,"caption":"Centro Urbano"},"image":{"@id":"https:\/\/centrourbano.com\/revista\/#\/schema\/logo\/image\/"},"sameAs":["https:\/\/www.facebook.com\/portalcentrourbano","https:\/\/x.com\/CentroUrbano","https:\/\/www.instagram.com\/centro_urbano\/","https:\/\/www.linkedin.com\/company\/centro-urbano\/","http:\/\/www.youtube.com\/user\/portalcentrourbano"]},{"@type":"Person","@id":"https:\/\/centrourbano.com\/revista\/#\/schema\/person\/370fa0ba2d8dd5bde3fdb8b62ad360aa","name":"G4A","image":{"@type":"ImageObject","inLanguage":"es","@id":"https:\/\/secure.gravatar.com\/avatar\/932a97121b13d5de5bbd8193c6c83d3b92c9eda0f39623607d4280e7a5778d97?s=96&d=mm&r=g","url":"https:\/\/secure.gravatar.com\/avatar\/932a97121b13d5de5bbd8193c6c83d3b92c9eda0f39623607d4280e7a5778d97?s=96&d=mm&r=g","contentUrl":"https:\/\/secure.gravatar.com\/avatar\/932a97121b13d5de5bbd8193c6c83d3b92c9eda0f39623607d4280e7a5778d97?s=96&d=mm&r=g","caption":"G4A"},"url":"https:\/\/centrourbano.com\/revista\/author\/admin-g4a\/"}]}},"_links":{"self":[{"href":"https:\/\/centrourbano.com\/revista\/wp-json\/wp\/v2\/posts\/105892","targetHints":{"allow":["GET"]}}],"collection":[{"href":"https:\/\/centrourbano.com\/revista\/wp-json\/wp\/v2\/posts"}],"about":[{"href":"https:\/\/centrourbano.com\/revista\/wp-json\/wp\/v2\/types\/post"}],"author":[{"embeddable":true,"href":"https:\/\/centrourbano.com\/revista\/wp-json\/wp\/v2\/users\/77"}],"replies":[{"embeddable":true,"href":"https:\/\/centrourbano.com\/revista\/wp-json\/wp\/v2\/comments?post=105892"}],"version-history":[{"count":7,"href":"https:\/\/centrourbano.com\/revista\/wp-json\/wp\/v2\/posts\/105892\/revisions"}],"predecessor-version":[{"id":106097,"href":"https:\/\/centrourbano.com\/revista\/wp-json\/wp\/v2\/posts\/105892\/revisions\/106097"}],"wp:featuredmedia":[{"embeddable":true,"href":"https:\/\/centrourbano.com\/revista\/wp-json\/wp\/v2\/media\/105893"}],"wp:attachment":[{"href":"https:\/\/centrourbano.com\/revista\/wp-json\/wp\/v2\/media?parent=105892"}],"wp:term":[{"taxonomy":"category","embeddable":true,"href":"https:\/\/centrourbano.com\/revista\/wp-json\/wp\/v2\/categories?post=105892"},{"taxonomy":"post_tag","embeddable":true,"href":"https:\/\/centrourbano.com\/revista\/wp-json\/wp\/v2\/tags?post=105892"}],"curies":[{"name":"wp","href":"https:\/\/api.w.org\/{rel}","templated":true}]}}