{"id":105666,"date":"2020-04-24T13:31:05","date_gmt":"2020-04-24T18:31:05","guid":{"rendered":"https:\/\/centrourbano.com\/?p=105666"},"modified":"2020-04-24T13:34:48","modified_gmt":"2020-04-24T18:34:48","slug":"fondo-europeo-quiere-invertir-20-millones-de-dolares-en-vinte","status":"publish","type":"post","link":"https:\/\/centrourbano.com\/revista\/vivienda\/fondo-europeo-quiere-invertir-20-millones-de-dolares-en-vinte\/","title":{"rendered":"Fondo europeo quiere invertir 20 millones de d\u00f3lares en Vinte"},"content":{"rendered":"<p><em>La empresa recibi\u00f3 una carta de inter\u00e9s para la compra de acciones <\/em><!--more--><\/p>\n<p>Una nueva <strong>propuesta de inversi\u00f3n<\/strong> ha tocado la puerta de la desarrolladora de vivienda <strong>Vinte<\/strong>. Ahora, un <strong>fondo europeo<\/strong> ha planteado la intenci\u00f3n de invertir hasta <strong>20 millones de d\u00f3lares<\/strong> en la empresa que encabeza <a href=\"https:\/\/twitter.com\/SergioLealVinte\" target=\"_blank\" rel=\"noopener noreferrer\">Sergio Leal<\/a>.<\/p>\n<p>De acuerdo con lo informado por la desarrolladora, el fondo, al que se limit\u00f3 decir que es <strong>administrado e impulsado por un gobierno europeo<\/strong>, ha presentado una carta para <strong>suscribir un paquete de acciones de la empresa<\/strong>. La operaci\u00f3n implicar\u00eda un costo de adquisici\u00f3n de <strong>27.70 pesos por papel<\/strong>.<\/p>\n<h4>Visi\u00f3n sustentable<\/h4>\n<p>La propuesta de inversi\u00f3n estar\u00eda alineada a impulsar la <strong>visi\u00f3n sustentable de la empresa<\/strong>. Y es que, el fondo interesado en inyectar el capital tiene como eje de acci\u00f3n invertir en empresas con <strong>alto impacto social y verde<\/strong>.<\/p>\n<p>\u201cSe recibi\u00f3 una carta de inter\u00e9s no vinculante de suscripci\u00f3n de acciones de Vinte por parte de un fondo manejado e impulsado por el gobierno de un pa\u00eds europeo cuyos objetivos de inversi\u00f3n se enfocan en impacto sustentable a trav\u00e9s de empresas que ayuden al cumplimiento de los Objetivos de Desarrollo Sostenible de la ONU (SDGs por sus siglas en ingl\u00e9s)\u201d.<\/p>\n<p>La empresa de vivienda destac\u00f3 que la carta de inter\u00e9s <strong>condiciona la operaci\u00f3n<\/strong> a una \u201ccolocaci\u00f3n primaria de acciones por parte de la compa\u00f1\u00eda. Decisi\u00f3n que, apunt\u00f3, estar\u00e1 sujeto al an\u00e1lisis y recomendaciones que al efecto realicen los Comit\u00e9s de Auditor\u00eda y Pr\u00e1cticas Societarias y el Consejo de Administraci\u00f3n de Vinte\u201d.<\/p>\n<p>\u201cLa carta de inter\u00e9s menciona que la posible inversi\u00f3n queda sujeta al an\u00e1lisis y aprobaciones en los comit\u00e9s del fondo. El paquete de acciones a adquirir ser\u00eda por un monto equivalente de hasta $20 millones de d\u00f3lares estadounidenses; a un precio m\u00e1ximo de $27.70 pesos por acci\u00f3n, sujeto tanto a la previa aprobaci\u00f3n de la Asamblea General de Accionistas de Vinte, como a los derechos de preferencia para suscribirlas aplicables de los accionistas de Vinte\u201d.<\/p>\n<h4>Vinte, con atractivo internacional<\/h4>\n<p>Es preciso recordar que en 2019, Vinte recibi\u00f3 la oferta del <strong>banco franc\u00e9s <a href=\"https:\/\/centrourbano.com\/2019\/06\/19\/banco-frances-inversion-vinte\/\" target=\"_blank\" rel=\"noopener noreferrer\">Proparco<\/a><\/strong>, para la compra de 20 millones de d\u00f3lares en acciones. Al igual que ahora, la visi\u00f3n de esta instituci\u00f3n ten\u00eda que ver con invertir en empresas con alto impacto social y sustentable.<\/p>\n","protected":false},"excerpt":{"rendered":"<p>La empresa recibi\u00f3 una carta de inter\u00e9s para la compra de acciones<\/p>\n","protected":false},"author":77,"featured_media":105669,"comment_status":"open","ping_status":"closed","sticky":false,"template":"","format":"standard","meta":{"inline_featured_image":false,"footnotes":""},"categories":[12],"tags":[18146,67,1073,373,60],"class_list":["post-105666","post","type-post","status-publish","format-standard","has-post-thumbnail","hentry","category-vivienda","tag-fondo-europeo","tag-inversion","tag-sergio-leal","tag-vinte","tag-vivienda-2"],"yoast_head":"<!-- This site is optimized with the Yoast SEO plugin v28.4 - https:\/\/yoast.com\/product\/yoast-seo-wordpress\/ -->\n<title>Fondo europeo quiere invertir 20 millones de d\u00f3lares en Vinte<\/title>\n<meta name=\"description\" content=\"La empresa recibi\u00f3 una carta de inter\u00e9s para la compra de acciones. Fondo europeo quiere invertir 20 millones de d\u00f3lares en Vinte.\" \/>\n<meta name=\"robots\" content=\"index, follow, max-snippet:-1, max-image-preview:large, max-video-preview:-1\" \/>\n<link rel=\"canonical\" href=\"https:\/\/centrourbano.com\/revista\/vivienda\/fondo-europeo-quiere-invertir-20-millones-de-dolares-en-vinte\/\" \/>\n<meta property=\"og:locale\" content=\"es_ES\" \/>\n<meta property=\"og:type\" content=\"article\" \/>\n<meta property=\"og:title\" content=\"Fondo europeo quiere invertir 20 millones de d\u00f3lares en Vinte\" \/>\n<meta property=\"og:description\" content=\"La empresa recibi\u00f3 una carta de inter\u00e9s para la compra de acciones. Fondo europeo quiere invertir 20 millones de d\u00f3lares en Vinte.\" \/>\n<meta property=\"og:url\" content=\"https:\/\/centrourbano.com\/revista\/vivienda\/fondo-europeo-quiere-invertir-20-millones-de-dolares-en-vinte\/\" \/>\n<meta property=\"og:site_name\" content=\"Centro Urbano\" \/>\n<meta property=\"article:publisher\" content=\"https:\/\/www.facebook.com\/portalcentrourbano\" \/>\n<meta property=\"article:published_time\" content=\"2020-04-24T18:31:05+00:00\" \/>\n<meta property=\"article:modified_time\" content=\"2020-04-24T18:34:48+00:00\" \/>\n<meta property=\"og:image\" content=\"https:\/\/centrourbano.com\/revista\/wp-content\/uploads\/Fondo-europeo-quiere-invertir-20-millones-de-d\u00f3lares-en-Vinte-Sergio-Leal-inversi\u00f3n.jpg\" \/>\n\t<meta property=\"og:image:width\" content=\"680\" \/>\n\t<meta property=\"og:image:height\" content=\"510\" \/>\n\t<meta property=\"og:image:type\" content=\"image\/jpeg\" \/>\n<meta name=\"author\" content=\"G4A\" \/>\n<meta name=\"twitter:card\" content=\"summary_large_image\" \/>\n<meta name=\"twitter:creator\" content=\"@CentroUrbano\" \/>\n<meta name=\"twitter:site\" content=\"@CentroUrbano\" \/>\n<meta name=\"twitter:label1\" content=\"Escrito por\" \/>\n\t<meta name=\"twitter:data1\" content=\"G4A\" \/>\n\t<meta name=\"twitter:label2\" content=\"Tiempo de lectura\" \/>\n\t<meta name=\"twitter:data2\" content=\"2 minutos\" \/>\n<script type=\"application\/ld+json\" class=\"yoast-schema-graph\">{\"@context\":\"https:\\\/\\\/schema.org\",\"@graph\":[{\"@type\":\"Article\",\"@id\":\"https:\\\/\\\/centrourbano.com\\\/revista\\\/vivienda\\\/fondo-europeo-quiere-invertir-20-millones-de-dolares-en-vinte\\\/#article\",\"isPartOf\":{\"@id\":\"https:\\\/\\\/centrourbano.com\\\/revista\\\/vivienda\\\/fondo-europeo-quiere-invertir-20-millones-de-dolares-en-vinte\\\/\"},\"author\":{\"name\":\"G4A\",\"@id\":\"https:\\\/\\\/centrourbano.com\\\/revista\\\/#\\\/schema\\\/person\\\/370fa0ba2d8dd5bde3fdb8b62ad360aa\"},\"headline\":\"Fondo europeo quiere invertir 20 millones de d\u00f3lares en Vinte\",\"datePublished\":\"2020-04-24T18:31:05+00:00\",\"dateModified\":\"2020-04-24T18:34:48+00:00\",\"mainEntityOfPage\":{\"@id\":\"https:\\\/\\\/centrourbano.com\\\/revista\\\/vivienda\\\/fondo-europeo-quiere-invertir-20-millones-de-dolares-en-vinte\\\/\"},\"wordCount\":421,\"commentCount\":0,\"publisher\":{\"@id\":\"https:\\\/\\\/centrourbano.com\\\/revista\\\/#organization\"},\"image\":{\"@id\":\"https:\\\/\\\/centrourbano.com\\\/revista\\\/vivienda\\\/fondo-europeo-quiere-invertir-20-millones-de-dolares-en-vinte\\\/#primaryimage\"},\"thumbnailUrl\":\"https:\\\/\\\/centrourbano.com\\\/revista\\\/wp-content\\\/uploads\\\/Fondo-europeo-quiere-invertir-20-millones-de-d\u00f3lares-en-Vinte-Sergio-Leal-inversi\u00f3n.jpg\",\"keywords\":[\"fondo europeo\",\"inversi\u00f3n\",\"Sergio Leal\",\"Vinte\",\"vivienda\"],\"articleSection\":[\"Vivienda\"],\"inLanguage\":\"es\"},{\"@type\":\"WebPage\",\"@id\":\"https:\\\/\\\/centrourbano.com\\\/revista\\\/vivienda\\\/fondo-europeo-quiere-invertir-20-millones-de-dolares-en-vinte\\\/\",\"url\":\"https:\\\/\\\/centrourbano.com\\\/revista\\\/vivienda\\\/fondo-europeo-quiere-invertir-20-millones-de-dolares-en-vinte\\\/\",\"name\":\"Fondo europeo quiere invertir 20 millones de d\u00f3lares en Vinte\",\"isPartOf\":{\"@id\":\"https:\\\/\\\/centrourbano.com\\\/revista\\\/#website\"},\"primaryImageOfPage\":{\"@id\":\"https:\\\/\\\/centrourbano.com\\\/revista\\\/vivienda\\\/fondo-europeo-quiere-invertir-20-millones-de-dolares-en-vinte\\\/#primaryimage\"},\"image\":{\"@id\":\"https:\\\/\\\/centrourbano.com\\\/revista\\\/vivienda\\\/fondo-europeo-quiere-invertir-20-millones-de-dolares-en-vinte\\\/#primaryimage\"},\"thumbnailUrl\":\"https:\\\/\\\/centrourbano.com\\\/revista\\\/wp-content\\\/uploads\\\/Fondo-europeo-quiere-invertir-20-millones-de-d\u00f3lares-en-Vinte-Sergio-Leal-inversi\u00f3n.jpg\",\"datePublished\":\"2020-04-24T18:31:05+00:00\",\"dateModified\":\"2020-04-24T18:34:48+00:00\",\"description\":\"La empresa recibi\u00f3 una carta de inter\u00e9s para la compra de acciones. Fondo europeo quiere invertir 20 millones de d\u00f3lares en Vinte.\",\"breadcrumb\":{\"@id\":\"https:\\\/\\\/centrourbano.com\\\/revista\\\/vivienda\\\/fondo-europeo-quiere-invertir-20-millones-de-dolares-en-vinte\\\/#breadcrumb\"},\"inLanguage\":\"es\",\"potentialAction\":[{\"@type\":\"ReadAction\",\"target\":[\"https:\\\/\\\/centrourbano.com\\\/revista\\\/vivienda\\\/fondo-europeo-quiere-invertir-20-millones-de-dolares-en-vinte\\\/\"]}]},{\"@type\":\"ImageObject\",\"inLanguage\":\"es\",\"@id\":\"https:\\\/\\\/centrourbano.com\\\/revista\\\/vivienda\\\/fondo-europeo-quiere-invertir-20-millones-de-dolares-en-vinte\\\/#primaryimage\",\"url\":\"https:\\\/\\\/centrourbano.com\\\/revista\\\/wp-content\\\/uploads\\\/Fondo-europeo-quiere-invertir-20-millones-de-d\u00f3lares-en-Vinte-Sergio-Leal-inversi\u00f3n.jpg\",\"contentUrl\":\"https:\\\/\\\/centrourbano.com\\\/revista\\\/wp-content\\\/uploads\\\/Fondo-europeo-quiere-invertir-20-millones-de-d\u00f3lares-en-Vinte-Sergio-Leal-inversi\u00f3n.jpg\",\"width\":680,\"height\":510,\"caption\":\"Fondo europeo quiere invertir 20 millones de d\u00f3lares en Vinte-Sergio Leal-inversi\u00f3n\"},{\"@type\":\"BreadcrumbList\",\"@id\":\"https:\\\/\\\/centrourbano.com\\\/revista\\\/vivienda\\\/fondo-europeo-quiere-invertir-20-millones-de-dolares-en-vinte\\\/#breadcrumb\",\"itemListElement\":[{\"@type\":\"ListItem\",\"position\":1,\"name\":\"Portada\",\"item\":\"https:\\\/\\\/centrourbano.com\\\/revista\\\/\"},{\"@type\":\"ListItem\",\"position\":2,\"name\":\"Fondo europeo quiere invertir 20 millones de d\u00f3lares en Vinte\"}]},{\"@type\":\"WebSite\",\"@id\":\"https:\\\/\\\/centrourbano.com\\\/revista\\\/#website\",\"url\":\"https:\\\/\\\/centrourbano.com\\\/revista\\\/\",\"name\":\"Centro Urbano\",\"description\":\"Medio especializado en los sectores vivienda, inmobiliario, construcci\u00f3n, arquitectura y urbanismo.\",\"publisher\":{\"@id\":\"https:\\\/\\\/centrourbano.com\\\/revista\\\/#organization\"},\"potentialAction\":[{\"@type\":\"SearchAction\",\"target\":{\"@type\":\"EntryPoint\",\"urlTemplate\":\"https:\\\/\\\/centrourbano.com\\\/revista\\\/?s={search_term_string}\"},\"query-input\":{\"@type\":\"PropertyValueSpecification\",\"valueRequired\":true,\"valueName\":\"search_term_string\"}}],\"inLanguage\":\"es\"},{\"@type\":\"Organization\",\"@id\":\"https:\\\/\\\/centrourbano.com\\\/revista\\\/#organization\",\"name\":\"Centro Urbano\",\"url\":\"https:\\\/\\\/centrourbano.com\\\/revista\\\/\",\"logo\":{\"@type\":\"ImageObject\",\"inLanguage\":\"es\",\"@id\":\"https:\\\/\\\/centrourbano.com\\\/revista\\\/#\\\/schema\\\/logo\\\/image\\\/\",\"url\":\"https:\\\/\\\/centrourbano.com\\\/revista\\\/wp-content\\\/uploads\\\/web_CU_logo-1.png\",\"contentUrl\":\"https:\\\/\\\/centrourbano.com\\\/revista\\\/wp-content\\\/uploads\\\/web_CU_logo-1.png\",\"width\":350,\"height\":91,\"caption\":\"Centro Urbano\"},\"image\":{\"@id\":\"https:\\\/\\\/centrourbano.com\\\/revista\\\/#\\\/schema\\\/logo\\\/image\\\/\"},\"sameAs\":[\"https:\\\/\\\/www.facebook.com\\\/portalcentrourbano\",\"https:\\\/\\\/x.com\\\/CentroUrbano\",\"https:\\\/\\\/www.instagram.com\\\/centro_urbano\\\/\",\"https:\\\/\\\/www.linkedin.com\\\/company\\\/centro-urbano\\\/\",\"http:\\\/\\\/www.youtube.com\\\/user\\\/portalcentrourbano\"]},{\"@type\":\"Person\",\"@id\":\"https:\\\/\\\/centrourbano.com\\\/revista\\\/#\\\/schema\\\/person\\\/370fa0ba2d8dd5bde3fdb8b62ad360aa\",\"name\":\"G4A\",\"image\":{\"@type\":\"ImageObject\",\"inLanguage\":\"es\",\"@id\":\"https:\\\/\\\/secure.gravatar.com\\\/avatar\\\/932a97121b13d5de5bbd8193c6c83d3b92c9eda0f39623607d4280e7a5778d97?s=96&d=mm&r=g\",\"url\":\"https:\\\/\\\/secure.gravatar.com\\\/avatar\\\/932a97121b13d5de5bbd8193c6c83d3b92c9eda0f39623607d4280e7a5778d97?s=96&d=mm&r=g\",\"contentUrl\":\"https:\\\/\\\/secure.gravatar.com\\\/avatar\\\/932a97121b13d5de5bbd8193c6c83d3b92c9eda0f39623607d4280e7a5778d97?s=96&d=mm&r=g\",\"caption\":\"G4A\"},\"url\":\"https:\\\/\\\/centrourbano.com\\\/revista\\\/author\\\/admin-g4a\\\/\"}]}<\/script>\n<!-- \/ Yoast SEO plugin. -->","yoast_head_json":{"title":"Fondo europeo quiere invertir 20 millones de d\u00f3lares en Vinte","description":"La empresa recibi\u00f3 una carta de inter\u00e9s para la compra de acciones. Fondo europeo quiere invertir 20 millones de d\u00f3lares en Vinte.","robots":{"index":"index","follow":"follow","max-snippet":"max-snippet:-1","max-image-preview":"max-image-preview:large","max-video-preview":"max-video-preview:-1"},"canonical":"https:\/\/centrourbano.com\/revista\/vivienda\/fondo-europeo-quiere-invertir-20-millones-de-dolares-en-vinte\/","og_locale":"es_ES","og_type":"article","og_title":"Fondo europeo quiere invertir 20 millones de d\u00f3lares en Vinte","og_description":"La empresa recibi\u00f3 una carta de inter\u00e9s para la compra de acciones. Fondo europeo quiere invertir 20 millones de d\u00f3lares en Vinte.","og_url":"https:\/\/centrourbano.com\/revista\/vivienda\/fondo-europeo-quiere-invertir-20-millones-de-dolares-en-vinte\/","og_site_name":"Centro Urbano","article_publisher":"https:\/\/www.facebook.com\/portalcentrourbano","article_published_time":"2020-04-24T18:31:05+00:00","article_modified_time":"2020-04-24T18:34:48+00:00","og_image":[{"width":680,"height":510,"url":"https:\/\/centrourbano.com\/revista\/wp-content\/uploads\/Fondo-europeo-quiere-invertir-20-millones-de-d\u00f3lares-en-Vinte-Sergio-Leal-inversi\u00f3n.jpg","type":"image\/jpeg"}],"author":"G4A","twitter_card":"summary_large_image","twitter_creator":"@CentroUrbano","twitter_site":"@CentroUrbano","twitter_misc":{"Escrito por":"G4A","Tiempo de lectura":"2 minutos"},"schema":{"@context":"https:\/\/schema.org","@graph":[{"@type":"Article","@id":"https:\/\/centrourbano.com\/revista\/vivienda\/fondo-europeo-quiere-invertir-20-millones-de-dolares-en-vinte\/#article","isPartOf":{"@id":"https:\/\/centrourbano.com\/revista\/vivienda\/fondo-europeo-quiere-invertir-20-millones-de-dolares-en-vinte\/"},"author":{"name":"G4A","@id":"https:\/\/centrourbano.com\/revista\/#\/schema\/person\/370fa0ba2d8dd5bde3fdb8b62ad360aa"},"headline":"Fondo europeo quiere invertir 20 millones de d\u00f3lares en Vinte","datePublished":"2020-04-24T18:31:05+00:00","dateModified":"2020-04-24T18:34:48+00:00","mainEntityOfPage":{"@id":"https:\/\/centrourbano.com\/revista\/vivienda\/fondo-europeo-quiere-invertir-20-millones-de-dolares-en-vinte\/"},"wordCount":421,"commentCount":0,"publisher":{"@id":"https:\/\/centrourbano.com\/revista\/#organization"},"image":{"@id":"https:\/\/centrourbano.com\/revista\/vivienda\/fondo-europeo-quiere-invertir-20-millones-de-dolares-en-vinte\/#primaryimage"},"thumbnailUrl":"https:\/\/centrourbano.com\/revista\/wp-content\/uploads\/Fondo-europeo-quiere-invertir-20-millones-de-d\u00f3lares-en-Vinte-Sergio-Leal-inversi\u00f3n.jpg","keywords":["fondo europeo","inversi\u00f3n","Sergio Leal","Vinte","vivienda"],"articleSection":["Vivienda"],"inLanguage":"es"},{"@type":"WebPage","@id":"https:\/\/centrourbano.com\/revista\/vivienda\/fondo-europeo-quiere-invertir-20-millones-de-dolares-en-vinte\/","url":"https:\/\/centrourbano.com\/revista\/vivienda\/fondo-europeo-quiere-invertir-20-millones-de-dolares-en-vinte\/","name":"Fondo europeo quiere invertir 20 millones de d\u00f3lares en Vinte","isPartOf":{"@id":"https:\/\/centrourbano.com\/revista\/#website"},"primaryImageOfPage":{"@id":"https:\/\/centrourbano.com\/revista\/vivienda\/fondo-europeo-quiere-invertir-20-millones-de-dolares-en-vinte\/#primaryimage"},"image":{"@id":"https:\/\/centrourbano.com\/revista\/vivienda\/fondo-europeo-quiere-invertir-20-millones-de-dolares-en-vinte\/#primaryimage"},"thumbnailUrl":"https:\/\/centrourbano.com\/revista\/wp-content\/uploads\/Fondo-europeo-quiere-invertir-20-millones-de-d\u00f3lares-en-Vinte-Sergio-Leal-inversi\u00f3n.jpg","datePublished":"2020-04-24T18:31:05+00:00","dateModified":"2020-04-24T18:34:48+00:00","description":"La empresa recibi\u00f3 una carta de inter\u00e9s para la compra de acciones. Fondo europeo quiere invertir 20 millones de d\u00f3lares en Vinte.","breadcrumb":{"@id":"https:\/\/centrourbano.com\/revista\/vivienda\/fondo-europeo-quiere-invertir-20-millones-de-dolares-en-vinte\/#breadcrumb"},"inLanguage":"es","potentialAction":[{"@type":"ReadAction","target":["https:\/\/centrourbano.com\/revista\/vivienda\/fondo-europeo-quiere-invertir-20-millones-de-dolares-en-vinte\/"]}]},{"@type":"ImageObject","inLanguage":"es","@id":"https:\/\/centrourbano.com\/revista\/vivienda\/fondo-europeo-quiere-invertir-20-millones-de-dolares-en-vinte\/#primaryimage","url":"https:\/\/centrourbano.com\/revista\/wp-content\/uploads\/Fondo-europeo-quiere-invertir-20-millones-de-d\u00f3lares-en-Vinte-Sergio-Leal-inversi\u00f3n.jpg","contentUrl":"https:\/\/centrourbano.com\/revista\/wp-content\/uploads\/Fondo-europeo-quiere-invertir-20-millones-de-d\u00f3lares-en-Vinte-Sergio-Leal-inversi\u00f3n.jpg","width":680,"height":510,"caption":"Fondo europeo quiere invertir 20 millones de d\u00f3lares en Vinte-Sergio Leal-inversi\u00f3n"},{"@type":"BreadcrumbList","@id":"https:\/\/centrourbano.com\/revista\/vivienda\/fondo-europeo-quiere-invertir-20-millones-de-dolares-en-vinte\/#breadcrumb","itemListElement":[{"@type":"ListItem","position":1,"name":"Portada","item":"https:\/\/centrourbano.com\/revista\/"},{"@type":"ListItem","position":2,"name":"Fondo europeo quiere invertir 20 millones de d\u00f3lares en Vinte"}]},{"@type":"WebSite","@id":"https:\/\/centrourbano.com\/revista\/#website","url":"https:\/\/centrourbano.com\/revista\/","name":"Centro Urbano","description":"Medio especializado en los sectores vivienda, inmobiliario, construcci\u00f3n, arquitectura y urbanismo.","publisher":{"@id":"https:\/\/centrourbano.com\/revista\/#organization"},"potentialAction":[{"@type":"SearchAction","target":{"@type":"EntryPoint","urlTemplate":"https:\/\/centrourbano.com\/revista\/?s={search_term_string}"},"query-input":{"@type":"PropertyValueSpecification","valueRequired":true,"valueName":"search_term_string"}}],"inLanguage":"es"},{"@type":"Organization","@id":"https:\/\/centrourbano.com\/revista\/#organization","name":"Centro Urbano","url":"https:\/\/centrourbano.com\/revista\/","logo":{"@type":"ImageObject","inLanguage":"es","@id":"https:\/\/centrourbano.com\/revista\/#\/schema\/logo\/image\/","url":"https:\/\/centrourbano.com\/revista\/wp-content\/uploads\/web_CU_logo-1.png","contentUrl":"https:\/\/centrourbano.com\/revista\/wp-content\/uploads\/web_CU_logo-1.png","width":350,"height":91,"caption":"Centro Urbano"},"image":{"@id":"https:\/\/centrourbano.com\/revista\/#\/schema\/logo\/image\/"},"sameAs":["https:\/\/www.facebook.com\/portalcentrourbano","https:\/\/x.com\/CentroUrbano","https:\/\/www.instagram.com\/centro_urbano\/","https:\/\/www.linkedin.com\/company\/centro-urbano\/","http:\/\/www.youtube.com\/user\/portalcentrourbano"]},{"@type":"Person","@id":"https:\/\/centrourbano.com\/revista\/#\/schema\/person\/370fa0ba2d8dd5bde3fdb8b62ad360aa","name":"G4A","image":{"@type":"ImageObject","inLanguage":"es","@id":"https:\/\/secure.gravatar.com\/avatar\/932a97121b13d5de5bbd8193c6c83d3b92c9eda0f39623607d4280e7a5778d97?s=96&d=mm&r=g","url":"https:\/\/secure.gravatar.com\/avatar\/932a97121b13d5de5bbd8193c6c83d3b92c9eda0f39623607d4280e7a5778d97?s=96&d=mm&r=g","contentUrl":"https:\/\/secure.gravatar.com\/avatar\/932a97121b13d5de5bbd8193c6c83d3b92c9eda0f39623607d4280e7a5778d97?s=96&d=mm&r=g","caption":"G4A"},"url":"https:\/\/centrourbano.com\/revista\/author\/admin-g4a\/"}]}},"_links":{"self":[{"href":"https:\/\/centrourbano.com\/revista\/wp-json\/wp\/v2\/posts\/105666","targetHints":{"allow":["GET"]}}],"collection":[{"href":"https:\/\/centrourbano.com\/revista\/wp-json\/wp\/v2\/posts"}],"about":[{"href":"https:\/\/centrourbano.com\/revista\/wp-json\/wp\/v2\/types\/post"}],"author":[{"embeddable":true,"href":"https:\/\/centrourbano.com\/revista\/wp-json\/wp\/v2\/users\/77"}],"replies":[{"embeddable":true,"href":"https:\/\/centrourbano.com\/revista\/wp-json\/wp\/v2\/comments?post=105666"}],"version-history":[{"count":3,"href":"https:\/\/centrourbano.com\/revista\/wp-json\/wp\/v2\/posts\/105666\/revisions"}],"predecessor-version":[{"id":105675,"href":"https:\/\/centrourbano.com\/revista\/wp-json\/wp\/v2\/posts\/105666\/revisions\/105675"}],"wp:featuredmedia":[{"embeddable":true,"href":"https:\/\/centrourbano.com\/revista\/wp-json\/wp\/v2\/media\/105669"}],"wp:attachment":[{"href":"https:\/\/centrourbano.com\/revista\/wp-json\/wp\/v2\/media?parent=105666"}],"wp:term":[{"taxonomy":"category","embeddable":true,"href":"https:\/\/centrourbano.com\/revista\/wp-json\/wp\/v2\/categories?post=105666"},{"taxonomy":"post_tag","embeddable":true,"href":"https:\/\/centrourbano.com\/revista\/wp-json\/wp\/v2\/tags?post=105666"}],"curies":[{"name":"wp","href":"https:\/\/api.w.org\/{rel}","templated":true}]}}