{"id":105556,"date":"2020-04-23T12:00:43","date_gmt":"2020-04-23T17:00:43","guid":{"rendered":"https:\/\/centrourbano.com\/?p=105556"},"modified":"2020-04-23T21:15:15","modified_gmt":"2020-04-24T02:15:15","slug":"por-fase-3-de-covid-19-reducen-movilidad-en-el-valle-de-mexico","status":"publish","type":"post","link":"https:\/\/centrourbano.com\/revista\/urbanismo\/por-fase-3-de-covid-19-reducen-movilidad-en-el-valle-de-mexico\/","title":{"rendered":"Por Fase 3 de Covid-19, reducen movilidad en el Valle de M\u00e9xico"},"content":{"rendered":"<p><em>Reducir\u00e1n la afluencia de transportes como Metro, Metrob\u00fas, Transportes el\u00e9ctricos y veh\u00edculos particulares en el Valle de M\u00e9xico<\/em><\/p>\n<p><!--more--><\/p>\n<p>Luego del anuncio por autoridades federales en materia de Salud de la declaratoria de Fase 3 de la Emergencia Sanitaria por Covid-19, el gobierno de la Ciudad de M\u00e9xico (<a href=\"https:\/\/twitter.com\/GobCDMX\">CDMX<\/a>) y el del Estado de M\u00e9xico (<a href=\"https:\/\/twitter.com\/Edomex\">Edom\u00e9x<\/a>) anunciaron medidas en materia de movilidad para reducir afluencia y mitigar contagios.<\/p>\n<h3>Hoy no Circula, para todo el Valle de M\u00e9xico<\/h3>\n<p>Las autoridades del Estado y de la Ciudad de M\u00e9xico informaron que la aplicaci\u00f3n del \u2018Hoy no Circula\u2019 ser\u00e1 aplicado en toda la zona del Valle de M\u00e9xico, para todos los hologramas, incluyendo el 0 y 00; esto aplica tambi\u00e9n para el Valle de Toluca.<\/p>\n<p>Claudia Sheinbaum, jefa de gobierno de la CDMX, explic\u00f3 en su <a href=\"https:\/\/twitter.com\/Claudiashein\/status\/1252777967756836864\">cuenta de Twitter<\/a> que de esta medida \u201cQuedan excluidos de esta medida taxis, transporte de carga, autos de personas con discapacidad y autos conducidos por m\u00e9dic@s y trabajador@s de la salud\u201d.<\/p>\n<p>Tambi\u00e9n a\u00f1adi\u00f3:<\/p>\n<p>\u201cUna precisi\u00f3n importante: el programa \u201cHoy No Circula\u201d aplica para los autom\u00f3viles sin importar el holograma (00,0,1,2) solo EL D\u00cdA que no circula de acuerdo con el \u00faltimo d\u00edgito de su matr\u00edcula.<\/p>\n<h3><a href=\"https:\/\/centrourbano.com\/revista\/wp-content\/uploads\/hoy-no-circula.jpg\"><img loading=\"lazy\" decoding=\"async\" class=\"alignnone size-full wp-image-105559\" src=\"https:\/\/centrourbano.com\/revista\/wp-content\/uploads\/hoy-no-circula.jpg\" alt=\"\" width=\"754\" height=\"505\" srcset=\"https:\/\/centrourbano.com\/revista\/wp-content\/uploads\/hoy-no-circula.jpg 754w, https:\/\/centrourbano.com\/revista\/wp-content\/uploads\/hoy-no-circula-300x201.jpg 300w\" sizes=\"auto, (max-width: 754px) 100vw, 754px\" \/><\/a><\/h3>\n<h3>CDMX cierra estaciones de metro y Metrob\u00fas<\/h3>\n<p>En un comunicado la Secretar\u00eda de Movilidad (Semovi) de la CDMX anunci\u00f3 que a partir del 23 de abril y hasta nuevo aviso, habr\u00e1 cierre del 20% de las estaciones con menor demanda en los sistemas de transporte que conforman la Red de Movilidad Integrada (MI).<\/p>\n<p>Los n\u00fameros por transporte quedan as\u00ed:<\/p>\n<ul>\n<li>36 estaciones del Sistema de Transporte Colectivo Metro<\/li>\n<li>46 estaciones del Metrob\u00fas<\/li>\n<li>4 del Tren Ligero<\/li>\n<\/ul>\n<a href=\"https:\/\/centrourbano.com\/revista\/wp-content\/uploads\/metro-3.jpg\"><img loading=\"lazy\" decoding=\"async\" class=\"alignnone wp-image-105560 size-large\" src=\"https:\/\/centrourbano.com\/revista\/wp-content\/uploads\/metro-3-966x1024.jpg\" alt=\"\" width=\"960\" height=\"1018\" srcset=\"https:\/\/centrourbano.com\/revista\/wp-content\/uploads\/metro-3-966x1024.jpg 966w, https:\/\/centrourbano.com\/revista\/wp-content\/uploads\/metro-3-283x300.jpg 283w, https:\/\/centrourbano.com\/revista\/wp-content\/uploads\/metro-3-768x814.jpg 768w, https:\/\/centrourbano.com\/revista\/wp-content\/uploads\/metro-3-1449x1536.jpg 1449w, https:\/\/centrourbano.com\/revista\/wp-content\/uploads\/metro-3.jpg 1932w\" sizes=\"auto, (max-width: 960px) 100vw, 960px\" \/><\/a>\n<a href=\"https:\/\/centrourbano.com\/revista\/wp-content\/uploads\/metrobus-5.jpg\"><img loading=\"lazy\" decoding=\"async\" class=\"alignnone size-full wp-image-105561\" src=\"https:\/\/centrourbano.com\/revista\/wp-content\/uploads\/metrobus-5.jpg\" alt=\"\" width=\"1932\" height=\"2048\" srcset=\"https:\/\/centrourbano.com\/revista\/wp-content\/uploads\/metrobus-5.jpg 1932w, https:\/\/centrourbano.com\/revista\/wp-content\/uploads\/metrobus-5-283x300.jpg 283w, https:\/\/centrourbano.com\/revista\/wp-content\/uploads\/metrobus-5-966x1024.jpg 966w, https:\/\/centrourbano.com\/revista\/wp-content\/uploads\/metrobus-5-768x814.jpg 768w, https:\/\/centrourbano.com\/revista\/wp-content\/uploads\/metrobus-5-1449x1536.jpg 1449w\" sizes=\"auto, (max-width: 1932px) 100vw, 1932px\" \/><\/a>\n<a href=\"https:\/\/centrourbano.com\/revista\/wp-content\/uploads\/tren-ligero-1.jpg\"><img loading=\"lazy\" decoding=\"async\" class=\"alignnone size-full wp-image-105562\" src=\"https:\/\/centrourbano.com\/revista\/wp-content\/uploads\/tren-ligero-1.jpg\" alt=\"\" width=\"2048\" height=\"2048\" srcset=\"https:\/\/centrourbano.com\/revista\/wp-content\/uploads\/tren-ligero-1.jpg 2048w, https:\/\/centrourbano.com\/revista\/wp-content\/uploads\/tren-ligero-1-300x300.jpg 300w, https:\/\/centrourbano.com\/revista\/wp-content\/uploads\/tren-ligero-1-1024x1024.jpg 1024w, https:\/\/centrourbano.com\/revista\/wp-content\/uploads\/tren-ligero-1-150x150.jpg 150w, https:\/\/centrourbano.com\/revista\/wp-content\/uploads\/tren-ligero-1-768x768.jpg 768w, https:\/\/centrourbano.com\/revista\/wp-content\/uploads\/tren-ligero-1-640x640.jpg 640w, https:\/\/centrourbano.com\/revista\/wp-content\/uploads\/tren-ligero-1-1536x1536.jpg 1536w\" sizes=\"auto, (max-width: 2048px) 100vw, 2048px\" \/><\/a>\n<p>El objetivo de esta medida es, explicaron, aumentar la frecuencia de paso en las estaciones de mayor demanda y disminuir las aglomeraciones que conforma la espera en ciertos nodos.<\/p>\n<h3>Transporte en Edom\u00e9x, &#8216;a medio gas&#8217;<\/h3>\n<p>El gobernador de la entidad mexiquense anunci\u00f3 que los sistemas de transporte Mexib\u00fas y Mexicable, as\u00ed como el transporte p\u00fablico concesionado, deber\u00e1n operar al 50% de su capacidad.<\/p>\n<p>Tambi\u00e9n a\u00f1adi\u00f3 que el uso de cubrebocas es obligatorio para salir de casa y, sobre todo, en el transporte p\u00fablico.<\/p>\n","protected":false},"excerpt":{"rendered":"<p>Reducir\u00e1n la afluencia de transportes como Metro, Metrob\u00fas, Transportes el\u00e9ctricos y veh\u00edculos particulares en el Valle de M\u00e9xico<\/p>\n","protected":false},"author":75,"featured_media":105642,"comment_status":"open","ping_status":"closed","sticky":false,"template":"","format":"standard","meta":{"om_disable_all_campaigns":false,"inline_featured_image":false,"_monsterinsights_skip_tracking":false,"_monsterinsights_sitenote_active":false,"_monsterinsights_sitenote_note":"","_monsterinsights_sitenote_category":0,"footnotes":""},"categories":[17827,82],"tags":[15113,17784,17869,18017,32,160,18130,694,1176],"class_list":["post-105556","post","type-post","status-publish","format-standard","has-post-thumbnail","hentry","category-cobertura-covid-19","category-urbanismo","tag-cierre","tag-covid-19","tag-emergencia-sanitaria","tag-fase-3","tag-metro","tag-metrobus","tag-movilidad-afluencia-de-pasajeros","tag-transporte-publico","tag-valle-de-mexico"],"yoast_head":"<!-- This site is optimized with the Yoast SEO plugin v27.5 - https:\/\/yoast.com\/product\/yoast-seo-wordpress\/ -->\n<title>Por Fase 3 de Covid-19, reducen movilidad en el Valle de M\u00e9xico<\/title>\n<meta name=\"description\" content=\"Reducir\u00e1n la afluencia de transportes como Metro, Metrob\u00fas, Transportes el\u00e9ctricos y veh\u00edculos particulares en el Valle de M\u00e9xico\" \/>\n<meta name=\"robots\" content=\"index, follow, max-snippet:-1, max-image-preview:large, max-video-preview:-1\" \/>\n<link rel=\"canonical\" href=\"https:\/\/centrourbano.com\/revista\/urbanismo\/por-fase-3-de-covid-19-reducen-movilidad-en-el-valle-de-mexico\/\" \/>\n<meta property=\"og:locale\" content=\"es_ES\" \/>\n<meta property=\"og:type\" content=\"article\" \/>\n<meta property=\"og:title\" content=\"Por Fase 3 de Covid-19, reducen movilidad en el Valle de M\u00e9xico\" \/>\n<meta property=\"og:description\" content=\"Reducir\u00e1n la afluencia de transportes como Metro, Metrob\u00fas, Transportes el\u00e9ctricos y veh\u00edculos particulares en el Valle de M\u00e9xico\" \/>\n<meta property=\"og:url\" content=\"https:\/\/centrourbano.com\/revista\/urbanismo\/por-fase-3-de-covid-19-reducen-movilidad-en-el-valle-de-mexico\/\" \/>\n<meta property=\"og:site_name\" content=\"Centro Urbano\" \/>\n<meta property=\"article:publisher\" content=\"https:\/\/www.facebook.com\/portalcentrourbano\" \/>\n<meta property=\"article:published_time\" content=\"2020-04-23T17:00:43+00:00\" \/>\n<meta property=\"article:modified_time\" content=\"2020-04-24T02:15:15+00:00\" \/>\n<meta property=\"og:image\" content=\"https:\/\/centrourbano.com\/revista\/wp-content\/uploads\/Por-Fase-3-de-Covid-19-reducen-movilidad-en-el-Valle-de-Me\u0301xico-1.jpg\" \/>\n\t<meta property=\"og:image:width\" content=\"555\" \/>\n\t<meta property=\"og:image:height\" content=\"416\" \/>\n\t<meta property=\"og:image:type\" content=\"image\/jpeg\" \/>\n<meta name=\"author\" content=\"Antonio Garc\u00eda\" \/>\n<meta name=\"twitter:card\" content=\"summary_large_image\" \/>\n<meta name=\"twitter:creator\" content=\"@https:\/\/twitter.com\/TGarper\" \/>\n<meta name=\"twitter:site\" content=\"@CentroUrbano\" \/>\n<meta name=\"twitter:label1\" content=\"Escrito por\" \/>\n\t<meta name=\"twitter:data1\" content=\"Antonio Garc\u00eda\" \/>\n\t<meta name=\"twitter:label2\" content=\"Tiempo de lectura\" \/>\n\t<meta name=\"twitter:data2\" content=\"2 minutos\" \/>\n<script type=\"application\/ld+json\" class=\"yoast-schema-graph\">{\"@context\":\"https:\\\/\\\/schema.org\",\"@graph\":[{\"@type\":\"Article\",\"@id\":\"https:\\\/\\\/centrourbano.com\\\/revista\\\/urbanismo\\\/por-fase-3-de-covid-19-reducen-movilidad-en-el-valle-de-mexico\\\/#article\",\"isPartOf\":{\"@id\":\"https:\\\/\\\/centrourbano.com\\\/revista\\\/urbanismo\\\/por-fase-3-de-covid-19-reducen-movilidad-en-el-valle-de-mexico\\\/\"},\"author\":{\"name\":\"Antonio Garc\u00eda\",\"@id\":\"https:\\\/\\\/centrourbano.com\\\/revista\\\/#\\\/schema\\\/person\\\/d12ede3164a0881bab68f5868d5dfe8c\"},\"headline\":\"Por Fase 3 de Covid-19, reducen movilidad en el Valle de M\u00e9xico\",\"datePublished\":\"2020-04-23T17:00:43+00:00\",\"dateModified\":\"2020-04-24T02:15:15+00:00\",\"mainEntityOfPage\":{\"@id\":\"https:\\\/\\\/centrourbano.com\\\/revista\\\/urbanismo\\\/por-fase-3-de-covid-19-reducen-movilidad-en-el-valle-de-mexico\\\/\"},\"wordCount\":391,\"commentCount\":0,\"publisher\":{\"@id\":\"https:\\\/\\\/centrourbano.com\\\/revista\\\/#organization\"},\"image\":{\"@id\":\"https:\\\/\\\/centrourbano.com\\\/revista\\\/urbanismo\\\/por-fase-3-de-covid-19-reducen-movilidad-en-el-valle-de-mexico\\\/#primaryimage\"},\"thumbnailUrl\":\"https:\\\/\\\/centrourbano.com\\\/revista\\\/wp-content\\\/uploads\\\/Por-Fase-3-de-Covid-19-reducen-movilidad-en-el-Valle-de-Me\u0301xico-1.jpg\",\"keywords\":[\"cierre\",\"COVID-19\",\"emergencia sanitaria\",\"Fase 3\",\"metro\",\"Metrob\u00fas\",\"movilidad afluencia de pasajeros\",\"Transporte p\u00fablico\",\"Valle de M\u00e9xico\"],\"articleSection\":[\"Cobertura Covid-19\",\"Urbanismo\"],\"inLanguage\":\"es\",\"potentialAction\":[{\"@type\":\"CommentAction\",\"name\":\"Comment\",\"target\":[\"https:\\\/\\\/centrourbano.com\\\/revista\\\/urbanismo\\\/por-fase-3-de-covid-19-reducen-movilidad-en-el-valle-de-mexico\\\/#respond\"]}]},{\"@type\":\"WebPage\",\"@id\":\"https:\\\/\\\/centrourbano.com\\\/revista\\\/urbanismo\\\/por-fase-3-de-covid-19-reducen-movilidad-en-el-valle-de-mexico\\\/\",\"url\":\"https:\\\/\\\/centrourbano.com\\\/revista\\\/urbanismo\\\/por-fase-3-de-covid-19-reducen-movilidad-en-el-valle-de-mexico\\\/\",\"name\":\"Por Fase 3 de Covid-19, reducen movilidad en el Valle de M\u00e9xico\",\"isPartOf\":{\"@id\":\"https:\\\/\\\/centrourbano.com\\\/revista\\\/#website\"},\"primaryImageOfPage\":{\"@id\":\"https:\\\/\\\/centrourbano.com\\\/revista\\\/urbanismo\\\/por-fase-3-de-covid-19-reducen-movilidad-en-el-valle-de-mexico\\\/#primaryimage\"},\"image\":{\"@id\":\"https:\\\/\\\/centrourbano.com\\\/revista\\\/urbanismo\\\/por-fase-3-de-covid-19-reducen-movilidad-en-el-valle-de-mexico\\\/#primaryimage\"},\"thumbnailUrl\":\"https:\\\/\\\/centrourbano.com\\\/revista\\\/wp-content\\\/uploads\\\/Por-Fase-3-de-Covid-19-reducen-movilidad-en-el-Valle-de-Me\u0301xico-1.jpg\",\"datePublished\":\"2020-04-23T17:00:43+00:00\",\"dateModified\":\"2020-04-24T02:15:15+00:00\",\"description\":\"Reducir\u00e1n la afluencia de transportes como Metro, Metrob\u00fas, Transportes el\u00e9ctricos y veh\u00edculos particulares en el Valle de M\u00e9xico\",\"breadcrumb\":{\"@id\":\"https:\\\/\\\/centrourbano.com\\\/revista\\\/urbanismo\\\/por-fase-3-de-covid-19-reducen-movilidad-en-el-valle-de-mexico\\\/#breadcrumb\"},\"inLanguage\":\"es\",\"potentialAction\":[{\"@type\":\"ReadAction\",\"target\":[\"https:\\\/\\\/centrourbano.com\\\/revista\\\/urbanismo\\\/por-fase-3-de-covid-19-reducen-movilidad-en-el-valle-de-mexico\\\/\"]}]},{\"@type\":\"ImageObject\",\"inLanguage\":\"es\",\"@id\":\"https:\\\/\\\/centrourbano.com\\\/revista\\\/urbanismo\\\/por-fase-3-de-covid-19-reducen-movilidad-en-el-valle-de-mexico\\\/#primaryimage\",\"url\":\"https:\\\/\\\/centrourbano.com\\\/revista\\\/wp-content\\\/uploads\\\/Por-Fase-3-de-Covid-19-reducen-movilidad-en-el-Valle-de-Me\u0301xico-1.jpg\",\"contentUrl\":\"https:\\\/\\\/centrourbano.com\\\/revista\\\/wp-content\\\/uploads\\\/Por-Fase-3-de-Covid-19-reducen-movilidad-en-el-Valle-de-Me\u0301xico-1.jpg\",\"width\":555,\"height\":416,\"caption\":\"Reducir\u00e1n la afluencia de transportes como Metro, Metrob\u00fas, Transportes el\u00e9ctricos y veh\u00edculos particulares en el Valle de M\u00e9xico\"},{\"@type\":\"BreadcrumbList\",\"@id\":\"https:\\\/\\\/centrourbano.com\\\/revista\\\/urbanismo\\\/por-fase-3-de-covid-19-reducen-movilidad-en-el-valle-de-mexico\\\/#breadcrumb\",\"itemListElement\":[{\"@type\":\"ListItem\",\"position\":1,\"name\":\"Portada\",\"item\":\"https:\\\/\\\/centrourbano.com\\\/revista\\\/\"},{\"@type\":\"ListItem\",\"position\":2,\"name\":\"Por Fase 3 de Covid-19, reducen movilidad en el Valle de M\u00e9xico\"}]},{\"@type\":\"WebSite\",\"@id\":\"https:\\\/\\\/centrourbano.com\\\/revista\\\/#website\",\"url\":\"https:\\\/\\\/centrourbano.com\\\/revista\\\/\",\"name\":\"Centro Urbano\",\"description\":\"Medio especializado en los sectores vivienda, inmobiliario, construcci\u00f3n, arquitectura y urbanismo.\",\"publisher\":{\"@id\":\"https:\\\/\\\/centrourbano.com\\\/revista\\\/#organization\"},\"potentialAction\":[{\"@type\":\"SearchAction\",\"target\":{\"@type\":\"EntryPoint\",\"urlTemplate\":\"https:\\\/\\\/centrourbano.com\\\/revista\\\/?s={search_term_string}\"},\"query-input\":{\"@type\":\"PropertyValueSpecification\",\"valueRequired\":true,\"valueName\":\"search_term_string\"}}],\"inLanguage\":\"es\"},{\"@type\":\"Organization\",\"@id\":\"https:\\\/\\\/centrourbano.com\\\/revista\\\/#organization\",\"name\":\"Centro Urbano\",\"url\":\"https:\\\/\\\/centrourbano.com\\\/revista\\\/\",\"logo\":{\"@type\":\"ImageObject\",\"inLanguage\":\"es\",\"@id\":\"https:\\\/\\\/centrourbano.com\\\/revista\\\/#\\\/schema\\\/logo\\\/image\\\/\",\"url\":\"https:\\\/\\\/centrourbano.com\\\/revista\\\/wp-content\\\/uploads\\\/web_CU_logo-1.png\",\"contentUrl\":\"https:\\\/\\\/centrourbano.com\\\/revista\\\/wp-content\\\/uploads\\\/web_CU_logo-1.png\",\"width\":350,\"height\":91,\"caption\":\"Centro Urbano\"},\"image\":{\"@id\":\"https:\\\/\\\/centrourbano.com\\\/revista\\\/#\\\/schema\\\/logo\\\/image\\\/\"},\"sameAs\":[\"https:\\\/\\\/www.facebook.com\\\/portalcentrourbano\",\"https:\\\/\\\/x.com\\\/CentroUrbano\",\"https:\\\/\\\/www.instagram.com\\\/centro_urbano\\\/\",\"https:\\\/\\\/www.linkedin.com\\\/company\\\/centro-urbano\\\/\",\"http:\\\/\\\/www.youtube.com\\\/user\\\/portalcentrourbano\"]},{\"@type\":\"Person\",\"@id\":\"https:\\\/\\\/centrourbano.com\\\/revista\\\/#\\\/schema\\\/person\\\/d12ede3164a0881bab68f5868d5dfe8c\",\"name\":\"Antonio Garc\u00eda\",\"image\":{\"@type\":\"ImageObject\",\"inLanguage\":\"es\",\"@id\":\"https:\\\/\\\/secure.gravatar.com\\\/avatar\\\/68b7fcfc82d16a702310836698db1d823c3fb3b28e1f0938164455de47d96d82?s=96&d=mm&r=g\",\"url\":\"https:\\\/\\\/secure.gravatar.com\\\/avatar\\\/68b7fcfc82d16a702310836698db1d823c3fb3b28e1f0938164455de47d96d82?s=96&d=mm&r=g\",\"contentUrl\":\"https:\\\/\\\/secure.gravatar.com\\\/avatar\\\/68b7fcfc82d16a702310836698db1d823c3fb3b28e1f0938164455de47d96d82?s=96&d=mm&r=g\",\"caption\":\"Antonio Garc\u00eda\"},\"description\":\"Integrante del equipo editorial en Centro Urbano. Egresado de la carrera de Econom\u00eda (preespecialidad en Desarrollo Regional) en el IPN y de Matem\u00e1ticas Aplicadas y Computaci\u00f3n en la UNAM. Apasionado de los temas inherentes al desarrollo urbano-regional y estudios formales -e informales- sobre la ciudad y la econom\u00eda urbana.\",\"sameAs\":[\"https:\\\/\\\/www.instagram.com\\\/caminante_en_la_ciudad\\\/?hl=es-la\",\"https:\\\/\\\/x.com\\\/https:\\\/\\\/twitter.com\\\/TGarper\"],\"url\":\"https:\\\/\\\/centrourbano.com\\\/revista\\\/author\\\/antonio-garcia\\\/\"}]}<\/script>\n<!-- \/ Yoast SEO plugin. -->","yoast_head_json":{"title":"Por Fase 3 de Covid-19, reducen movilidad en el Valle de M\u00e9xico","description":"Reducir\u00e1n la afluencia de transportes como Metro, Metrob\u00fas, Transportes el\u00e9ctricos y veh\u00edculos particulares en el Valle de M\u00e9xico","robots":{"index":"index","follow":"follow","max-snippet":"max-snippet:-1","max-image-preview":"max-image-preview:large","max-video-preview":"max-video-preview:-1"},"canonical":"https:\/\/centrourbano.com\/revista\/urbanismo\/por-fase-3-de-covid-19-reducen-movilidad-en-el-valle-de-mexico\/","og_locale":"es_ES","og_type":"article","og_title":"Por Fase 3 de Covid-19, reducen movilidad en el Valle de M\u00e9xico","og_description":"Reducir\u00e1n la afluencia de transportes como Metro, Metrob\u00fas, Transportes el\u00e9ctricos y veh\u00edculos particulares en el Valle de M\u00e9xico","og_url":"https:\/\/centrourbano.com\/revista\/urbanismo\/por-fase-3-de-covid-19-reducen-movilidad-en-el-valle-de-mexico\/","og_site_name":"Centro Urbano","article_publisher":"https:\/\/www.facebook.com\/portalcentrourbano","article_published_time":"2020-04-23T17:00:43+00:00","article_modified_time":"2020-04-24T02:15:15+00:00","og_image":[{"width":555,"height":416,"url":"https:\/\/centrourbano.com\/revista\/wp-content\/uploads\/Por-Fase-3-de-Covid-19-reducen-movilidad-en-el-Valle-de-Me\u0301xico-1.jpg","type":"image\/jpeg"}],"author":"Antonio Garc\u00eda","twitter_card":"summary_large_image","twitter_creator":"@https:\/\/twitter.com\/TGarper","twitter_site":"@CentroUrbano","twitter_misc":{"Escrito por":"Antonio Garc\u00eda","Tiempo de lectura":"2 minutos"},"schema":{"@context":"https:\/\/schema.org","@graph":[{"@type":"Article","@id":"https:\/\/centrourbano.com\/revista\/urbanismo\/por-fase-3-de-covid-19-reducen-movilidad-en-el-valle-de-mexico\/#article","isPartOf":{"@id":"https:\/\/centrourbano.com\/revista\/urbanismo\/por-fase-3-de-covid-19-reducen-movilidad-en-el-valle-de-mexico\/"},"author":{"name":"Antonio Garc\u00eda","@id":"https:\/\/centrourbano.com\/revista\/#\/schema\/person\/d12ede3164a0881bab68f5868d5dfe8c"},"headline":"Por Fase 3 de Covid-19, reducen movilidad en el Valle de M\u00e9xico","datePublished":"2020-04-23T17:00:43+00:00","dateModified":"2020-04-24T02:15:15+00:00","mainEntityOfPage":{"@id":"https:\/\/centrourbano.com\/revista\/urbanismo\/por-fase-3-de-covid-19-reducen-movilidad-en-el-valle-de-mexico\/"},"wordCount":391,"commentCount":0,"publisher":{"@id":"https:\/\/centrourbano.com\/revista\/#organization"},"image":{"@id":"https:\/\/centrourbano.com\/revista\/urbanismo\/por-fase-3-de-covid-19-reducen-movilidad-en-el-valle-de-mexico\/#primaryimage"},"thumbnailUrl":"https:\/\/centrourbano.com\/revista\/wp-content\/uploads\/Por-Fase-3-de-Covid-19-reducen-movilidad-en-el-Valle-de-Me\u0301xico-1.jpg","keywords":["cierre","COVID-19","emergencia sanitaria","Fase 3","metro","Metrob\u00fas","movilidad afluencia de pasajeros","Transporte p\u00fablico","Valle de M\u00e9xico"],"articleSection":["Cobertura Covid-19","Urbanismo"],"inLanguage":"es","potentialAction":[{"@type":"CommentAction","name":"Comment","target":["https:\/\/centrourbano.com\/revista\/urbanismo\/por-fase-3-de-covid-19-reducen-movilidad-en-el-valle-de-mexico\/#respond"]}]},{"@type":"WebPage","@id":"https:\/\/centrourbano.com\/revista\/urbanismo\/por-fase-3-de-covid-19-reducen-movilidad-en-el-valle-de-mexico\/","url":"https:\/\/centrourbano.com\/revista\/urbanismo\/por-fase-3-de-covid-19-reducen-movilidad-en-el-valle-de-mexico\/","name":"Por Fase 3 de Covid-19, reducen movilidad en el Valle de M\u00e9xico","isPartOf":{"@id":"https:\/\/centrourbano.com\/revista\/#website"},"primaryImageOfPage":{"@id":"https:\/\/centrourbano.com\/revista\/urbanismo\/por-fase-3-de-covid-19-reducen-movilidad-en-el-valle-de-mexico\/#primaryimage"},"image":{"@id":"https:\/\/centrourbano.com\/revista\/urbanismo\/por-fase-3-de-covid-19-reducen-movilidad-en-el-valle-de-mexico\/#primaryimage"},"thumbnailUrl":"https:\/\/centrourbano.com\/revista\/wp-content\/uploads\/Por-Fase-3-de-Covid-19-reducen-movilidad-en-el-Valle-de-Me\u0301xico-1.jpg","datePublished":"2020-04-23T17:00:43+00:00","dateModified":"2020-04-24T02:15:15+00:00","description":"Reducir\u00e1n la afluencia de transportes como Metro, Metrob\u00fas, Transportes el\u00e9ctricos y veh\u00edculos particulares en el Valle de M\u00e9xico","breadcrumb":{"@id":"https:\/\/centrourbano.com\/revista\/urbanismo\/por-fase-3-de-covid-19-reducen-movilidad-en-el-valle-de-mexico\/#breadcrumb"},"inLanguage":"es","potentialAction":[{"@type":"ReadAction","target":["https:\/\/centrourbano.com\/revista\/urbanismo\/por-fase-3-de-covid-19-reducen-movilidad-en-el-valle-de-mexico\/"]}]},{"@type":"ImageObject","inLanguage":"es","@id":"https:\/\/centrourbano.com\/revista\/urbanismo\/por-fase-3-de-covid-19-reducen-movilidad-en-el-valle-de-mexico\/#primaryimage","url":"https:\/\/centrourbano.com\/revista\/wp-content\/uploads\/Por-Fase-3-de-Covid-19-reducen-movilidad-en-el-Valle-de-Me\u0301xico-1.jpg","contentUrl":"https:\/\/centrourbano.com\/revista\/wp-content\/uploads\/Por-Fase-3-de-Covid-19-reducen-movilidad-en-el-Valle-de-Me\u0301xico-1.jpg","width":555,"height":416,"caption":"Reducir\u00e1n la afluencia de transportes como Metro, Metrob\u00fas, Transportes el\u00e9ctricos y veh\u00edculos particulares en el Valle de M\u00e9xico"},{"@type":"BreadcrumbList","@id":"https:\/\/centrourbano.com\/revista\/urbanismo\/por-fase-3-de-covid-19-reducen-movilidad-en-el-valle-de-mexico\/#breadcrumb","itemListElement":[{"@type":"ListItem","position":1,"name":"Portada","item":"https:\/\/centrourbano.com\/revista\/"},{"@type":"ListItem","position":2,"name":"Por Fase 3 de Covid-19, reducen movilidad en el Valle de M\u00e9xico"}]},{"@type":"WebSite","@id":"https:\/\/centrourbano.com\/revista\/#website","url":"https:\/\/centrourbano.com\/revista\/","name":"Centro Urbano","description":"Medio especializado en los sectores vivienda, inmobiliario, construcci\u00f3n, arquitectura y urbanismo.","publisher":{"@id":"https:\/\/centrourbano.com\/revista\/#organization"},"potentialAction":[{"@type":"SearchAction","target":{"@type":"EntryPoint","urlTemplate":"https:\/\/centrourbano.com\/revista\/?s={search_term_string}"},"query-input":{"@type":"PropertyValueSpecification","valueRequired":true,"valueName":"search_term_string"}}],"inLanguage":"es"},{"@type":"Organization","@id":"https:\/\/centrourbano.com\/revista\/#organization","name":"Centro Urbano","url":"https:\/\/centrourbano.com\/revista\/","logo":{"@type":"ImageObject","inLanguage":"es","@id":"https:\/\/centrourbano.com\/revista\/#\/schema\/logo\/image\/","url":"https:\/\/centrourbano.com\/revista\/wp-content\/uploads\/web_CU_logo-1.png","contentUrl":"https:\/\/centrourbano.com\/revista\/wp-content\/uploads\/web_CU_logo-1.png","width":350,"height":91,"caption":"Centro Urbano"},"image":{"@id":"https:\/\/centrourbano.com\/revista\/#\/schema\/logo\/image\/"},"sameAs":["https:\/\/www.facebook.com\/portalcentrourbano","https:\/\/x.com\/CentroUrbano","https:\/\/www.instagram.com\/centro_urbano\/","https:\/\/www.linkedin.com\/company\/centro-urbano\/","http:\/\/www.youtube.com\/user\/portalcentrourbano"]},{"@type":"Person","@id":"https:\/\/centrourbano.com\/revista\/#\/schema\/person\/d12ede3164a0881bab68f5868d5dfe8c","name":"Antonio Garc\u00eda","image":{"@type":"ImageObject","inLanguage":"es","@id":"https:\/\/secure.gravatar.com\/avatar\/68b7fcfc82d16a702310836698db1d823c3fb3b28e1f0938164455de47d96d82?s=96&d=mm&r=g","url":"https:\/\/secure.gravatar.com\/avatar\/68b7fcfc82d16a702310836698db1d823c3fb3b28e1f0938164455de47d96d82?s=96&d=mm&r=g","contentUrl":"https:\/\/secure.gravatar.com\/avatar\/68b7fcfc82d16a702310836698db1d823c3fb3b28e1f0938164455de47d96d82?s=96&d=mm&r=g","caption":"Antonio Garc\u00eda"},"description":"Integrante del equipo editorial en Centro Urbano. Egresado de la carrera de Econom\u00eda (preespecialidad en Desarrollo Regional) en el IPN y de Matem\u00e1ticas Aplicadas y Computaci\u00f3n en la UNAM. Apasionado de los temas inherentes al desarrollo urbano-regional y estudios formales -e informales- sobre la ciudad y la econom\u00eda urbana.","sameAs":["https:\/\/www.instagram.com\/caminante_en_la_ciudad\/?hl=es-la","https:\/\/x.com\/https:\/\/twitter.com\/TGarper"],"url":"https:\/\/centrourbano.com\/revista\/author\/antonio-garcia\/"}]}},"_links":{"self":[{"href":"https:\/\/centrourbano.com\/revista\/wp-json\/wp\/v2\/posts\/105556","targetHints":{"allow":["GET"]}}],"collection":[{"href":"https:\/\/centrourbano.com\/revista\/wp-json\/wp\/v2\/posts"}],"about":[{"href":"https:\/\/centrourbano.com\/revista\/wp-json\/wp\/v2\/types\/post"}],"author":[{"embeddable":true,"href":"https:\/\/centrourbano.com\/revista\/wp-json\/wp\/v2\/users\/75"}],"replies":[{"embeddable":true,"href":"https:\/\/centrourbano.com\/revista\/wp-json\/wp\/v2\/comments?post=105556"}],"version-history":[{"count":4,"href":"https:\/\/centrourbano.com\/revista\/wp-json\/wp\/v2\/posts\/105556\/revisions"}],"predecessor-version":[{"id":105643,"href":"https:\/\/centrourbano.com\/revista\/wp-json\/wp\/v2\/posts\/105556\/revisions\/105643"}],"wp:featuredmedia":[{"embeddable":true,"href":"https:\/\/centrourbano.com\/revista\/wp-json\/wp\/v2\/media\/105642"}],"wp:attachment":[{"href":"https:\/\/centrourbano.com\/revista\/wp-json\/wp\/v2\/media?parent=105556"}],"wp:term":[{"taxonomy":"category","embeddable":true,"href":"https:\/\/centrourbano.com\/revista\/wp-json\/wp\/v2\/categories?post=105556"},{"taxonomy":"post_tag","embeddable":true,"href":"https:\/\/centrourbano.com\/revista\/wp-json\/wp\/v2\/tags?post=105556"}],"curies":[{"name":"wp","href":"https:\/\/api.w.org\/{rel}","templated":true}]}}