{"id":10538,"date":"2014-09-09T09:01:10","date_gmt":"2014-09-09T14:01:10","guid":{"rendered":"http:\/\/centrourbano.com\/?p=10538"},"modified":"2014-09-08T17:26:44","modified_gmt":"2014-09-08T22:26:44","slug":"trabaja-seduvi-en-actualizacion-de-ley-de-desarrollo-urbano","status":"publish","type":"post","link":"https:\/\/centrourbano.com\/revista\/urbanismo\/trabaja-seduvi-en-actualizacion-de-ley-de-desarrollo-urbano\/","title":{"rendered":"Trabaja Seduvi en actualizaci\u00f3n de Ley de Desarrollo Urbano"},"content":{"rendered":"<p>&nbsp;<\/p>\n<p><em>Junto con la PAOT busca elaborar el Programa de Ordenamiento Territorial de la capital del pa\u00eds<\/em><\/p>\n<p><!--more--><\/p>\n<p>El titular de la Secretar\u00eda de Desarrollo Urbano y Vivienda (Seduvi), Sim\u00f3n Neumann Ladenzon, destac\u00f3 la necesidad de un nuevo modelo de planeaci\u00f3n y gesti\u00f3n a diferentes escalas, una ocupaci\u00f3n ordenada y eficiente del territorio; y un desarrollo urbano orientado al uso eficiente del transporte p\u00fablico, bajo las premisas de competitividad, centralidad e innovaci\u00f3n, as\u00ed como un ordenamiento territorial sustentable.<\/p>\n<p>Lo anterior lo expuso en el marco del Seminario Internacional Ciudades Latinoamericanas y Brechas de Desigualdad, organizado por la Comisi\u00f3n Econ\u00f3mica para Am\u00e9rica Latina y el Caribe (Cepal) de Naciones Unidas, en el cual mencion\u00f3 que a consecuencia de una mala planeaci\u00f3n urbana en el pasado, la ciudad de M\u00e9xico ha tenido un crecimiento basado en un modelo horizontal, expansivo y disperso que ha provocado que disminuya la densidad de poblaci\u00f3n y por tanto la expulsi\u00f3n de miles de familias a la periferia del DF.<\/p>\n<p>\u201cSabemos y vivimos un territorio dividido entre el oriente y el poniente, un territorio que requiere de una planeaci\u00f3n que borre l\u00edmites pol\u00edticos y busque los puntos de coincidencia social que activen nuevos procesos de prosperidad\u201d, destac\u00f3 Neumann Ladenzon.<\/p>\n<p>Revel\u00f3 que se trabaja de la mano con la Procuradur\u00eda Ambiental de Ordenamiento Territorial (PAOT), para actualizar la Ley de Desarrollo Urbano que ayude a la elaboraci\u00f3n del Programa de Ordenamiento Territorial (POT) de la capital del pa\u00eds; adem\u00e1s, como parte del equilibrio que se busca con el medio ambiente, se pretende incorporar una propuesta en el Programa de Ordenamiento Ecol\u00f3gico de la ciudad de M\u00e9xico, para tener una visi\u00f3n m\u00e1s integral de todo el territorio.<\/p>\n<p>Trascendi\u00f3 que la Seduvi inici\u00f3 un proceso de transformaci\u00f3n urbana con la actualizaci\u00f3n del Programa General de Desarrollo Urbano, incorporando la visi\u00f3n de una ciudad con mayor dinamismo, polic\u00e9ntrica y equitativa, incluyente para todos.<\/p>\n<p>Neumann Ladenzon dijo que es necesaria una planeaci\u00f3n urbana en el marco de un ejercicio colectivo, socialmente consensuado, que beneficie a todos, y permita darle a la capital una visi\u00f3n integral metropolitana, al mismo tiempo combata los problemas de dispersi\u00f3n de la poblaci\u00f3n.<\/p>\n<p>Por ello, la Seduvi refrend\u00f3 su compromiso de generar proyectos y pol\u00edticas encaminadas a fomentar la sustentabilidad urbana, ambiental, econ\u00f3mica y social de la capital del pa\u00eds.<\/p>\n<p>&nbsp;<\/p>\n","protected":false},"excerpt":{"rendered":"<p>&nbsp; Junto con la PAOT busca elaborar el Programa de Ordenamiento Territorial de la capital del pa\u00eds<\/p>\n","protected":false},"author":5,"featured_media":0,"comment_status":"open","ping_status":"closed","sticky":false,"template":"","format":"standard","meta":{"om_disable_all_campaigns":false,"inline_featured_image":false,"_monsterinsights_skip_tracking":false,"_monsterinsights_sitenote_active":false,"_monsterinsights_sitenote_note":"","_monsterinsights_sitenote_category":0,"footnotes":""},"categories":[82],"tags":[146,552,1005,126,1558],"class_list":["post-10538","post","type-post","status-publish","format-standard","hentry","category-urbanismo","tag-desarrollo-urbano","tag-ordenamiento-territorial","tag-paot","tag-seduvi","tag-simon-neumann"],"yoast_head":"<!-- This site is optimized with the Yoast SEO plugin v27.5 - https:\/\/yoast.com\/product\/yoast-seo-wordpress\/ -->\n<title>Trabaja Seduvi en actualizaci\u00f3n de Ley de Desarrollo Urbano -<\/title>\n<meta name=\"description\" content=\"&nbsp; Junto con la PAOT busca elaborar el Programa de Ordenamiento Territorial de la capital del pa\u00eds El titular de la Secretar\u00eda de Desarrollo Urbano y\" \/>\n<meta name=\"robots\" content=\"index, follow, max-snippet:-1, max-image-preview:large, max-video-preview:-1\" \/>\n<link rel=\"canonical\" href=\"https:\/\/centrourbano.com\/revista\/urbanismo\/trabaja-seduvi-en-actualizacion-de-ley-de-desarrollo-urbano\/\" \/>\n<meta property=\"og:locale\" content=\"es_ES\" \/>\n<meta property=\"og:type\" content=\"article\" \/>\n<meta property=\"og:title\" content=\"Trabaja Seduvi en actualizaci\u00f3n de Ley de Desarrollo Urbano -\" \/>\n<meta property=\"og:description\" content=\"&nbsp; Junto con la PAOT busca elaborar el Programa de Ordenamiento Territorial de la capital del pa\u00eds El titular de la Secretar\u00eda de Desarrollo Urbano y\" \/>\n<meta property=\"og:url\" content=\"https:\/\/centrourbano.com\/revista\/urbanismo\/trabaja-seduvi-en-actualizacion-de-ley-de-desarrollo-urbano\/\" \/>\n<meta property=\"og:site_name\" content=\"Centro Urbano\" \/>\n<meta property=\"article:publisher\" content=\"https:\/\/www.facebook.com\/portalcentrourbano\" \/>\n<meta property=\"article:published_time\" content=\"2014-09-09T14:01:10+00:00\" \/>\n<meta property=\"og:image\" content=\"https:\/\/centrourbano.com\/revista\/wp-content\/uploads\/CU-logo.png\" \/>\n\t<meta property=\"og:image:width\" content=\"350\" \/>\n\t<meta property=\"og:image:height\" content=\"91\" \/>\n\t<meta property=\"og:image:type\" content=\"image\/png\" \/>\n<meta name=\"author\" content=\"Aura Fuentes\" \/>\n<meta name=\"twitter:card\" content=\"summary_large_image\" \/>\n<meta name=\"twitter:creator\" content=\"@CentroUrbano\" \/>\n<meta name=\"twitter:site\" content=\"@CentroUrbano\" \/>\n<meta name=\"twitter:label1\" content=\"Escrito por\" \/>\n\t<meta name=\"twitter:data1\" content=\"Aura Fuentes\" \/>\n\t<meta name=\"twitter:label2\" content=\"Tiempo de lectura\" \/>\n\t<meta name=\"twitter:data2\" content=\"2 minutos\" \/>\n<script type=\"application\/ld+json\" class=\"yoast-schema-graph\">{\"@context\":\"https:\\\/\\\/schema.org\",\"@graph\":[{\"@type\":\"Article\",\"@id\":\"https:\\\/\\\/centrourbano.com\\\/revista\\\/urbanismo\\\/trabaja-seduvi-en-actualizacion-de-ley-de-desarrollo-urbano\\\/#article\",\"isPartOf\":{\"@id\":\"https:\\\/\\\/centrourbano.com\\\/revista\\\/urbanismo\\\/trabaja-seduvi-en-actualizacion-de-ley-de-desarrollo-urbano\\\/\"},\"author\":{\"name\":\"Aura Fuentes\",\"@id\":\"https:\\\/\\\/centrourbano.com\\\/revista\\\/#\\\/schema\\\/person\\\/38a5f013f1017893ef1ef0454a94d0a7\"},\"headline\":\"Trabaja Seduvi en actualizaci\u00f3n de Ley de Desarrollo Urbano\",\"datePublished\":\"2014-09-09T14:01:10+00:00\",\"mainEntityOfPage\":{\"@id\":\"https:\\\/\\\/centrourbano.com\\\/revista\\\/urbanismo\\\/trabaja-seduvi-en-actualizacion-de-ley-de-desarrollo-urbano\\\/\"},\"wordCount\":429,\"commentCount\":0,\"publisher\":{\"@id\":\"https:\\\/\\\/centrourbano.com\\\/revista\\\/#organization\"},\"keywords\":[\"Desarrollo urbano\",\"ordenamiento territorial\",\"PAOT\",\"Seduvi\",\"Sim\u00f3n Neumann\"],\"articleSection\":[\"Urbanismo\"],\"inLanguage\":\"es\",\"potentialAction\":[{\"@type\":\"CommentAction\",\"name\":\"Comment\",\"target\":[\"https:\\\/\\\/centrourbano.com\\\/revista\\\/urbanismo\\\/trabaja-seduvi-en-actualizacion-de-ley-de-desarrollo-urbano\\\/#respond\"]}]},{\"@type\":\"WebPage\",\"@id\":\"https:\\\/\\\/centrourbano.com\\\/revista\\\/urbanismo\\\/trabaja-seduvi-en-actualizacion-de-ley-de-desarrollo-urbano\\\/\",\"url\":\"https:\\\/\\\/centrourbano.com\\\/revista\\\/urbanismo\\\/trabaja-seduvi-en-actualizacion-de-ley-de-desarrollo-urbano\\\/\",\"name\":\"Trabaja Seduvi en actualizaci\u00f3n de Ley de Desarrollo Urbano -\",\"isPartOf\":{\"@id\":\"https:\\\/\\\/centrourbano.com\\\/revista\\\/#website\"},\"datePublished\":\"2014-09-09T14:01:10+00:00\",\"description\":\"&nbsp; Junto con la PAOT busca elaborar el Programa de Ordenamiento Territorial de la capital del pa\u00eds El titular de la Secretar\u00eda de Desarrollo Urbano y\",\"breadcrumb\":{\"@id\":\"https:\\\/\\\/centrourbano.com\\\/revista\\\/urbanismo\\\/trabaja-seduvi-en-actualizacion-de-ley-de-desarrollo-urbano\\\/#breadcrumb\"},\"inLanguage\":\"es\",\"potentialAction\":[{\"@type\":\"ReadAction\",\"target\":[\"https:\\\/\\\/centrourbano.com\\\/revista\\\/urbanismo\\\/trabaja-seduvi-en-actualizacion-de-ley-de-desarrollo-urbano\\\/\"]}]},{\"@type\":\"BreadcrumbList\",\"@id\":\"https:\\\/\\\/centrourbano.com\\\/revista\\\/urbanismo\\\/trabaja-seduvi-en-actualizacion-de-ley-de-desarrollo-urbano\\\/#breadcrumb\",\"itemListElement\":[{\"@type\":\"ListItem\",\"position\":1,\"name\":\"Portada\",\"item\":\"https:\\\/\\\/centrourbano.com\\\/revista\\\/\"},{\"@type\":\"ListItem\",\"position\":2,\"name\":\"Trabaja Seduvi en actualizaci\u00f3n de Ley de Desarrollo Urbano\"}]},{\"@type\":\"WebSite\",\"@id\":\"https:\\\/\\\/centrourbano.com\\\/revista\\\/#website\",\"url\":\"https:\\\/\\\/centrourbano.com\\\/revista\\\/\",\"name\":\"Centro Urbano\",\"description\":\"Medio especializado en los sectores vivienda, inmobiliario, construcci\u00f3n, arquitectura y urbanismo.\",\"publisher\":{\"@id\":\"https:\\\/\\\/centrourbano.com\\\/revista\\\/#organization\"},\"potentialAction\":[{\"@type\":\"SearchAction\",\"target\":{\"@type\":\"EntryPoint\",\"urlTemplate\":\"https:\\\/\\\/centrourbano.com\\\/revista\\\/?s={search_term_string}\"},\"query-input\":{\"@type\":\"PropertyValueSpecification\",\"valueRequired\":true,\"valueName\":\"search_term_string\"}}],\"inLanguage\":\"es\"},{\"@type\":\"Organization\",\"@id\":\"https:\\\/\\\/centrourbano.com\\\/revista\\\/#organization\",\"name\":\"Centro Urbano\",\"url\":\"https:\\\/\\\/centrourbano.com\\\/revista\\\/\",\"logo\":{\"@type\":\"ImageObject\",\"inLanguage\":\"es\",\"@id\":\"https:\\\/\\\/centrourbano.com\\\/revista\\\/#\\\/schema\\\/logo\\\/image\\\/\",\"url\":\"https:\\\/\\\/centrourbano.com\\\/revista\\\/wp-content\\\/uploads\\\/web_CU_logo-1.png\",\"contentUrl\":\"https:\\\/\\\/centrourbano.com\\\/revista\\\/wp-content\\\/uploads\\\/web_CU_logo-1.png\",\"width\":350,\"height\":91,\"caption\":\"Centro Urbano\"},\"image\":{\"@id\":\"https:\\\/\\\/centrourbano.com\\\/revista\\\/#\\\/schema\\\/logo\\\/image\\\/\"},\"sameAs\":[\"https:\\\/\\\/www.facebook.com\\\/portalcentrourbano\",\"https:\\\/\\\/x.com\\\/CentroUrbano\",\"https:\\\/\\\/www.instagram.com\\\/centro_urbano\\\/\",\"https:\\\/\\\/www.linkedin.com\\\/company\\\/centro-urbano\\\/\",\"http:\\\/\\\/www.youtube.com\\\/user\\\/portalcentrourbano\"]},{\"@type\":\"Person\",\"@id\":\"https:\\\/\\\/centrourbano.com\\\/revista\\\/#\\\/schema\\\/person\\\/38a5f013f1017893ef1ef0454a94d0a7\",\"name\":\"Aura Fuentes\",\"image\":{\"@type\":\"ImageObject\",\"inLanguage\":\"es\",\"@id\":\"https:\\\/\\\/secure.gravatar.com\\\/avatar\\\/d4d494c7466b3a8e92935aa38a4205c72303f888e06051bec24b2018c769f20a?s=96&d=mm&r=g\",\"url\":\"https:\\\/\\\/secure.gravatar.com\\\/avatar\\\/d4d494c7466b3a8e92935aa38a4205c72303f888e06051bec24b2018c769f20a?s=96&d=mm&r=g\",\"contentUrl\":\"https:\\\/\\\/secure.gravatar.com\\\/avatar\\\/d4d494c7466b3a8e92935aa38a4205c72303f888e06051bec24b2018c769f20a?s=96&d=mm&r=g\",\"caption\":\"Aura Fuentes\"},\"description\":\"Egresada de la carrera de Comunicaci\u00f3n y Periodismo en la FES Arag\u00f3n, UNAM. Aunque se especializ\u00f3 en Televisi\u00f3n prefiere estar detr\u00e1s de una computadora haciendo lo que m\u00e1s le gusta: escribir. Su mayor experiencia como profesionista la obtuvo en Diario de M\u00e9xico Edici\u00f3n USA, donde fungi\u00f3 como coordinadora editorial. Siempre perfeccionista y responsable, ahora se desempe\u00f1a como Editora en Jefe dentro de Centro Urbano.\",\"sameAs\":[\"http:\\\/\\\/@Aura_CU\"],\"url\":\"https:\\\/\\\/centrourbano.com\\\/revista\\\/author\\\/aura-fuentes\\\/\"}]}<\/script>\n<!-- \/ Yoast SEO plugin. -->","yoast_head_json":{"title":"Trabaja Seduvi en actualizaci\u00f3n de Ley de Desarrollo Urbano -","description":"&nbsp; Junto con la PAOT busca elaborar el Programa de Ordenamiento Territorial de la capital del pa\u00eds El titular de la Secretar\u00eda de Desarrollo Urbano y","robots":{"index":"index","follow":"follow","max-snippet":"max-snippet:-1","max-image-preview":"max-image-preview:large","max-video-preview":"max-video-preview:-1"},"canonical":"https:\/\/centrourbano.com\/revista\/urbanismo\/trabaja-seduvi-en-actualizacion-de-ley-de-desarrollo-urbano\/","og_locale":"es_ES","og_type":"article","og_title":"Trabaja Seduvi en actualizaci\u00f3n de Ley de Desarrollo Urbano -","og_description":"&nbsp; Junto con la PAOT busca elaborar el Programa de Ordenamiento Territorial de la capital del pa\u00eds El titular de la Secretar\u00eda de Desarrollo Urbano y","og_url":"https:\/\/centrourbano.com\/revista\/urbanismo\/trabaja-seduvi-en-actualizacion-de-ley-de-desarrollo-urbano\/","og_site_name":"Centro Urbano","article_publisher":"https:\/\/www.facebook.com\/portalcentrourbano","article_published_time":"2014-09-09T14:01:10+00:00","og_image":[{"width":350,"height":91,"url":"https:\/\/centrourbano.com\/revista\/wp-content\/uploads\/CU-logo.png","type":"image\/png"}],"author":"Aura Fuentes","twitter_card":"summary_large_image","twitter_creator":"@CentroUrbano","twitter_site":"@CentroUrbano","twitter_misc":{"Escrito por":"Aura Fuentes","Tiempo de lectura":"2 minutos"},"schema":{"@context":"https:\/\/schema.org","@graph":[{"@type":"Article","@id":"https:\/\/centrourbano.com\/revista\/urbanismo\/trabaja-seduvi-en-actualizacion-de-ley-de-desarrollo-urbano\/#article","isPartOf":{"@id":"https:\/\/centrourbano.com\/revista\/urbanismo\/trabaja-seduvi-en-actualizacion-de-ley-de-desarrollo-urbano\/"},"author":{"name":"Aura Fuentes","@id":"https:\/\/centrourbano.com\/revista\/#\/schema\/person\/38a5f013f1017893ef1ef0454a94d0a7"},"headline":"Trabaja Seduvi en actualizaci\u00f3n de Ley de Desarrollo Urbano","datePublished":"2014-09-09T14:01:10+00:00","mainEntityOfPage":{"@id":"https:\/\/centrourbano.com\/revista\/urbanismo\/trabaja-seduvi-en-actualizacion-de-ley-de-desarrollo-urbano\/"},"wordCount":429,"commentCount":0,"publisher":{"@id":"https:\/\/centrourbano.com\/revista\/#organization"},"keywords":["Desarrollo urbano","ordenamiento territorial","PAOT","Seduvi","Sim\u00f3n Neumann"],"articleSection":["Urbanismo"],"inLanguage":"es","potentialAction":[{"@type":"CommentAction","name":"Comment","target":["https:\/\/centrourbano.com\/revista\/urbanismo\/trabaja-seduvi-en-actualizacion-de-ley-de-desarrollo-urbano\/#respond"]}]},{"@type":"WebPage","@id":"https:\/\/centrourbano.com\/revista\/urbanismo\/trabaja-seduvi-en-actualizacion-de-ley-de-desarrollo-urbano\/","url":"https:\/\/centrourbano.com\/revista\/urbanismo\/trabaja-seduvi-en-actualizacion-de-ley-de-desarrollo-urbano\/","name":"Trabaja Seduvi en actualizaci\u00f3n de Ley de Desarrollo Urbano -","isPartOf":{"@id":"https:\/\/centrourbano.com\/revista\/#website"},"datePublished":"2014-09-09T14:01:10+00:00","description":"&nbsp; Junto con la PAOT busca elaborar el Programa de Ordenamiento Territorial de la capital del pa\u00eds El titular de la Secretar\u00eda de Desarrollo Urbano y","breadcrumb":{"@id":"https:\/\/centrourbano.com\/revista\/urbanismo\/trabaja-seduvi-en-actualizacion-de-ley-de-desarrollo-urbano\/#breadcrumb"},"inLanguage":"es","potentialAction":[{"@type":"ReadAction","target":["https:\/\/centrourbano.com\/revista\/urbanismo\/trabaja-seduvi-en-actualizacion-de-ley-de-desarrollo-urbano\/"]}]},{"@type":"BreadcrumbList","@id":"https:\/\/centrourbano.com\/revista\/urbanismo\/trabaja-seduvi-en-actualizacion-de-ley-de-desarrollo-urbano\/#breadcrumb","itemListElement":[{"@type":"ListItem","position":1,"name":"Portada","item":"https:\/\/centrourbano.com\/revista\/"},{"@type":"ListItem","position":2,"name":"Trabaja Seduvi en actualizaci\u00f3n de Ley de Desarrollo Urbano"}]},{"@type":"WebSite","@id":"https:\/\/centrourbano.com\/revista\/#website","url":"https:\/\/centrourbano.com\/revista\/","name":"Centro Urbano","description":"Medio especializado en los sectores vivienda, inmobiliario, construcci\u00f3n, arquitectura y urbanismo.","publisher":{"@id":"https:\/\/centrourbano.com\/revista\/#organization"},"potentialAction":[{"@type":"SearchAction","target":{"@type":"EntryPoint","urlTemplate":"https:\/\/centrourbano.com\/revista\/?s={search_term_string}"},"query-input":{"@type":"PropertyValueSpecification","valueRequired":true,"valueName":"search_term_string"}}],"inLanguage":"es"},{"@type":"Organization","@id":"https:\/\/centrourbano.com\/revista\/#organization","name":"Centro Urbano","url":"https:\/\/centrourbano.com\/revista\/","logo":{"@type":"ImageObject","inLanguage":"es","@id":"https:\/\/centrourbano.com\/revista\/#\/schema\/logo\/image\/","url":"https:\/\/centrourbano.com\/revista\/wp-content\/uploads\/web_CU_logo-1.png","contentUrl":"https:\/\/centrourbano.com\/revista\/wp-content\/uploads\/web_CU_logo-1.png","width":350,"height":91,"caption":"Centro Urbano"},"image":{"@id":"https:\/\/centrourbano.com\/revista\/#\/schema\/logo\/image\/"},"sameAs":["https:\/\/www.facebook.com\/portalcentrourbano","https:\/\/x.com\/CentroUrbano","https:\/\/www.instagram.com\/centro_urbano\/","https:\/\/www.linkedin.com\/company\/centro-urbano\/","http:\/\/www.youtube.com\/user\/portalcentrourbano"]},{"@type":"Person","@id":"https:\/\/centrourbano.com\/revista\/#\/schema\/person\/38a5f013f1017893ef1ef0454a94d0a7","name":"Aura Fuentes","image":{"@type":"ImageObject","inLanguage":"es","@id":"https:\/\/secure.gravatar.com\/avatar\/d4d494c7466b3a8e92935aa38a4205c72303f888e06051bec24b2018c769f20a?s=96&d=mm&r=g","url":"https:\/\/secure.gravatar.com\/avatar\/d4d494c7466b3a8e92935aa38a4205c72303f888e06051bec24b2018c769f20a?s=96&d=mm&r=g","contentUrl":"https:\/\/secure.gravatar.com\/avatar\/d4d494c7466b3a8e92935aa38a4205c72303f888e06051bec24b2018c769f20a?s=96&d=mm&r=g","caption":"Aura Fuentes"},"description":"Egresada de la carrera de Comunicaci\u00f3n y Periodismo en la FES Arag\u00f3n, UNAM. Aunque se especializ\u00f3 en Televisi\u00f3n prefiere estar detr\u00e1s de una computadora haciendo lo que m\u00e1s le gusta: escribir. Su mayor experiencia como profesionista la obtuvo en Diario de M\u00e9xico Edici\u00f3n USA, donde fungi\u00f3 como coordinadora editorial. Siempre perfeccionista y responsable, ahora se desempe\u00f1a como Editora en Jefe dentro de Centro Urbano.","sameAs":["http:\/\/@Aura_CU"],"url":"https:\/\/centrourbano.com\/revista\/author\/aura-fuentes\/"}]}},"_links":{"self":[{"href":"https:\/\/centrourbano.com\/revista\/wp-json\/wp\/v2\/posts\/10538","targetHints":{"allow":["GET"]}}],"collection":[{"href":"https:\/\/centrourbano.com\/revista\/wp-json\/wp\/v2\/posts"}],"about":[{"href":"https:\/\/centrourbano.com\/revista\/wp-json\/wp\/v2\/types\/post"}],"author":[{"embeddable":true,"href":"https:\/\/centrourbano.com\/revista\/wp-json\/wp\/v2\/users\/5"}],"replies":[{"embeddable":true,"href":"https:\/\/centrourbano.com\/revista\/wp-json\/wp\/v2\/comments?post=10538"}],"version-history":[{"count":0,"href":"https:\/\/centrourbano.com\/revista\/wp-json\/wp\/v2\/posts\/10538\/revisions"}],"wp:attachment":[{"href":"https:\/\/centrourbano.com\/revista\/wp-json\/wp\/v2\/media?parent=10538"}],"wp:term":[{"taxonomy":"category","embeddable":true,"href":"https:\/\/centrourbano.com\/revista\/wp-json\/wp\/v2\/categories?post=10538"},{"taxonomy":"post_tag","embeddable":true,"href":"https:\/\/centrourbano.com\/revista\/wp-json\/wp\/v2\/tags?post=10538"}],"curies":[{"name":"wp","href":"https:\/\/api.w.org\/{rel}","templated":true}]}}