{"id":105339,"date":"2020-04-20T13:40:04","date_gmt":"2020-04-20T18:40:04","guid":{"rendered":"https:\/\/centrourbano.com\/?p=105339"},"modified":"2020-04-20T13:40:36","modified_gmt":"2020-04-20T18:40:36","slug":"%e2%96%b6%ef%b8%8f-video-vivienda-adecuada-la-primera-linea-de-defensa-contra-el-covid-19","status":"publish","type":"post","link":"https:\/\/centrourbano.com\/revista\/vivienda\/%e2%96%b6%ef%b8%8f-video-vivienda-adecuada-la-primera-linea-de-defensa-contra-el-covid-19\/","title":{"rendered":"\u25b6\ufe0f Video | Vivienda adecuada, la primera l\u00ednea de defensa contra el Covid-19"},"content":{"rendered":"<p><iframe loading=\"lazy\" title=\"Vivienda adecuada, la primera l\u00ednea de defensa contra el Covid-19\" width=\"500\" height=\"281\" src=\"https:\/\/www.youtube.com\/embed\/3sqNgTLw2iE?feature=oembed\" frameborder=\"0\" allow=\"accelerometer; autoplay; clipboard-write; encrypted-media; gyroscope; picture-in-picture; web-share\" referrerpolicy=\"strict-origin-when-cross-origin\" allowfullscreen><\/iframe><\/p>\n<p>Leilani Farah, Relator Especial de las Naciones Unidas asegur\u00f3 que la vivienda es un derecho humano fundamental. Adem\u00e1s, es la primera l\u00ednea de defensa contra el coronavirus. Sin embargo, sin una vivienda adecuada resulta imposible seguir las medidas preventivas de Salud P\u00fablica.<\/p>\n","protected":false},"excerpt":{"rendered":"<p>Leilani Farah, Relator Especial de las Naciones Unidas asegur\u00f3 que la vivienda es un derecho humano fundamental. Adem\u00e1s, es la primera l\u00ednea de defensa contra el coronavirus. Sin embargo, sin una vivienda adecuada resulta imposible seguir las medidas preventivas de Salud P\u00fablica.<\/p>\n","protected":false},"author":77,"featured_media":105341,"comment_status":"open","ping_status":"closed","sticky":false,"template":"","format":"video","meta":{"inline_featured_image":false,"footnotes":""},"categories":[16,12],"tags":[],"class_list":["post-105339","post","type-post","status-publish","format-video","has-post-thumbnail","hentry","category-reportajes","category-vivienda","post_format-post-format-video"],"yoast_head":"<!-- This site is optimized with the Yoast SEO plugin v28.4 - https:\/\/yoast.com\/product\/yoast-seo-wordpress\/ -->\n<title>\u25b6\ufe0f Video | Vivienda adecuada, la primera l\u00ednea de defensa contra el Covid-19 -<\/title>\n<meta name=\"description\" content=\"https:\/\/youtu.be\/3sqNgTLw2iE Leilani Farah, Relator Especial de las Naciones Unidas asegur\u00f3 que la vivienda es un derecho humano fundamental. Adem\u00e1s, es\" \/>\n<meta name=\"robots\" content=\"index, follow, max-snippet:-1, max-image-preview:large, max-video-preview:-1\" \/>\n<link rel=\"canonical\" href=\"https:\/\/centrourbano.com\/revista\/vivienda\/\u25b6\ufe0f-video-vivienda-adecuada-la-primera-linea-de-defensa-contra-el-covid-19\/\" \/>\n<meta property=\"og:locale\" content=\"es_ES\" \/>\n<meta property=\"og:type\" content=\"article\" \/>\n<meta property=\"og:title\" content=\"\u25b6\ufe0f Video | Vivienda adecuada, la primera l\u00ednea de defensa contra el Covid-19 -\" \/>\n<meta property=\"og:description\" content=\"https:\/\/youtu.be\/3sqNgTLw2iE Leilani Farah, Relator Especial de las Naciones Unidas asegur\u00f3 que la vivienda es un derecho humano fundamental. Adem\u00e1s, es\" \/>\n<meta property=\"og:url\" content=\"https:\/\/centrourbano.com\/revista\/vivienda\/\u25b6\ufe0f-video-vivienda-adecuada-la-primera-linea-de-defensa-contra-el-covid-19\/\" \/>\n<meta property=\"og:site_name\" content=\"Centro Urbano\" \/>\n<meta property=\"article:publisher\" content=\"https:\/\/www.facebook.com\/portalcentrourbano\" \/>\n<meta property=\"article:published_time\" content=\"2020-04-20T18:40:04+00:00\" \/>\n<meta property=\"article:modified_time\" content=\"2020-04-20T18:40:36+00:00\" \/>\n<meta property=\"og:image\" content=\"https:\/\/centrourbano.com\/revista\/wp-content\/uploads\/2020-04-20-scaled.jpg\" \/>\n\t<meta property=\"og:image:width\" content=\"2560\" \/>\n\t<meta property=\"og:image:height\" content=\"1440\" \/>\n\t<meta property=\"og:image:type\" content=\"image\/jpeg\" \/>\n<meta name=\"author\" content=\"G4A\" \/>\n<meta name=\"twitter:card\" content=\"summary_large_image\" \/>\n<meta name=\"twitter:creator\" content=\"@CentroUrbano\" \/>\n<meta name=\"twitter:site\" content=\"@CentroUrbano\" \/>\n<meta name=\"twitter:label1\" content=\"Escrito por\" \/>\n\t<meta name=\"twitter:data1\" content=\"G4A\" \/>\n<script type=\"application\/ld+json\" class=\"yoast-schema-graph\">{\"@context\":\"https:\\\/\\\/schema.org\",\"@graph\":[{\"@type\":\"Article\",\"@id\":\"https:\\\/\\\/centrourbano.com\\\/revista\\\/vivienda\\\/%e2%96%b6%ef%b8%8f-video-vivienda-adecuada-la-primera-linea-de-defensa-contra-el-covid-19\\\/#article\",\"isPartOf\":{\"@id\":\"https:\\\/\\\/centrourbano.com\\\/revista\\\/vivienda\\\/%e2%96%b6%ef%b8%8f-video-vivienda-adecuada-la-primera-linea-de-defensa-contra-el-covid-19\\\/\"},\"author\":{\"name\":\"G4A\",\"@id\":\"https:\\\/\\\/centrourbano.com\\\/revista\\\/#\\\/schema\\\/person\\\/370fa0ba2d8dd5bde3fdb8b62ad360aa\"},\"headline\":\"\u25b6\ufe0f Video | Vivienda adecuada, la primera l\u00ednea de defensa contra el Covid-19\",\"datePublished\":\"2020-04-20T18:40:04+00:00\",\"dateModified\":\"2020-04-20T18:40:36+00:00\",\"mainEntityOfPage\":{\"@id\":\"https:\\\/\\\/centrourbano.com\\\/revista\\\/vivienda\\\/%e2%96%b6%ef%b8%8f-video-vivienda-adecuada-la-primera-linea-de-defensa-contra-el-covid-19\\\/\"},\"wordCount\":62,\"commentCount\":0,\"publisher\":{\"@id\":\"https:\\\/\\\/centrourbano.com\\\/revista\\\/#organization\"},\"image\":{\"@id\":\"https:\\\/\\\/centrourbano.com\\\/revista\\\/vivienda\\\/%e2%96%b6%ef%b8%8f-video-vivienda-adecuada-la-primera-linea-de-defensa-contra-el-covid-19\\\/#primaryimage\"},\"thumbnailUrl\":\"https:\\\/\\\/centrourbano.com\\\/revista\\\/wp-content\\\/uploads\\\/2020-04-20-scaled.jpg\",\"articleSection\":[\"Reportajes\",\"Vivienda\"],\"inLanguage\":\"es\"},{\"@type\":\"WebPage\",\"@id\":\"https:\\\/\\\/centrourbano.com\\\/revista\\\/vivienda\\\/%e2%96%b6%ef%b8%8f-video-vivienda-adecuada-la-primera-linea-de-defensa-contra-el-covid-19\\\/\",\"url\":\"https:\\\/\\\/centrourbano.com\\\/revista\\\/vivienda\\\/%e2%96%b6%ef%b8%8f-video-vivienda-adecuada-la-primera-linea-de-defensa-contra-el-covid-19\\\/\",\"name\":\"\u25b6\ufe0f Video | Vivienda adecuada, la primera l\u00ednea de defensa contra el Covid-19 -\",\"isPartOf\":{\"@id\":\"https:\\\/\\\/centrourbano.com\\\/revista\\\/#website\"},\"primaryImageOfPage\":{\"@id\":\"https:\\\/\\\/centrourbano.com\\\/revista\\\/vivienda\\\/%e2%96%b6%ef%b8%8f-video-vivienda-adecuada-la-primera-linea-de-defensa-contra-el-covid-19\\\/#primaryimage\"},\"image\":{\"@id\":\"https:\\\/\\\/centrourbano.com\\\/revista\\\/vivienda\\\/%e2%96%b6%ef%b8%8f-video-vivienda-adecuada-la-primera-linea-de-defensa-contra-el-covid-19\\\/#primaryimage\"},\"thumbnailUrl\":\"https:\\\/\\\/centrourbano.com\\\/revista\\\/wp-content\\\/uploads\\\/2020-04-20-scaled.jpg\",\"datePublished\":\"2020-04-20T18:40:04+00:00\",\"dateModified\":\"2020-04-20T18:40:36+00:00\",\"description\":\"https:\\\/\\\/youtu.be\\\/3sqNgTLw2iE Leilani Farah, Relator Especial de las Naciones Unidas asegur\u00f3 que la vivienda es un derecho humano fundamental. Adem\u00e1s, es\",\"breadcrumb\":{\"@id\":\"https:\\\/\\\/centrourbano.com\\\/revista\\\/vivienda\\\/%e2%96%b6%ef%b8%8f-video-vivienda-adecuada-la-primera-linea-de-defensa-contra-el-covid-19\\\/#breadcrumb\"},\"inLanguage\":\"es\",\"potentialAction\":[{\"@type\":\"ReadAction\",\"target\":[\"https:\\\/\\\/centrourbano.com\\\/revista\\\/vivienda\\\/%e2%96%b6%ef%b8%8f-video-vivienda-adecuada-la-primera-linea-de-defensa-contra-el-covid-19\\\/\"]}]},{\"@type\":\"ImageObject\",\"inLanguage\":\"es\",\"@id\":\"https:\\\/\\\/centrourbano.com\\\/revista\\\/vivienda\\\/%e2%96%b6%ef%b8%8f-video-vivienda-adecuada-la-primera-linea-de-defensa-contra-el-covid-19\\\/#primaryimage\",\"url\":\"https:\\\/\\\/centrourbano.com\\\/revista\\\/wp-content\\\/uploads\\\/2020-04-20-scaled.jpg\",\"contentUrl\":\"https:\\\/\\\/centrourbano.com\\\/revista\\\/wp-content\\\/uploads\\\/2020-04-20-scaled.jpg\",\"width\":2560,\"height\":1440},{\"@type\":\"BreadcrumbList\",\"@id\":\"https:\\\/\\\/centrourbano.com\\\/revista\\\/vivienda\\\/%e2%96%b6%ef%b8%8f-video-vivienda-adecuada-la-primera-linea-de-defensa-contra-el-covid-19\\\/#breadcrumb\",\"itemListElement\":[{\"@type\":\"ListItem\",\"position\":1,\"name\":\"Portada\",\"item\":\"https:\\\/\\\/centrourbano.com\\\/revista\\\/\"},{\"@type\":\"ListItem\",\"position\":2,\"name\":\"\u25b6\ufe0f Video | Vivienda adecuada, la primera l\u00ednea de defensa contra el Covid-19\"}]},{\"@type\":\"WebSite\",\"@id\":\"https:\\\/\\\/centrourbano.com\\\/revista\\\/#website\",\"url\":\"https:\\\/\\\/centrourbano.com\\\/revista\\\/\",\"name\":\"Centro Urbano\",\"description\":\"Medio especializado en los sectores vivienda, inmobiliario, construcci\u00f3n, arquitectura y urbanismo.\",\"publisher\":{\"@id\":\"https:\\\/\\\/centrourbano.com\\\/revista\\\/#organization\"},\"potentialAction\":[{\"@type\":\"SearchAction\",\"target\":{\"@type\":\"EntryPoint\",\"urlTemplate\":\"https:\\\/\\\/centrourbano.com\\\/revista\\\/?s={search_term_string}\"},\"query-input\":{\"@type\":\"PropertyValueSpecification\",\"valueRequired\":true,\"valueName\":\"search_term_string\"}}],\"inLanguage\":\"es\"},{\"@type\":\"Organization\",\"@id\":\"https:\\\/\\\/centrourbano.com\\\/revista\\\/#organization\",\"name\":\"Centro Urbano\",\"url\":\"https:\\\/\\\/centrourbano.com\\\/revista\\\/\",\"logo\":{\"@type\":\"ImageObject\",\"inLanguage\":\"es\",\"@id\":\"https:\\\/\\\/centrourbano.com\\\/revista\\\/#\\\/schema\\\/logo\\\/image\\\/\",\"url\":\"https:\\\/\\\/centrourbano.com\\\/revista\\\/wp-content\\\/uploads\\\/web_CU_logo-1.png\",\"contentUrl\":\"https:\\\/\\\/centrourbano.com\\\/revista\\\/wp-content\\\/uploads\\\/web_CU_logo-1.png\",\"width\":350,\"height\":91,\"caption\":\"Centro Urbano\"},\"image\":{\"@id\":\"https:\\\/\\\/centrourbano.com\\\/revista\\\/#\\\/schema\\\/logo\\\/image\\\/\"},\"sameAs\":[\"https:\\\/\\\/www.facebook.com\\\/portalcentrourbano\",\"https:\\\/\\\/x.com\\\/CentroUrbano\",\"https:\\\/\\\/www.instagram.com\\\/centro_urbano\\\/\",\"https:\\\/\\\/www.linkedin.com\\\/company\\\/centro-urbano\\\/\",\"http:\\\/\\\/www.youtube.com\\\/user\\\/portalcentrourbano\"]},{\"@type\":\"Person\",\"@id\":\"https:\\\/\\\/centrourbano.com\\\/revista\\\/#\\\/schema\\\/person\\\/370fa0ba2d8dd5bde3fdb8b62ad360aa\",\"name\":\"G4A\",\"image\":{\"@type\":\"ImageObject\",\"inLanguage\":\"es\",\"@id\":\"https:\\\/\\\/secure.gravatar.com\\\/avatar\\\/932a97121b13d5de5bbd8193c6c83d3b92c9eda0f39623607d4280e7a5778d97?s=96&d=mm&r=g\",\"url\":\"https:\\\/\\\/secure.gravatar.com\\\/avatar\\\/932a97121b13d5de5bbd8193c6c83d3b92c9eda0f39623607d4280e7a5778d97?s=96&d=mm&r=g\",\"contentUrl\":\"https:\\\/\\\/secure.gravatar.com\\\/avatar\\\/932a97121b13d5de5bbd8193c6c83d3b92c9eda0f39623607d4280e7a5778d97?s=96&d=mm&r=g\",\"caption\":\"G4A\"},\"url\":\"https:\\\/\\\/centrourbano.com\\\/revista\\\/author\\\/admin-g4a\\\/\"}]}<\/script>\n<!-- \/ Yoast SEO plugin. -->","yoast_head_json":{"title":"\u25b6\ufe0f Video | Vivienda adecuada, la primera l\u00ednea de defensa contra el Covid-19 -","description":"https:\/\/youtu.be\/3sqNgTLw2iE Leilani Farah, Relator Especial de las Naciones Unidas asegur\u00f3 que la vivienda es un derecho humano fundamental. Adem\u00e1s, es","robots":{"index":"index","follow":"follow","max-snippet":"max-snippet:-1","max-image-preview":"max-image-preview:large","max-video-preview":"max-video-preview:-1"},"canonical":"https:\/\/centrourbano.com\/revista\/vivienda\/\u25b6\ufe0f-video-vivienda-adecuada-la-primera-linea-de-defensa-contra-el-covid-19\/","og_locale":"es_ES","og_type":"article","og_title":"\u25b6\ufe0f Video | Vivienda adecuada, la primera l\u00ednea de defensa contra el Covid-19 -","og_description":"https:\/\/youtu.be\/3sqNgTLw2iE Leilani Farah, Relator Especial de las Naciones Unidas asegur\u00f3 que la vivienda es un derecho humano fundamental. Adem\u00e1s, es","og_url":"https:\/\/centrourbano.com\/revista\/vivienda\/\u25b6\ufe0f-video-vivienda-adecuada-la-primera-linea-de-defensa-contra-el-covid-19\/","og_site_name":"Centro Urbano","article_publisher":"https:\/\/www.facebook.com\/portalcentrourbano","article_published_time":"2020-04-20T18:40:04+00:00","article_modified_time":"2020-04-20T18:40:36+00:00","og_image":[{"width":2560,"height":1440,"url":"https:\/\/centrourbano.com\/revista\/wp-content\/uploads\/2020-04-20-scaled.jpg","type":"image\/jpeg"}],"author":"G4A","twitter_card":"summary_large_image","twitter_creator":"@CentroUrbano","twitter_site":"@CentroUrbano","twitter_misc":{"Escrito por":"G4A"},"schema":{"@context":"https:\/\/schema.org","@graph":[{"@type":"Article","@id":"https:\/\/centrourbano.com\/revista\/vivienda\/%e2%96%b6%ef%b8%8f-video-vivienda-adecuada-la-primera-linea-de-defensa-contra-el-covid-19\/#article","isPartOf":{"@id":"https:\/\/centrourbano.com\/revista\/vivienda\/%e2%96%b6%ef%b8%8f-video-vivienda-adecuada-la-primera-linea-de-defensa-contra-el-covid-19\/"},"author":{"name":"G4A","@id":"https:\/\/centrourbano.com\/revista\/#\/schema\/person\/370fa0ba2d8dd5bde3fdb8b62ad360aa"},"headline":"\u25b6\ufe0f Video | Vivienda adecuada, la primera l\u00ednea de defensa contra el Covid-19","datePublished":"2020-04-20T18:40:04+00:00","dateModified":"2020-04-20T18:40:36+00:00","mainEntityOfPage":{"@id":"https:\/\/centrourbano.com\/revista\/vivienda\/%e2%96%b6%ef%b8%8f-video-vivienda-adecuada-la-primera-linea-de-defensa-contra-el-covid-19\/"},"wordCount":62,"commentCount":0,"publisher":{"@id":"https:\/\/centrourbano.com\/revista\/#organization"},"image":{"@id":"https:\/\/centrourbano.com\/revista\/vivienda\/%e2%96%b6%ef%b8%8f-video-vivienda-adecuada-la-primera-linea-de-defensa-contra-el-covid-19\/#primaryimage"},"thumbnailUrl":"https:\/\/centrourbano.com\/revista\/wp-content\/uploads\/2020-04-20-scaled.jpg","articleSection":["Reportajes","Vivienda"],"inLanguage":"es"},{"@type":"WebPage","@id":"https:\/\/centrourbano.com\/revista\/vivienda\/%e2%96%b6%ef%b8%8f-video-vivienda-adecuada-la-primera-linea-de-defensa-contra-el-covid-19\/","url":"https:\/\/centrourbano.com\/revista\/vivienda\/%e2%96%b6%ef%b8%8f-video-vivienda-adecuada-la-primera-linea-de-defensa-contra-el-covid-19\/","name":"\u25b6\ufe0f Video | Vivienda adecuada, la primera l\u00ednea de defensa contra el Covid-19 -","isPartOf":{"@id":"https:\/\/centrourbano.com\/revista\/#website"},"primaryImageOfPage":{"@id":"https:\/\/centrourbano.com\/revista\/vivienda\/%e2%96%b6%ef%b8%8f-video-vivienda-adecuada-la-primera-linea-de-defensa-contra-el-covid-19\/#primaryimage"},"image":{"@id":"https:\/\/centrourbano.com\/revista\/vivienda\/%e2%96%b6%ef%b8%8f-video-vivienda-adecuada-la-primera-linea-de-defensa-contra-el-covid-19\/#primaryimage"},"thumbnailUrl":"https:\/\/centrourbano.com\/revista\/wp-content\/uploads\/2020-04-20-scaled.jpg","datePublished":"2020-04-20T18:40:04+00:00","dateModified":"2020-04-20T18:40:36+00:00","description":"https:\/\/youtu.be\/3sqNgTLw2iE Leilani Farah, Relator Especial de las Naciones Unidas asegur\u00f3 que la vivienda es un derecho humano fundamental. Adem\u00e1s, es","breadcrumb":{"@id":"https:\/\/centrourbano.com\/revista\/vivienda\/%e2%96%b6%ef%b8%8f-video-vivienda-adecuada-la-primera-linea-de-defensa-contra-el-covid-19\/#breadcrumb"},"inLanguage":"es","potentialAction":[{"@type":"ReadAction","target":["https:\/\/centrourbano.com\/revista\/vivienda\/%e2%96%b6%ef%b8%8f-video-vivienda-adecuada-la-primera-linea-de-defensa-contra-el-covid-19\/"]}]},{"@type":"ImageObject","inLanguage":"es","@id":"https:\/\/centrourbano.com\/revista\/vivienda\/%e2%96%b6%ef%b8%8f-video-vivienda-adecuada-la-primera-linea-de-defensa-contra-el-covid-19\/#primaryimage","url":"https:\/\/centrourbano.com\/revista\/wp-content\/uploads\/2020-04-20-scaled.jpg","contentUrl":"https:\/\/centrourbano.com\/revista\/wp-content\/uploads\/2020-04-20-scaled.jpg","width":2560,"height":1440},{"@type":"BreadcrumbList","@id":"https:\/\/centrourbano.com\/revista\/vivienda\/%e2%96%b6%ef%b8%8f-video-vivienda-adecuada-la-primera-linea-de-defensa-contra-el-covid-19\/#breadcrumb","itemListElement":[{"@type":"ListItem","position":1,"name":"Portada","item":"https:\/\/centrourbano.com\/revista\/"},{"@type":"ListItem","position":2,"name":"\u25b6\ufe0f Video | Vivienda adecuada, la primera l\u00ednea de defensa contra el Covid-19"}]},{"@type":"WebSite","@id":"https:\/\/centrourbano.com\/revista\/#website","url":"https:\/\/centrourbano.com\/revista\/","name":"Centro Urbano","description":"Medio especializado en los sectores vivienda, inmobiliario, construcci\u00f3n, arquitectura y urbanismo.","publisher":{"@id":"https:\/\/centrourbano.com\/revista\/#organization"},"potentialAction":[{"@type":"SearchAction","target":{"@type":"EntryPoint","urlTemplate":"https:\/\/centrourbano.com\/revista\/?s={search_term_string}"},"query-input":{"@type":"PropertyValueSpecification","valueRequired":true,"valueName":"search_term_string"}}],"inLanguage":"es"},{"@type":"Organization","@id":"https:\/\/centrourbano.com\/revista\/#organization","name":"Centro Urbano","url":"https:\/\/centrourbano.com\/revista\/","logo":{"@type":"ImageObject","inLanguage":"es","@id":"https:\/\/centrourbano.com\/revista\/#\/schema\/logo\/image\/","url":"https:\/\/centrourbano.com\/revista\/wp-content\/uploads\/web_CU_logo-1.png","contentUrl":"https:\/\/centrourbano.com\/revista\/wp-content\/uploads\/web_CU_logo-1.png","width":350,"height":91,"caption":"Centro Urbano"},"image":{"@id":"https:\/\/centrourbano.com\/revista\/#\/schema\/logo\/image\/"},"sameAs":["https:\/\/www.facebook.com\/portalcentrourbano","https:\/\/x.com\/CentroUrbano","https:\/\/www.instagram.com\/centro_urbano\/","https:\/\/www.linkedin.com\/company\/centro-urbano\/","http:\/\/www.youtube.com\/user\/portalcentrourbano"]},{"@type":"Person","@id":"https:\/\/centrourbano.com\/revista\/#\/schema\/person\/370fa0ba2d8dd5bde3fdb8b62ad360aa","name":"G4A","image":{"@type":"ImageObject","inLanguage":"es","@id":"https:\/\/secure.gravatar.com\/avatar\/932a97121b13d5de5bbd8193c6c83d3b92c9eda0f39623607d4280e7a5778d97?s=96&d=mm&r=g","url":"https:\/\/secure.gravatar.com\/avatar\/932a97121b13d5de5bbd8193c6c83d3b92c9eda0f39623607d4280e7a5778d97?s=96&d=mm&r=g","contentUrl":"https:\/\/secure.gravatar.com\/avatar\/932a97121b13d5de5bbd8193c6c83d3b92c9eda0f39623607d4280e7a5778d97?s=96&d=mm&r=g","caption":"G4A"},"url":"https:\/\/centrourbano.com\/revista\/author\/admin-g4a\/"}]}},"_links":{"self":[{"href":"https:\/\/centrourbano.com\/revista\/wp-json\/wp\/v2\/posts\/105339","targetHints":{"allow":["GET"]}}],"collection":[{"href":"https:\/\/centrourbano.com\/revista\/wp-json\/wp\/v2\/posts"}],"about":[{"href":"https:\/\/centrourbano.com\/revista\/wp-json\/wp\/v2\/types\/post"}],"author":[{"embeddable":true,"href":"https:\/\/centrourbano.com\/revista\/wp-json\/wp\/v2\/users\/77"}],"replies":[{"embeddable":true,"href":"https:\/\/centrourbano.com\/revista\/wp-json\/wp\/v2\/comments?post=105339"}],"version-history":[{"count":1,"href":"https:\/\/centrourbano.com\/revista\/wp-json\/wp\/v2\/posts\/105339\/revisions"}],"predecessor-version":[{"id":105342,"href":"https:\/\/centrourbano.com\/revista\/wp-json\/wp\/v2\/posts\/105339\/revisions\/105342"}],"wp:featuredmedia":[{"embeddable":true,"href":"https:\/\/centrourbano.com\/revista\/wp-json\/wp\/v2\/media\/105341"}],"wp:attachment":[{"href":"https:\/\/centrourbano.com\/revista\/wp-json\/wp\/v2\/media?parent=105339"}],"wp:term":[{"taxonomy":"category","embeddable":true,"href":"https:\/\/centrourbano.com\/revista\/wp-json\/wp\/v2\/categories?post=105339"},{"taxonomy":"post_tag","embeddable":true,"href":"https:\/\/centrourbano.com\/revista\/wp-json\/wp\/v2\/tags?post=105339"}],"curies":[{"name":"wp","href":"https:\/\/api.w.org\/{rel}","templated":true}]}}