{"id":10480,"date":"2014-09-05T14:00:15","date_gmt":"2014-09-05T19:00:15","guid":{"rendered":"http:\/\/centrourbano.com\/?p=10480"},"modified":"2014-09-05T12:43:21","modified_gmt":"2014-09-05T17:43:21","slug":"haran-murales-en-unidad-habitacional-de-guadalajara","status":"publish","type":"post","link":"https:\/\/centrourbano.com\/revista\/urbanismo\/haran-murales-en-unidad-habitacional-de-guadalajara\/","title":{"rendered":"Pintar\u00e1n murales en unidad habitacional de Guadalajara"},"content":{"rendered":"<p><em>\u00a0 Buscan fomentar la cultura, la unidad y el ambiente social del inmueble<\/em><!--more--><\/p>\n<p>El ayuntamiento de Guadalajara, a trav\u00e9s de la Secretar\u00eda de Promoci\u00f3n Econ\u00f3mica y Grupo Comex, remodelar\u00e1n la Unidad Habitacional Mariano Otero, ubicada en los alrededores de la Expo Guadalajara, con m\u00e1s de mil 500 litros de pintura y la ayudad de seis artistas locales invitados a participar en el programa \u201cArte en tu ciudad\u201d.<\/p>\n<p>Alrededor de mil habitantes de la Unidad se ver\u00e1n beneficiados, pues los 15 edificios que integran el complejo habitacional ser\u00e1n intervenidos con el patrocinio de Comex, quien proporcionar\u00e1 pintura y los materiales necesarios para este proyecto, mientras que el Ayuntamiento dotar\u00e1 con el equipo necesario para la realizaci\u00f3n.<\/p>\n<p>El programa \u201cArte en tu ciudad\u201d busca fomentar la cultura, la unidad y de ambiente social, al mismo tiempo recrea el panorama de la zona con arte de gran formato.<\/p>\n<p>La representante de los vecinos del conjunto habitacional Mariano Otero, Flor Marisol Carrillo Moreno, agradeci\u00f3 que se hay determinado plasmar las obras de arte de los artistas Ignacio Aldana, Bolla Hiriart, Gibran Juli\u00e1n, Gretel Morales, Eduardo Encarnaci\u00f3n y Felipe Zaldivar, en este lugar, ya que dar\u00e1 vida, atracci\u00f3n y una mejor imagen al lugar.<\/p>\n","protected":false},"excerpt":{"rendered":"<p>\u00a0 Buscan fomentar la cultura, la unidad y el ambiente social del inmueble<\/p>\n","protected":false},"author":77,"featured_media":0,"comment_status":"open","ping_status":"closed","sticky":false,"template":"","format":"standard","meta":{"inline_featured_image":false,"footnotes":""},"categories":[82],"tags":[2917,2919,2922,2544,2923,2920,2921,2916,120,2918,2915],"class_list":["post-10480","post","type-post","status-publish","format-standard","hentry","category-urbanismo","tag-arte-en-tu-ciudad","tag-bolla-hiriart","tag-eduardo-encarnacion","tag-expo-guadalajara","tag-felipe-zaldivar","tag-gibran-julian","tag-gretel-morales","tag-grupo-comex","tag-guadalajara","tag-ignacio-aldana","tag-secretaria-de-promocion-economica"],"yoast_head":"<!-- This site is optimized with the Yoast SEO plugin v28.4 - https:\/\/yoast.com\/product\/yoast-seo-wordpress\/ -->\n<title>Pintar\u00e1n murales en unidad habitacional de Guadalajara -<\/title>\n<meta name=\"description\" content=\"\u00a0 Buscan fomentar la cultura, la unidad y el ambiente social del inmueble El ayuntamiento de Guadalajara, a trav\u00e9s de la Secretar\u00eda de Promoci\u00f3n Econ\u00f3mica\" \/>\n<meta name=\"robots\" content=\"index, follow, max-snippet:-1, max-image-preview:large, max-video-preview:-1\" \/>\n<link rel=\"canonical\" href=\"https:\/\/centrourbano.com\/revista\/urbanismo\/haran-murales-en-unidad-habitacional-de-guadalajara\/\" \/>\n<meta property=\"og:locale\" content=\"es_ES\" \/>\n<meta property=\"og:type\" content=\"article\" \/>\n<meta property=\"og:title\" content=\"Pintar\u00e1n murales en unidad habitacional de Guadalajara -\" \/>\n<meta property=\"og:description\" content=\"\u00a0 Buscan fomentar la cultura, la unidad y el ambiente social del inmueble El ayuntamiento de Guadalajara, a trav\u00e9s de la Secretar\u00eda de Promoci\u00f3n Econ\u00f3mica\" \/>\n<meta property=\"og:url\" content=\"https:\/\/centrourbano.com\/revista\/urbanismo\/haran-murales-en-unidad-habitacional-de-guadalajara\/\" \/>\n<meta property=\"og:site_name\" content=\"Centro Urbano\" \/>\n<meta property=\"article:publisher\" content=\"https:\/\/www.facebook.com\/portalcentrourbano\" \/>\n<meta property=\"article:published_time\" content=\"2014-09-05T19:00:15+00:00\" \/>\n<meta property=\"og:image\" content=\"https:\/\/centrourbano.com\/revista\/wp-content\/uploads\/CU-logo.png\" \/>\n\t<meta property=\"og:image:width\" content=\"350\" \/>\n\t<meta property=\"og:image:height\" content=\"91\" \/>\n\t<meta property=\"og:image:type\" content=\"image\/png\" \/>\n<meta name=\"author\" content=\"G4A\" \/>\n<meta name=\"twitter:card\" content=\"summary_large_image\" \/>\n<meta name=\"twitter:creator\" content=\"@CentroUrbano\" \/>\n<meta name=\"twitter:site\" content=\"@CentroUrbano\" \/>\n<meta name=\"twitter:label1\" content=\"Escrito por\" \/>\n\t<meta name=\"twitter:data1\" content=\"G4A\" \/>\n\t<meta name=\"twitter:label2\" content=\"Tiempo de lectura\" \/>\n\t<meta name=\"twitter:data2\" content=\"1 minuto\" \/>\n<script type=\"application\/ld+json\" class=\"yoast-schema-graph\">{\"@context\":\"https:\\\/\\\/schema.org\",\"@graph\":[{\"@type\":\"Article\",\"@id\":\"https:\\\/\\\/centrourbano.com\\\/revista\\\/urbanismo\\\/haran-murales-en-unidad-habitacional-de-guadalajara\\\/#article\",\"isPartOf\":{\"@id\":\"https:\\\/\\\/centrourbano.com\\\/revista\\\/urbanismo\\\/haran-murales-en-unidad-habitacional-de-guadalajara\\\/\"},\"author\":{\"name\":\"G4A\",\"@id\":\"https:\\\/\\\/centrourbano.com\\\/revista\\\/#\\\/schema\\\/person\\\/370fa0ba2d8dd5bde3fdb8b62ad360aa\"},\"headline\":\"Pintar\u00e1n murales en unidad habitacional de Guadalajara\",\"datePublished\":\"2014-09-05T19:00:15+00:00\",\"mainEntityOfPage\":{\"@id\":\"https:\\\/\\\/centrourbano.com\\\/revista\\\/urbanismo\\\/haran-murales-en-unidad-habitacional-de-guadalajara\\\/\"},\"wordCount\":216,\"commentCount\":0,\"publisher\":{\"@id\":\"https:\\\/\\\/centrourbano.com\\\/revista\\\/#organization\"},\"keywords\":[\"Arte en tu ciudad\",\"Bolla Hiriart\",\"Eduardo Encarnaci\u00f3n\",\"Expo Guadalajara\",\"Felipe Zaldivar\",\"Gibran Juli\u00e1n\",\"Gretel Morales\",\"Grupo Comex\",\"Guadalajara\",\"Ignacio Aldana\",\"Secretar\u00eda de Promoci\u00f3n Econ\u00f3mica\"],\"articleSection\":[\"Urbanismo\"],\"inLanguage\":\"es\"},{\"@type\":\"WebPage\",\"@id\":\"https:\\\/\\\/centrourbano.com\\\/revista\\\/urbanismo\\\/haran-murales-en-unidad-habitacional-de-guadalajara\\\/\",\"url\":\"https:\\\/\\\/centrourbano.com\\\/revista\\\/urbanismo\\\/haran-murales-en-unidad-habitacional-de-guadalajara\\\/\",\"name\":\"Pintar\u00e1n murales en unidad habitacional de Guadalajara -\",\"isPartOf\":{\"@id\":\"https:\\\/\\\/centrourbano.com\\\/revista\\\/#website\"},\"datePublished\":\"2014-09-05T19:00:15+00:00\",\"description\":\"\u00a0 Buscan fomentar la cultura, la unidad y el ambiente social del inmueble El ayuntamiento de Guadalajara, a trav\u00e9s de la Secretar\u00eda de Promoci\u00f3n Econ\u00f3mica\",\"breadcrumb\":{\"@id\":\"https:\\\/\\\/centrourbano.com\\\/revista\\\/urbanismo\\\/haran-murales-en-unidad-habitacional-de-guadalajara\\\/#breadcrumb\"},\"inLanguage\":\"es\",\"potentialAction\":[{\"@type\":\"ReadAction\",\"target\":[\"https:\\\/\\\/centrourbano.com\\\/revista\\\/urbanismo\\\/haran-murales-en-unidad-habitacional-de-guadalajara\\\/\"]}]},{\"@type\":\"BreadcrumbList\",\"@id\":\"https:\\\/\\\/centrourbano.com\\\/revista\\\/urbanismo\\\/haran-murales-en-unidad-habitacional-de-guadalajara\\\/#breadcrumb\",\"itemListElement\":[{\"@type\":\"ListItem\",\"position\":1,\"name\":\"Portada\",\"item\":\"https:\\\/\\\/centrourbano.com\\\/revista\\\/\"},{\"@type\":\"ListItem\",\"position\":2,\"name\":\"Pintar\u00e1n murales en unidad habitacional de Guadalajara\"}]},{\"@type\":\"WebSite\",\"@id\":\"https:\\\/\\\/centrourbano.com\\\/revista\\\/#website\",\"url\":\"https:\\\/\\\/centrourbano.com\\\/revista\\\/\",\"name\":\"Centro Urbano\",\"description\":\"Medio especializado en los sectores vivienda, inmobiliario, construcci\u00f3n, arquitectura y urbanismo.\",\"publisher\":{\"@id\":\"https:\\\/\\\/centrourbano.com\\\/revista\\\/#organization\"},\"potentialAction\":[{\"@type\":\"SearchAction\",\"target\":{\"@type\":\"EntryPoint\",\"urlTemplate\":\"https:\\\/\\\/centrourbano.com\\\/revista\\\/?s={search_term_string}\"},\"query-input\":{\"@type\":\"PropertyValueSpecification\",\"valueRequired\":true,\"valueName\":\"search_term_string\"}}],\"inLanguage\":\"es\"},{\"@type\":\"Organization\",\"@id\":\"https:\\\/\\\/centrourbano.com\\\/revista\\\/#organization\",\"name\":\"Centro Urbano\",\"url\":\"https:\\\/\\\/centrourbano.com\\\/revista\\\/\",\"logo\":{\"@type\":\"ImageObject\",\"inLanguage\":\"es\",\"@id\":\"https:\\\/\\\/centrourbano.com\\\/revista\\\/#\\\/schema\\\/logo\\\/image\\\/\",\"url\":\"https:\\\/\\\/centrourbano.com\\\/revista\\\/wp-content\\\/uploads\\\/web_CU_logo-1.png\",\"contentUrl\":\"https:\\\/\\\/centrourbano.com\\\/revista\\\/wp-content\\\/uploads\\\/web_CU_logo-1.png\",\"width\":350,\"height\":91,\"caption\":\"Centro Urbano\"},\"image\":{\"@id\":\"https:\\\/\\\/centrourbano.com\\\/revista\\\/#\\\/schema\\\/logo\\\/image\\\/\"},\"sameAs\":[\"https:\\\/\\\/www.facebook.com\\\/portalcentrourbano\",\"https:\\\/\\\/x.com\\\/CentroUrbano\",\"https:\\\/\\\/www.instagram.com\\\/centro_urbano\\\/\",\"https:\\\/\\\/www.linkedin.com\\\/company\\\/centro-urbano\\\/\",\"http:\\\/\\\/www.youtube.com\\\/user\\\/portalcentrourbano\"]},{\"@type\":\"Person\",\"@id\":\"https:\\\/\\\/centrourbano.com\\\/revista\\\/#\\\/schema\\\/person\\\/370fa0ba2d8dd5bde3fdb8b62ad360aa\",\"name\":\"G4A\",\"image\":{\"@type\":\"ImageObject\",\"inLanguage\":\"es\",\"@id\":\"https:\\\/\\\/secure.gravatar.com\\\/avatar\\\/932a97121b13d5de5bbd8193c6c83d3b92c9eda0f39623607d4280e7a5778d97?s=96&d=mm&r=g\",\"url\":\"https:\\\/\\\/secure.gravatar.com\\\/avatar\\\/932a97121b13d5de5bbd8193c6c83d3b92c9eda0f39623607d4280e7a5778d97?s=96&d=mm&r=g\",\"contentUrl\":\"https:\\\/\\\/secure.gravatar.com\\\/avatar\\\/932a97121b13d5de5bbd8193c6c83d3b92c9eda0f39623607d4280e7a5778d97?s=96&d=mm&r=g\",\"caption\":\"G4A\"},\"url\":\"https:\\\/\\\/centrourbano.com\\\/revista\\\/author\\\/admin-g4a\\\/\"}]}<\/script>\n<!-- \/ Yoast SEO plugin. -->","yoast_head_json":{"title":"Pintar\u00e1n murales en unidad habitacional de Guadalajara -","description":"\u00a0 Buscan fomentar la cultura, la unidad y el ambiente social del inmueble El ayuntamiento de Guadalajara, a trav\u00e9s de la Secretar\u00eda de Promoci\u00f3n Econ\u00f3mica","robots":{"index":"index","follow":"follow","max-snippet":"max-snippet:-1","max-image-preview":"max-image-preview:large","max-video-preview":"max-video-preview:-1"},"canonical":"https:\/\/centrourbano.com\/revista\/urbanismo\/haran-murales-en-unidad-habitacional-de-guadalajara\/","og_locale":"es_ES","og_type":"article","og_title":"Pintar\u00e1n murales en unidad habitacional de Guadalajara -","og_description":"\u00a0 Buscan fomentar la cultura, la unidad y el ambiente social del inmueble El ayuntamiento de Guadalajara, a trav\u00e9s de la Secretar\u00eda de Promoci\u00f3n Econ\u00f3mica","og_url":"https:\/\/centrourbano.com\/revista\/urbanismo\/haran-murales-en-unidad-habitacional-de-guadalajara\/","og_site_name":"Centro Urbano","article_publisher":"https:\/\/www.facebook.com\/portalcentrourbano","article_published_time":"2014-09-05T19:00:15+00:00","og_image":[{"width":350,"height":91,"url":"https:\/\/centrourbano.com\/revista\/wp-content\/uploads\/CU-logo.png","type":"image\/png"}],"author":"G4A","twitter_card":"summary_large_image","twitter_creator":"@CentroUrbano","twitter_site":"@CentroUrbano","twitter_misc":{"Escrito por":"G4A","Tiempo de lectura":"1 minuto"},"schema":{"@context":"https:\/\/schema.org","@graph":[{"@type":"Article","@id":"https:\/\/centrourbano.com\/revista\/urbanismo\/haran-murales-en-unidad-habitacional-de-guadalajara\/#article","isPartOf":{"@id":"https:\/\/centrourbano.com\/revista\/urbanismo\/haran-murales-en-unidad-habitacional-de-guadalajara\/"},"author":{"name":"G4A","@id":"https:\/\/centrourbano.com\/revista\/#\/schema\/person\/370fa0ba2d8dd5bde3fdb8b62ad360aa"},"headline":"Pintar\u00e1n murales en unidad habitacional de Guadalajara","datePublished":"2014-09-05T19:00:15+00:00","mainEntityOfPage":{"@id":"https:\/\/centrourbano.com\/revista\/urbanismo\/haran-murales-en-unidad-habitacional-de-guadalajara\/"},"wordCount":216,"commentCount":0,"publisher":{"@id":"https:\/\/centrourbano.com\/revista\/#organization"},"keywords":["Arte en tu ciudad","Bolla Hiriart","Eduardo Encarnaci\u00f3n","Expo Guadalajara","Felipe Zaldivar","Gibran Juli\u00e1n","Gretel Morales","Grupo Comex","Guadalajara","Ignacio Aldana","Secretar\u00eda de Promoci\u00f3n Econ\u00f3mica"],"articleSection":["Urbanismo"],"inLanguage":"es"},{"@type":"WebPage","@id":"https:\/\/centrourbano.com\/revista\/urbanismo\/haran-murales-en-unidad-habitacional-de-guadalajara\/","url":"https:\/\/centrourbano.com\/revista\/urbanismo\/haran-murales-en-unidad-habitacional-de-guadalajara\/","name":"Pintar\u00e1n murales en unidad habitacional de Guadalajara -","isPartOf":{"@id":"https:\/\/centrourbano.com\/revista\/#website"},"datePublished":"2014-09-05T19:00:15+00:00","description":"\u00a0 Buscan fomentar la cultura, la unidad y el ambiente social del inmueble El ayuntamiento de Guadalajara, a trav\u00e9s de la Secretar\u00eda de Promoci\u00f3n Econ\u00f3mica","breadcrumb":{"@id":"https:\/\/centrourbano.com\/revista\/urbanismo\/haran-murales-en-unidad-habitacional-de-guadalajara\/#breadcrumb"},"inLanguage":"es","potentialAction":[{"@type":"ReadAction","target":["https:\/\/centrourbano.com\/revista\/urbanismo\/haran-murales-en-unidad-habitacional-de-guadalajara\/"]}]},{"@type":"BreadcrumbList","@id":"https:\/\/centrourbano.com\/revista\/urbanismo\/haran-murales-en-unidad-habitacional-de-guadalajara\/#breadcrumb","itemListElement":[{"@type":"ListItem","position":1,"name":"Portada","item":"https:\/\/centrourbano.com\/revista\/"},{"@type":"ListItem","position":2,"name":"Pintar\u00e1n murales en unidad habitacional de Guadalajara"}]},{"@type":"WebSite","@id":"https:\/\/centrourbano.com\/revista\/#website","url":"https:\/\/centrourbano.com\/revista\/","name":"Centro Urbano","description":"Medio especializado en los sectores vivienda, inmobiliario, construcci\u00f3n, arquitectura y urbanismo.","publisher":{"@id":"https:\/\/centrourbano.com\/revista\/#organization"},"potentialAction":[{"@type":"SearchAction","target":{"@type":"EntryPoint","urlTemplate":"https:\/\/centrourbano.com\/revista\/?s={search_term_string}"},"query-input":{"@type":"PropertyValueSpecification","valueRequired":true,"valueName":"search_term_string"}}],"inLanguage":"es"},{"@type":"Organization","@id":"https:\/\/centrourbano.com\/revista\/#organization","name":"Centro Urbano","url":"https:\/\/centrourbano.com\/revista\/","logo":{"@type":"ImageObject","inLanguage":"es","@id":"https:\/\/centrourbano.com\/revista\/#\/schema\/logo\/image\/","url":"https:\/\/centrourbano.com\/revista\/wp-content\/uploads\/web_CU_logo-1.png","contentUrl":"https:\/\/centrourbano.com\/revista\/wp-content\/uploads\/web_CU_logo-1.png","width":350,"height":91,"caption":"Centro Urbano"},"image":{"@id":"https:\/\/centrourbano.com\/revista\/#\/schema\/logo\/image\/"},"sameAs":["https:\/\/www.facebook.com\/portalcentrourbano","https:\/\/x.com\/CentroUrbano","https:\/\/www.instagram.com\/centro_urbano\/","https:\/\/www.linkedin.com\/company\/centro-urbano\/","http:\/\/www.youtube.com\/user\/portalcentrourbano"]},{"@type":"Person","@id":"https:\/\/centrourbano.com\/revista\/#\/schema\/person\/370fa0ba2d8dd5bde3fdb8b62ad360aa","name":"G4A","image":{"@type":"ImageObject","inLanguage":"es","@id":"https:\/\/secure.gravatar.com\/avatar\/932a97121b13d5de5bbd8193c6c83d3b92c9eda0f39623607d4280e7a5778d97?s=96&d=mm&r=g","url":"https:\/\/secure.gravatar.com\/avatar\/932a97121b13d5de5bbd8193c6c83d3b92c9eda0f39623607d4280e7a5778d97?s=96&d=mm&r=g","contentUrl":"https:\/\/secure.gravatar.com\/avatar\/932a97121b13d5de5bbd8193c6c83d3b92c9eda0f39623607d4280e7a5778d97?s=96&d=mm&r=g","caption":"G4A"},"url":"https:\/\/centrourbano.com\/revista\/author\/admin-g4a\/"}]}},"_links":{"self":[{"href":"https:\/\/centrourbano.com\/revista\/wp-json\/wp\/v2\/posts\/10480","targetHints":{"allow":["GET"]}}],"collection":[{"href":"https:\/\/centrourbano.com\/revista\/wp-json\/wp\/v2\/posts"}],"about":[{"href":"https:\/\/centrourbano.com\/revista\/wp-json\/wp\/v2\/types\/post"}],"author":[{"embeddable":true,"href":"https:\/\/centrourbano.com\/revista\/wp-json\/wp\/v2\/users\/77"}],"replies":[{"embeddable":true,"href":"https:\/\/centrourbano.com\/revista\/wp-json\/wp\/v2\/comments?post=10480"}],"version-history":[{"count":0,"href":"https:\/\/centrourbano.com\/revista\/wp-json\/wp\/v2\/posts\/10480\/revisions"}],"wp:attachment":[{"href":"https:\/\/centrourbano.com\/revista\/wp-json\/wp\/v2\/media?parent=10480"}],"wp:term":[{"taxonomy":"category","embeddable":true,"href":"https:\/\/centrourbano.com\/revista\/wp-json\/wp\/v2\/categories?post=10480"},{"taxonomy":"post_tag","embeddable":true,"href":"https:\/\/centrourbano.com\/revista\/wp-json\/wp\/v2\/tags?post=10480"}],"curies":[{"name":"wp","href":"https:\/\/api.w.org\/{rel}","templated":true}]}}