{"id":104778,"date":"2020-04-06T08:01:08","date_gmt":"2020-04-06T13:01:08","guid":{"rendered":"https:\/\/centrourbano.com\/?p=104778"},"modified":"2020-04-06T10:04:11","modified_gmt":"2020-04-06T15:04:11","slug":"publican-medidas-para-mantener-activo-el-servicio-de-telecomunicaciones","status":"publish","type":"post","link":"https:\/\/centrourbano.com\/revista\/construccion\/publican-medidas-para-mantener-activo-el-servicio-de-telecomunicaciones\/","title":{"rendered":"SCT publica medidas para mantener activo servicio de telecomunicaciones"},"content":{"rendered":"<p><em>La Segob y la SCT pidieron apoyo a los gobernadores con las actividades de instalaci\u00f3n y mantenimiento de infraestructura de telecomunicaciones<\/em><\/p>\n<p><!--more--><\/p>\n<p>Con el objetivo de <strong>garantizar el servicio de telecomunicaciones y radiodifusi\u00f3n<\/strong> en todo el territorio nacional, en esta contingencia sanitaria por Covid-19, la Secretar\u00eda de Gobernaci\u00f3n (<a href=\"https:\/\/twitter.com\/SEGOB_mx\">Segob<\/a>) y la Secretar\u00eda de Comunicaciones y Transportes (<a href=\"https:\/\/twitter.com\/SCT_mx\">SCT<\/a>) solicitaron, a trav\u00e9s de un oficio a los gobernadores y la jefa de gobierno de CDMX, su <strong>apoyo en la otorgaci\u00f3n de permisos inherentes a la infraestructura que ese servicio requiere<\/strong>.<\/p>\n<blockquote><p>\u201c[Es fundamental] el apoyo de las autoridades estatales y municipales para otorgar permisos y autorizaciones de instalaci\u00f3n, operaci\u00f3n y mantenimiento de infraestructura de telecomunicaciones y radiodifusi\u00f3n, a empresas que presten dichos servicios\u201d.<\/p><\/blockquote>\n<p>Las medidas son las siguientes:<\/p>\n<ul>\n<li>Autorizar el uso de la v\u00eda p\u00fablica primaria y secundaria durante la ejecuci\u00f3n de trabajos necesarios para garantizar la continuidad de los servicios en la infraestructura existente para sustituci\u00f3n, mantenimiento preventivo, correctivo o emergente en las redes de telecomunicaciones y radiodifusi\u00f3n.<\/li>\n<li>Autorizar la actividad de cuadrillas que realizan diversos trabajos operativos en la v\u00eda p\u00fablica, ya sea en torres, postes o instalaciones subterr\u00e1neas; permitir la transportaci\u00f3n de estas cuadrillas a las zonas de mantenimiento y, en su caso, brindarles seguridad durante tales operaciones.<\/li>\n<li>Permitir la instalaci\u00f3n de servicios en hospitales, casas, negocios, comercios, centros de datos, de contacto y de soporte, y dependencias de gobierno, entre otros.<\/li>\n<li>Permitir la operaci\u00f3n de los concesionarios y autorizados de telecomunicaciones y radiodifusi\u00f3n en las instalaciones e inmuebles que garantizan la operaci\u00f3n y provisi\u00f3n de los servicios, entre ellos, sucursales, m\u00f3dulos de ventas, almacenes, centros de datos, de contacto y de soporte, centros de recepci\u00f3n y transmisi\u00f3n de se\u00f1al, centros de distribuci\u00f3n, oficinas y cercos, entre otros.<\/li>\n<li>Permitir la operaci\u00f3n de las actividades de las empresas de manufactura de alta tecnolog\u00eda, toda vez que abastecen con equipos, partes y refacciones al sector de telecomunicaciones y radiodifusi\u00f3n.<\/li>\n<li>Permitir la circulaci\u00f3n de los veh\u00edculos y personal necesarios para garantizar estas medidas.<\/li>\n<\/ul>\n<p>En este contexto de emergencia sanitaria, las actividades <a href=\"https:\/\/centrourbano.com\/2020\/04\/03\/reajusta-hacienda-crecimiento-del-pib-a-un-rango-3-9-0-1\/\">econ\u00f3micas<\/a> \u2018especiales\u2019 resultan relevantes por su papel para salir avante contra el Covid-19. En esa l\u00f3gica, las dependencias federales recordaron que las telecomunicaciones y la radiodifusi\u00f3n son parte de ese \u2018catalogo\u2019.<\/p>\n","protected":false},"excerpt":{"rendered":"<p>La Segob y la SCT pidieron apoyo a los gobernadores con las actividades de instalaci\u00f3n y mantenimiento de infraestructura de telecomunicaciones<\/p>\n","protected":false},"author":75,"featured_media":104780,"comment_status":"open","ping_status":"closed","sticky":false,"template":"","format":"standard","meta":{"om_disable_all_campaigns":false,"inline_featured_image":false,"_monsterinsights_skip_tracking":false,"_monsterinsights_sitenote_active":false,"_monsterinsights_sitenote_note":"","_monsterinsights_sitenote_category":0,"footnotes":""},"categories":[17827,14],"tags":[17784,11562,17958,311,14553,17836,17824,29,680],"class_list":["post-104778","post","type-post","status-publish","format-standard","has-post-thumbnail","hentry","category-cobertura-covid-19","category-construccion","tag-covid-19","tag-emergencia","tag-gobernacion","tag-infraestructura","tag-medidas","tag-radiodifusion","tag-sanitaria","tag-sct","tag-telecomunicaciones"],"yoast_head":"<!-- This site is optimized with the Yoast SEO plugin v27.4 - https:\/\/yoast.com\/product\/yoast-seo-wordpress\/ -->\n<title>Publican medidas para mantener activo el servicio de telecomunicaciones<\/title>\n<meta name=\"description\" content=\"La Segob y la SCT pidieron apoyo a los gobernadores con las actividades de instalaci\u00f3n y mantenimiento de infraestructura de telecomunicaciones\" \/>\n<meta name=\"robots\" content=\"index, follow, max-snippet:-1, max-image-preview:large, max-video-preview:-1\" \/>\n<link rel=\"canonical\" href=\"https:\/\/centrourbano.com\/revista\/construccion\/publican-medidas-para-mantener-activo-el-servicio-de-telecomunicaciones\/\" \/>\n<meta property=\"og:locale\" content=\"es_ES\" \/>\n<meta property=\"og:type\" content=\"article\" \/>\n<meta property=\"og:title\" content=\"Publican medidas para mantener activo el servicio de telecomunicaciones\" \/>\n<meta property=\"og:description\" content=\"La Segob y la SCT pidieron apoyo a los gobernadores con las actividades de instalaci\u00f3n y mantenimiento de infraestructura de telecomunicaciones\" \/>\n<meta property=\"og:url\" content=\"https:\/\/centrourbano.com\/revista\/construccion\/publican-medidas-para-mantener-activo-el-servicio-de-telecomunicaciones\/\" \/>\n<meta property=\"og:site_name\" content=\"Centro Urbano\" \/>\n<meta property=\"article:publisher\" content=\"https:\/\/www.facebook.com\/portalcentrourbano\" \/>\n<meta property=\"article:published_time\" content=\"2020-04-06T13:01:08+00:00\" \/>\n<meta property=\"article:modified_time\" content=\"2020-04-06T15:04:11+00:00\" \/>\n<meta property=\"og:image\" content=\"https:\/\/centrourbano.com\/revista\/wp-content\/uploads\/antena-telecomunicaciones-covid19.jpg\" \/>\n\t<meta property=\"og:image:width\" content=\"960\" \/>\n\t<meta property=\"og:image:height\" content=\"720\" \/>\n\t<meta property=\"og:image:type\" content=\"image\/jpeg\" \/>\n<meta name=\"author\" content=\"Antonio Garc\u00eda\" \/>\n<meta name=\"twitter:card\" content=\"summary_large_image\" \/>\n<meta name=\"twitter:creator\" content=\"@https:\/\/twitter.com\/TGarper\" \/>\n<meta name=\"twitter:site\" content=\"@CentroUrbano\" \/>\n<meta name=\"twitter:label1\" content=\"Escrito por\" \/>\n\t<meta name=\"twitter:data1\" content=\"Antonio Garc\u00eda\" \/>\n\t<meta name=\"twitter:label2\" content=\"Tiempo de lectura\" \/>\n\t<meta name=\"twitter:data2\" content=\"2 minutos\" \/>\n<script type=\"application\/ld+json\" class=\"yoast-schema-graph\">{\"@context\":\"https:\\\/\\\/schema.org\",\"@graph\":[{\"@type\":\"Article\",\"@id\":\"https:\\\/\\\/centrourbano.com\\\/revista\\\/construccion\\\/publican-medidas-para-mantener-activo-el-servicio-de-telecomunicaciones\\\/#article\",\"isPartOf\":{\"@id\":\"https:\\\/\\\/centrourbano.com\\\/revista\\\/construccion\\\/publican-medidas-para-mantener-activo-el-servicio-de-telecomunicaciones\\\/\"},\"author\":{\"name\":\"Antonio Garc\u00eda\",\"@id\":\"https:\\\/\\\/centrourbano.com\\\/revista\\\/#\\\/schema\\\/person\\\/d12ede3164a0881bab68f5868d5dfe8c\"},\"headline\":\"SCT publica medidas para mantener activo servicio de telecomunicaciones\",\"datePublished\":\"2020-04-06T13:01:08+00:00\",\"dateModified\":\"2020-04-06T15:04:11+00:00\",\"mainEntityOfPage\":{\"@id\":\"https:\\\/\\\/centrourbano.com\\\/revista\\\/construccion\\\/publican-medidas-para-mantener-activo-el-servicio-de-telecomunicaciones\\\/\"},\"wordCount\":414,\"commentCount\":0,\"publisher\":{\"@id\":\"https:\\\/\\\/centrourbano.com\\\/revista\\\/#organization\"},\"image\":{\"@id\":\"https:\\\/\\\/centrourbano.com\\\/revista\\\/construccion\\\/publican-medidas-para-mantener-activo-el-servicio-de-telecomunicaciones\\\/#primaryimage\"},\"thumbnailUrl\":\"https:\\\/\\\/centrourbano.com\\\/revista\\\/wp-content\\\/uploads\\\/antena-telecomunicaciones-covid19.jpg\",\"keywords\":[\"COVID-19\",\"Emergencia\",\"Gobernaci\u00f3n\",\"infraestructura\",\"medidas\",\"radiodifusi\u00f3n\",\"sanitaria\",\"SCT\",\"telecomunicaciones\"],\"articleSection\":[\"Cobertura Covid-19\",\"Construcci\u00f3n\"],\"inLanguage\":\"es\",\"potentialAction\":[{\"@type\":\"CommentAction\",\"name\":\"Comment\",\"target\":[\"https:\\\/\\\/centrourbano.com\\\/revista\\\/construccion\\\/publican-medidas-para-mantener-activo-el-servicio-de-telecomunicaciones\\\/#respond\"]}]},{\"@type\":\"WebPage\",\"@id\":\"https:\\\/\\\/centrourbano.com\\\/revista\\\/construccion\\\/publican-medidas-para-mantener-activo-el-servicio-de-telecomunicaciones\\\/\",\"url\":\"https:\\\/\\\/centrourbano.com\\\/revista\\\/construccion\\\/publican-medidas-para-mantener-activo-el-servicio-de-telecomunicaciones\\\/\",\"name\":\"Publican medidas para mantener activo el servicio de telecomunicaciones\",\"isPartOf\":{\"@id\":\"https:\\\/\\\/centrourbano.com\\\/revista\\\/#website\"},\"primaryImageOfPage\":{\"@id\":\"https:\\\/\\\/centrourbano.com\\\/revista\\\/construccion\\\/publican-medidas-para-mantener-activo-el-servicio-de-telecomunicaciones\\\/#primaryimage\"},\"image\":{\"@id\":\"https:\\\/\\\/centrourbano.com\\\/revista\\\/construccion\\\/publican-medidas-para-mantener-activo-el-servicio-de-telecomunicaciones\\\/#primaryimage\"},\"thumbnailUrl\":\"https:\\\/\\\/centrourbano.com\\\/revista\\\/wp-content\\\/uploads\\\/antena-telecomunicaciones-covid19.jpg\",\"datePublished\":\"2020-04-06T13:01:08+00:00\",\"dateModified\":\"2020-04-06T15:04:11+00:00\",\"description\":\"La Segob y la SCT pidieron apoyo a los gobernadores con las actividades de instalaci\u00f3n y mantenimiento de infraestructura de telecomunicaciones\",\"breadcrumb\":{\"@id\":\"https:\\\/\\\/centrourbano.com\\\/revista\\\/construccion\\\/publican-medidas-para-mantener-activo-el-servicio-de-telecomunicaciones\\\/#breadcrumb\"},\"inLanguage\":\"es\",\"potentialAction\":[{\"@type\":\"ReadAction\",\"target\":[\"https:\\\/\\\/centrourbano.com\\\/revista\\\/construccion\\\/publican-medidas-para-mantener-activo-el-servicio-de-telecomunicaciones\\\/\"]}]},{\"@type\":\"ImageObject\",\"inLanguage\":\"es\",\"@id\":\"https:\\\/\\\/centrourbano.com\\\/revista\\\/construccion\\\/publican-medidas-para-mantener-activo-el-servicio-de-telecomunicaciones\\\/#primaryimage\",\"url\":\"https:\\\/\\\/centrourbano.com\\\/revista\\\/wp-content\\\/uploads\\\/antena-telecomunicaciones-covid19.jpg\",\"contentUrl\":\"https:\\\/\\\/centrourbano.com\\\/revista\\\/wp-content\\\/uploads\\\/antena-telecomunicaciones-covid19.jpg\",\"width\":960,\"height\":720,\"caption\":\"La Segob y la SCT pidieron apoyo a los gobernadores con las actividades de instalaci\u00f3n y mantenimiento de infraestructura de telecomunicaciones\"},{\"@type\":\"BreadcrumbList\",\"@id\":\"https:\\\/\\\/centrourbano.com\\\/revista\\\/construccion\\\/publican-medidas-para-mantener-activo-el-servicio-de-telecomunicaciones\\\/#breadcrumb\",\"itemListElement\":[{\"@type\":\"ListItem\",\"position\":1,\"name\":\"Portada\",\"item\":\"https:\\\/\\\/centrourbano.com\\\/revista\\\/\"},{\"@type\":\"ListItem\",\"position\":2,\"name\":\"SCT publica medidas para mantener activo servicio de telecomunicaciones\"}]},{\"@type\":\"WebSite\",\"@id\":\"https:\\\/\\\/centrourbano.com\\\/revista\\\/#website\",\"url\":\"https:\\\/\\\/centrourbano.com\\\/revista\\\/\",\"name\":\"Centro Urbano\",\"description\":\"Medio especializado en los sectores vivienda, inmobiliario, construcci\u00f3n, arquitectura y urbanismo.\",\"publisher\":{\"@id\":\"https:\\\/\\\/centrourbano.com\\\/revista\\\/#organization\"},\"potentialAction\":[{\"@type\":\"SearchAction\",\"target\":{\"@type\":\"EntryPoint\",\"urlTemplate\":\"https:\\\/\\\/centrourbano.com\\\/revista\\\/?s={search_term_string}\"},\"query-input\":{\"@type\":\"PropertyValueSpecification\",\"valueRequired\":true,\"valueName\":\"search_term_string\"}}],\"inLanguage\":\"es\"},{\"@type\":\"Organization\",\"@id\":\"https:\\\/\\\/centrourbano.com\\\/revista\\\/#organization\",\"name\":\"Centro Urbano\",\"url\":\"https:\\\/\\\/centrourbano.com\\\/revista\\\/\",\"logo\":{\"@type\":\"ImageObject\",\"inLanguage\":\"es\",\"@id\":\"https:\\\/\\\/centrourbano.com\\\/revista\\\/#\\\/schema\\\/logo\\\/image\\\/\",\"url\":\"https:\\\/\\\/centrourbano.com\\\/revista\\\/wp-content\\\/uploads\\\/web_CU_logo-1.png\",\"contentUrl\":\"https:\\\/\\\/centrourbano.com\\\/revista\\\/wp-content\\\/uploads\\\/web_CU_logo-1.png\",\"width\":350,\"height\":91,\"caption\":\"Centro Urbano\"},\"image\":{\"@id\":\"https:\\\/\\\/centrourbano.com\\\/revista\\\/#\\\/schema\\\/logo\\\/image\\\/\"},\"sameAs\":[\"https:\\\/\\\/www.facebook.com\\\/portalcentrourbano\",\"https:\\\/\\\/x.com\\\/CentroUrbano\",\"https:\\\/\\\/www.instagram.com\\\/centro_urbano\\\/\",\"https:\\\/\\\/www.linkedin.com\\\/company\\\/centro-urbano\\\/\",\"http:\\\/\\\/www.youtube.com\\\/user\\\/portalcentrourbano\"]},{\"@type\":\"Person\",\"@id\":\"https:\\\/\\\/centrourbano.com\\\/revista\\\/#\\\/schema\\\/person\\\/d12ede3164a0881bab68f5868d5dfe8c\",\"name\":\"Antonio Garc\u00eda\",\"image\":{\"@type\":\"ImageObject\",\"inLanguage\":\"es\",\"@id\":\"https:\\\/\\\/secure.gravatar.com\\\/avatar\\\/68b7fcfc82d16a702310836698db1d823c3fb3b28e1f0938164455de47d96d82?s=96&d=mm&r=g\",\"url\":\"https:\\\/\\\/secure.gravatar.com\\\/avatar\\\/68b7fcfc82d16a702310836698db1d823c3fb3b28e1f0938164455de47d96d82?s=96&d=mm&r=g\",\"contentUrl\":\"https:\\\/\\\/secure.gravatar.com\\\/avatar\\\/68b7fcfc82d16a702310836698db1d823c3fb3b28e1f0938164455de47d96d82?s=96&d=mm&r=g\",\"caption\":\"Antonio Garc\u00eda\"},\"description\":\"Integrante del equipo editorial en Centro Urbano. Egresado de la carrera de Econom\u00eda (preespecialidad en Desarrollo Regional) en el IPN y de Matem\u00e1ticas Aplicadas y Computaci\u00f3n en la UNAM. Apasionado de los temas inherentes al desarrollo urbano-regional y estudios formales -e informales- sobre la ciudad y la econom\u00eda urbana.\",\"sameAs\":[\"https:\\\/\\\/www.instagram.com\\\/caminante_en_la_ciudad\\\/?hl=es-la\",\"https:\\\/\\\/x.com\\\/https:\\\/\\\/twitter.com\\\/TGarper\"],\"url\":\"https:\\\/\\\/centrourbano.com\\\/revista\\\/author\\\/antonio-garcia\\\/\"}]}<\/script>\n<!-- \/ Yoast SEO plugin. -->","yoast_head_json":{"title":"Publican medidas para mantener activo el servicio de telecomunicaciones","description":"La Segob y la SCT pidieron apoyo a los gobernadores con las actividades de instalaci\u00f3n y mantenimiento de infraestructura de telecomunicaciones","robots":{"index":"index","follow":"follow","max-snippet":"max-snippet:-1","max-image-preview":"max-image-preview:large","max-video-preview":"max-video-preview:-1"},"canonical":"https:\/\/centrourbano.com\/revista\/construccion\/publican-medidas-para-mantener-activo-el-servicio-de-telecomunicaciones\/","og_locale":"es_ES","og_type":"article","og_title":"Publican medidas para mantener activo el servicio de telecomunicaciones","og_description":"La Segob y la SCT pidieron apoyo a los gobernadores con las actividades de instalaci\u00f3n y mantenimiento de infraestructura de telecomunicaciones","og_url":"https:\/\/centrourbano.com\/revista\/construccion\/publican-medidas-para-mantener-activo-el-servicio-de-telecomunicaciones\/","og_site_name":"Centro Urbano","article_publisher":"https:\/\/www.facebook.com\/portalcentrourbano","article_published_time":"2020-04-06T13:01:08+00:00","article_modified_time":"2020-04-06T15:04:11+00:00","og_image":[{"width":960,"height":720,"url":"https:\/\/centrourbano.com\/revista\/wp-content\/uploads\/antena-telecomunicaciones-covid19.jpg","type":"image\/jpeg"}],"author":"Antonio Garc\u00eda","twitter_card":"summary_large_image","twitter_creator":"@https:\/\/twitter.com\/TGarper","twitter_site":"@CentroUrbano","twitter_misc":{"Escrito por":"Antonio Garc\u00eda","Tiempo de lectura":"2 minutos"},"schema":{"@context":"https:\/\/schema.org","@graph":[{"@type":"Article","@id":"https:\/\/centrourbano.com\/revista\/construccion\/publican-medidas-para-mantener-activo-el-servicio-de-telecomunicaciones\/#article","isPartOf":{"@id":"https:\/\/centrourbano.com\/revista\/construccion\/publican-medidas-para-mantener-activo-el-servicio-de-telecomunicaciones\/"},"author":{"name":"Antonio Garc\u00eda","@id":"https:\/\/centrourbano.com\/revista\/#\/schema\/person\/d12ede3164a0881bab68f5868d5dfe8c"},"headline":"SCT publica medidas para mantener activo servicio de telecomunicaciones","datePublished":"2020-04-06T13:01:08+00:00","dateModified":"2020-04-06T15:04:11+00:00","mainEntityOfPage":{"@id":"https:\/\/centrourbano.com\/revista\/construccion\/publican-medidas-para-mantener-activo-el-servicio-de-telecomunicaciones\/"},"wordCount":414,"commentCount":0,"publisher":{"@id":"https:\/\/centrourbano.com\/revista\/#organization"},"image":{"@id":"https:\/\/centrourbano.com\/revista\/construccion\/publican-medidas-para-mantener-activo-el-servicio-de-telecomunicaciones\/#primaryimage"},"thumbnailUrl":"https:\/\/centrourbano.com\/revista\/wp-content\/uploads\/antena-telecomunicaciones-covid19.jpg","keywords":["COVID-19","Emergencia","Gobernaci\u00f3n","infraestructura","medidas","radiodifusi\u00f3n","sanitaria","SCT","telecomunicaciones"],"articleSection":["Cobertura Covid-19","Construcci\u00f3n"],"inLanguage":"es","potentialAction":[{"@type":"CommentAction","name":"Comment","target":["https:\/\/centrourbano.com\/revista\/construccion\/publican-medidas-para-mantener-activo-el-servicio-de-telecomunicaciones\/#respond"]}]},{"@type":"WebPage","@id":"https:\/\/centrourbano.com\/revista\/construccion\/publican-medidas-para-mantener-activo-el-servicio-de-telecomunicaciones\/","url":"https:\/\/centrourbano.com\/revista\/construccion\/publican-medidas-para-mantener-activo-el-servicio-de-telecomunicaciones\/","name":"Publican medidas para mantener activo el servicio de telecomunicaciones","isPartOf":{"@id":"https:\/\/centrourbano.com\/revista\/#website"},"primaryImageOfPage":{"@id":"https:\/\/centrourbano.com\/revista\/construccion\/publican-medidas-para-mantener-activo-el-servicio-de-telecomunicaciones\/#primaryimage"},"image":{"@id":"https:\/\/centrourbano.com\/revista\/construccion\/publican-medidas-para-mantener-activo-el-servicio-de-telecomunicaciones\/#primaryimage"},"thumbnailUrl":"https:\/\/centrourbano.com\/revista\/wp-content\/uploads\/antena-telecomunicaciones-covid19.jpg","datePublished":"2020-04-06T13:01:08+00:00","dateModified":"2020-04-06T15:04:11+00:00","description":"La Segob y la SCT pidieron apoyo a los gobernadores con las actividades de instalaci\u00f3n y mantenimiento de infraestructura de telecomunicaciones","breadcrumb":{"@id":"https:\/\/centrourbano.com\/revista\/construccion\/publican-medidas-para-mantener-activo-el-servicio-de-telecomunicaciones\/#breadcrumb"},"inLanguage":"es","potentialAction":[{"@type":"ReadAction","target":["https:\/\/centrourbano.com\/revista\/construccion\/publican-medidas-para-mantener-activo-el-servicio-de-telecomunicaciones\/"]}]},{"@type":"ImageObject","inLanguage":"es","@id":"https:\/\/centrourbano.com\/revista\/construccion\/publican-medidas-para-mantener-activo-el-servicio-de-telecomunicaciones\/#primaryimage","url":"https:\/\/centrourbano.com\/revista\/wp-content\/uploads\/antena-telecomunicaciones-covid19.jpg","contentUrl":"https:\/\/centrourbano.com\/revista\/wp-content\/uploads\/antena-telecomunicaciones-covid19.jpg","width":960,"height":720,"caption":"La Segob y la SCT pidieron apoyo a los gobernadores con las actividades de instalaci\u00f3n y mantenimiento de infraestructura de telecomunicaciones"},{"@type":"BreadcrumbList","@id":"https:\/\/centrourbano.com\/revista\/construccion\/publican-medidas-para-mantener-activo-el-servicio-de-telecomunicaciones\/#breadcrumb","itemListElement":[{"@type":"ListItem","position":1,"name":"Portada","item":"https:\/\/centrourbano.com\/revista\/"},{"@type":"ListItem","position":2,"name":"SCT publica medidas para mantener activo servicio de telecomunicaciones"}]},{"@type":"WebSite","@id":"https:\/\/centrourbano.com\/revista\/#website","url":"https:\/\/centrourbano.com\/revista\/","name":"Centro Urbano","description":"Medio especializado en los sectores vivienda, inmobiliario, construcci\u00f3n, arquitectura y urbanismo.","publisher":{"@id":"https:\/\/centrourbano.com\/revista\/#organization"},"potentialAction":[{"@type":"SearchAction","target":{"@type":"EntryPoint","urlTemplate":"https:\/\/centrourbano.com\/revista\/?s={search_term_string}"},"query-input":{"@type":"PropertyValueSpecification","valueRequired":true,"valueName":"search_term_string"}}],"inLanguage":"es"},{"@type":"Organization","@id":"https:\/\/centrourbano.com\/revista\/#organization","name":"Centro Urbano","url":"https:\/\/centrourbano.com\/revista\/","logo":{"@type":"ImageObject","inLanguage":"es","@id":"https:\/\/centrourbano.com\/revista\/#\/schema\/logo\/image\/","url":"https:\/\/centrourbano.com\/revista\/wp-content\/uploads\/web_CU_logo-1.png","contentUrl":"https:\/\/centrourbano.com\/revista\/wp-content\/uploads\/web_CU_logo-1.png","width":350,"height":91,"caption":"Centro Urbano"},"image":{"@id":"https:\/\/centrourbano.com\/revista\/#\/schema\/logo\/image\/"},"sameAs":["https:\/\/www.facebook.com\/portalcentrourbano","https:\/\/x.com\/CentroUrbano","https:\/\/www.instagram.com\/centro_urbano\/","https:\/\/www.linkedin.com\/company\/centro-urbano\/","http:\/\/www.youtube.com\/user\/portalcentrourbano"]},{"@type":"Person","@id":"https:\/\/centrourbano.com\/revista\/#\/schema\/person\/d12ede3164a0881bab68f5868d5dfe8c","name":"Antonio Garc\u00eda","image":{"@type":"ImageObject","inLanguage":"es","@id":"https:\/\/secure.gravatar.com\/avatar\/68b7fcfc82d16a702310836698db1d823c3fb3b28e1f0938164455de47d96d82?s=96&d=mm&r=g","url":"https:\/\/secure.gravatar.com\/avatar\/68b7fcfc82d16a702310836698db1d823c3fb3b28e1f0938164455de47d96d82?s=96&d=mm&r=g","contentUrl":"https:\/\/secure.gravatar.com\/avatar\/68b7fcfc82d16a702310836698db1d823c3fb3b28e1f0938164455de47d96d82?s=96&d=mm&r=g","caption":"Antonio Garc\u00eda"},"description":"Integrante del equipo editorial en Centro Urbano. Egresado de la carrera de Econom\u00eda (preespecialidad en Desarrollo Regional) en el IPN y de Matem\u00e1ticas Aplicadas y Computaci\u00f3n en la UNAM. Apasionado de los temas inherentes al desarrollo urbano-regional y estudios formales -e informales- sobre la ciudad y la econom\u00eda urbana.","sameAs":["https:\/\/www.instagram.com\/caminante_en_la_ciudad\/?hl=es-la","https:\/\/x.com\/https:\/\/twitter.com\/TGarper"],"url":"https:\/\/centrourbano.com\/revista\/author\/antonio-garcia\/"}]}},"_links":{"self":[{"href":"https:\/\/centrourbano.com\/revista\/wp-json\/wp\/v2\/posts\/104778","targetHints":{"allow":["GET"]}}],"collection":[{"href":"https:\/\/centrourbano.com\/revista\/wp-json\/wp\/v2\/posts"}],"about":[{"href":"https:\/\/centrourbano.com\/revista\/wp-json\/wp\/v2\/types\/post"}],"author":[{"embeddable":true,"href":"https:\/\/centrourbano.com\/revista\/wp-json\/wp\/v2\/users\/75"}],"replies":[{"embeddable":true,"href":"https:\/\/centrourbano.com\/revista\/wp-json\/wp\/v2\/comments?post=104778"}],"version-history":[{"count":3,"href":"https:\/\/centrourbano.com\/revista\/wp-json\/wp\/v2\/posts\/104778\/revisions"}],"predecessor-version":[{"id":104825,"href":"https:\/\/centrourbano.com\/revista\/wp-json\/wp\/v2\/posts\/104778\/revisions\/104825"}],"wp:featuredmedia":[{"embeddable":true,"href":"https:\/\/centrourbano.com\/revista\/wp-json\/wp\/v2\/media\/104780"}],"wp:attachment":[{"href":"https:\/\/centrourbano.com\/revista\/wp-json\/wp\/v2\/media?parent=104778"}],"wp:term":[{"taxonomy":"category","embeddable":true,"href":"https:\/\/centrourbano.com\/revista\/wp-json\/wp\/v2\/categories?post=104778"},{"taxonomy":"post_tag","embeddable":true,"href":"https:\/\/centrourbano.com\/revista\/wp-json\/wp\/v2\/tags?post=104778"}],"curies":[{"name":"wp","href":"https:\/\/api.w.org\/{rel}","templated":true}]}}