{"id":104584,"date":"2020-04-02T10:11:37","date_gmt":"2020-04-02T16:11:37","guid":{"rendered":"https:\/\/centrourbano.com\/?p=104584"},"modified":"2020-04-02T10:11:37","modified_gmt":"2020-04-02T16:11:37","slug":"campeche-relocalizacion-tren-maya","status":"publish","type":"post","link":"https:\/\/centrourbano.com\/revista\/urbanismo\/campeche-relocalizacion-tren-maya\/","title":{"rendered":"Habitantes de Campeche a favor de posible relocalizaci\u00f3n por Tren Maya"},"content":{"rendered":"<p><em>ONU-H\u00e1bitat entrevistar\u00e1 a m\u00e1s vecinos de las localidades aleda\u00f1as a las v\u00edas del Tren Maya en Campeche, para analizar su situaci\u00f3n y continuar con las obras<\/em><!--more--><\/p>\n<p><strong><a href=\"https:\/\/www.onuhabitat.org.mx\/\" target=\"_blank\" rel=\"noopener noreferrer\">ONU-H\u00e1bitat<\/a>,<\/strong> que trabaja en el proyecto de <strong>mejoramiento urbano y habitacional <\/strong>alrededor de las v\u00edas del <strong>Tren Maya en Campeche,<\/strong> inform\u00f3 que el equipo local se ha entrevistado con varias familias para conocer sus situaciones, preocupaciones y propuestas ante una posible <strong>relocalizaci\u00f3n<\/strong>.<\/p>\n<p>Hasta el momento, el organismo ha contactado con un total de <strong>119 personas<\/strong> (67 mujeres y 52 hombres) de los barrios de <strong>Camino Real, Santa Luc\u00eda y Bellavista<\/strong>. De ellas, un <strong>84% asegura estar a favor <\/strong>de una posible relocalizaci\u00f3n; mientras que el <strong>16% revela su disconformidad <\/strong>con esta decisi\u00f3n.<\/p>\n<p>Entre las personas a favor, destaca la idea de que el <strong>Tren Maya<\/strong> supondr\u00e1 beneficios econ\u00f3micos para el estado de <strong>Campeche<\/strong>; as\u00ed como una mejora en las condiciones de vida de las familias y su seguridad ante posibles descarrilamientos.<\/p>\n<p>En estas comunidades, el paso cotidiano del tren causa <strong>afectaciones a la infraestructura de las viviendas<\/strong>; cuyas paredes y cimientos se refuerzan peri\u00f3dicamente. Sin embargo, esto tambi\u00e9n implica un riesgo para las ni\u00f1as y ni\u00f1os que juegan en las inmediaciones o acuden a la escuela primaria ubicada en la zona.<\/p>\n<p>\u201cLlevo 39 a\u00f1os viviendo en <strong>Camino Real.<\/strong> Me duele tener que dejar mi casa. Compr\u00e9 la vivienda, puse mi negocio y vivo de las ventas, de la gente del barrio. Irme a otro lado es volver a empezar; pero estoy consciente de que es para la mejor\u00eda de <strong>Campeche<\/strong>, para la mejor\u00eda de nosotros mismos. El paso del tren rompe los vidrios de la casa y cuartea los techos. Corremos riesgo. Es mejor estar fuera de la v\u00eda\u201d, se\u00f1al\u00f3 una de las vecinas.<\/p>\n<p>Otra de las razones para cambiar de residencia es la necesidad de ordenar la <strong>situaci\u00f3n jur\u00eddica de las viviendas<\/strong>; ya que algunas casas pertenecieron originalmente a una \u00fanica propiedad. En otros casos, se negocia la posibilidad de una <strong>permuta en otra ciudad.<\/strong><\/p>\n<p>Por otro lado, los vecinos que manifestaron su <strong>rechazo a una posible relocalizaci\u00f3n<\/strong>, aseguran que sus casas fueron construidas antes que la v\u00eda; por lo que insisten en su negativa a abandonarlas.<\/p>\n<p>\u201cYa tenemos cinco generaciones viviendo en la propiedad que nos legaron mis abuelos. Tenemos 82 a\u00f1os en este trazo. (\u2026) No quiero vender la casa porque aqu\u00ed est\u00e1 mi ra\u00edz, aqu\u00ed est\u00e1 mi tradici\u00f3n\u201d, mencion\u00f3 una mujer.<\/p>\n<p>No obstante, algunos vecinos subrayaron la necesidad de que se lleve a cabo una <strong>negociaci\u00f3n justa <\/strong>para dar su consentimiento a una relocalizaci\u00f3n; la cual excluya el traslado a casas de inter\u00e9s social en la periferia; o la entrega de viviendas con un valor inferior al de la vivienda actual.<\/p>\n<p>Otra de sus demandas contempla las <strong>necesidades espec\u00edficas de la poblaci\u00f3n<\/strong>; sobre todo, de quienes se desempe\u00f1an en la pesca y requieren movilizarse cerca del \u00e1rea tanto en los momentos de actividad pesquera, como para el resguardo de sus embarcaciones durante eventos meteorol\u00f3gicos.<\/p>\n<p><strong>ONU-H\u00e1bitat<\/strong> anunci\u00f3 que continuar\u00e1 con las entrevistas a m\u00e1s vecinos de estas comunidades; a fin de asegurar un <strong>proceso de negociaci\u00f3n exitoso<\/strong> que satisfaga sus necesidades y preferencias; a la vez que permita la liberaci\u00f3n de la traza y, con ello, la materializaci\u00f3n del proyecto <strong>Tren Maya<\/strong>, con sus consiguientes beneficios de empleos y conectividad para Campeche y otros estados del Sureste.<\/p>\n<a href=\"https:\/\/centrourbano.com\/revista\/wp-content\/uploads\/vecinos-campeche-4.jpg\" target=\"_blank\" rel=\"noopener noreferrer\"><img loading=\"lazy\" decoding=\"async\" class=\"aligncenter wp-image-104596 \" src=\"https:\/\/centrourbano.com\/revista\/wp-content\/uploads\/vecinos-campeche-4.jpg\" alt=\"\" width=\"502\" height=\"376\" srcset=\"https:\/\/centrourbano.com\/revista\/wp-content\/uploads\/vecinos-campeche-4.jpg 1280w, https:\/\/centrourbano.com\/revista\/wp-content\/uploads\/vecinos-campeche-4-300x225.jpg 300w, https:\/\/centrourbano.com\/revista\/wp-content\/uploads\/vecinos-campeche-4-1024x768.jpg 1024w, https:\/\/centrourbano.com\/revista\/wp-content\/uploads\/vecinos-campeche-4-768x576.jpg 768w, https:\/\/centrourbano.com\/revista\/wp-content\/uploads\/vecinos-campeche-4-100x75.jpg 100w\" sizes=\"auto, (max-width: 502px) 100vw, 502px\" \/><\/a>\n","protected":false},"excerpt":{"rendered":"<p>ONU-H\u00e1bitat entrevistar\u00e1 a m\u00e1s vecinos de las localidades aleda\u00f1as a las v\u00edas del Tren Maya en Campeche, para analizar su situaci\u00f3n y continuar con las obras<\/p>\n","protected":false},"author":73,"featured_media":104595,"comment_status":"open","ping_status":"closed","sticky":false,"template":"","format":"standard","meta":{"om_disable_all_campaigns":false,"inline_featured_image":false,"_monsterinsights_skip_tracking":false,"_monsterinsights_sitenote_active":false,"_monsterinsights_sitenote_note":"","_monsterinsights_sitenote_category":0,"footnotes":""},"categories":[82,12],"tags":[607,208,2653,17932,14281,60],"class_list":["post-104584","post","type-post","status-publish","format-standard","has-post-thumbnail","hentry","category-urbanismo","category-vivienda","tag-campeche","tag-mejoramiento-urbano","tag-onu-habitat","tag-relocalizacion","tag-tren-maya","tag-vivienda-2"],"yoast_head":"<!-- This site is optimized with the Yoast SEO plugin v27.4 - https:\/\/yoast.com\/product\/yoast-seo-wordpress\/ -->\n<title>Habitantes de Campeche a favor de posible relocalizaci\u00f3n por Tren Maya<\/title>\n<meta name=\"description\" content=\"ONU-H\u00e1bitat entrevistar\u00e1 a vecinos de las localidades aleda\u00f1as a las v\u00edas del Tren Maya en Campeche; para analizar su situaci\u00f3n y continuar con las obras\" \/>\n<meta name=\"robots\" content=\"index, follow, max-snippet:-1, max-image-preview:large, max-video-preview:-1\" \/>\n<link rel=\"canonical\" href=\"https:\/\/centrourbano.com\/revista\/urbanismo\/campeche-relocalizacion-tren-maya\/\" \/>\n<meta property=\"og:locale\" content=\"es_ES\" \/>\n<meta property=\"og:type\" content=\"article\" \/>\n<meta property=\"og:title\" content=\"Habitantes de Campeche a favor de posible relocalizaci\u00f3n por Tren Maya\" \/>\n<meta property=\"og:description\" content=\"ONU-H\u00e1bitat entrevistar\u00e1 a vecinos de las localidades aleda\u00f1as a las v\u00edas del Tren Maya en Campeche; para analizar su situaci\u00f3n y continuar con las obras\" \/>\n<meta property=\"og:url\" content=\"https:\/\/centrourbano.com\/revista\/urbanismo\/campeche-relocalizacion-tren-maya\/\" \/>\n<meta property=\"og:site_name\" content=\"Centro Urbano\" \/>\n<meta property=\"article:publisher\" content=\"https:\/\/www.facebook.com\/portalcentrourbano\" \/>\n<meta property=\"article:published_time\" content=\"2020-04-02T16:11:37+00:00\" \/>\n<meta property=\"og:image\" content=\"https:\/\/centrourbano.com\/revista\/wp-content\/uploads\/Habitantes-de-Campeche-a-favor-de-posible-relocalizaci\u00f3n-por-Tren-Maya.jpg\" \/>\n\t<meta property=\"og:image:width\" content=\"797\" \/>\n\t<meta property=\"og:image:height\" content=\"436\" \/>\n\t<meta property=\"og:image:type\" content=\"image\/jpeg\" \/>\n<meta name=\"author\" content=\"Fernanda Hern\u00e1ndez\" \/>\n<meta name=\"twitter:card\" content=\"summary_large_image\" \/>\n<meta name=\"twitter:creator\" content=\"@https:\/\/twitter.com\/Nannz_Hernandez\" \/>\n<meta name=\"twitter:site\" content=\"@CentroUrbano\" \/>\n<meta name=\"twitter:label1\" content=\"Escrito por\" \/>\n\t<meta name=\"twitter:data1\" content=\"Fernanda Hern\u00e1ndez\" \/>\n\t<meta name=\"twitter:label2\" content=\"Tiempo de lectura\" \/>\n\t<meta name=\"twitter:data2\" content=\"3 minutos\" \/>\n<script type=\"application\/ld+json\" class=\"yoast-schema-graph\">{\"@context\":\"https:\\\/\\\/schema.org\",\"@graph\":[{\"@type\":\"Article\",\"@id\":\"https:\\\/\\\/centrourbano.com\\\/revista\\\/urbanismo\\\/campeche-relocalizacion-tren-maya\\\/#article\",\"isPartOf\":{\"@id\":\"https:\\\/\\\/centrourbano.com\\\/revista\\\/urbanismo\\\/campeche-relocalizacion-tren-maya\\\/\"},\"author\":{\"name\":\"Fernanda Hern\u00e1ndez\",\"@id\":\"https:\\\/\\\/centrourbano.com\\\/revista\\\/#\\\/schema\\\/person\\\/b190b20bbbceb41ec72278c546fa8df3\"},\"headline\":\"Habitantes de Campeche a favor de posible relocalizaci\u00f3n por Tren Maya\",\"datePublished\":\"2020-04-02T16:11:37+00:00\",\"mainEntityOfPage\":{\"@id\":\"https:\\\/\\\/centrourbano.com\\\/revista\\\/urbanismo\\\/campeche-relocalizacion-tren-maya\\\/\"},\"wordCount\":600,\"commentCount\":0,\"publisher\":{\"@id\":\"https:\\\/\\\/centrourbano.com\\\/revista\\\/#organization\"},\"image\":{\"@id\":\"https:\\\/\\\/centrourbano.com\\\/revista\\\/urbanismo\\\/campeche-relocalizacion-tren-maya\\\/#primaryimage\"},\"thumbnailUrl\":\"https:\\\/\\\/centrourbano.com\\\/revista\\\/wp-content\\\/uploads\\\/Habitantes-de-Campeche-a-favor-de-posible-relocalizaci\u00f3n-por-Tren-Maya.jpg\",\"keywords\":[\"campeche\",\"Mejoramiento urbano\",\"ONU-Habitat\",\"Relocalizaci\u00f3n\",\"Tren Maya\",\"vivienda\"],\"articleSection\":[\"Urbanismo\",\"Vivienda\"],\"inLanguage\":\"es\",\"potentialAction\":[{\"@type\":\"CommentAction\",\"name\":\"Comment\",\"target\":[\"https:\\\/\\\/centrourbano.com\\\/revista\\\/urbanismo\\\/campeche-relocalizacion-tren-maya\\\/#respond\"]}]},{\"@type\":\"WebPage\",\"@id\":\"https:\\\/\\\/centrourbano.com\\\/revista\\\/urbanismo\\\/campeche-relocalizacion-tren-maya\\\/\",\"url\":\"https:\\\/\\\/centrourbano.com\\\/revista\\\/urbanismo\\\/campeche-relocalizacion-tren-maya\\\/\",\"name\":\"Habitantes de Campeche a favor de posible relocalizaci\u00f3n por Tren Maya\",\"isPartOf\":{\"@id\":\"https:\\\/\\\/centrourbano.com\\\/revista\\\/#website\"},\"primaryImageOfPage\":{\"@id\":\"https:\\\/\\\/centrourbano.com\\\/revista\\\/urbanismo\\\/campeche-relocalizacion-tren-maya\\\/#primaryimage\"},\"image\":{\"@id\":\"https:\\\/\\\/centrourbano.com\\\/revista\\\/urbanismo\\\/campeche-relocalizacion-tren-maya\\\/#primaryimage\"},\"thumbnailUrl\":\"https:\\\/\\\/centrourbano.com\\\/revista\\\/wp-content\\\/uploads\\\/Habitantes-de-Campeche-a-favor-de-posible-relocalizaci\u00f3n-por-Tren-Maya.jpg\",\"datePublished\":\"2020-04-02T16:11:37+00:00\",\"description\":\"ONU-H\u00e1bitat entrevistar\u00e1 a vecinos de las localidades aleda\u00f1as a las v\u00edas del Tren Maya en Campeche; para analizar su situaci\u00f3n y continuar con las obras\",\"breadcrumb\":{\"@id\":\"https:\\\/\\\/centrourbano.com\\\/revista\\\/urbanismo\\\/campeche-relocalizacion-tren-maya\\\/#breadcrumb\"},\"inLanguage\":\"es\",\"potentialAction\":[{\"@type\":\"ReadAction\",\"target\":[\"https:\\\/\\\/centrourbano.com\\\/revista\\\/urbanismo\\\/campeche-relocalizacion-tren-maya\\\/\"]}]},{\"@type\":\"ImageObject\",\"inLanguage\":\"es\",\"@id\":\"https:\\\/\\\/centrourbano.com\\\/revista\\\/urbanismo\\\/campeche-relocalizacion-tren-maya\\\/#primaryimage\",\"url\":\"https:\\\/\\\/centrourbano.com\\\/revista\\\/wp-content\\\/uploads\\\/Habitantes-de-Campeche-a-favor-de-posible-relocalizaci\u00f3n-por-Tren-Maya.jpg\",\"contentUrl\":\"https:\\\/\\\/centrourbano.com\\\/revista\\\/wp-content\\\/uploads\\\/Habitantes-de-Campeche-a-favor-de-posible-relocalizaci\u00f3n-por-Tren-Maya.jpg\",\"width\":797,\"height\":436,\"caption\":\"ONU-H\u00e1bitat entrevistar\u00e1 a vecinos de las localidades aleda\u00f1as a las v\u00edas del Tren Maya en Campeche; para analizar su situaci\u00f3n y continuar con las obras\"},{\"@type\":\"BreadcrumbList\",\"@id\":\"https:\\\/\\\/centrourbano.com\\\/revista\\\/urbanismo\\\/campeche-relocalizacion-tren-maya\\\/#breadcrumb\",\"itemListElement\":[{\"@type\":\"ListItem\",\"position\":1,\"name\":\"Portada\",\"item\":\"https:\\\/\\\/centrourbano.com\\\/revista\\\/\"},{\"@type\":\"ListItem\",\"position\":2,\"name\":\"Habitantes de Campeche a favor de posible relocalizaci\u00f3n por Tren Maya\"}]},{\"@type\":\"WebSite\",\"@id\":\"https:\\\/\\\/centrourbano.com\\\/revista\\\/#website\",\"url\":\"https:\\\/\\\/centrourbano.com\\\/revista\\\/\",\"name\":\"Centro Urbano\",\"description\":\"Medio especializado en los sectores vivienda, inmobiliario, construcci\u00f3n, arquitectura y urbanismo.\",\"publisher\":{\"@id\":\"https:\\\/\\\/centrourbano.com\\\/revista\\\/#organization\"},\"potentialAction\":[{\"@type\":\"SearchAction\",\"target\":{\"@type\":\"EntryPoint\",\"urlTemplate\":\"https:\\\/\\\/centrourbano.com\\\/revista\\\/?s={search_term_string}\"},\"query-input\":{\"@type\":\"PropertyValueSpecification\",\"valueRequired\":true,\"valueName\":\"search_term_string\"}}],\"inLanguage\":\"es\"},{\"@type\":\"Organization\",\"@id\":\"https:\\\/\\\/centrourbano.com\\\/revista\\\/#organization\",\"name\":\"Centro Urbano\",\"url\":\"https:\\\/\\\/centrourbano.com\\\/revista\\\/\",\"logo\":{\"@type\":\"ImageObject\",\"inLanguage\":\"es\",\"@id\":\"https:\\\/\\\/centrourbano.com\\\/revista\\\/#\\\/schema\\\/logo\\\/image\\\/\",\"url\":\"https:\\\/\\\/centrourbano.com\\\/revista\\\/wp-content\\\/uploads\\\/web_CU_logo-1.png\",\"contentUrl\":\"https:\\\/\\\/centrourbano.com\\\/revista\\\/wp-content\\\/uploads\\\/web_CU_logo-1.png\",\"width\":350,\"height\":91,\"caption\":\"Centro Urbano\"},\"image\":{\"@id\":\"https:\\\/\\\/centrourbano.com\\\/revista\\\/#\\\/schema\\\/logo\\\/image\\\/\"},\"sameAs\":[\"https:\\\/\\\/www.facebook.com\\\/portalcentrourbano\",\"https:\\\/\\\/x.com\\\/CentroUrbano\",\"https:\\\/\\\/www.instagram.com\\\/centro_urbano\\\/\",\"https:\\\/\\\/www.linkedin.com\\\/company\\\/centro-urbano\\\/\",\"http:\\\/\\\/www.youtube.com\\\/user\\\/portalcentrourbano\"]},{\"@type\":\"Person\",\"@id\":\"https:\\\/\\\/centrourbano.com\\\/revista\\\/#\\\/schema\\\/person\\\/b190b20bbbceb41ec72278c546fa8df3\",\"name\":\"Fernanda Hern\u00e1ndez\",\"image\":{\"@type\":\"ImageObject\",\"inLanguage\":\"es\",\"@id\":\"https:\\\/\\\/secure.gravatar.com\\\/avatar\\\/9471831fb0a24eae9d32d826a7cb8ef07c34a41520aca1a0ab1f5c0903ba49b9?s=96&d=mm&r=g\",\"url\":\"https:\\\/\\\/secure.gravatar.com\\\/avatar\\\/9471831fb0a24eae9d32d826a7cb8ef07c34a41520aca1a0ab1f5c0903ba49b9?s=96&d=mm&r=g\",\"contentUrl\":\"https:\\\/\\\/secure.gravatar.com\\\/avatar\\\/9471831fb0a24eae9d32d826a7cb8ef07c34a41520aca1a0ab1f5c0903ba49b9?s=96&d=mm&r=g\",\"caption\":\"Fernanda Hern\u00e1ndez\"},\"description\":\"Reportera y redactora en Centro Urbano. Soy egresada de la licenciatura en Ciencias de la Comunicaci\u00f3n de la Facultad de Ciencias Pol\u00edticas y Sociales (UNAM). Me interesa la cultura, el urbanismo y la arquitectura. Amante del mundo digital, el cine, la m\u00fasica, la lectura y la escritura.\",\"sameAs\":[\"https:\\\/\\\/x.com\\\/https:\\\/\\\/twitter.com\\\/Nannz_Hernandez\"],\"url\":\"https:\\\/\\\/centrourbano.com\\\/revista\\\/author\\\/fernanda-hernandez\\\/\"}]}<\/script>\n<!-- \/ Yoast SEO plugin. -->","yoast_head_json":{"title":"Habitantes de Campeche a favor de posible relocalizaci\u00f3n por Tren Maya","description":"ONU-H\u00e1bitat entrevistar\u00e1 a vecinos de las localidades aleda\u00f1as a las v\u00edas del Tren Maya en Campeche; para analizar su situaci\u00f3n y continuar con las obras","robots":{"index":"index","follow":"follow","max-snippet":"max-snippet:-1","max-image-preview":"max-image-preview:large","max-video-preview":"max-video-preview:-1"},"canonical":"https:\/\/centrourbano.com\/revista\/urbanismo\/campeche-relocalizacion-tren-maya\/","og_locale":"es_ES","og_type":"article","og_title":"Habitantes de Campeche a favor de posible relocalizaci\u00f3n por Tren Maya","og_description":"ONU-H\u00e1bitat entrevistar\u00e1 a vecinos de las localidades aleda\u00f1as a las v\u00edas del Tren Maya en Campeche; para analizar su situaci\u00f3n y continuar con las obras","og_url":"https:\/\/centrourbano.com\/revista\/urbanismo\/campeche-relocalizacion-tren-maya\/","og_site_name":"Centro Urbano","article_publisher":"https:\/\/www.facebook.com\/portalcentrourbano","article_published_time":"2020-04-02T16:11:37+00:00","og_image":[{"width":797,"height":436,"url":"https:\/\/centrourbano.com\/revista\/wp-content\/uploads\/Habitantes-de-Campeche-a-favor-de-posible-relocalizaci\u00f3n-por-Tren-Maya.jpg","type":"image\/jpeg"}],"author":"Fernanda Hern\u00e1ndez","twitter_card":"summary_large_image","twitter_creator":"@https:\/\/twitter.com\/Nannz_Hernandez","twitter_site":"@CentroUrbano","twitter_misc":{"Escrito por":"Fernanda Hern\u00e1ndez","Tiempo de lectura":"3 minutos"},"schema":{"@context":"https:\/\/schema.org","@graph":[{"@type":"Article","@id":"https:\/\/centrourbano.com\/revista\/urbanismo\/campeche-relocalizacion-tren-maya\/#article","isPartOf":{"@id":"https:\/\/centrourbano.com\/revista\/urbanismo\/campeche-relocalizacion-tren-maya\/"},"author":{"name":"Fernanda Hern\u00e1ndez","@id":"https:\/\/centrourbano.com\/revista\/#\/schema\/person\/b190b20bbbceb41ec72278c546fa8df3"},"headline":"Habitantes de Campeche a favor de posible relocalizaci\u00f3n por Tren Maya","datePublished":"2020-04-02T16:11:37+00:00","mainEntityOfPage":{"@id":"https:\/\/centrourbano.com\/revista\/urbanismo\/campeche-relocalizacion-tren-maya\/"},"wordCount":600,"commentCount":0,"publisher":{"@id":"https:\/\/centrourbano.com\/revista\/#organization"},"image":{"@id":"https:\/\/centrourbano.com\/revista\/urbanismo\/campeche-relocalizacion-tren-maya\/#primaryimage"},"thumbnailUrl":"https:\/\/centrourbano.com\/revista\/wp-content\/uploads\/Habitantes-de-Campeche-a-favor-de-posible-relocalizaci\u00f3n-por-Tren-Maya.jpg","keywords":["campeche","Mejoramiento urbano","ONU-Habitat","Relocalizaci\u00f3n","Tren Maya","vivienda"],"articleSection":["Urbanismo","Vivienda"],"inLanguage":"es","potentialAction":[{"@type":"CommentAction","name":"Comment","target":["https:\/\/centrourbano.com\/revista\/urbanismo\/campeche-relocalizacion-tren-maya\/#respond"]}]},{"@type":"WebPage","@id":"https:\/\/centrourbano.com\/revista\/urbanismo\/campeche-relocalizacion-tren-maya\/","url":"https:\/\/centrourbano.com\/revista\/urbanismo\/campeche-relocalizacion-tren-maya\/","name":"Habitantes de Campeche a favor de posible relocalizaci\u00f3n por Tren Maya","isPartOf":{"@id":"https:\/\/centrourbano.com\/revista\/#website"},"primaryImageOfPage":{"@id":"https:\/\/centrourbano.com\/revista\/urbanismo\/campeche-relocalizacion-tren-maya\/#primaryimage"},"image":{"@id":"https:\/\/centrourbano.com\/revista\/urbanismo\/campeche-relocalizacion-tren-maya\/#primaryimage"},"thumbnailUrl":"https:\/\/centrourbano.com\/revista\/wp-content\/uploads\/Habitantes-de-Campeche-a-favor-de-posible-relocalizaci\u00f3n-por-Tren-Maya.jpg","datePublished":"2020-04-02T16:11:37+00:00","description":"ONU-H\u00e1bitat entrevistar\u00e1 a vecinos de las localidades aleda\u00f1as a las v\u00edas del Tren Maya en Campeche; para analizar su situaci\u00f3n y continuar con las obras","breadcrumb":{"@id":"https:\/\/centrourbano.com\/revista\/urbanismo\/campeche-relocalizacion-tren-maya\/#breadcrumb"},"inLanguage":"es","potentialAction":[{"@type":"ReadAction","target":["https:\/\/centrourbano.com\/revista\/urbanismo\/campeche-relocalizacion-tren-maya\/"]}]},{"@type":"ImageObject","inLanguage":"es","@id":"https:\/\/centrourbano.com\/revista\/urbanismo\/campeche-relocalizacion-tren-maya\/#primaryimage","url":"https:\/\/centrourbano.com\/revista\/wp-content\/uploads\/Habitantes-de-Campeche-a-favor-de-posible-relocalizaci\u00f3n-por-Tren-Maya.jpg","contentUrl":"https:\/\/centrourbano.com\/revista\/wp-content\/uploads\/Habitantes-de-Campeche-a-favor-de-posible-relocalizaci\u00f3n-por-Tren-Maya.jpg","width":797,"height":436,"caption":"ONU-H\u00e1bitat entrevistar\u00e1 a vecinos de las localidades aleda\u00f1as a las v\u00edas del Tren Maya en Campeche; para analizar su situaci\u00f3n y continuar con las obras"},{"@type":"BreadcrumbList","@id":"https:\/\/centrourbano.com\/revista\/urbanismo\/campeche-relocalizacion-tren-maya\/#breadcrumb","itemListElement":[{"@type":"ListItem","position":1,"name":"Portada","item":"https:\/\/centrourbano.com\/revista\/"},{"@type":"ListItem","position":2,"name":"Habitantes de Campeche a favor de posible relocalizaci\u00f3n por Tren Maya"}]},{"@type":"WebSite","@id":"https:\/\/centrourbano.com\/revista\/#website","url":"https:\/\/centrourbano.com\/revista\/","name":"Centro Urbano","description":"Medio especializado en los sectores vivienda, inmobiliario, construcci\u00f3n, arquitectura y urbanismo.","publisher":{"@id":"https:\/\/centrourbano.com\/revista\/#organization"},"potentialAction":[{"@type":"SearchAction","target":{"@type":"EntryPoint","urlTemplate":"https:\/\/centrourbano.com\/revista\/?s={search_term_string}"},"query-input":{"@type":"PropertyValueSpecification","valueRequired":true,"valueName":"search_term_string"}}],"inLanguage":"es"},{"@type":"Organization","@id":"https:\/\/centrourbano.com\/revista\/#organization","name":"Centro Urbano","url":"https:\/\/centrourbano.com\/revista\/","logo":{"@type":"ImageObject","inLanguage":"es","@id":"https:\/\/centrourbano.com\/revista\/#\/schema\/logo\/image\/","url":"https:\/\/centrourbano.com\/revista\/wp-content\/uploads\/web_CU_logo-1.png","contentUrl":"https:\/\/centrourbano.com\/revista\/wp-content\/uploads\/web_CU_logo-1.png","width":350,"height":91,"caption":"Centro Urbano"},"image":{"@id":"https:\/\/centrourbano.com\/revista\/#\/schema\/logo\/image\/"},"sameAs":["https:\/\/www.facebook.com\/portalcentrourbano","https:\/\/x.com\/CentroUrbano","https:\/\/www.instagram.com\/centro_urbano\/","https:\/\/www.linkedin.com\/company\/centro-urbano\/","http:\/\/www.youtube.com\/user\/portalcentrourbano"]},{"@type":"Person","@id":"https:\/\/centrourbano.com\/revista\/#\/schema\/person\/b190b20bbbceb41ec72278c546fa8df3","name":"Fernanda Hern\u00e1ndez","image":{"@type":"ImageObject","inLanguage":"es","@id":"https:\/\/secure.gravatar.com\/avatar\/9471831fb0a24eae9d32d826a7cb8ef07c34a41520aca1a0ab1f5c0903ba49b9?s=96&d=mm&r=g","url":"https:\/\/secure.gravatar.com\/avatar\/9471831fb0a24eae9d32d826a7cb8ef07c34a41520aca1a0ab1f5c0903ba49b9?s=96&d=mm&r=g","contentUrl":"https:\/\/secure.gravatar.com\/avatar\/9471831fb0a24eae9d32d826a7cb8ef07c34a41520aca1a0ab1f5c0903ba49b9?s=96&d=mm&r=g","caption":"Fernanda Hern\u00e1ndez"},"description":"Reportera y redactora en Centro Urbano. Soy egresada de la licenciatura en Ciencias de la Comunicaci\u00f3n de la Facultad de Ciencias Pol\u00edticas y Sociales (UNAM). Me interesa la cultura, el urbanismo y la arquitectura. Amante del mundo digital, el cine, la m\u00fasica, la lectura y la escritura.","sameAs":["https:\/\/x.com\/https:\/\/twitter.com\/Nannz_Hernandez"],"url":"https:\/\/centrourbano.com\/revista\/author\/fernanda-hernandez\/"}]}},"_links":{"self":[{"href":"https:\/\/centrourbano.com\/revista\/wp-json\/wp\/v2\/posts\/104584","targetHints":{"allow":["GET"]}}],"collection":[{"href":"https:\/\/centrourbano.com\/revista\/wp-json\/wp\/v2\/posts"}],"about":[{"href":"https:\/\/centrourbano.com\/revista\/wp-json\/wp\/v2\/types\/post"}],"author":[{"embeddable":true,"href":"https:\/\/centrourbano.com\/revista\/wp-json\/wp\/v2\/users\/73"}],"replies":[{"embeddable":true,"href":"https:\/\/centrourbano.com\/revista\/wp-json\/wp\/v2\/comments?post=104584"}],"version-history":[{"count":3,"href":"https:\/\/centrourbano.com\/revista\/wp-json\/wp\/v2\/posts\/104584\/revisions"}],"predecessor-version":[{"id":104665,"href":"https:\/\/centrourbano.com\/revista\/wp-json\/wp\/v2\/posts\/104584\/revisions\/104665"}],"wp:featuredmedia":[{"embeddable":true,"href":"https:\/\/centrourbano.com\/revista\/wp-json\/wp\/v2\/media\/104595"}],"wp:attachment":[{"href":"https:\/\/centrourbano.com\/revista\/wp-json\/wp\/v2\/media?parent=104584"}],"wp:term":[{"taxonomy":"category","embeddable":true,"href":"https:\/\/centrourbano.com\/revista\/wp-json\/wp\/v2\/categories?post=104584"},{"taxonomy":"post_tag","embeddable":true,"href":"https:\/\/centrourbano.com\/revista\/wp-json\/wp\/v2\/tags?post=104584"}],"curies":[{"name":"wp","href":"https:\/\/api.w.org\/{rel}","templated":true}]}}