{"id":104120,"date":"2020-03-24T12:38:45","date_gmt":"2020-03-24T18:38:45","guid":{"rendered":"https:\/\/centrourbano.com\/?p=104120"},"modified":"2020-03-24T12:41:44","modified_gmt":"2020-03-24T18:41:44","slug":"semar-presenta-plan-marina-en-apoyo-a-contingencia-por-covid-19","status":"publish","type":"post","link":"https:\/\/centrourbano.com\/revista\/cobertura-covid-19\/semar-presenta-plan-marina-en-apoyo-a-contingencia-por-covid-19\/","title":{"rendered":"Presentan Plan Marina en apoyo a contingencia por Covid-19"},"content":{"rendered":"<p><em>Las acciones comienzan a operar a partir de hoy; en total, la Semar cuenta con 79 centros para atender casos graves y 4,043 centros de aislamiento voluntarios<\/em><!--more--><\/p>\n<p>Hoy, durante la conferencia matutina del presidente Andr\u00e9s Manuel L\u00f3pez Obrador, el titular de la <a href=\"https:\/\/www.gob.mx\/semar\">Secretar\u00eda de Marina (Semar)<\/a>, Jos\u00e9 Rafael Ojeda Dur\u00e1n, dio a conocer las acciones que emprender\u00e1 la dependencia, con el objetivo de ayudar a ampliar las capacidades de salud que actualmente se tienen en el pa\u00eds, y con esto hacer frente a la contingencia por el <strong>Covid-19<\/strong>.<\/p>\n<p>En ese sentido, el titular Semar anunci\u00f3 que a partir de hoy entra en vigor el <strong>Plan Marina<\/strong>, con el que a trav\u00e9s del equipo con el que cuenta y las capacidades de apoyo, busca coadyuvar con las acciones para enfrentar la crisis que se vive en M\u00e9xico por el coronavirus.<\/p>\n<p>&nbsp;<\/p>\n<a href=\"https:\/\/centrourbano.com\/revista\/wp-content\/uploads\/Captura-de-Pantalla-2020-03-24-a-las-10.07.51-a.m..png\"><img loading=\"lazy\" decoding=\"async\" class=\"wp-image-104121 aligncenter\" src=\"https:\/\/centrourbano.com\/revista\/wp-content\/uploads\/Captura-de-Pantalla-2020-03-24-a-las-10.07.51-a.m..png\" alt=\"\" width=\"587\" height=\"411\" srcset=\"https:\/\/centrourbano.com\/revista\/wp-content\/uploads\/Captura-de-Pantalla-2020-03-24-a-las-10.07.51-a.m..png 1992w, https:\/\/centrourbano.com\/revista\/wp-content\/uploads\/Captura-de-Pantalla-2020-03-24-a-las-10.07.51-a.m.-300x210.png 300w, https:\/\/centrourbano.com\/revista\/wp-content\/uploads\/Captura-de-Pantalla-2020-03-24-a-las-10.07.51-a.m.-1024x717.png 1024w, https:\/\/centrourbano.com\/revista\/wp-content\/uploads\/Captura-de-Pantalla-2020-03-24-a-las-10.07.51-a.m.-768x537.png 768w, https:\/\/centrourbano.com\/revista\/wp-content\/uploads\/Captura-de-Pantalla-2020-03-24-a-las-10.07.51-a.m.-1536x1075.png 1536w\" sizes=\"auto, (max-width: 587px) 100vw, 587px\" \/><\/a>\n<p>De acuerdo con el titular de la Semar, son dos casos en los que la Secretar\u00eda de Marina va a intervenir: en casos graves, es decir, personas que est\u00e9n hospitalizadas o en terapia intensiva; as\u00ed como los centros de aislamiento voluntarios. En total, dijo, se cuentan con 79 centros para atender casos graves y 4,043 centros de aislamiento.<\/p>\n<a href=\"https:\/\/centrourbano.com\/revista\/wp-content\/uploads\/Captura-de-Pantalla-2020-03-24-a-las-12.19.48-p.m..png\"><img loading=\"lazy\" decoding=\"async\" class=\"alignleft size-full wp-image-104123\" src=\"https:\/\/centrourbano.com\/revista\/wp-content\/uploads\/Captura-de-Pantalla-2020-03-24-a-las-12.19.48-p.m..png\" alt=\"\" width=\"1988\" height=\"1330\" srcset=\"https:\/\/centrourbano.com\/revista\/wp-content\/uploads\/Captura-de-Pantalla-2020-03-24-a-las-12.19.48-p.m..png 1988w, https:\/\/centrourbano.com\/revista\/wp-content\/uploads\/Captura-de-Pantalla-2020-03-24-a-las-12.19.48-p.m.-300x201.png 300w, https:\/\/centrourbano.com\/revista\/wp-content\/uploads\/Captura-de-Pantalla-2020-03-24-a-las-12.19.48-p.m.-1024x685.png 1024w, https:\/\/centrourbano.com\/revista\/wp-content\/uploads\/Captura-de-Pantalla-2020-03-24-a-las-12.19.48-p.m.-768x514.png 768w, https:\/\/centrourbano.com\/revista\/wp-content\/uploads\/Captura-de-Pantalla-2020-03-24-a-las-12.19.48-p.m.-1536x1028.png 1536w\" sizes=\"auto, (max-width: 1988px) 100vw, 1988px\" \/><\/a>\n<p>&nbsp;<\/p>\n<p><!--more-->La Secretar\u00eda de Marina destac\u00f3 que cuenta con aeronaves de ambulancia con equipo de terapia intensiva, helic\u00f3ptero como ambulancia a\u00e9rea con terapia intensiva, entre otros equipos.<\/p>\n<a href=\"https:\/\/centrourbano.com\/revista\/wp-content\/uploads\/Captura-de-Pantalla-2020-03-24-a-las-12.23.27-p.m..png\"><img loading=\"lazy\" decoding=\"async\" class=\" wp-image-104124 aligncenter\" src=\"https:\/\/centrourbano.com\/revista\/wp-content\/uploads\/Captura-de-Pantalla-2020-03-24-a-las-12.23.27-p.m..png\" alt=\"\" width=\"580\" height=\"404\" srcset=\"https:\/\/centrourbano.com\/revista\/wp-content\/uploads\/Captura-de-Pantalla-2020-03-24-a-las-12.23.27-p.m..png 1998w, https:\/\/centrourbano.com\/revista\/wp-content\/uploads\/Captura-de-Pantalla-2020-03-24-a-las-12.23.27-p.m.-300x209.png 300w, https:\/\/centrourbano.com\/revista\/wp-content\/uploads\/Captura-de-Pantalla-2020-03-24-a-las-12.23.27-p.m.-1024x713.png 1024w, https:\/\/centrourbano.com\/revista\/wp-content\/uploads\/Captura-de-Pantalla-2020-03-24-a-las-12.23.27-p.m.-768x535.png 768w, https:\/\/centrourbano.com\/revista\/wp-content\/uploads\/Captura-de-Pantalla-2020-03-24-a-las-12.23.27-p.m.-1536x1070.png 1536w\" sizes=\"auto, (max-width: 580px) 100vw, 580px\" \/><\/a>\n<p>&nbsp;<\/p>\n<p>[quote]\u00bbLo que queremos demostrarle al pueblo de M\u00e9xico es que estamos solidarios con ellos y tambi\u00e9n aclarar que este plan empieza a partir de hoy. Nosotros estamos en el Plan Marina de apoyo al Covid y vamos a entrar en la etapa de apoyo cuando la Secretar\u00eda de Salud nos lo indique, porque es necesario entender que la Secretar\u00eda de Salud es la que lleva el liderazgo de esto\u00bb, destac\u00f3 Jos\u00e9 Rafael Ojeda Dur\u00e1n.[\/quote]<\/p>\n<p>&nbsp;<\/p>\n","protected":false},"excerpt":{"rendered":"<p>Las acciones comienzan a operar a partir de hoy; en total, la Semar cuenta con 79 centros para atender casos graves y 4,043 centros de aislamiento voluntarios<\/p>\n","protected":false},"author":9,"featured_media":104126,"comment_status":"open","ping_status":"closed","sticky":false,"template":"","format":"standard","meta":{"om_disable_all_campaigns":false,"inline_featured_image":false,"_monsterinsights_skip_tracking":false,"_monsterinsights_sitenote_active":false,"_monsterinsights_sitenote_note":"","_monsterinsights_sitenote_category":0,"footnotes":""},"categories":[17827],"tags":[17703,17784,17857,17855,17856,649],"class_list":["post-104120","post","type-post","status-publish","format-standard","has-post-thumbnail","hentry","category-cobertura-covid-19","tag-coronavirus","tag-covid-19","tag-jose-rafael-ojeda-duran","tag-plan-marina","tag-secretaria-de-marina","tag-semar"],"yoast_head":"<!-- This site is optimized with the Yoast SEO plugin v27.4 - https:\/\/yoast.com\/product\/yoast-seo-wordpress\/ -->\n<title>Semar presenta Plan Marina en apoyo a contingencia por Covid-19<\/title>\n<meta name=\"description\" content=\"Las acciones comienzan a operar a partir de hoy; en total, la Semar cuenta con 79 centros para atender casos graves y 4,043 centros de aislamiento\" \/>\n<meta name=\"robots\" content=\"index, follow, max-snippet:-1, max-image-preview:large, max-video-preview:-1\" \/>\n<link rel=\"canonical\" href=\"https:\/\/centrourbano.com\/revista\/cobertura-covid-19\/semar-presenta-plan-marina-en-apoyo-a-contingencia-por-covid-19\/\" \/>\n<meta property=\"og:locale\" content=\"es_ES\" \/>\n<meta property=\"og:type\" content=\"article\" \/>\n<meta property=\"og:title\" content=\"Semar presenta Plan Marina en apoyo a contingencia por Covid-19\" \/>\n<meta property=\"og:description\" content=\"Las acciones comienzan a operar a partir de hoy; en total, la Semar cuenta con 79 centros para atender casos graves y 4,043 centros de aislamiento\" \/>\n<meta property=\"og:url\" content=\"https:\/\/centrourbano.com\/revista\/cobertura-covid-19\/semar-presenta-plan-marina-en-apoyo-a-contingencia-por-covid-19\/\" \/>\n<meta property=\"og:site_name\" content=\"Centro Urbano\" \/>\n<meta property=\"article:publisher\" content=\"https:\/\/www.facebook.com\/portalcentrourbano\" \/>\n<meta property=\"article:published_time\" content=\"2020-03-24T18:38:45+00:00\" \/>\n<meta property=\"article:modified_time\" content=\"2020-03-24T18:41:44+00:00\" \/>\n<meta property=\"og:image\" content=\"https:\/\/centrourbano.com\/revista\/wp-content\/uploads\/Captura-de-Pantalla-2020-03-24-a-las-12.29.43-p.m..png\" \/>\n\t<meta property=\"og:image:width\" content=\"1360\" \/>\n\t<meta property=\"og:image:height\" content=\"690\" \/>\n\t<meta property=\"og:image:type\" content=\"image\/png\" \/>\n<meta name=\"author\" content=\"Dinorah Nava\" \/>\n<meta name=\"twitter:card\" content=\"summary_large_image\" \/>\n<meta name=\"twitter:creator\" content=\"@https:\/\/twitter.com\/Dinorah_Nava28\" \/>\n<meta name=\"twitter:site\" content=\"@CentroUrbano\" \/>\n<meta name=\"twitter:label1\" content=\"Escrito por\" \/>\n\t<meta name=\"twitter:data1\" content=\"Dinorah Nava\" \/>\n\t<meta name=\"twitter:label2\" content=\"Tiempo de lectura\" \/>\n\t<meta name=\"twitter:data2\" content=\"2 minutos\" \/>\n<script type=\"application\/ld+json\" class=\"yoast-schema-graph\">{\"@context\":\"https:\\\/\\\/schema.org\",\"@graph\":[{\"@type\":\"Article\",\"@id\":\"https:\\\/\\\/centrourbano.com\\\/revista\\\/cobertura-covid-19\\\/semar-presenta-plan-marina-en-apoyo-a-contingencia-por-covid-19\\\/#article\",\"isPartOf\":{\"@id\":\"https:\\\/\\\/centrourbano.com\\\/revista\\\/cobertura-covid-19\\\/semar-presenta-plan-marina-en-apoyo-a-contingencia-por-covid-19\\\/\"},\"author\":{\"name\":\"Dinorah Nava\",\"@id\":\"https:\\\/\\\/centrourbano.com\\\/revista\\\/#\\\/schema\\\/person\\\/b45db815d96831257ba428a3d5a5fbdc\"},\"headline\":\"Presentan Plan Marina en apoyo a contingencia por Covid-19\",\"datePublished\":\"2020-03-24T18:38:45+00:00\",\"dateModified\":\"2020-03-24T18:41:44+00:00\",\"mainEntityOfPage\":{\"@id\":\"https:\\\/\\\/centrourbano.com\\\/revista\\\/cobertura-covid-19\\\/semar-presenta-plan-marina-en-apoyo-a-contingencia-por-covid-19\\\/\"},\"wordCount\":325,\"commentCount\":0,\"publisher\":{\"@id\":\"https:\\\/\\\/centrourbano.com\\\/revista\\\/#organization\"},\"image\":{\"@id\":\"https:\\\/\\\/centrourbano.com\\\/revista\\\/cobertura-covid-19\\\/semar-presenta-plan-marina-en-apoyo-a-contingencia-por-covid-19\\\/#primaryimage\"},\"thumbnailUrl\":\"https:\\\/\\\/centrourbano.com\\\/revista\\\/wp-content\\\/uploads\\\/Captura-de-Pantalla-2020-03-24-a-las-12.29.43-p.m..png\",\"keywords\":[\"Coronavirus\",\"COVID-19\",\"Jos\u00e9 Rafael Ojeda Dur\u00e1n\",\"Plan Marina\",\"Secretar\u00eda de Marina\",\"Semar\"],\"articleSection\":[\"Cobertura Covid-19\"],\"inLanguage\":\"es\",\"potentialAction\":[{\"@type\":\"CommentAction\",\"name\":\"Comment\",\"target\":[\"https:\\\/\\\/centrourbano.com\\\/revista\\\/cobertura-covid-19\\\/semar-presenta-plan-marina-en-apoyo-a-contingencia-por-covid-19\\\/#respond\"]}]},{\"@type\":\"WebPage\",\"@id\":\"https:\\\/\\\/centrourbano.com\\\/revista\\\/cobertura-covid-19\\\/semar-presenta-plan-marina-en-apoyo-a-contingencia-por-covid-19\\\/\",\"url\":\"https:\\\/\\\/centrourbano.com\\\/revista\\\/cobertura-covid-19\\\/semar-presenta-plan-marina-en-apoyo-a-contingencia-por-covid-19\\\/\",\"name\":\"Semar presenta Plan Marina en apoyo a contingencia por Covid-19\",\"isPartOf\":{\"@id\":\"https:\\\/\\\/centrourbano.com\\\/revista\\\/#website\"},\"primaryImageOfPage\":{\"@id\":\"https:\\\/\\\/centrourbano.com\\\/revista\\\/cobertura-covid-19\\\/semar-presenta-plan-marina-en-apoyo-a-contingencia-por-covid-19\\\/#primaryimage\"},\"image\":{\"@id\":\"https:\\\/\\\/centrourbano.com\\\/revista\\\/cobertura-covid-19\\\/semar-presenta-plan-marina-en-apoyo-a-contingencia-por-covid-19\\\/#primaryimage\"},\"thumbnailUrl\":\"https:\\\/\\\/centrourbano.com\\\/revista\\\/wp-content\\\/uploads\\\/Captura-de-Pantalla-2020-03-24-a-las-12.29.43-p.m..png\",\"datePublished\":\"2020-03-24T18:38:45+00:00\",\"dateModified\":\"2020-03-24T18:41:44+00:00\",\"description\":\"Las acciones comienzan a operar a partir de hoy; en total, la Semar cuenta con 79 centros para atender casos graves y 4,043 centros de aislamiento\",\"breadcrumb\":{\"@id\":\"https:\\\/\\\/centrourbano.com\\\/revista\\\/cobertura-covid-19\\\/semar-presenta-plan-marina-en-apoyo-a-contingencia-por-covid-19\\\/#breadcrumb\"},\"inLanguage\":\"es\",\"potentialAction\":[{\"@type\":\"ReadAction\",\"target\":[\"https:\\\/\\\/centrourbano.com\\\/revista\\\/cobertura-covid-19\\\/semar-presenta-plan-marina-en-apoyo-a-contingencia-por-covid-19\\\/\"]}]},{\"@type\":\"ImageObject\",\"inLanguage\":\"es\",\"@id\":\"https:\\\/\\\/centrourbano.com\\\/revista\\\/cobertura-covid-19\\\/semar-presenta-plan-marina-en-apoyo-a-contingencia-por-covid-19\\\/#primaryimage\",\"url\":\"https:\\\/\\\/centrourbano.com\\\/revista\\\/wp-content\\\/uploads\\\/Captura-de-Pantalla-2020-03-24-a-las-12.29.43-p.m..png\",\"contentUrl\":\"https:\\\/\\\/centrourbano.com\\\/revista\\\/wp-content\\\/uploads\\\/Captura-de-Pantalla-2020-03-24-a-las-12.29.43-p.m..png\",\"width\":1360,\"height\":690},{\"@type\":\"BreadcrumbList\",\"@id\":\"https:\\\/\\\/centrourbano.com\\\/revista\\\/cobertura-covid-19\\\/semar-presenta-plan-marina-en-apoyo-a-contingencia-por-covid-19\\\/#breadcrumb\",\"itemListElement\":[{\"@type\":\"ListItem\",\"position\":1,\"name\":\"Portada\",\"item\":\"https:\\\/\\\/centrourbano.com\\\/revista\\\/\"},{\"@type\":\"ListItem\",\"position\":2,\"name\":\"Presentan Plan Marina en apoyo a contingencia por Covid-19\"}]},{\"@type\":\"WebSite\",\"@id\":\"https:\\\/\\\/centrourbano.com\\\/revista\\\/#website\",\"url\":\"https:\\\/\\\/centrourbano.com\\\/revista\\\/\",\"name\":\"Centro Urbano\",\"description\":\"Medio especializado en los sectores vivienda, inmobiliario, construcci\u00f3n, arquitectura y urbanismo.\",\"publisher\":{\"@id\":\"https:\\\/\\\/centrourbano.com\\\/revista\\\/#organization\"},\"potentialAction\":[{\"@type\":\"SearchAction\",\"target\":{\"@type\":\"EntryPoint\",\"urlTemplate\":\"https:\\\/\\\/centrourbano.com\\\/revista\\\/?s={search_term_string}\"},\"query-input\":{\"@type\":\"PropertyValueSpecification\",\"valueRequired\":true,\"valueName\":\"search_term_string\"}}],\"inLanguage\":\"es\"},{\"@type\":\"Organization\",\"@id\":\"https:\\\/\\\/centrourbano.com\\\/revista\\\/#organization\",\"name\":\"Centro Urbano\",\"url\":\"https:\\\/\\\/centrourbano.com\\\/revista\\\/\",\"logo\":{\"@type\":\"ImageObject\",\"inLanguage\":\"es\",\"@id\":\"https:\\\/\\\/centrourbano.com\\\/revista\\\/#\\\/schema\\\/logo\\\/image\\\/\",\"url\":\"https:\\\/\\\/centrourbano.com\\\/revista\\\/wp-content\\\/uploads\\\/web_CU_logo-1.png\",\"contentUrl\":\"https:\\\/\\\/centrourbano.com\\\/revista\\\/wp-content\\\/uploads\\\/web_CU_logo-1.png\",\"width\":350,\"height\":91,\"caption\":\"Centro Urbano\"},\"image\":{\"@id\":\"https:\\\/\\\/centrourbano.com\\\/revista\\\/#\\\/schema\\\/logo\\\/image\\\/\"},\"sameAs\":[\"https:\\\/\\\/www.facebook.com\\\/portalcentrourbano\",\"https:\\\/\\\/x.com\\\/CentroUrbano\",\"https:\\\/\\\/www.instagram.com\\\/centro_urbano\\\/\",\"https:\\\/\\\/www.linkedin.com\\\/company\\\/centro-urbano\\\/\",\"http:\\\/\\\/www.youtube.com\\\/user\\\/portalcentrourbano\"]},{\"@type\":\"Person\",\"@id\":\"https:\\\/\\\/centrourbano.com\\\/revista\\\/#\\\/schema\\\/person\\\/b45db815d96831257ba428a3d5a5fbdc\",\"name\":\"Dinorah Nava\",\"image\":{\"@type\":\"ImageObject\",\"inLanguage\":\"es\",\"@id\":\"https:\\\/\\\/secure.gravatar.com\\\/avatar\\\/f6ca6430c51d147f363940f84e1225aa4b8183885c11802cc3b042305a4ecc1a?s=96&d=mm&r=g\",\"url\":\"https:\\\/\\\/secure.gravatar.com\\\/avatar\\\/f6ca6430c51d147f363940f84e1225aa4b8183885c11802cc3b042305a4ecc1a?s=96&d=mm&r=g\",\"contentUrl\":\"https:\\\/\\\/secure.gravatar.com\\\/avatar\\\/f6ca6430c51d147f363940f84e1225aa4b8183885c11802cc3b042305a4ecc1a?s=96&d=mm&r=g\",\"caption\":\"Dinorah Nava\"},\"description\":\"Editora de Contenidos y Estrategias Digitales en Centro Urbano y Coeditora en Peri\u00f3dico Mi Casa. Egresada de la licenciatura en Comunicaci\u00f3n y Periodismo de la Facultad de Estudios Superiores Arag\u00f3n (UNAM). Amante de la edici\u00f3n y correcci\u00f3n de estilo, las redes sociales y el mundo digital. Especialista en temas son arquitectura, inmobiliario y urbanismo.\",\"sameAs\":[\"linkedin.com\\\/in\\\/dinorah-nava\",\"https:\\\/\\\/x.com\\\/https:\\\/\\\/twitter.com\\\/Dinorah_Nava28\"],\"url\":\"https:\\\/\\\/centrourbano.com\\\/revista\\\/author\\\/dinorah-nava\\\/\"}]}<\/script>\n<!-- \/ Yoast SEO plugin. -->","yoast_head_json":{"title":"Semar presenta Plan Marina en apoyo a contingencia por Covid-19","description":"Las acciones comienzan a operar a partir de hoy; en total, la Semar cuenta con 79 centros para atender casos graves y 4,043 centros de aislamiento","robots":{"index":"index","follow":"follow","max-snippet":"max-snippet:-1","max-image-preview":"max-image-preview:large","max-video-preview":"max-video-preview:-1"},"canonical":"https:\/\/centrourbano.com\/revista\/cobertura-covid-19\/semar-presenta-plan-marina-en-apoyo-a-contingencia-por-covid-19\/","og_locale":"es_ES","og_type":"article","og_title":"Semar presenta Plan Marina en apoyo a contingencia por Covid-19","og_description":"Las acciones comienzan a operar a partir de hoy; en total, la Semar cuenta con 79 centros para atender casos graves y 4,043 centros de aislamiento","og_url":"https:\/\/centrourbano.com\/revista\/cobertura-covid-19\/semar-presenta-plan-marina-en-apoyo-a-contingencia-por-covid-19\/","og_site_name":"Centro Urbano","article_publisher":"https:\/\/www.facebook.com\/portalcentrourbano","article_published_time":"2020-03-24T18:38:45+00:00","article_modified_time":"2020-03-24T18:41:44+00:00","og_image":[{"width":1360,"height":690,"url":"https:\/\/centrourbano.com\/revista\/wp-content\/uploads\/Captura-de-Pantalla-2020-03-24-a-las-12.29.43-p.m..png","type":"image\/png"}],"author":"Dinorah Nava","twitter_card":"summary_large_image","twitter_creator":"@https:\/\/twitter.com\/Dinorah_Nava28","twitter_site":"@CentroUrbano","twitter_misc":{"Escrito por":"Dinorah Nava","Tiempo de lectura":"2 minutos"},"schema":{"@context":"https:\/\/schema.org","@graph":[{"@type":"Article","@id":"https:\/\/centrourbano.com\/revista\/cobertura-covid-19\/semar-presenta-plan-marina-en-apoyo-a-contingencia-por-covid-19\/#article","isPartOf":{"@id":"https:\/\/centrourbano.com\/revista\/cobertura-covid-19\/semar-presenta-plan-marina-en-apoyo-a-contingencia-por-covid-19\/"},"author":{"name":"Dinorah Nava","@id":"https:\/\/centrourbano.com\/revista\/#\/schema\/person\/b45db815d96831257ba428a3d5a5fbdc"},"headline":"Presentan Plan Marina en apoyo a contingencia por Covid-19","datePublished":"2020-03-24T18:38:45+00:00","dateModified":"2020-03-24T18:41:44+00:00","mainEntityOfPage":{"@id":"https:\/\/centrourbano.com\/revista\/cobertura-covid-19\/semar-presenta-plan-marina-en-apoyo-a-contingencia-por-covid-19\/"},"wordCount":325,"commentCount":0,"publisher":{"@id":"https:\/\/centrourbano.com\/revista\/#organization"},"image":{"@id":"https:\/\/centrourbano.com\/revista\/cobertura-covid-19\/semar-presenta-plan-marina-en-apoyo-a-contingencia-por-covid-19\/#primaryimage"},"thumbnailUrl":"https:\/\/centrourbano.com\/revista\/wp-content\/uploads\/Captura-de-Pantalla-2020-03-24-a-las-12.29.43-p.m..png","keywords":["Coronavirus","COVID-19","Jos\u00e9 Rafael Ojeda Dur\u00e1n","Plan Marina","Secretar\u00eda de Marina","Semar"],"articleSection":["Cobertura Covid-19"],"inLanguage":"es","potentialAction":[{"@type":"CommentAction","name":"Comment","target":["https:\/\/centrourbano.com\/revista\/cobertura-covid-19\/semar-presenta-plan-marina-en-apoyo-a-contingencia-por-covid-19\/#respond"]}]},{"@type":"WebPage","@id":"https:\/\/centrourbano.com\/revista\/cobertura-covid-19\/semar-presenta-plan-marina-en-apoyo-a-contingencia-por-covid-19\/","url":"https:\/\/centrourbano.com\/revista\/cobertura-covid-19\/semar-presenta-plan-marina-en-apoyo-a-contingencia-por-covid-19\/","name":"Semar presenta Plan Marina en apoyo a contingencia por Covid-19","isPartOf":{"@id":"https:\/\/centrourbano.com\/revista\/#website"},"primaryImageOfPage":{"@id":"https:\/\/centrourbano.com\/revista\/cobertura-covid-19\/semar-presenta-plan-marina-en-apoyo-a-contingencia-por-covid-19\/#primaryimage"},"image":{"@id":"https:\/\/centrourbano.com\/revista\/cobertura-covid-19\/semar-presenta-plan-marina-en-apoyo-a-contingencia-por-covid-19\/#primaryimage"},"thumbnailUrl":"https:\/\/centrourbano.com\/revista\/wp-content\/uploads\/Captura-de-Pantalla-2020-03-24-a-las-12.29.43-p.m..png","datePublished":"2020-03-24T18:38:45+00:00","dateModified":"2020-03-24T18:41:44+00:00","description":"Las acciones comienzan a operar a partir de hoy; en total, la Semar cuenta con 79 centros para atender casos graves y 4,043 centros de aislamiento","breadcrumb":{"@id":"https:\/\/centrourbano.com\/revista\/cobertura-covid-19\/semar-presenta-plan-marina-en-apoyo-a-contingencia-por-covid-19\/#breadcrumb"},"inLanguage":"es","potentialAction":[{"@type":"ReadAction","target":["https:\/\/centrourbano.com\/revista\/cobertura-covid-19\/semar-presenta-plan-marina-en-apoyo-a-contingencia-por-covid-19\/"]}]},{"@type":"ImageObject","inLanguage":"es","@id":"https:\/\/centrourbano.com\/revista\/cobertura-covid-19\/semar-presenta-plan-marina-en-apoyo-a-contingencia-por-covid-19\/#primaryimage","url":"https:\/\/centrourbano.com\/revista\/wp-content\/uploads\/Captura-de-Pantalla-2020-03-24-a-las-12.29.43-p.m..png","contentUrl":"https:\/\/centrourbano.com\/revista\/wp-content\/uploads\/Captura-de-Pantalla-2020-03-24-a-las-12.29.43-p.m..png","width":1360,"height":690},{"@type":"BreadcrumbList","@id":"https:\/\/centrourbano.com\/revista\/cobertura-covid-19\/semar-presenta-plan-marina-en-apoyo-a-contingencia-por-covid-19\/#breadcrumb","itemListElement":[{"@type":"ListItem","position":1,"name":"Portada","item":"https:\/\/centrourbano.com\/revista\/"},{"@type":"ListItem","position":2,"name":"Presentan Plan Marina en apoyo a contingencia por Covid-19"}]},{"@type":"WebSite","@id":"https:\/\/centrourbano.com\/revista\/#website","url":"https:\/\/centrourbano.com\/revista\/","name":"Centro Urbano","description":"Medio especializado en los sectores vivienda, inmobiliario, construcci\u00f3n, arquitectura y urbanismo.","publisher":{"@id":"https:\/\/centrourbano.com\/revista\/#organization"},"potentialAction":[{"@type":"SearchAction","target":{"@type":"EntryPoint","urlTemplate":"https:\/\/centrourbano.com\/revista\/?s={search_term_string}"},"query-input":{"@type":"PropertyValueSpecification","valueRequired":true,"valueName":"search_term_string"}}],"inLanguage":"es"},{"@type":"Organization","@id":"https:\/\/centrourbano.com\/revista\/#organization","name":"Centro Urbano","url":"https:\/\/centrourbano.com\/revista\/","logo":{"@type":"ImageObject","inLanguage":"es","@id":"https:\/\/centrourbano.com\/revista\/#\/schema\/logo\/image\/","url":"https:\/\/centrourbano.com\/revista\/wp-content\/uploads\/web_CU_logo-1.png","contentUrl":"https:\/\/centrourbano.com\/revista\/wp-content\/uploads\/web_CU_logo-1.png","width":350,"height":91,"caption":"Centro Urbano"},"image":{"@id":"https:\/\/centrourbano.com\/revista\/#\/schema\/logo\/image\/"},"sameAs":["https:\/\/www.facebook.com\/portalcentrourbano","https:\/\/x.com\/CentroUrbano","https:\/\/www.instagram.com\/centro_urbano\/","https:\/\/www.linkedin.com\/company\/centro-urbano\/","http:\/\/www.youtube.com\/user\/portalcentrourbano"]},{"@type":"Person","@id":"https:\/\/centrourbano.com\/revista\/#\/schema\/person\/b45db815d96831257ba428a3d5a5fbdc","name":"Dinorah Nava","image":{"@type":"ImageObject","inLanguage":"es","@id":"https:\/\/secure.gravatar.com\/avatar\/f6ca6430c51d147f363940f84e1225aa4b8183885c11802cc3b042305a4ecc1a?s=96&d=mm&r=g","url":"https:\/\/secure.gravatar.com\/avatar\/f6ca6430c51d147f363940f84e1225aa4b8183885c11802cc3b042305a4ecc1a?s=96&d=mm&r=g","contentUrl":"https:\/\/secure.gravatar.com\/avatar\/f6ca6430c51d147f363940f84e1225aa4b8183885c11802cc3b042305a4ecc1a?s=96&d=mm&r=g","caption":"Dinorah Nava"},"description":"Editora de Contenidos y Estrategias Digitales en Centro Urbano y Coeditora en Peri\u00f3dico Mi Casa. Egresada de la licenciatura en Comunicaci\u00f3n y Periodismo de la Facultad de Estudios Superiores Arag\u00f3n (UNAM). Amante de la edici\u00f3n y correcci\u00f3n de estilo, las redes sociales y el mundo digital. Especialista en temas son arquitectura, inmobiliario y urbanismo.","sameAs":["linkedin.com\/in\/dinorah-nava","https:\/\/x.com\/https:\/\/twitter.com\/Dinorah_Nava28"],"url":"https:\/\/centrourbano.com\/revista\/author\/dinorah-nava\/"}]}},"_links":{"self":[{"href":"https:\/\/centrourbano.com\/revista\/wp-json\/wp\/v2\/posts\/104120","targetHints":{"allow":["GET"]}}],"collection":[{"href":"https:\/\/centrourbano.com\/revista\/wp-json\/wp\/v2\/posts"}],"about":[{"href":"https:\/\/centrourbano.com\/revista\/wp-json\/wp\/v2\/types\/post"}],"author":[{"embeddable":true,"href":"https:\/\/centrourbano.com\/revista\/wp-json\/wp\/v2\/users\/9"}],"replies":[{"embeddable":true,"href":"https:\/\/centrourbano.com\/revista\/wp-json\/wp\/v2\/comments?post=104120"}],"version-history":[{"count":5,"href":"https:\/\/centrourbano.com\/revista\/wp-json\/wp\/v2\/posts\/104120\/revisions"}],"predecessor-version":[{"id":104132,"href":"https:\/\/centrourbano.com\/revista\/wp-json\/wp\/v2\/posts\/104120\/revisions\/104132"}],"wp:featuredmedia":[{"embeddable":true,"href":"https:\/\/centrourbano.com\/revista\/wp-json\/wp\/v2\/media\/104126"}],"wp:attachment":[{"href":"https:\/\/centrourbano.com\/revista\/wp-json\/wp\/v2\/media?parent=104120"}],"wp:term":[{"taxonomy":"category","embeddable":true,"href":"https:\/\/centrourbano.com\/revista\/wp-json\/wp\/v2\/categories?post=104120"},{"taxonomy":"post_tag","embeddable":true,"href":"https:\/\/centrourbano.com\/revista\/wp-json\/wp\/v2\/tags?post=104120"}],"curies":[{"name":"wp","href":"https:\/\/api.w.org\/{rel}","templated":true}]}}