{"id":103825,"date":"2020-03-17T08:00:32","date_gmt":"2020-03-17T14:00:32","guid":{"rendered":"https:\/\/centrourbano.com\/?p=103825"},"modified":"2020-03-17T08:50:21","modified_gmt":"2020-03-17T14:50:21","slug":"insus-infonavit-desarrollo-urbano-guerrero","status":"publish","type":"post","link":"https:\/\/centrourbano.com\/revista\/vivienda\/insus-infonavit-desarrollo-urbano-guerrero\/","title":{"rendered":"Insus e Infonavit impulsan Programa de Desarrollo Urbano en Guerrero"},"content":{"rendered":"<p><em>El<\/em> <em>director del Infonavit explic\u00f3 que los guerrerenses podr\u00e1n estar seguros de que terminar\u00e1n las malas pr\u00e1cticas; como la construcci\u00f3n de viviendas en zonas de riesgo<\/em><!--more--><\/p>\n<p>El <strong>Instituto Nacional del Suelo Sustentable (<a href=\"https:\/\/www.gob.mx\/insus\" target=\"_blank\" rel=\"noopener noreferrer\">Insus<\/a>)<\/strong> y el <strong>Instituto del Fondo Nacional de la Vivienda para los Trabajadores (Infonavit),<\/strong> firmaron un convenio de colaboraci\u00f3n para impulsar la <strong>regularizaci\u00f3n de predios<\/strong> en Guerrero y la creaci\u00f3n de un <strong>Programa Estatal de Desarrollo Urbano.<\/strong><\/p>\n<p>A trav\u00e9s de este convenio se pondr\u00e1 fin a la <strong>construcci\u00f3n de viviendas en zonas de riesgo;<\/strong> adem\u00e1s de que se garantizar\u00e1 a los guerrerenses la <a href=\"https:\/\/centrourbano.com\/2019\/11\/20\/insus-escrituras-78780-personas\/\" target=\"_blank\" rel=\"noopener noreferrer\"><strong>certeza jur\u00eddica<\/strong><\/a> sobre sus viviendas.<\/p>\n<p>Al respecto, <strong>Jos\u00e9 Alfonso Iracheta Carroll, director del Insus<\/strong>, mencion\u00f3 que en Guerrero no existe un marco normativo de desarrollo urbano; por lo que consider\u00f3 al acuerdo como hist\u00f3rico y con gran potencial para resolver las grandes necesidades que tienen las familias de menores ingresos.<\/p>\n<p>\u201cEste convenio abona a la regularizaci\u00f3n de la tenencia de la tierra en Guerrero y al impulso de planes de desarrollo urbano integrales; donde el <strong>Infonavit<\/strong> pueda aportar el financiamiento y la experiencia t\u00e9cnica, y el <strong>Insus<\/strong> la gesti\u00f3n del suelo y el acuerdo entre los diversos propietarios que puedan existir\u201d, se\u00f1al\u00f3.<\/p>\n<p>Por su parte, <strong>Carlos Mart\u00ednez Vel\u00e1zquez, director del Infonavit<\/strong>, explic\u00f3 que con este convenio los guerrerenses que cotizan en el instituto podr\u00e1n estar seguros de que terminar\u00e1n malas pr\u00e1cticas del pasado; tales como la construcci\u00f3n de viviendas en pantanos o barrancas.<\/p>\n<p>\u201cHoy en d\u00eda, las y los guerrerenses no tienen reglas claras para planear el desarrollo de sus ciudades ni para aprovechar el territorio en beneficio de quienes menos tienen y m\u00e1s lo necesitan. Con este convenio nos aseguraremos de que la planeaci\u00f3n territorial nunca m\u00e1s se realice desde un escritorio\u201d, destac\u00f3.<\/p>\n","protected":false},"excerpt":{"rendered":"<p>El director del Infonavit explic\u00f3 que los guerrerenses podr\u00e1n estar seguros de que terminar\u00e1n las malas pr\u00e1cticas; como la construcci\u00f3n de viviendas en zonas de riesgo<\/p>\n","protected":false},"author":73,"featured_media":103835,"comment_status":"open","ping_status":"closed","sticky":false,"template":"","format":"standard","meta":{"om_disable_all_campaigns":false,"inline_featured_image":false,"_monsterinsights_skip_tracking":false,"_monsterinsights_sitenote_active":false,"_monsterinsights_sitenote_note":"","_monsterinsights_sitenote_category":0,"footnotes":""},"categories":[82,12],"tags":[17793,949,106,100,3499,17792],"class_list":["post-103825","post","type-post","status-publish","format-standard","has-post-thumbnail","hentry","category-urbanismo","category-vivienda","tag-certeza-juridica","tag-convenio-de-colaboracion","tag-guerrero","tag-infonavit","tag-insus","tag-viviendas-en-zonas-de-riesgo"],"yoast_head":"<!-- This site is optimized with the Yoast SEO plugin v27.5 - https:\/\/yoast.com\/product\/yoast-seo-wordpress\/ -->\n<title>Insus e Infonavit impulsan Programa de Desarrollo Urbano en Guerrero<\/title>\n<meta name=\"description\" content=\"El director del Infonavit explic\u00f3 que los guerrerenses podr\u00e1n estar seguros de se terminar\u00e1 con la construcci\u00f3n de viviendas en zonas de riesgo\" \/>\n<meta name=\"robots\" content=\"index, follow, max-snippet:-1, max-image-preview:large, max-video-preview:-1\" \/>\n<link rel=\"canonical\" href=\"https:\/\/centrourbano.com\/revista\/vivienda\/insus-infonavit-desarrollo-urbano-guerrero\/\" \/>\n<meta property=\"og:locale\" content=\"es_ES\" \/>\n<meta property=\"og:type\" content=\"article\" \/>\n<meta property=\"og:title\" content=\"Insus e Infonavit impulsan Programa de Desarrollo Urbano en Guerrero\" \/>\n<meta property=\"og:description\" content=\"El director del Infonavit explic\u00f3 que los guerrerenses podr\u00e1n estar seguros de se terminar\u00e1 con la construcci\u00f3n de viviendas en zonas de riesgo\" \/>\n<meta property=\"og:url\" content=\"https:\/\/centrourbano.com\/revista\/vivienda\/insus-infonavit-desarrollo-urbano-guerrero\/\" \/>\n<meta property=\"og:site_name\" content=\"Centro Urbano\" \/>\n<meta property=\"article:publisher\" content=\"https:\/\/www.facebook.com\/portalcentrourbano\" \/>\n<meta property=\"article:published_time\" content=\"2020-03-17T14:00:32+00:00\" \/>\n<meta property=\"article:modified_time\" content=\"2020-03-17T14:50:21+00:00\" \/>\n<meta property=\"og:image\" content=\"https:\/\/centrourbano.com\/revista\/wp-content\/uploads\/Insus-e-Infonavit-impulsan-Programa-de-Desarrollo-Urbano-en-Guerrero.jpg\" \/>\n\t<meta property=\"og:image:width\" content=\"796\" \/>\n\t<meta property=\"og:image:height\" content=\"469\" \/>\n\t<meta property=\"og:image:type\" content=\"image\/jpeg\" \/>\n<meta name=\"author\" content=\"Fernanda Hern\u00e1ndez\" \/>\n<meta name=\"twitter:card\" content=\"summary_large_image\" \/>\n<meta name=\"twitter:creator\" content=\"@https:\/\/twitter.com\/Nannz_Hernandez\" \/>\n<meta name=\"twitter:site\" content=\"@CentroUrbano\" \/>\n<meta name=\"twitter:label1\" content=\"Escrito por\" \/>\n\t<meta name=\"twitter:data1\" content=\"Fernanda Hern\u00e1ndez\" \/>\n\t<meta name=\"twitter:label2\" content=\"Tiempo de lectura\" \/>\n\t<meta name=\"twitter:data2\" content=\"2 minutos\" \/>\n<script type=\"application\/ld+json\" class=\"yoast-schema-graph\">{\"@context\":\"https:\\\/\\\/schema.org\",\"@graph\":[{\"@type\":\"Article\",\"@id\":\"https:\\\/\\\/centrourbano.com\\\/revista\\\/vivienda\\\/insus-infonavit-desarrollo-urbano-guerrero\\\/#article\",\"isPartOf\":{\"@id\":\"https:\\\/\\\/centrourbano.com\\\/revista\\\/vivienda\\\/insus-infonavit-desarrollo-urbano-guerrero\\\/\"},\"author\":{\"name\":\"Fernanda Hern\u00e1ndez\",\"@id\":\"https:\\\/\\\/centrourbano.com\\\/revista\\\/#\\\/schema\\\/person\\\/b190b20bbbceb41ec72278c546fa8df3\"},\"headline\":\"Insus e Infonavit impulsan Programa de Desarrollo Urbano en Guerrero\",\"datePublished\":\"2020-03-17T14:00:32+00:00\",\"dateModified\":\"2020-03-17T14:50:21+00:00\",\"mainEntityOfPage\":{\"@id\":\"https:\\\/\\\/centrourbano.com\\\/revista\\\/vivienda\\\/insus-infonavit-desarrollo-urbano-guerrero\\\/\"},\"wordCount\":325,\"commentCount\":0,\"publisher\":{\"@id\":\"https:\\\/\\\/centrourbano.com\\\/revista\\\/#organization\"},\"image\":{\"@id\":\"https:\\\/\\\/centrourbano.com\\\/revista\\\/vivienda\\\/insus-infonavit-desarrollo-urbano-guerrero\\\/#primaryimage\"},\"thumbnailUrl\":\"https:\\\/\\\/centrourbano.com\\\/revista\\\/wp-content\\\/uploads\\\/Insus-e-Infonavit-impulsan-Programa-de-Desarrollo-Urbano-en-Guerrero.jpg\",\"keywords\":[\"Certeza Jur\u00eddica\",\"Convenio de colaboraci\u00f3n\",\"Guerrero\",\"Infonavit\",\"INSUS\",\"Viviendas en zonas de riesgo\"],\"articleSection\":[\"Urbanismo\",\"Vivienda\"],\"inLanguage\":\"es\",\"potentialAction\":[{\"@type\":\"CommentAction\",\"name\":\"Comment\",\"target\":[\"https:\\\/\\\/centrourbano.com\\\/revista\\\/vivienda\\\/insus-infonavit-desarrollo-urbano-guerrero\\\/#respond\"]}]},{\"@type\":\"WebPage\",\"@id\":\"https:\\\/\\\/centrourbano.com\\\/revista\\\/vivienda\\\/insus-infonavit-desarrollo-urbano-guerrero\\\/\",\"url\":\"https:\\\/\\\/centrourbano.com\\\/revista\\\/vivienda\\\/insus-infonavit-desarrollo-urbano-guerrero\\\/\",\"name\":\"Insus e Infonavit impulsan Programa de Desarrollo Urbano en Guerrero\",\"isPartOf\":{\"@id\":\"https:\\\/\\\/centrourbano.com\\\/revista\\\/#website\"},\"primaryImageOfPage\":{\"@id\":\"https:\\\/\\\/centrourbano.com\\\/revista\\\/vivienda\\\/insus-infonavit-desarrollo-urbano-guerrero\\\/#primaryimage\"},\"image\":{\"@id\":\"https:\\\/\\\/centrourbano.com\\\/revista\\\/vivienda\\\/insus-infonavit-desarrollo-urbano-guerrero\\\/#primaryimage\"},\"thumbnailUrl\":\"https:\\\/\\\/centrourbano.com\\\/revista\\\/wp-content\\\/uploads\\\/Insus-e-Infonavit-impulsan-Programa-de-Desarrollo-Urbano-en-Guerrero.jpg\",\"datePublished\":\"2020-03-17T14:00:32+00:00\",\"dateModified\":\"2020-03-17T14:50:21+00:00\",\"description\":\"El director del Infonavit explic\u00f3 que los guerrerenses podr\u00e1n estar seguros de se terminar\u00e1 con la construcci\u00f3n de viviendas en zonas de riesgo\",\"breadcrumb\":{\"@id\":\"https:\\\/\\\/centrourbano.com\\\/revista\\\/vivienda\\\/insus-infonavit-desarrollo-urbano-guerrero\\\/#breadcrumb\"},\"inLanguage\":\"es\",\"potentialAction\":[{\"@type\":\"ReadAction\",\"target\":[\"https:\\\/\\\/centrourbano.com\\\/revista\\\/vivienda\\\/insus-infonavit-desarrollo-urbano-guerrero\\\/\"]}]},{\"@type\":\"ImageObject\",\"inLanguage\":\"es\",\"@id\":\"https:\\\/\\\/centrourbano.com\\\/revista\\\/vivienda\\\/insus-infonavit-desarrollo-urbano-guerrero\\\/#primaryimage\",\"url\":\"https:\\\/\\\/centrourbano.com\\\/revista\\\/wp-content\\\/uploads\\\/Insus-e-Infonavit-impulsan-Programa-de-Desarrollo-Urbano-en-Guerrero.jpg\",\"contentUrl\":\"https:\\\/\\\/centrourbano.com\\\/revista\\\/wp-content\\\/uploads\\\/Insus-e-Infonavit-impulsan-Programa-de-Desarrollo-Urbano-en-Guerrero.jpg\",\"width\":796,\"height\":469,\"caption\":\"El director del Infonavit explic\u00f3 que los guerrerenses podr\u00e1n estar seguros de se terminar\u00e1 con la construcci\u00f3n de viviendas en zonas de riesgo\"},{\"@type\":\"BreadcrumbList\",\"@id\":\"https:\\\/\\\/centrourbano.com\\\/revista\\\/vivienda\\\/insus-infonavit-desarrollo-urbano-guerrero\\\/#breadcrumb\",\"itemListElement\":[{\"@type\":\"ListItem\",\"position\":1,\"name\":\"Portada\",\"item\":\"https:\\\/\\\/centrourbano.com\\\/revista\\\/\"},{\"@type\":\"ListItem\",\"position\":2,\"name\":\"Insus e Infonavit impulsan Programa de Desarrollo Urbano en Guerrero\"}]},{\"@type\":\"WebSite\",\"@id\":\"https:\\\/\\\/centrourbano.com\\\/revista\\\/#website\",\"url\":\"https:\\\/\\\/centrourbano.com\\\/revista\\\/\",\"name\":\"Centro Urbano\",\"description\":\"Medio especializado en los sectores vivienda, inmobiliario, construcci\u00f3n, arquitectura y urbanismo.\",\"publisher\":{\"@id\":\"https:\\\/\\\/centrourbano.com\\\/revista\\\/#organization\"},\"potentialAction\":[{\"@type\":\"SearchAction\",\"target\":{\"@type\":\"EntryPoint\",\"urlTemplate\":\"https:\\\/\\\/centrourbano.com\\\/revista\\\/?s={search_term_string}\"},\"query-input\":{\"@type\":\"PropertyValueSpecification\",\"valueRequired\":true,\"valueName\":\"search_term_string\"}}],\"inLanguage\":\"es\"},{\"@type\":\"Organization\",\"@id\":\"https:\\\/\\\/centrourbano.com\\\/revista\\\/#organization\",\"name\":\"Centro Urbano\",\"url\":\"https:\\\/\\\/centrourbano.com\\\/revista\\\/\",\"logo\":{\"@type\":\"ImageObject\",\"inLanguage\":\"es\",\"@id\":\"https:\\\/\\\/centrourbano.com\\\/revista\\\/#\\\/schema\\\/logo\\\/image\\\/\",\"url\":\"https:\\\/\\\/centrourbano.com\\\/revista\\\/wp-content\\\/uploads\\\/web_CU_logo-1.png\",\"contentUrl\":\"https:\\\/\\\/centrourbano.com\\\/revista\\\/wp-content\\\/uploads\\\/web_CU_logo-1.png\",\"width\":350,\"height\":91,\"caption\":\"Centro Urbano\"},\"image\":{\"@id\":\"https:\\\/\\\/centrourbano.com\\\/revista\\\/#\\\/schema\\\/logo\\\/image\\\/\"},\"sameAs\":[\"https:\\\/\\\/www.facebook.com\\\/portalcentrourbano\",\"https:\\\/\\\/x.com\\\/CentroUrbano\",\"https:\\\/\\\/www.instagram.com\\\/centro_urbano\\\/\",\"https:\\\/\\\/www.linkedin.com\\\/company\\\/centro-urbano\\\/\",\"http:\\\/\\\/www.youtube.com\\\/user\\\/portalcentrourbano\"]},{\"@type\":\"Person\",\"@id\":\"https:\\\/\\\/centrourbano.com\\\/revista\\\/#\\\/schema\\\/person\\\/b190b20bbbceb41ec72278c546fa8df3\",\"name\":\"Fernanda Hern\u00e1ndez\",\"image\":{\"@type\":\"ImageObject\",\"inLanguage\":\"es\",\"@id\":\"https:\\\/\\\/secure.gravatar.com\\\/avatar\\\/9471831fb0a24eae9d32d826a7cb8ef07c34a41520aca1a0ab1f5c0903ba49b9?s=96&d=mm&r=g\",\"url\":\"https:\\\/\\\/secure.gravatar.com\\\/avatar\\\/9471831fb0a24eae9d32d826a7cb8ef07c34a41520aca1a0ab1f5c0903ba49b9?s=96&d=mm&r=g\",\"contentUrl\":\"https:\\\/\\\/secure.gravatar.com\\\/avatar\\\/9471831fb0a24eae9d32d826a7cb8ef07c34a41520aca1a0ab1f5c0903ba49b9?s=96&d=mm&r=g\",\"caption\":\"Fernanda Hern\u00e1ndez\"},\"description\":\"Reportera y redactora en Centro Urbano. Soy egresada de la licenciatura en Ciencias de la Comunicaci\u00f3n de la Facultad de Ciencias Pol\u00edticas y Sociales (UNAM). Me interesa la cultura, el urbanismo y la arquitectura. Amante del mundo digital, el cine, la m\u00fasica, la lectura y la escritura.\",\"sameAs\":[\"https:\\\/\\\/x.com\\\/https:\\\/\\\/twitter.com\\\/Nannz_Hernandez\"],\"url\":\"https:\\\/\\\/centrourbano.com\\\/revista\\\/author\\\/fernanda-hernandez\\\/\"}]}<\/script>\n<!-- \/ Yoast SEO plugin. -->","yoast_head_json":{"title":"Insus e Infonavit impulsan Programa de Desarrollo Urbano en Guerrero","description":"El director del Infonavit explic\u00f3 que los guerrerenses podr\u00e1n estar seguros de se terminar\u00e1 con la construcci\u00f3n de viviendas en zonas de riesgo","robots":{"index":"index","follow":"follow","max-snippet":"max-snippet:-1","max-image-preview":"max-image-preview:large","max-video-preview":"max-video-preview:-1"},"canonical":"https:\/\/centrourbano.com\/revista\/vivienda\/insus-infonavit-desarrollo-urbano-guerrero\/","og_locale":"es_ES","og_type":"article","og_title":"Insus e Infonavit impulsan Programa de Desarrollo Urbano en Guerrero","og_description":"El director del Infonavit explic\u00f3 que los guerrerenses podr\u00e1n estar seguros de se terminar\u00e1 con la construcci\u00f3n de viviendas en zonas de riesgo","og_url":"https:\/\/centrourbano.com\/revista\/vivienda\/insus-infonavit-desarrollo-urbano-guerrero\/","og_site_name":"Centro Urbano","article_publisher":"https:\/\/www.facebook.com\/portalcentrourbano","article_published_time":"2020-03-17T14:00:32+00:00","article_modified_time":"2020-03-17T14:50:21+00:00","og_image":[{"width":796,"height":469,"url":"https:\/\/centrourbano.com\/revista\/wp-content\/uploads\/Insus-e-Infonavit-impulsan-Programa-de-Desarrollo-Urbano-en-Guerrero.jpg","type":"image\/jpeg"}],"author":"Fernanda Hern\u00e1ndez","twitter_card":"summary_large_image","twitter_creator":"@https:\/\/twitter.com\/Nannz_Hernandez","twitter_site":"@CentroUrbano","twitter_misc":{"Escrito por":"Fernanda Hern\u00e1ndez","Tiempo de lectura":"2 minutos"},"schema":{"@context":"https:\/\/schema.org","@graph":[{"@type":"Article","@id":"https:\/\/centrourbano.com\/revista\/vivienda\/insus-infonavit-desarrollo-urbano-guerrero\/#article","isPartOf":{"@id":"https:\/\/centrourbano.com\/revista\/vivienda\/insus-infonavit-desarrollo-urbano-guerrero\/"},"author":{"name":"Fernanda Hern\u00e1ndez","@id":"https:\/\/centrourbano.com\/revista\/#\/schema\/person\/b190b20bbbceb41ec72278c546fa8df3"},"headline":"Insus e Infonavit impulsan Programa de Desarrollo Urbano en Guerrero","datePublished":"2020-03-17T14:00:32+00:00","dateModified":"2020-03-17T14:50:21+00:00","mainEntityOfPage":{"@id":"https:\/\/centrourbano.com\/revista\/vivienda\/insus-infonavit-desarrollo-urbano-guerrero\/"},"wordCount":325,"commentCount":0,"publisher":{"@id":"https:\/\/centrourbano.com\/revista\/#organization"},"image":{"@id":"https:\/\/centrourbano.com\/revista\/vivienda\/insus-infonavit-desarrollo-urbano-guerrero\/#primaryimage"},"thumbnailUrl":"https:\/\/centrourbano.com\/revista\/wp-content\/uploads\/Insus-e-Infonavit-impulsan-Programa-de-Desarrollo-Urbano-en-Guerrero.jpg","keywords":["Certeza Jur\u00eddica","Convenio de colaboraci\u00f3n","Guerrero","Infonavit","INSUS","Viviendas en zonas de riesgo"],"articleSection":["Urbanismo","Vivienda"],"inLanguage":"es","potentialAction":[{"@type":"CommentAction","name":"Comment","target":["https:\/\/centrourbano.com\/revista\/vivienda\/insus-infonavit-desarrollo-urbano-guerrero\/#respond"]}]},{"@type":"WebPage","@id":"https:\/\/centrourbano.com\/revista\/vivienda\/insus-infonavit-desarrollo-urbano-guerrero\/","url":"https:\/\/centrourbano.com\/revista\/vivienda\/insus-infonavit-desarrollo-urbano-guerrero\/","name":"Insus e Infonavit impulsan Programa de Desarrollo Urbano en Guerrero","isPartOf":{"@id":"https:\/\/centrourbano.com\/revista\/#website"},"primaryImageOfPage":{"@id":"https:\/\/centrourbano.com\/revista\/vivienda\/insus-infonavit-desarrollo-urbano-guerrero\/#primaryimage"},"image":{"@id":"https:\/\/centrourbano.com\/revista\/vivienda\/insus-infonavit-desarrollo-urbano-guerrero\/#primaryimage"},"thumbnailUrl":"https:\/\/centrourbano.com\/revista\/wp-content\/uploads\/Insus-e-Infonavit-impulsan-Programa-de-Desarrollo-Urbano-en-Guerrero.jpg","datePublished":"2020-03-17T14:00:32+00:00","dateModified":"2020-03-17T14:50:21+00:00","description":"El director del Infonavit explic\u00f3 que los guerrerenses podr\u00e1n estar seguros de se terminar\u00e1 con la construcci\u00f3n de viviendas en zonas de riesgo","breadcrumb":{"@id":"https:\/\/centrourbano.com\/revista\/vivienda\/insus-infonavit-desarrollo-urbano-guerrero\/#breadcrumb"},"inLanguage":"es","potentialAction":[{"@type":"ReadAction","target":["https:\/\/centrourbano.com\/revista\/vivienda\/insus-infonavit-desarrollo-urbano-guerrero\/"]}]},{"@type":"ImageObject","inLanguage":"es","@id":"https:\/\/centrourbano.com\/revista\/vivienda\/insus-infonavit-desarrollo-urbano-guerrero\/#primaryimage","url":"https:\/\/centrourbano.com\/revista\/wp-content\/uploads\/Insus-e-Infonavit-impulsan-Programa-de-Desarrollo-Urbano-en-Guerrero.jpg","contentUrl":"https:\/\/centrourbano.com\/revista\/wp-content\/uploads\/Insus-e-Infonavit-impulsan-Programa-de-Desarrollo-Urbano-en-Guerrero.jpg","width":796,"height":469,"caption":"El director del Infonavit explic\u00f3 que los guerrerenses podr\u00e1n estar seguros de se terminar\u00e1 con la construcci\u00f3n de viviendas en zonas de riesgo"},{"@type":"BreadcrumbList","@id":"https:\/\/centrourbano.com\/revista\/vivienda\/insus-infonavit-desarrollo-urbano-guerrero\/#breadcrumb","itemListElement":[{"@type":"ListItem","position":1,"name":"Portada","item":"https:\/\/centrourbano.com\/revista\/"},{"@type":"ListItem","position":2,"name":"Insus e Infonavit impulsan Programa de Desarrollo Urbano en Guerrero"}]},{"@type":"WebSite","@id":"https:\/\/centrourbano.com\/revista\/#website","url":"https:\/\/centrourbano.com\/revista\/","name":"Centro Urbano","description":"Medio especializado en los sectores vivienda, inmobiliario, construcci\u00f3n, arquitectura y urbanismo.","publisher":{"@id":"https:\/\/centrourbano.com\/revista\/#organization"},"potentialAction":[{"@type":"SearchAction","target":{"@type":"EntryPoint","urlTemplate":"https:\/\/centrourbano.com\/revista\/?s={search_term_string}"},"query-input":{"@type":"PropertyValueSpecification","valueRequired":true,"valueName":"search_term_string"}}],"inLanguage":"es"},{"@type":"Organization","@id":"https:\/\/centrourbano.com\/revista\/#organization","name":"Centro Urbano","url":"https:\/\/centrourbano.com\/revista\/","logo":{"@type":"ImageObject","inLanguage":"es","@id":"https:\/\/centrourbano.com\/revista\/#\/schema\/logo\/image\/","url":"https:\/\/centrourbano.com\/revista\/wp-content\/uploads\/web_CU_logo-1.png","contentUrl":"https:\/\/centrourbano.com\/revista\/wp-content\/uploads\/web_CU_logo-1.png","width":350,"height":91,"caption":"Centro Urbano"},"image":{"@id":"https:\/\/centrourbano.com\/revista\/#\/schema\/logo\/image\/"},"sameAs":["https:\/\/www.facebook.com\/portalcentrourbano","https:\/\/x.com\/CentroUrbano","https:\/\/www.instagram.com\/centro_urbano\/","https:\/\/www.linkedin.com\/company\/centro-urbano\/","http:\/\/www.youtube.com\/user\/portalcentrourbano"]},{"@type":"Person","@id":"https:\/\/centrourbano.com\/revista\/#\/schema\/person\/b190b20bbbceb41ec72278c546fa8df3","name":"Fernanda Hern\u00e1ndez","image":{"@type":"ImageObject","inLanguage":"es","@id":"https:\/\/secure.gravatar.com\/avatar\/9471831fb0a24eae9d32d826a7cb8ef07c34a41520aca1a0ab1f5c0903ba49b9?s=96&d=mm&r=g","url":"https:\/\/secure.gravatar.com\/avatar\/9471831fb0a24eae9d32d826a7cb8ef07c34a41520aca1a0ab1f5c0903ba49b9?s=96&d=mm&r=g","contentUrl":"https:\/\/secure.gravatar.com\/avatar\/9471831fb0a24eae9d32d826a7cb8ef07c34a41520aca1a0ab1f5c0903ba49b9?s=96&d=mm&r=g","caption":"Fernanda Hern\u00e1ndez"},"description":"Reportera y redactora en Centro Urbano. Soy egresada de la licenciatura en Ciencias de la Comunicaci\u00f3n de la Facultad de Ciencias Pol\u00edticas y Sociales (UNAM). Me interesa la cultura, el urbanismo y la arquitectura. Amante del mundo digital, el cine, la m\u00fasica, la lectura y la escritura.","sameAs":["https:\/\/x.com\/https:\/\/twitter.com\/Nannz_Hernandez"],"url":"https:\/\/centrourbano.com\/revista\/author\/fernanda-hernandez\/"}]}},"_links":{"self":[{"href":"https:\/\/centrourbano.com\/revista\/wp-json\/wp\/v2\/posts\/103825","targetHints":{"allow":["GET"]}}],"collection":[{"href":"https:\/\/centrourbano.com\/revista\/wp-json\/wp\/v2\/posts"}],"about":[{"href":"https:\/\/centrourbano.com\/revista\/wp-json\/wp\/v2\/types\/post"}],"author":[{"embeddable":true,"href":"https:\/\/centrourbano.com\/revista\/wp-json\/wp\/v2\/users\/73"}],"replies":[{"embeddable":true,"href":"https:\/\/centrourbano.com\/revista\/wp-json\/wp\/v2\/comments?post=103825"}],"version-history":[{"count":1,"href":"https:\/\/centrourbano.com\/revista\/wp-json\/wp\/v2\/posts\/103825\/revisions"}],"predecessor-version":[{"id":103838,"href":"https:\/\/centrourbano.com\/revista\/wp-json\/wp\/v2\/posts\/103825\/revisions\/103838"}],"wp:featuredmedia":[{"embeddable":true,"href":"https:\/\/centrourbano.com\/revista\/wp-json\/wp\/v2\/media\/103835"}],"wp:attachment":[{"href":"https:\/\/centrourbano.com\/revista\/wp-json\/wp\/v2\/media?parent=103825"}],"wp:term":[{"taxonomy":"category","embeddable":true,"href":"https:\/\/centrourbano.com\/revista\/wp-json\/wp\/v2\/categories?post=103825"},{"taxonomy":"post_tag","embeddable":true,"href":"https:\/\/centrourbano.com\/revista\/wp-json\/wp\/v2\/tags?post=103825"}],"curies":[{"name":"wp","href":"https:\/\/api.w.org\/{rel}","templated":true}]}}