{"id":103809,"date":"2020-03-12T19:08:49","date_gmt":"2020-03-13T01:08:49","guid":{"rendered":"https:\/\/centrourbano.com\/?p=103809"},"modified":"2020-03-19T17:42:13","modified_gmt":"2020-03-19T23:42:13","slug":"adi-pospone-the-real-estate-show-2020-por-covid-19","status":"publish","type":"post","link":"https:\/\/centrourbano.com\/revista\/inmobiliario\/adi-pospone-the-real-estate-show-2020-por-covid-19\/","title":{"rendered":"ADI pospone The Real Estate Show 2020 por COVID-19"},"content":{"rendered":"<p><em>El Comit\u00e9 T\u00e9cnico de la ADI decidi\u00f3 posponer hasta nuevo aviso la realizaci\u00f3n de su evento m\u00e1s importante ante las amenazas de este problema global de salud\u00a0<\/em><!--more--><\/p>\n<p>La Asociaci\u00f3n de Desarrolladores Inmobiliarios (ADI) decidi\u00f3 posponer la realizaci\u00f3n de la Expo Desarrollo Inmobiliario: The Real Estate Show 2020, ante el escenario global de propagaci\u00f3n del coronavirus que ha afectado a principales econom\u00edas del mundo.<\/p>\n<p>En un comunicado, Mar\u00eda Jos\u00e9 Fern\u00e1ndez, directora general de la ADI, detall\u00f3 que el Comit\u00e9 Ejecutivo de la ADI tom\u00f3 esta decisi\u00f3n para evitar riesgos de propagaci\u00f3n del virus, en medio de la coyuntura global.<\/p>\n<p>\u00abLuego de las crecientes preocupaciones que giran en torno al virus COVID-19, la ADI, ha decidido posponer su evento que se llevar\u00eda a cabo este 24 y 25 de marzo, en la Ciudad de M\u00e9xico.<\/p>\n<p>\u00abSi bien (el virus) a\u00fan no afecta de forma considerable a nuestro pa\u00eds, s\u00ed es oportuno implementar acciones pertinentes de prevenci\u00f3n\u00bb, destac\u00f3 la representante de las m\u00e1s de 80 desarrolladoras asociadas del pa\u00eds.<\/p>\n<p>Finalmente, agreg\u00f3 que a\u00fan est\u00e1n en definici\u00f3n de la nueva fecha para el evento, que mantendr\u00e1 su formato y beneficios, \u00abcon la certeza que el foro generar\u00e1 las oportunidades de inversi\u00f3n y relaciones estrat\u00e9gicas esperadas\u00bb.<\/p>\n<p>The Real Estate Show es el evento inmobiliario m\u00e1s importante del sector en M\u00e9xico y Am\u00e9rica Latina, que re\u00fane a las voces m\u00e1s destacadas de la industria, la econom\u00eda, la pol\u00edtica y el sector p\u00fablico.<\/p>\n","protected":false},"excerpt":{"rendered":"<p>El Comit\u00e9 T\u00e9cnico de la ADI decidi\u00f3 posponer hasta nuevo aviso la realizaci\u00f3n de su evento m\u00e1s importante ante las amenazas de este problema global de salud\u00a0<\/p>\n","protected":false},"author":69,"featured_media":91672,"comment_status":"open","ping_status":"closed","sticky":false,"template":"","format":"standard","meta":{"om_disable_all_campaigns":false,"inline_featured_image":false,"_monsterinsights_skip_tracking":false,"_monsterinsights_sitenote_active":false,"_monsterinsights_sitenote_note":"","_monsterinsights_sitenote_category":0,"footnotes":""},"categories":[17827,15],"tags":[],"class_list":["post-103809","post","type-post","status-publish","format-standard","has-post-thumbnail","hentry","category-cobertura-covid-19","category-inmobiliario"],"yoast_head":"<!-- This site is optimized with the Yoast SEO plugin v27.5 - https:\/\/yoast.com\/product\/yoast-seo-wordpress\/ -->\n<title>ADI pospone The Real Estate Show 2020 por COVID-19<\/title>\n<meta name=\"description\" content=\"El Comit\u00e9 T\u00e9cnico de la ADI decidi\u00f3 posponer hasta nuevo aviso la realizaci\u00f3n de su evento m\u00e1s importante ante las amenazas de este problema global de salud\u00a0\" \/>\n<meta name=\"robots\" content=\"index, follow, max-snippet:-1, max-image-preview:large, max-video-preview:-1\" \/>\n<link rel=\"canonical\" href=\"https:\/\/centrourbano.com\/revista\/inmobiliario\/adi-pospone-the-real-estate-show-2020-por-covid-19\/\" \/>\n<meta property=\"og:locale\" content=\"es_ES\" \/>\n<meta property=\"og:type\" content=\"article\" \/>\n<meta property=\"og:title\" content=\"ADI pospone The Real Estate Show 2020 por COVID-19\" \/>\n<meta property=\"og:description\" content=\"El Comit\u00e9 T\u00e9cnico de la ADI decidi\u00f3 posponer hasta nuevo aviso la realizaci\u00f3n de su evento m\u00e1s importante ante las amenazas de este problema global de salud\u00a0\" \/>\n<meta property=\"og:url\" content=\"https:\/\/centrourbano.com\/revista\/inmobiliario\/adi-pospone-the-real-estate-show-2020-por-covid-19\/\" \/>\n<meta property=\"og:site_name\" content=\"Centro Urbano\" \/>\n<meta property=\"article:publisher\" content=\"https:\/\/www.facebook.com\/portalcentrourbano\" \/>\n<meta property=\"article:published_time\" content=\"2020-03-13T01:08:49+00:00\" \/>\n<meta property=\"article:modified_time\" content=\"2020-03-19T23:42:13+00:00\" \/>\n<meta property=\"og:image\" content=\"https:\/\/centrourbano.com\/revista\/wp-content\/uploads\/Mar\u00eda-Jos\u00e9-Fern\u00e1ndez_TheRealEstateShow2019_.jpg\" \/>\n\t<meta property=\"og:image:width\" content=\"741\" \/>\n\t<meta property=\"og:image:height\" content=\"494\" \/>\n\t<meta property=\"og:image:type\" content=\"image\/jpeg\" \/>\n<meta name=\"author\" content=\"Fernando Navarrete\" \/>\n<meta name=\"twitter:card\" content=\"summary_large_image\" \/>\n<meta name=\"twitter:creator\" content=\"@CentroUrbano\" \/>\n<meta name=\"twitter:site\" content=\"@CentroUrbano\" \/>\n<meta name=\"twitter:label1\" content=\"Escrito por\" \/>\n\t<meta name=\"twitter:data1\" content=\"Fernando Navarrete\" \/>\n\t<meta name=\"twitter:label2\" content=\"Tiempo de lectura\" \/>\n\t<meta name=\"twitter:data2\" content=\"1 minuto\" \/>\n<script type=\"application\/ld+json\" class=\"yoast-schema-graph\">{\"@context\":\"https:\\\/\\\/schema.org\",\"@graph\":[{\"@type\":\"Article\",\"@id\":\"https:\\\/\\\/centrourbano.com\\\/revista\\\/inmobiliario\\\/adi-pospone-the-real-estate-show-2020-por-covid-19\\\/#article\",\"isPartOf\":{\"@id\":\"https:\\\/\\\/centrourbano.com\\\/revista\\\/inmobiliario\\\/adi-pospone-the-real-estate-show-2020-por-covid-19\\\/\"},\"author\":{\"name\":\"Fernando Navarrete\",\"@id\":\"https:\\\/\\\/centrourbano.com\\\/revista\\\/#\\\/schema\\\/person\\\/2dd6b735ee955456b538202c353e2442\"},\"headline\":\"ADI pospone The Real Estate Show 2020 por COVID-19\",\"datePublished\":\"2020-03-13T01:08:49+00:00\",\"dateModified\":\"2020-03-19T23:42:13+00:00\",\"mainEntityOfPage\":{\"@id\":\"https:\\\/\\\/centrourbano.com\\\/revista\\\/inmobiliario\\\/adi-pospone-the-real-estate-show-2020-por-covid-19\\\/\"},\"wordCount\":271,\"commentCount\":0,\"publisher\":{\"@id\":\"https:\\\/\\\/centrourbano.com\\\/revista\\\/#organization\"},\"image\":{\"@id\":\"https:\\\/\\\/centrourbano.com\\\/revista\\\/inmobiliario\\\/adi-pospone-the-real-estate-show-2020-por-covid-19\\\/#primaryimage\"},\"thumbnailUrl\":\"https:\\\/\\\/centrourbano.com\\\/revista\\\/wp-content\\\/uploads\\\/Mar\u00eda-Jos\u00e9-Fern\u00e1ndez_TheRealEstateShow2019_.jpg\",\"articleSection\":[\"Cobertura Covid-19\",\"Inmobiliario\"],\"inLanguage\":\"es\",\"potentialAction\":[{\"@type\":\"CommentAction\",\"name\":\"Comment\",\"target\":[\"https:\\\/\\\/centrourbano.com\\\/revista\\\/inmobiliario\\\/adi-pospone-the-real-estate-show-2020-por-covid-19\\\/#respond\"]}]},{\"@type\":\"WebPage\",\"@id\":\"https:\\\/\\\/centrourbano.com\\\/revista\\\/inmobiliario\\\/adi-pospone-the-real-estate-show-2020-por-covid-19\\\/\",\"url\":\"https:\\\/\\\/centrourbano.com\\\/revista\\\/inmobiliario\\\/adi-pospone-the-real-estate-show-2020-por-covid-19\\\/\",\"name\":\"ADI pospone The Real Estate Show 2020 por COVID-19\",\"isPartOf\":{\"@id\":\"https:\\\/\\\/centrourbano.com\\\/revista\\\/#website\"},\"primaryImageOfPage\":{\"@id\":\"https:\\\/\\\/centrourbano.com\\\/revista\\\/inmobiliario\\\/adi-pospone-the-real-estate-show-2020-por-covid-19\\\/#primaryimage\"},\"image\":{\"@id\":\"https:\\\/\\\/centrourbano.com\\\/revista\\\/inmobiliario\\\/adi-pospone-the-real-estate-show-2020-por-covid-19\\\/#primaryimage\"},\"thumbnailUrl\":\"https:\\\/\\\/centrourbano.com\\\/revista\\\/wp-content\\\/uploads\\\/Mar\u00eda-Jos\u00e9-Fern\u00e1ndez_TheRealEstateShow2019_.jpg\",\"datePublished\":\"2020-03-13T01:08:49+00:00\",\"dateModified\":\"2020-03-19T23:42:13+00:00\",\"description\":\"El Comit\u00e9 T\u00e9cnico de la ADI decidi\u00f3 posponer hasta nuevo aviso la realizaci\u00f3n de su evento m\u00e1s importante ante las amenazas de este problema global de salud\u00a0\",\"breadcrumb\":{\"@id\":\"https:\\\/\\\/centrourbano.com\\\/revista\\\/inmobiliario\\\/adi-pospone-the-real-estate-show-2020-por-covid-19\\\/#breadcrumb\"},\"inLanguage\":\"es\",\"potentialAction\":[{\"@type\":\"ReadAction\",\"target\":[\"https:\\\/\\\/centrourbano.com\\\/revista\\\/inmobiliario\\\/adi-pospone-the-real-estate-show-2020-por-covid-19\\\/\"]}]},{\"@type\":\"ImageObject\",\"inLanguage\":\"es\",\"@id\":\"https:\\\/\\\/centrourbano.com\\\/revista\\\/inmobiliario\\\/adi-pospone-the-real-estate-show-2020-por-covid-19\\\/#primaryimage\",\"url\":\"https:\\\/\\\/centrourbano.com\\\/revista\\\/wp-content\\\/uploads\\\/Mar\u00eda-Jos\u00e9-Fern\u00e1ndez_TheRealEstateShow2019_.jpg\",\"contentUrl\":\"https:\\\/\\\/centrourbano.com\\\/revista\\\/wp-content\\\/uploads\\\/Mar\u00eda-Jos\u00e9-Fern\u00e1ndez_TheRealEstateShow2019_.jpg\",\"width\":741,\"height\":494},{\"@type\":\"BreadcrumbList\",\"@id\":\"https:\\\/\\\/centrourbano.com\\\/revista\\\/inmobiliario\\\/adi-pospone-the-real-estate-show-2020-por-covid-19\\\/#breadcrumb\",\"itemListElement\":[{\"@type\":\"ListItem\",\"position\":1,\"name\":\"Portada\",\"item\":\"https:\\\/\\\/centrourbano.com\\\/revista\\\/\"},{\"@type\":\"ListItem\",\"position\":2,\"name\":\"ADI pospone The Real Estate Show 2020 por COVID-19\"}]},{\"@type\":\"WebSite\",\"@id\":\"https:\\\/\\\/centrourbano.com\\\/revista\\\/#website\",\"url\":\"https:\\\/\\\/centrourbano.com\\\/revista\\\/\",\"name\":\"Centro Urbano\",\"description\":\"Medio especializado en los sectores vivienda, inmobiliario, construcci\u00f3n, arquitectura y urbanismo.\",\"publisher\":{\"@id\":\"https:\\\/\\\/centrourbano.com\\\/revista\\\/#organization\"},\"potentialAction\":[{\"@type\":\"SearchAction\",\"target\":{\"@type\":\"EntryPoint\",\"urlTemplate\":\"https:\\\/\\\/centrourbano.com\\\/revista\\\/?s={search_term_string}\"},\"query-input\":{\"@type\":\"PropertyValueSpecification\",\"valueRequired\":true,\"valueName\":\"search_term_string\"}}],\"inLanguage\":\"es\"},{\"@type\":\"Organization\",\"@id\":\"https:\\\/\\\/centrourbano.com\\\/revista\\\/#organization\",\"name\":\"Centro Urbano\",\"url\":\"https:\\\/\\\/centrourbano.com\\\/revista\\\/\",\"logo\":{\"@type\":\"ImageObject\",\"inLanguage\":\"es\",\"@id\":\"https:\\\/\\\/centrourbano.com\\\/revista\\\/#\\\/schema\\\/logo\\\/image\\\/\",\"url\":\"https:\\\/\\\/centrourbano.com\\\/revista\\\/wp-content\\\/uploads\\\/web_CU_logo-1.png\",\"contentUrl\":\"https:\\\/\\\/centrourbano.com\\\/revista\\\/wp-content\\\/uploads\\\/web_CU_logo-1.png\",\"width\":350,\"height\":91,\"caption\":\"Centro Urbano\"},\"image\":{\"@id\":\"https:\\\/\\\/centrourbano.com\\\/revista\\\/#\\\/schema\\\/logo\\\/image\\\/\"},\"sameAs\":[\"https:\\\/\\\/www.facebook.com\\\/portalcentrourbano\",\"https:\\\/\\\/x.com\\\/CentroUrbano\",\"https:\\\/\\\/www.instagram.com\\\/centro_urbano\\\/\",\"https:\\\/\\\/www.linkedin.com\\\/company\\\/centro-urbano\\\/\",\"http:\\\/\\\/www.youtube.com\\\/user\\\/portalcentrourbano\"]},{\"@type\":\"Person\",\"@id\":\"https:\\\/\\\/centrourbano.com\\\/revista\\\/#\\\/schema\\\/person\\\/2dd6b735ee955456b538202c353e2442\",\"name\":\"Fernando Navarrete\",\"image\":{\"@type\":\"ImageObject\",\"inLanguage\":\"es\",\"@id\":\"https:\\\/\\\/secure.gravatar.com\\\/avatar\\\/f4dd6927a99e72698473e350e20ec8a38bd48cb668e15b03d04e8e537da41ad0?s=96&d=mm&r=g\",\"url\":\"https:\\\/\\\/secure.gravatar.com\\\/avatar\\\/f4dd6927a99e72698473e350e20ec8a38bd48cb668e15b03d04e8e537da41ad0?s=96&d=mm&r=g\",\"contentUrl\":\"https:\\\/\\\/secure.gravatar.com\\\/avatar\\\/f4dd6927a99e72698473e350e20ec8a38bd48cb668e15b03d04e8e537da41ad0?s=96&d=mm&r=g\",\"caption\":\"Fernando Navarrete\"},\"description\":\"Reportero de negocios, inmobiliario, construcci\u00f3n e industria. Me interesa la econom\u00eda, pol\u00edtica, historia y antropolog\u00eda. Estudi\u00e9 en la Facultad de Ciencias Pol\u00edticas y Sociales de la UNAM. Tengo experiencia en el sector p\u00fablico, la industria del acero, ingenier\u00eda civil, IT y corporativos; soy un nost\u00e1lgico nacionalista contempor\u00e1neo que cree en la grandeza de su pa\u00eds. Asiduo lector de Juan Rulfo, Jos\u00e9 Revueltas y J. R. R Tolkien.\",\"url\":\"https:\\\/\\\/centrourbano.com\\\/revista\\\/author\\\/fernando-navarrete\\\/\"}]}<\/script>\n<!-- \/ Yoast SEO plugin. -->","yoast_head_json":{"title":"ADI pospone The Real Estate Show 2020 por COVID-19","description":"El Comit\u00e9 T\u00e9cnico de la ADI decidi\u00f3 posponer hasta nuevo aviso la realizaci\u00f3n de su evento m\u00e1s importante ante las amenazas de este problema global de salud\u00a0","robots":{"index":"index","follow":"follow","max-snippet":"max-snippet:-1","max-image-preview":"max-image-preview:large","max-video-preview":"max-video-preview:-1"},"canonical":"https:\/\/centrourbano.com\/revista\/inmobiliario\/adi-pospone-the-real-estate-show-2020-por-covid-19\/","og_locale":"es_ES","og_type":"article","og_title":"ADI pospone The Real Estate Show 2020 por COVID-19","og_description":"El Comit\u00e9 T\u00e9cnico de la ADI decidi\u00f3 posponer hasta nuevo aviso la realizaci\u00f3n de su evento m\u00e1s importante ante las amenazas de este problema global de salud\u00a0","og_url":"https:\/\/centrourbano.com\/revista\/inmobiliario\/adi-pospone-the-real-estate-show-2020-por-covid-19\/","og_site_name":"Centro Urbano","article_publisher":"https:\/\/www.facebook.com\/portalcentrourbano","article_published_time":"2020-03-13T01:08:49+00:00","article_modified_time":"2020-03-19T23:42:13+00:00","og_image":[{"width":741,"height":494,"url":"https:\/\/centrourbano.com\/revista\/wp-content\/uploads\/Mar\u00eda-Jos\u00e9-Fern\u00e1ndez_TheRealEstateShow2019_.jpg","type":"image\/jpeg"}],"author":"Fernando Navarrete","twitter_card":"summary_large_image","twitter_creator":"@CentroUrbano","twitter_site":"@CentroUrbano","twitter_misc":{"Escrito por":"Fernando Navarrete","Tiempo de lectura":"1 minuto"},"schema":{"@context":"https:\/\/schema.org","@graph":[{"@type":"Article","@id":"https:\/\/centrourbano.com\/revista\/inmobiliario\/adi-pospone-the-real-estate-show-2020-por-covid-19\/#article","isPartOf":{"@id":"https:\/\/centrourbano.com\/revista\/inmobiliario\/adi-pospone-the-real-estate-show-2020-por-covid-19\/"},"author":{"name":"Fernando Navarrete","@id":"https:\/\/centrourbano.com\/revista\/#\/schema\/person\/2dd6b735ee955456b538202c353e2442"},"headline":"ADI pospone The Real Estate Show 2020 por COVID-19","datePublished":"2020-03-13T01:08:49+00:00","dateModified":"2020-03-19T23:42:13+00:00","mainEntityOfPage":{"@id":"https:\/\/centrourbano.com\/revista\/inmobiliario\/adi-pospone-the-real-estate-show-2020-por-covid-19\/"},"wordCount":271,"commentCount":0,"publisher":{"@id":"https:\/\/centrourbano.com\/revista\/#organization"},"image":{"@id":"https:\/\/centrourbano.com\/revista\/inmobiliario\/adi-pospone-the-real-estate-show-2020-por-covid-19\/#primaryimage"},"thumbnailUrl":"https:\/\/centrourbano.com\/revista\/wp-content\/uploads\/Mar\u00eda-Jos\u00e9-Fern\u00e1ndez_TheRealEstateShow2019_.jpg","articleSection":["Cobertura Covid-19","Inmobiliario"],"inLanguage":"es","potentialAction":[{"@type":"CommentAction","name":"Comment","target":["https:\/\/centrourbano.com\/revista\/inmobiliario\/adi-pospone-the-real-estate-show-2020-por-covid-19\/#respond"]}]},{"@type":"WebPage","@id":"https:\/\/centrourbano.com\/revista\/inmobiliario\/adi-pospone-the-real-estate-show-2020-por-covid-19\/","url":"https:\/\/centrourbano.com\/revista\/inmobiliario\/adi-pospone-the-real-estate-show-2020-por-covid-19\/","name":"ADI pospone The Real Estate Show 2020 por COVID-19","isPartOf":{"@id":"https:\/\/centrourbano.com\/revista\/#website"},"primaryImageOfPage":{"@id":"https:\/\/centrourbano.com\/revista\/inmobiliario\/adi-pospone-the-real-estate-show-2020-por-covid-19\/#primaryimage"},"image":{"@id":"https:\/\/centrourbano.com\/revista\/inmobiliario\/adi-pospone-the-real-estate-show-2020-por-covid-19\/#primaryimage"},"thumbnailUrl":"https:\/\/centrourbano.com\/revista\/wp-content\/uploads\/Mar\u00eda-Jos\u00e9-Fern\u00e1ndez_TheRealEstateShow2019_.jpg","datePublished":"2020-03-13T01:08:49+00:00","dateModified":"2020-03-19T23:42:13+00:00","description":"El Comit\u00e9 T\u00e9cnico de la ADI decidi\u00f3 posponer hasta nuevo aviso la realizaci\u00f3n de su evento m\u00e1s importante ante las amenazas de este problema global de salud\u00a0","breadcrumb":{"@id":"https:\/\/centrourbano.com\/revista\/inmobiliario\/adi-pospone-the-real-estate-show-2020-por-covid-19\/#breadcrumb"},"inLanguage":"es","potentialAction":[{"@type":"ReadAction","target":["https:\/\/centrourbano.com\/revista\/inmobiliario\/adi-pospone-the-real-estate-show-2020-por-covid-19\/"]}]},{"@type":"ImageObject","inLanguage":"es","@id":"https:\/\/centrourbano.com\/revista\/inmobiliario\/adi-pospone-the-real-estate-show-2020-por-covid-19\/#primaryimage","url":"https:\/\/centrourbano.com\/revista\/wp-content\/uploads\/Mar\u00eda-Jos\u00e9-Fern\u00e1ndez_TheRealEstateShow2019_.jpg","contentUrl":"https:\/\/centrourbano.com\/revista\/wp-content\/uploads\/Mar\u00eda-Jos\u00e9-Fern\u00e1ndez_TheRealEstateShow2019_.jpg","width":741,"height":494},{"@type":"BreadcrumbList","@id":"https:\/\/centrourbano.com\/revista\/inmobiliario\/adi-pospone-the-real-estate-show-2020-por-covid-19\/#breadcrumb","itemListElement":[{"@type":"ListItem","position":1,"name":"Portada","item":"https:\/\/centrourbano.com\/revista\/"},{"@type":"ListItem","position":2,"name":"ADI pospone The Real Estate Show 2020 por COVID-19"}]},{"@type":"WebSite","@id":"https:\/\/centrourbano.com\/revista\/#website","url":"https:\/\/centrourbano.com\/revista\/","name":"Centro Urbano","description":"Medio especializado en los sectores vivienda, inmobiliario, construcci\u00f3n, arquitectura y urbanismo.","publisher":{"@id":"https:\/\/centrourbano.com\/revista\/#organization"},"potentialAction":[{"@type":"SearchAction","target":{"@type":"EntryPoint","urlTemplate":"https:\/\/centrourbano.com\/revista\/?s={search_term_string}"},"query-input":{"@type":"PropertyValueSpecification","valueRequired":true,"valueName":"search_term_string"}}],"inLanguage":"es"},{"@type":"Organization","@id":"https:\/\/centrourbano.com\/revista\/#organization","name":"Centro Urbano","url":"https:\/\/centrourbano.com\/revista\/","logo":{"@type":"ImageObject","inLanguage":"es","@id":"https:\/\/centrourbano.com\/revista\/#\/schema\/logo\/image\/","url":"https:\/\/centrourbano.com\/revista\/wp-content\/uploads\/web_CU_logo-1.png","contentUrl":"https:\/\/centrourbano.com\/revista\/wp-content\/uploads\/web_CU_logo-1.png","width":350,"height":91,"caption":"Centro Urbano"},"image":{"@id":"https:\/\/centrourbano.com\/revista\/#\/schema\/logo\/image\/"},"sameAs":["https:\/\/www.facebook.com\/portalcentrourbano","https:\/\/x.com\/CentroUrbano","https:\/\/www.instagram.com\/centro_urbano\/","https:\/\/www.linkedin.com\/company\/centro-urbano\/","http:\/\/www.youtube.com\/user\/portalcentrourbano"]},{"@type":"Person","@id":"https:\/\/centrourbano.com\/revista\/#\/schema\/person\/2dd6b735ee955456b538202c353e2442","name":"Fernando Navarrete","image":{"@type":"ImageObject","inLanguage":"es","@id":"https:\/\/secure.gravatar.com\/avatar\/f4dd6927a99e72698473e350e20ec8a38bd48cb668e15b03d04e8e537da41ad0?s=96&d=mm&r=g","url":"https:\/\/secure.gravatar.com\/avatar\/f4dd6927a99e72698473e350e20ec8a38bd48cb668e15b03d04e8e537da41ad0?s=96&d=mm&r=g","contentUrl":"https:\/\/secure.gravatar.com\/avatar\/f4dd6927a99e72698473e350e20ec8a38bd48cb668e15b03d04e8e537da41ad0?s=96&d=mm&r=g","caption":"Fernando Navarrete"},"description":"Reportero de negocios, inmobiliario, construcci\u00f3n e industria. Me interesa la econom\u00eda, pol\u00edtica, historia y antropolog\u00eda. Estudi\u00e9 en la Facultad de Ciencias Pol\u00edticas y Sociales de la UNAM. Tengo experiencia en el sector p\u00fablico, la industria del acero, ingenier\u00eda civil, IT y corporativos; soy un nost\u00e1lgico nacionalista contempor\u00e1neo que cree en la grandeza de su pa\u00eds. Asiduo lector de Juan Rulfo, Jos\u00e9 Revueltas y J. R. R Tolkien.","url":"https:\/\/centrourbano.com\/revista\/author\/fernando-navarrete\/"}]}},"_links":{"self":[{"href":"https:\/\/centrourbano.com\/revista\/wp-json\/wp\/v2\/posts\/103809","targetHints":{"allow":["GET"]}}],"collection":[{"href":"https:\/\/centrourbano.com\/revista\/wp-json\/wp\/v2\/posts"}],"about":[{"href":"https:\/\/centrourbano.com\/revista\/wp-json\/wp\/v2\/types\/post"}],"author":[{"embeddable":true,"href":"https:\/\/centrourbano.com\/revista\/wp-json\/wp\/v2\/users\/69"}],"replies":[{"embeddable":true,"href":"https:\/\/centrourbano.com\/revista\/wp-json\/wp\/v2\/comments?post=103809"}],"version-history":[{"count":1,"href":"https:\/\/centrourbano.com\/revista\/wp-json\/wp\/v2\/posts\/103809\/revisions"}],"predecessor-version":[{"id":103810,"href":"https:\/\/centrourbano.com\/revista\/wp-json\/wp\/v2\/posts\/103809\/revisions\/103810"}],"wp:featuredmedia":[{"embeddable":true,"href":"https:\/\/centrourbano.com\/revista\/wp-json\/wp\/v2\/media\/91672"}],"wp:attachment":[{"href":"https:\/\/centrourbano.com\/revista\/wp-json\/wp\/v2\/media?parent=103809"}],"wp:term":[{"taxonomy":"category","embeddable":true,"href":"https:\/\/centrourbano.com\/revista\/wp-json\/wp\/v2\/categories?post=103809"},{"taxonomy":"post_tag","embeddable":true,"href":"https:\/\/centrourbano.com\/revista\/wp-json\/wp\/v2\/tags?post=103809"}],"curies":[{"name":"wp","href":"https:\/\/api.w.org\/{rel}","templated":true}]}}