{"id":103753,"date":"2020-03-12T08:11:07","date_gmt":"2020-03-12T14:11:07","guid":{"rendered":"https:\/\/centrourbano.com\/?p=103753"},"modified":"2020-03-12T10:13:03","modified_gmt":"2020-03-12T16:13:03","slug":"gcdmx-sector-privado-economia","status":"publish","type":"post","link":"https:\/\/centrourbano.com\/revista\/urbanismo\/gcdmx-sector-privado-economia\/","title":{"rendered":"GCDMX y sector privado en alianza para impulsar econom\u00eda"},"content":{"rendered":"<p><em>El secretario de Hacienda y Cr\u00e9dito P\u00fablico, Arturo Herrera, destac\u00f3 que la econom\u00eda de la CDMX marca la pauta en el pa\u00eds, por lo que es primordial apoyarla con inversi\u00f3n<\/em><!--more--><\/p>\n<p>En el marco de la presentaci\u00f3n \u2018<strong>Compromiso para la Inversi\u00f3n y el Empleo\u2019<\/strong>, el <a href=\"https:\/\/www.jefaturadegobierno.cdmx.gob.mx\/\" target=\"_blank\" rel=\"noopener noreferrer\"><strong>Gobierno de la Ciudad de M\u00e9xico<\/strong><\/a> sum\u00f3 esfuerzos con el <strong>sector empresarial,<\/strong>\u00a0a fin de impulsar la <strong>econom\u00eda local<\/strong> y mejorar la calidad de vida de los habitantes de la metr\u00f3poli. Esto mediante acciones que permitan el acceso a derechos como la educaci\u00f3n, salud, agua, vivienda e internet.<\/p>\n<p>Al respecto, la <strong>jefa de gobierno, Claudia Sheinbaum Pardo<\/strong>, destac\u00f3 el papel de la inversi\u00f3n del <strong>sector privado<\/strong> en la CDMX, para impulsar la generaci\u00f3n de empleos, el desarrollo econ\u00f3mico sustentable y la disminuci\u00f3n de las desigualdades entre la poblaci\u00f3n.<\/p>\n<p>Adem\u00e1s, explic\u00f3 que entre los <strong>proyectos<\/strong> que se han desarrollado entre el Gobierno capitalino y el sector privado se encuentran: los 12 corredores urbanos; conectividad a internet en m\u00e1s de 13,600 postes del Centro de Comando, Control, C\u00f3mputo, Comunicaciones y Contacto Ciudadano de la Ciudad de M\u00e9xico (C5); y el saneamiento de diversos cuerpos de agua en la capital.<\/p>\n<p>Asimismo, mencion\u00f3 el proyecto de <strong><a href=\"https:\/\/centrourbano.com\/2020\/02\/17\/avanza-plan-para-revitalizar-zona-industrial-de-vallejo\/\" target=\"_blank\" rel=\"noopener noreferrer\">Vallejo Innovador,<\/a> <\/strong>que consiste en la reindustrializaci\u00f3n a partir de la innovaci\u00f3n y de la sustentabilidad en la zona industrial de Vallejo. Ah\u00ed se desarrollar\u00e1n acciones en materia de sustentabilidad, turismo, servicios, comercio, micro y peque\u00f1as empresas, as\u00ed como en el sector de la construcci\u00f3n.<\/p>\n<p>\u201cSabemos que con esta inversi\u00f3n p\u00fablica que estamos haciendo y con el entusiasmo de ustedes (empresarios), desde el capital hasta las inversiones, podemos detonar desde la ciudad el propio <strong>crecimiento del pa\u00eds;<\/strong> y permitir que los habitantes de la Ciudad de M\u00e9xico tengan un desarrollo m\u00e1s incluyente; y un compromiso para la <strong>inversi\u00f3n<\/strong> y sobre todo para el <strong>empleo<\/strong> digno en la ciudad\u201d, dijo.<\/p>\n<p>Por su parte, el <strong>titular de la Secretar\u00eda de Hacienda y Cr\u00e9dito P\u00fablico (SHCP) del Gobierno Federal, Arturo Herrera<\/strong>, expres\u00f3 que la econom\u00eda de la CDMX marca la pauta en el pa\u00eds. Por ello, es primordial apoyarla con inversi\u00f3n; para que los servicios y empleos formales que se generen puedan ser de mayor calidad en beneficio de la poblaci\u00f3n.<\/p>\n<p>Finalmente, la <strong>secretaria de Administraci\u00f3n y Finanzas, Luz Elena Gonz\u00e1lez Escobar<\/strong>, refiri\u00f3 que la presente administraci\u00f3n capitalina trabaja para consolidar a los sectores p\u00fablico y privado; a fin de contar con una ciudad m\u00e1s equitativa que genere las mismas oportunidades para todos sus habitantes.<\/p>\n<p>\u201cEstamos conectando a los que nunca estuvieron conectados con el transporte masivo, con la actividad cultural y con las oportunidades de empleo. Asumimos compromisos claros, bajo el principio de un crecimiento urbano ordenado, incluyente, dentro del marco legal, respetando a nuestra gente, sin comprometer la sustentabilidad de nuestra ciudad\u201d, finaliz\u00f3.<\/p>\n","protected":false},"excerpt":{"rendered":"<p>El secretario de Hacienda y Cr\u00e9dito P\u00fablico, Arturo Herrera, destac\u00f3 que la econom\u00eda de la CDMX marca la pauta en el pa\u00eds, por lo que es primordial apoyarla con inversi\u00f3n<\/p>\n","protected":false},"author":73,"featured_media":103754,"comment_status":"open","ping_status":"closed","sticky":false,"template":"","format":"standard","meta":{"om_disable_all_campaigns":false,"inline_featured_image":false,"_monsterinsights_skip_tracking":false,"_monsterinsights_sitenote_active":false,"_monsterinsights_sitenote_note":"","_monsterinsights_sitenote_category":0,"footnotes":""},"categories":[80,82],"tags":[936,426,11286,67,17774,3777,483],"class_list":["post-103753","post","type-post","status-publish","format-standard","has-post-thumbnail","hentry","category-actualidad","category-urbanismo","tag-economia","tag-empleo","tag-gobierno-cdmx","tag-inversion","tag-secretaria-de-administracion-y-finanzas","tag-sector-privado","tag-shcp"],"yoast_head":"<!-- This site is optimized with the Yoast SEO plugin v27.5 - https:\/\/yoast.com\/product\/yoast-seo-wordpress\/ -->\n<title>GCDMX y sector privado en alianza para impulsar econom\u00eda<\/title>\n<meta name=\"description\" content=\"El secretario de Hacienda y Cr\u00e9dito P\u00fablico destac\u00f3 que la econom\u00eda de la CDMX marca la pauta en el pa\u00eds; por lo que es primordial apoyarla con inversi\u00f3n\" \/>\n<meta name=\"robots\" content=\"index, follow, max-snippet:-1, max-image-preview:large, max-video-preview:-1\" \/>\n<link rel=\"canonical\" href=\"https:\/\/centrourbano.com\/revista\/urbanismo\/gcdmx-sector-privado-economia\/\" \/>\n<meta property=\"og:locale\" content=\"es_ES\" \/>\n<meta property=\"og:type\" content=\"article\" \/>\n<meta property=\"og:title\" content=\"GCDMX y sector privado en alianza para impulsar econom\u00eda\" \/>\n<meta property=\"og:description\" content=\"El secretario de Hacienda y Cr\u00e9dito P\u00fablico destac\u00f3 que la econom\u00eda de la CDMX marca la pauta en el pa\u00eds; por lo que es primordial apoyarla con inversi\u00f3n\" \/>\n<meta property=\"og:url\" content=\"https:\/\/centrourbano.com\/revista\/urbanismo\/gcdmx-sector-privado-economia\/\" \/>\n<meta property=\"og:site_name\" content=\"Centro Urbano\" \/>\n<meta property=\"article:publisher\" content=\"https:\/\/www.facebook.com\/portalcentrourbano\" \/>\n<meta property=\"article:published_time\" content=\"2020-03-12T14:11:07+00:00\" \/>\n<meta property=\"article:modified_time\" content=\"2020-03-12T16:13:03+00:00\" \/>\n<meta property=\"og:image\" content=\"https:\/\/centrourbano.com\/revista\/wp-content\/uploads\/GCDMX-y-sector-privado-en-alianza-para-impulsar-econom\u00eda-.jpg\" \/>\n\t<meta property=\"og:image:width\" content=\"818\" \/>\n\t<meta property=\"og:image:height\" content=\"443\" \/>\n\t<meta property=\"og:image:type\" content=\"image\/jpeg\" \/>\n<meta name=\"author\" content=\"Fernanda Hern\u00e1ndez\" \/>\n<meta name=\"twitter:card\" content=\"summary_large_image\" \/>\n<meta name=\"twitter:creator\" content=\"@https:\/\/twitter.com\/Nannz_Hernandez\" \/>\n<meta name=\"twitter:site\" content=\"@CentroUrbano\" \/>\n<meta name=\"twitter:label1\" content=\"Escrito por\" \/>\n\t<meta name=\"twitter:data1\" content=\"Fernanda Hern\u00e1ndez\" \/>\n\t<meta name=\"twitter:label2\" content=\"Tiempo de lectura\" \/>\n\t<meta name=\"twitter:data2\" content=\"2 minutos\" \/>\n<script type=\"application\/ld+json\" class=\"yoast-schema-graph\">{\"@context\":\"https:\\\/\\\/schema.org\",\"@graph\":[{\"@type\":\"Article\",\"@id\":\"https:\\\/\\\/centrourbano.com\\\/revista\\\/urbanismo\\\/gcdmx-sector-privado-economia\\\/#article\",\"isPartOf\":{\"@id\":\"https:\\\/\\\/centrourbano.com\\\/revista\\\/urbanismo\\\/gcdmx-sector-privado-economia\\\/\"},\"author\":{\"name\":\"Fernanda Hern\u00e1ndez\",\"@id\":\"https:\\\/\\\/centrourbano.com\\\/revista\\\/#\\\/schema\\\/person\\\/b190b20bbbceb41ec72278c546fa8df3\"},\"headline\":\"GCDMX y sector privado en alianza para impulsar econom\u00eda\",\"datePublished\":\"2020-03-12T14:11:07+00:00\",\"dateModified\":\"2020-03-12T16:13:03+00:00\",\"mainEntityOfPage\":{\"@id\":\"https:\\\/\\\/centrourbano.com\\\/revista\\\/urbanismo\\\/gcdmx-sector-privado-economia\\\/\"},\"wordCount\":509,\"commentCount\":0,\"publisher\":{\"@id\":\"https:\\\/\\\/centrourbano.com\\\/revista\\\/#organization\"},\"image\":{\"@id\":\"https:\\\/\\\/centrourbano.com\\\/revista\\\/urbanismo\\\/gcdmx-sector-privado-economia\\\/#primaryimage\"},\"thumbnailUrl\":\"https:\\\/\\\/centrourbano.com\\\/revista\\\/wp-content\\\/uploads\\\/GCDMX-y-sector-privado-en-alianza-para-impulsar-econom\u00eda-.jpg\",\"keywords\":[\"econom\u00eda\",\"empleo\",\"Gobierno CDMX\",\"inversi\u00f3n\",\"Secretar\u00eda de Administraci\u00f3n y Finanzas\",\"Sector Privado\",\"SHCP\"],\"articleSection\":[\"Actualidad\",\"Urbanismo\"],\"inLanguage\":\"es\",\"potentialAction\":[{\"@type\":\"CommentAction\",\"name\":\"Comment\",\"target\":[\"https:\\\/\\\/centrourbano.com\\\/revista\\\/urbanismo\\\/gcdmx-sector-privado-economia\\\/#respond\"]}]},{\"@type\":\"WebPage\",\"@id\":\"https:\\\/\\\/centrourbano.com\\\/revista\\\/urbanismo\\\/gcdmx-sector-privado-economia\\\/\",\"url\":\"https:\\\/\\\/centrourbano.com\\\/revista\\\/urbanismo\\\/gcdmx-sector-privado-economia\\\/\",\"name\":\"GCDMX y sector privado en alianza para impulsar econom\u00eda\",\"isPartOf\":{\"@id\":\"https:\\\/\\\/centrourbano.com\\\/revista\\\/#website\"},\"primaryImageOfPage\":{\"@id\":\"https:\\\/\\\/centrourbano.com\\\/revista\\\/urbanismo\\\/gcdmx-sector-privado-economia\\\/#primaryimage\"},\"image\":{\"@id\":\"https:\\\/\\\/centrourbano.com\\\/revista\\\/urbanismo\\\/gcdmx-sector-privado-economia\\\/#primaryimage\"},\"thumbnailUrl\":\"https:\\\/\\\/centrourbano.com\\\/revista\\\/wp-content\\\/uploads\\\/GCDMX-y-sector-privado-en-alianza-para-impulsar-econom\u00eda-.jpg\",\"datePublished\":\"2020-03-12T14:11:07+00:00\",\"dateModified\":\"2020-03-12T16:13:03+00:00\",\"description\":\"El secretario de Hacienda y Cr\u00e9dito P\u00fablico destac\u00f3 que la econom\u00eda de la CDMX marca la pauta en el pa\u00eds; por lo que es primordial apoyarla con inversi\u00f3n\",\"breadcrumb\":{\"@id\":\"https:\\\/\\\/centrourbano.com\\\/revista\\\/urbanismo\\\/gcdmx-sector-privado-economia\\\/#breadcrumb\"},\"inLanguage\":\"es\",\"potentialAction\":[{\"@type\":\"ReadAction\",\"target\":[\"https:\\\/\\\/centrourbano.com\\\/revista\\\/urbanismo\\\/gcdmx-sector-privado-economia\\\/\"]}]},{\"@type\":\"ImageObject\",\"inLanguage\":\"es\",\"@id\":\"https:\\\/\\\/centrourbano.com\\\/revista\\\/urbanismo\\\/gcdmx-sector-privado-economia\\\/#primaryimage\",\"url\":\"https:\\\/\\\/centrourbano.com\\\/revista\\\/wp-content\\\/uploads\\\/GCDMX-y-sector-privado-en-alianza-para-impulsar-econom\u00eda-.jpg\",\"contentUrl\":\"https:\\\/\\\/centrourbano.com\\\/revista\\\/wp-content\\\/uploads\\\/GCDMX-y-sector-privado-en-alianza-para-impulsar-econom\u00eda-.jpg\",\"width\":818,\"height\":443,\"caption\":\"El secretario de Hacienda y Cr\u00e9dito P\u00fablico destac\u00f3 que la econom\u00eda de la CDMX marca la pauta en el pa\u00eds; por lo que es primordial apoyarla con inversi\u00f3n\"},{\"@type\":\"BreadcrumbList\",\"@id\":\"https:\\\/\\\/centrourbano.com\\\/revista\\\/urbanismo\\\/gcdmx-sector-privado-economia\\\/#breadcrumb\",\"itemListElement\":[{\"@type\":\"ListItem\",\"position\":1,\"name\":\"Portada\",\"item\":\"https:\\\/\\\/centrourbano.com\\\/revista\\\/\"},{\"@type\":\"ListItem\",\"position\":2,\"name\":\"GCDMX y sector privado en alianza para impulsar econom\u00eda\"}]},{\"@type\":\"WebSite\",\"@id\":\"https:\\\/\\\/centrourbano.com\\\/revista\\\/#website\",\"url\":\"https:\\\/\\\/centrourbano.com\\\/revista\\\/\",\"name\":\"Centro Urbano\",\"description\":\"Medio especializado en los sectores vivienda, inmobiliario, construcci\u00f3n, arquitectura y urbanismo.\",\"publisher\":{\"@id\":\"https:\\\/\\\/centrourbano.com\\\/revista\\\/#organization\"},\"potentialAction\":[{\"@type\":\"SearchAction\",\"target\":{\"@type\":\"EntryPoint\",\"urlTemplate\":\"https:\\\/\\\/centrourbano.com\\\/revista\\\/?s={search_term_string}\"},\"query-input\":{\"@type\":\"PropertyValueSpecification\",\"valueRequired\":true,\"valueName\":\"search_term_string\"}}],\"inLanguage\":\"es\"},{\"@type\":\"Organization\",\"@id\":\"https:\\\/\\\/centrourbano.com\\\/revista\\\/#organization\",\"name\":\"Centro Urbano\",\"url\":\"https:\\\/\\\/centrourbano.com\\\/revista\\\/\",\"logo\":{\"@type\":\"ImageObject\",\"inLanguage\":\"es\",\"@id\":\"https:\\\/\\\/centrourbano.com\\\/revista\\\/#\\\/schema\\\/logo\\\/image\\\/\",\"url\":\"https:\\\/\\\/centrourbano.com\\\/revista\\\/wp-content\\\/uploads\\\/web_CU_logo-1.png\",\"contentUrl\":\"https:\\\/\\\/centrourbano.com\\\/revista\\\/wp-content\\\/uploads\\\/web_CU_logo-1.png\",\"width\":350,\"height\":91,\"caption\":\"Centro Urbano\"},\"image\":{\"@id\":\"https:\\\/\\\/centrourbano.com\\\/revista\\\/#\\\/schema\\\/logo\\\/image\\\/\"},\"sameAs\":[\"https:\\\/\\\/www.facebook.com\\\/portalcentrourbano\",\"https:\\\/\\\/x.com\\\/CentroUrbano\",\"https:\\\/\\\/www.instagram.com\\\/centro_urbano\\\/\",\"https:\\\/\\\/www.linkedin.com\\\/company\\\/centro-urbano\\\/\",\"http:\\\/\\\/www.youtube.com\\\/user\\\/portalcentrourbano\"]},{\"@type\":\"Person\",\"@id\":\"https:\\\/\\\/centrourbano.com\\\/revista\\\/#\\\/schema\\\/person\\\/b190b20bbbceb41ec72278c546fa8df3\",\"name\":\"Fernanda Hern\u00e1ndez\",\"image\":{\"@type\":\"ImageObject\",\"inLanguage\":\"es\",\"@id\":\"https:\\\/\\\/secure.gravatar.com\\\/avatar\\\/9471831fb0a24eae9d32d826a7cb8ef07c34a41520aca1a0ab1f5c0903ba49b9?s=96&d=mm&r=g\",\"url\":\"https:\\\/\\\/secure.gravatar.com\\\/avatar\\\/9471831fb0a24eae9d32d826a7cb8ef07c34a41520aca1a0ab1f5c0903ba49b9?s=96&d=mm&r=g\",\"contentUrl\":\"https:\\\/\\\/secure.gravatar.com\\\/avatar\\\/9471831fb0a24eae9d32d826a7cb8ef07c34a41520aca1a0ab1f5c0903ba49b9?s=96&d=mm&r=g\",\"caption\":\"Fernanda Hern\u00e1ndez\"},\"description\":\"Reportera y redactora en Centro Urbano. Soy egresada de la licenciatura en Ciencias de la Comunicaci\u00f3n de la Facultad de Ciencias Pol\u00edticas y Sociales (UNAM). Me interesa la cultura, el urbanismo y la arquitectura. Amante del mundo digital, el cine, la m\u00fasica, la lectura y la escritura.\",\"sameAs\":[\"https:\\\/\\\/x.com\\\/https:\\\/\\\/twitter.com\\\/Nannz_Hernandez\"],\"url\":\"https:\\\/\\\/centrourbano.com\\\/revista\\\/author\\\/fernanda-hernandez\\\/\"}]}<\/script>\n<!-- \/ Yoast SEO plugin. -->","yoast_head_json":{"title":"GCDMX y sector privado en alianza para impulsar econom\u00eda","description":"El secretario de Hacienda y Cr\u00e9dito P\u00fablico destac\u00f3 que la econom\u00eda de la CDMX marca la pauta en el pa\u00eds; por lo que es primordial apoyarla con inversi\u00f3n","robots":{"index":"index","follow":"follow","max-snippet":"max-snippet:-1","max-image-preview":"max-image-preview:large","max-video-preview":"max-video-preview:-1"},"canonical":"https:\/\/centrourbano.com\/revista\/urbanismo\/gcdmx-sector-privado-economia\/","og_locale":"es_ES","og_type":"article","og_title":"GCDMX y sector privado en alianza para impulsar econom\u00eda","og_description":"El secretario de Hacienda y Cr\u00e9dito P\u00fablico destac\u00f3 que la econom\u00eda de la CDMX marca la pauta en el pa\u00eds; por lo que es primordial apoyarla con inversi\u00f3n","og_url":"https:\/\/centrourbano.com\/revista\/urbanismo\/gcdmx-sector-privado-economia\/","og_site_name":"Centro Urbano","article_publisher":"https:\/\/www.facebook.com\/portalcentrourbano","article_published_time":"2020-03-12T14:11:07+00:00","article_modified_time":"2020-03-12T16:13:03+00:00","og_image":[{"width":818,"height":443,"url":"https:\/\/centrourbano.com\/revista\/wp-content\/uploads\/GCDMX-y-sector-privado-en-alianza-para-impulsar-econom\u00eda-.jpg","type":"image\/jpeg"}],"author":"Fernanda Hern\u00e1ndez","twitter_card":"summary_large_image","twitter_creator":"@https:\/\/twitter.com\/Nannz_Hernandez","twitter_site":"@CentroUrbano","twitter_misc":{"Escrito por":"Fernanda Hern\u00e1ndez","Tiempo de lectura":"2 minutos"},"schema":{"@context":"https:\/\/schema.org","@graph":[{"@type":"Article","@id":"https:\/\/centrourbano.com\/revista\/urbanismo\/gcdmx-sector-privado-economia\/#article","isPartOf":{"@id":"https:\/\/centrourbano.com\/revista\/urbanismo\/gcdmx-sector-privado-economia\/"},"author":{"name":"Fernanda Hern\u00e1ndez","@id":"https:\/\/centrourbano.com\/revista\/#\/schema\/person\/b190b20bbbceb41ec72278c546fa8df3"},"headline":"GCDMX y sector privado en alianza para impulsar econom\u00eda","datePublished":"2020-03-12T14:11:07+00:00","dateModified":"2020-03-12T16:13:03+00:00","mainEntityOfPage":{"@id":"https:\/\/centrourbano.com\/revista\/urbanismo\/gcdmx-sector-privado-economia\/"},"wordCount":509,"commentCount":0,"publisher":{"@id":"https:\/\/centrourbano.com\/revista\/#organization"},"image":{"@id":"https:\/\/centrourbano.com\/revista\/urbanismo\/gcdmx-sector-privado-economia\/#primaryimage"},"thumbnailUrl":"https:\/\/centrourbano.com\/revista\/wp-content\/uploads\/GCDMX-y-sector-privado-en-alianza-para-impulsar-econom\u00eda-.jpg","keywords":["econom\u00eda","empleo","Gobierno CDMX","inversi\u00f3n","Secretar\u00eda de Administraci\u00f3n y Finanzas","Sector Privado","SHCP"],"articleSection":["Actualidad","Urbanismo"],"inLanguage":"es","potentialAction":[{"@type":"CommentAction","name":"Comment","target":["https:\/\/centrourbano.com\/revista\/urbanismo\/gcdmx-sector-privado-economia\/#respond"]}]},{"@type":"WebPage","@id":"https:\/\/centrourbano.com\/revista\/urbanismo\/gcdmx-sector-privado-economia\/","url":"https:\/\/centrourbano.com\/revista\/urbanismo\/gcdmx-sector-privado-economia\/","name":"GCDMX y sector privado en alianza para impulsar econom\u00eda","isPartOf":{"@id":"https:\/\/centrourbano.com\/revista\/#website"},"primaryImageOfPage":{"@id":"https:\/\/centrourbano.com\/revista\/urbanismo\/gcdmx-sector-privado-economia\/#primaryimage"},"image":{"@id":"https:\/\/centrourbano.com\/revista\/urbanismo\/gcdmx-sector-privado-economia\/#primaryimage"},"thumbnailUrl":"https:\/\/centrourbano.com\/revista\/wp-content\/uploads\/GCDMX-y-sector-privado-en-alianza-para-impulsar-econom\u00eda-.jpg","datePublished":"2020-03-12T14:11:07+00:00","dateModified":"2020-03-12T16:13:03+00:00","description":"El secretario de Hacienda y Cr\u00e9dito P\u00fablico destac\u00f3 que la econom\u00eda de la CDMX marca la pauta en el pa\u00eds; por lo que es primordial apoyarla con inversi\u00f3n","breadcrumb":{"@id":"https:\/\/centrourbano.com\/revista\/urbanismo\/gcdmx-sector-privado-economia\/#breadcrumb"},"inLanguage":"es","potentialAction":[{"@type":"ReadAction","target":["https:\/\/centrourbano.com\/revista\/urbanismo\/gcdmx-sector-privado-economia\/"]}]},{"@type":"ImageObject","inLanguage":"es","@id":"https:\/\/centrourbano.com\/revista\/urbanismo\/gcdmx-sector-privado-economia\/#primaryimage","url":"https:\/\/centrourbano.com\/revista\/wp-content\/uploads\/GCDMX-y-sector-privado-en-alianza-para-impulsar-econom\u00eda-.jpg","contentUrl":"https:\/\/centrourbano.com\/revista\/wp-content\/uploads\/GCDMX-y-sector-privado-en-alianza-para-impulsar-econom\u00eda-.jpg","width":818,"height":443,"caption":"El secretario de Hacienda y Cr\u00e9dito P\u00fablico destac\u00f3 que la econom\u00eda de la CDMX marca la pauta en el pa\u00eds; por lo que es primordial apoyarla con inversi\u00f3n"},{"@type":"BreadcrumbList","@id":"https:\/\/centrourbano.com\/revista\/urbanismo\/gcdmx-sector-privado-economia\/#breadcrumb","itemListElement":[{"@type":"ListItem","position":1,"name":"Portada","item":"https:\/\/centrourbano.com\/revista\/"},{"@type":"ListItem","position":2,"name":"GCDMX y sector privado en alianza para impulsar econom\u00eda"}]},{"@type":"WebSite","@id":"https:\/\/centrourbano.com\/revista\/#website","url":"https:\/\/centrourbano.com\/revista\/","name":"Centro Urbano","description":"Medio especializado en los sectores vivienda, inmobiliario, construcci\u00f3n, arquitectura y urbanismo.","publisher":{"@id":"https:\/\/centrourbano.com\/revista\/#organization"},"potentialAction":[{"@type":"SearchAction","target":{"@type":"EntryPoint","urlTemplate":"https:\/\/centrourbano.com\/revista\/?s={search_term_string}"},"query-input":{"@type":"PropertyValueSpecification","valueRequired":true,"valueName":"search_term_string"}}],"inLanguage":"es"},{"@type":"Organization","@id":"https:\/\/centrourbano.com\/revista\/#organization","name":"Centro Urbano","url":"https:\/\/centrourbano.com\/revista\/","logo":{"@type":"ImageObject","inLanguage":"es","@id":"https:\/\/centrourbano.com\/revista\/#\/schema\/logo\/image\/","url":"https:\/\/centrourbano.com\/revista\/wp-content\/uploads\/web_CU_logo-1.png","contentUrl":"https:\/\/centrourbano.com\/revista\/wp-content\/uploads\/web_CU_logo-1.png","width":350,"height":91,"caption":"Centro Urbano"},"image":{"@id":"https:\/\/centrourbano.com\/revista\/#\/schema\/logo\/image\/"},"sameAs":["https:\/\/www.facebook.com\/portalcentrourbano","https:\/\/x.com\/CentroUrbano","https:\/\/www.instagram.com\/centro_urbano\/","https:\/\/www.linkedin.com\/company\/centro-urbano\/","http:\/\/www.youtube.com\/user\/portalcentrourbano"]},{"@type":"Person","@id":"https:\/\/centrourbano.com\/revista\/#\/schema\/person\/b190b20bbbceb41ec72278c546fa8df3","name":"Fernanda Hern\u00e1ndez","image":{"@type":"ImageObject","inLanguage":"es","@id":"https:\/\/secure.gravatar.com\/avatar\/9471831fb0a24eae9d32d826a7cb8ef07c34a41520aca1a0ab1f5c0903ba49b9?s=96&d=mm&r=g","url":"https:\/\/secure.gravatar.com\/avatar\/9471831fb0a24eae9d32d826a7cb8ef07c34a41520aca1a0ab1f5c0903ba49b9?s=96&d=mm&r=g","contentUrl":"https:\/\/secure.gravatar.com\/avatar\/9471831fb0a24eae9d32d826a7cb8ef07c34a41520aca1a0ab1f5c0903ba49b9?s=96&d=mm&r=g","caption":"Fernanda Hern\u00e1ndez"},"description":"Reportera y redactora en Centro Urbano. Soy egresada de la licenciatura en Ciencias de la Comunicaci\u00f3n de la Facultad de Ciencias Pol\u00edticas y Sociales (UNAM). Me interesa la cultura, el urbanismo y la arquitectura. Amante del mundo digital, el cine, la m\u00fasica, la lectura y la escritura.","sameAs":["https:\/\/x.com\/https:\/\/twitter.com\/Nannz_Hernandez"],"url":"https:\/\/centrourbano.com\/revista\/author\/fernanda-hernandez\/"}]}},"_links":{"self":[{"href":"https:\/\/centrourbano.com\/revista\/wp-json\/wp\/v2\/posts\/103753","targetHints":{"allow":["GET"]}}],"collection":[{"href":"https:\/\/centrourbano.com\/revista\/wp-json\/wp\/v2\/posts"}],"about":[{"href":"https:\/\/centrourbano.com\/revista\/wp-json\/wp\/v2\/types\/post"}],"author":[{"embeddable":true,"href":"https:\/\/centrourbano.com\/revista\/wp-json\/wp\/v2\/users\/73"}],"replies":[{"embeddable":true,"href":"https:\/\/centrourbano.com\/revista\/wp-json\/wp\/v2\/comments?post=103753"}],"version-history":[{"count":3,"href":"https:\/\/centrourbano.com\/revista\/wp-json\/wp\/v2\/posts\/103753\/revisions"}],"predecessor-version":[{"id":103767,"href":"https:\/\/centrourbano.com\/revista\/wp-json\/wp\/v2\/posts\/103753\/revisions\/103767"}],"wp:featuredmedia":[{"embeddable":true,"href":"https:\/\/centrourbano.com\/revista\/wp-json\/wp\/v2\/media\/103754"}],"wp:attachment":[{"href":"https:\/\/centrourbano.com\/revista\/wp-json\/wp\/v2\/media?parent=103753"}],"wp:term":[{"taxonomy":"category","embeddable":true,"href":"https:\/\/centrourbano.com\/revista\/wp-json\/wp\/v2\/categories?post=103753"},{"taxonomy":"post_tag","embeddable":true,"href":"https:\/\/centrourbano.com\/revista\/wp-json\/wp\/v2\/tags?post=103753"}],"curies":[{"name":"wp","href":"https:\/\/api.w.org\/{rel}","templated":true}]}}