{"id":103509,"date":"2020-03-04T09:40:45","date_gmt":"2020-03-04T15:40:45","guid":{"rendered":"https:\/\/centrourbano.com\/?p=103509"},"modified":"2020-03-04T10:41:37","modified_gmt":"2020-03-04T16:41:37","slug":"alistan-el-foro-de-logistica-mas-importante-del-ano","status":"publish","type":"post","link":"https:\/\/centrourbano.com\/revista\/actualidad\/alistan-el-foro-de-logistica-mas-importante-del-ano\/","title":{"rendered":"Alistan el foro de log\u00edstica m\u00e1s importante del a\u00f1o"},"content":{"rendered":"<p><em>Logistic Summit &amp; Expo 2020 re\u00fane\u00a0a los l\u00edderes de la industria en la Ciudad de M\u00e9xico\u00a0<\/em><!--more--><\/p>\n<p>Con el objetivo de abordar los principales retos que enfrenta el sector log\u00edstico y de distribuci\u00f3n en M\u00e9xico, se alista la d\u00e9cimo tercera edici\u00f3n del <a href=\"https:\/\/logisticsummit.com\/\" target=\"_blank\" rel=\"noopener noreferrer\">Logistic Summit &amp; Expo 2020<\/a>, a realizarse el pr\u00f3ximo 18 y 19 de marzo en Expo Citibanamex.<\/p>\n<p>La Ciudad de M\u00e9xico se prepara para recibir al evento m\u00e1s relevante del sector, en el que han participado alrededor de 18,000 profesionales y ejecutivos, as\u00ed como m\u00e1s de 350 proveedores de la cadena de suministro.<\/p>\n<p>Logistic Summit &amp; Expo 2020 re\u00fane a los l\u00edderes m\u00e1s importantes de la industria, nacional e internacional, con participantes como Accel Log\u00edstica, Aerom\u00e9xico Cargo, DHL, Dematic, Isuzu, Honeywell, Mercedes Benz, Freightliner, Ryder, entre otras.<\/p>\n<p>\u00abOrganizado por Encumex, el Logistic Summit &amp; Expo M\u00e9xico es la expo l\u00edder en Latinoam\u00e9rica con alcance internacional. Est\u00e1 integrada por un piso de exposici\u00f3n con m\u00e1s de 300 empresas proveedoras que dan a conocer sus productos y servicios para la industria log\u00edstica de M\u00e9xico\u00bb, destacan los organizadores.<\/p>\n<p>El evento est\u00e1 compuesto por un Congreso Internacional, 45 Logistic Talks Gratuitas, un Centro de Innovaci\u00f3n y Cine Log\u00edstico, as\u00ed como networking y otras actividades de negocios.\u00a0En ellas se abordar\u00e1n diversos temas como centros de distribuci\u00f3n, almacenes, transporte log\u00edstico, entre otros.<\/p>\n<p>Actualmente el sector log\u00edstico es de los que m\u00e1s espacios industriales ha demandado en todo el pa\u00eds, de acuerdo con CBRE M\u00e9xico; tan s\u00f3lo de 2018 a 2019, esta demanda pas\u00f3 de 20% a 35% en su conjunto.<\/p>\n","protected":false},"excerpt":{"rendered":"<p>Logistic Summit &amp; Expo 2020 re\u00fane\u00a0a los l\u00edderes de la industria en la Ciudad de M\u00e9xico\u00a0<\/p>\n","protected":false},"author":69,"featured_media":103510,"comment_status":"open","ping_status":"closed","sticky":false,"template":"","format":"standard","meta":{"om_disable_all_campaigns":false,"inline_featured_image":false,"_monsterinsights_skip_tracking":false,"_monsterinsights_sitenote_active":false,"_monsterinsights_sitenote_note":"","_monsterinsights_sitenote_category":0,"footnotes":""},"categories":[80,15],"tags":[],"class_list":["post-103509","post","type-post","status-publish","format-standard","has-post-thumbnail","hentry","category-actualidad","category-inmobiliario"],"yoast_head":"<!-- This site is optimized with the Yoast SEO plugin v27.4 - https:\/\/yoast.com\/product\/yoast-seo-wordpress\/ -->\n<title>Alistan el foro de log\u00edstica m\u00e1s importante del a\u00f1o<\/title>\n<meta name=\"description\" content=\"Logistic Summit &amp; Expo 2020 re\u00fane\u00a0a los l\u00edderes de la industria en la Ciudad de M\u00e9xico\u00a0\" \/>\n<meta name=\"robots\" content=\"index, follow, max-snippet:-1, max-image-preview:large, max-video-preview:-1\" \/>\n<link rel=\"canonical\" href=\"https:\/\/centrourbano.com\/revista\/actualidad\/alistan-el-foro-de-logistica-mas-importante-del-ano\/\" \/>\n<meta property=\"og:locale\" content=\"es_ES\" \/>\n<meta property=\"og:type\" content=\"article\" \/>\n<meta property=\"og:title\" content=\"Alistan el foro de log\u00edstica m\u00e1s importante del a\u00f1o\" \/>\n<meta property=\"og:description\" content=\"Logistic Summit &amp; Expo 2020 re\u00fane\u00a0a los l\u00edderes de la industria en la Ciudad de M\u00e9xico\u00a0\" \/>\n<meta property=\"og:url\" content=\"https:\/\/centrourbano.com\/revista\/actualidad\/alistan-el-foro-de-logistica-mas-importante-del-ano\/\" \/>\n<meta property=\"og:site_name\" content=\"Centro Urbano\" \/>\n<meta property=\"article:publisher\" content=\"https:\/\/www.facebook.com\/portalcentrourbano\" \/>\n<meta property=\"article:published_time\" content=\"2020-03-04T15:40:45+00:00\" \/>\n<meta property=\"article:modified_time\" content=\"2020-03-04T16:41:37+00:00\" \/>\n<meta property=\"og:image\" content=\"https:\/\/centrourbano.com\/revista\/wp-content\/uploads\/F2A0906.jpg\" \/>\n\t<meta property=\"og:image:width\" content=\"960\" \/>\n\t<meta property=\"og:image:height\" content=\"629\" \/>\n\t<meta property=\"og:image:type\" content=\"image\/jpeg\" \/>\n<meta name=\"author\" content=\"Fernando Navarrete\" \/>\n<meta name=\"twitter:card\" content=\"summary_large_image\" \/>\n<meta name=\"twitter:creator\" content=\"@CentroUrbano\" \/>\n<meta name=\"twitter:site\" content=\"@CentroUrbano\" \/>\n<meta name=\"twitter:label1\" content=\"Escrito por\" \/>\n\t<meta name=\"twitter:data1\" content=\"Fernando Navarrete\" \/>\n\t<meta name=\"twitter:label2\" content=\"Tiempo de lectura\" \/>\n\t<meta name=\"twitter:data2\" content=\"1 minuto\" \/>\n<script type=\"application\/ld+json\" class=\"yoast-schema-graph\">{\"@context\":\"https:\\\/\\\/schema.org\",\"@graph\":[{\"@type\":\"Article\",\"@id\":\"https:\\\/\\\/centrourbano.com\\\/revista\\\/actualidad\\\/alistan-el-foro-de-logistica-mas-importante-del-ano\\\/#article\",\"isPartOf\":{\"@id\":\"https:\\\/\\\/centrourbano.com\\\/revista\\\/actualidad\\\/alistan-el-foro-de-logistica-mas-importante-del-ano\\\/\"},\"author\":{\"name\":\"Fernando Navarrete\",\"@id\":\"https:\\\/\\\/centrourbano.com\\\/revista\\\/#\\\/schema\\\/person\\\/515c32d01ece40d20a7ed3fdf34051af\"},\"headline\":\"Alistan el foro de log\u00edstica m\u00e1s importante del a\u00f1o\",\"datePublished\":\"2020-03-04T15:40:45+00:00\",\"dateModified\":\"2020-03-04T16:41:37+00:00\",\"mainEntityOfPage\":{\"@id\":\"https:\\\/\\\/centrourbano.com\\\/revista\\\/actualidad\\\/alistan-el-foro-de-logistica-mas-importante-del-ano\\\/\"},\"wordCount\":290,\"commentCount\":0,\"publisher\":{\"@id\":\"https:\\\/\\\/centrourbano.com\\\/revista\\\/#organization\"},\"image\":{\"@id\":\"https:\\\/\\\/centrourbano.com\\\/revista\\\/actualidad\\\/alistan-el-foro-de-logistica-mas-importante-del-ano\\\/#primaryimage\"},\"thumbnailUrl\":\"https:\\\/\\\/centrourbano.com\\\/revista\\\/wp-content\\\/uploads\\\/F2A0906.jpg\",\"articleSection\":[\"Actualidad\",\"Inmobiliario\"],\"inLanguage\":\"es\",\"potentialAction\":[{\"@type\":\"CommentAction\",\"name\":\"Comment\",\"target\":[\"https:\\\/\\\/centrourbano.com\\\/revista\\\/actualidad\\\/alistan-el-foro-de-logistica-mas-importante-del-ano\\\/#respond\"]}]},{\"@type\":\"WebPage\",\"@id\":\"https:\\\/\\\/centrourbano.com\\\/revista\\\/actualidad\\\/alistan-el-foro-de-logistica-mas-importante-del-ano\\\/\",\"url\":\"https:\\\/\\\/centrourbano.com\\\/revista\\\/actualidad\\\/alistan-el-foro-de-logistica-mas-importante-del-ano\\\/\",\"name\":\"Alistan el foro de log\u00edstica m\u00e1s importante del a\u00f1o\",\"isPartOf\":{\"@id\":\"https:\\\/\\\/centrourbano.com\\\/revista\\\/#website\"},\"primaryImageOfPage\":{\"@id\":\"https:\\\/\\\/centrourbano.com\\\/revista\\\/actualidad\\\/alistan-el-foro-de-logistica-mas-importante-del-ano\\\/#primaryimage\"},\"image\":{\"@id\":\"https:\\\/\\\/centrourbano.com\\\/revista\\\/actualidad\\\/alistan-el-foro-de-logistica-mas-importante-del-ano\\\/#primaryimage\"},\"thumbnailUrl\":\"https:\\\/\\\/centrourbano.com\\\/revista\\\/wp-content\\\/uploads\\\/F2A0906.jpg\",\"datePublished\":\"2020-03-04T15:40:45+00:00\",\"dateModified\":\"2020-03-04T16:41:37+00:00\",\"description\":\"Logistic Summit & Expo 2020 re\u00fane\u00a0a los l\u00edderes de la industria en la Ciudad de M\u00e9xico\u00a0\",\"breadcrumb\":{\"@id\":\"https:\\\/\\\/centrourbano.com\\\/revista\\\/actualidad\\\/alistan-el-foro-de-logistica-mas-importante-del-ano\\\/#breadcrumb\"},\"inLanguage\":\"es\",\"potentialAction\":[{\"@type\":\"ReadAction\",\"target\":[\"https:\\\/\\\/centrourbano.com\\\/revista\\\/actualidad\\\/alistan-el-foro-de-logistica-mas-importante-del-ano\\\/\"]}]},{\"@type\":\"ImageObject\",\"inLanguage\":\"es\",\"@id\":\"https:\\\/\\\/centrourbano.com\\\/revista\\\/actualidad\\\/alistan-el-foro-de-logistica-mas-importante-del-ano\\\/#primaryimage\",\"url\":\"https:\\\/\\\/centrourbano.com\\\/revista\\\/wp-content\\\/uploads\\\/F2A0906.jpg\",\"contentUrl\":\"https:\\\/\\\/centrourbano.com\\\/revista\\\/wp-content\\\/uploads\\\/F2A0906.jpg\",\"width\":960,\"height\":629},{\"@type\":\"BreadcrumbList\",\"@id\":\"https:\\\/\\\/centrourbano.com\\\/revista\\\/actualidad\\\/alistan-el-foro-de-logistica-mas-importante-del-ano\\\/#breadcrumb\",\"itemListElement\":[{\"@type\":\"ListItem\",\"position\":1,\"name\":\"Portada\",\"item\":\"https:\\\/\\\/centrourbano.com\\\/revista\\\/\"},{\"@type\":\"ListItem\",\"position\":2,\"name\":\"Alistan el foro de log\u00edstica m\u00e1s importante del a\u00f1o\"}]},{\"@type\":\"WebSite\",\"@id\":\"https:\\\/\\\/centrourbano.com\\\/revista\\\/#website\",\"url\":\"https:\\\/\\\/centrourbano.com\\\/revista\\\/\",\"name\":\"Centro Urbano\",\"description\":\"Medio especializado en los sectores vivienda, inmobiliario, construcci\u00f3n, arquitectura y urbanismo.\",\"publisher\":{\"@id\":\"https:\\\/\\\/centrourbano.com\\\/revista\\\/#organization\"},\"potentialAction\":[{\"@type\":\"SearchAction\",\"target\":{\"@type\":\"EntryPoint\",\"urlTemplate\":\"https:\\\/\\\/centrourbano.com\\\/revista\\\/?s={search_term_string}\"},\"query-input\":{\"@type\":\"PropertyValueSpecification\",\"valueRequired\":true,\"valueName\":\"search_term_string\"}}],\"inLanguage\":\"es\"},{\"@type\":\"Organization\",\"@id\":\"https:\\\/\\\/centrourbano.com\\\/revista\\\/#organization\",\"name\":\"Centro Urbano\",\"url\":\"https:\\\/\\\/centrourbano.com\\\/revista\\\/\",\"logo\":{\"@type\":\"ImageObject\",\"inLanguage\":\"es\",\"@id\":\"https:\\\/\\\/centrourbano.com\\\/revista\\\/#\\\/schema\\\/logo\\\/image\\\/\",\"url\":\"https:\\\/\\\/centrourbano.com\\\/revista\\\/wp-content\\\/uploads\\\/web_CU_logo-1.png\",\"contentUrl\":\"https:\\\/\\\/centrourbano.com\\\/revista\\\/wp-content\\\/uploads\\\/web_CU_logo-1.png\",\"width\":350,\"height\":91,\"caption\":\"Centro Urbano\"},\"image\":{\"@id\":\"https:\\\/\\\/centrourbano.com\\\/revista\\\/#\\\/schema\\\/logo\\\/image\\\/\"},\"sameAs\":[\"https:\\\/\\\/www.facebook.com\\\/portalcentrourbano\",\"https:\\\/\\\/x.com\\\/CentroUrbano\",\"https:\\\/\\\/www.instagram.com\\\/centro_urbano\\\/\",\"https:\\\/\\\/www.linkedin.com\\\/company\\\/centro-urbano\\\/\",\"http:\\\/\\\/www.youtube.com\\\/user\\\/portalcentrourbano\"]},{\"@type\":\"Person\",\"@id\":\"https:\\\/\\\/centrourbano.com\\\/revista\\\/#\\\/schema\\\/person\\\/515c32d01ece40d20a7ed3fdf34051af\",\"name\":\"Fernando Navarrete\",\"image\":{\"@type\":\"ImageObject\",\"inLanguage\":\"es\",\"@id\":\"https:\\\/\\\/secure.gravatar.com\\\/avatar\\\/f4dd6927a99e72698473e350e20ec8a38bd48cb668e15b03d04e8e537da41ad0?s=96&d=mm&r=g\",\"url\":\"https:\\\/\\\/secure.gravatar.com\\\/avatar\\\/f4dd6927a99e72698473e350e20ec8a38bd48cb668e15b03d04e8e537da41ad0?s=96&d=mm&r=g\",\"contentUrl\":\"https:\\\/\\\/secure.gravatar.com\\\/avatar\\\/f4dd6927a99e72698473e350e20ec8a38bd48cb668e15b03d04e8e537da41ad0?s=96&d=mm&r=g\",\"caption\":\"Fernando Navarrete\"},\"description\":\"Reportero de negocios, inmobiliario, construcci\u00f3n e industria. Me interesa la econom\u00eda, pol\u00edtica, historia y antropolog\u00eda. Estudi\u00e9 en la Facultad de Ciencias Pol\u00edticas y Sociales de la UNAM. Tengo experiencia en el sector p\u00fablico, la industria del acero, ingenier\u00eda civil, IT y corporativos; soy un nost\u00e1lgico nacionalista contempor\u00e1neo que cree en la grandeza de su pa\u00eds. Asiduo lector de Juan Rulfo, Jos\u00e9 Revueltas y J. R. R Tolkien.\",\"url\":\"https:\\\/\\\/centrourbano.com\\\/revista\\\/author\\\/fernando-navarrete\\\/\"}]}<\/script>\n<!-- \/ Yoast SEO plugin. -->","yoast_head_json":{"title":"Alistan el foro de log\u00edstica m\u00e1s importante del a\u00f1o","description":"Logistic Summit & Expo 2020 re\u00fane\u00a0a los l\u00edderes de la industria en la Ciudad de M\u00e9xico\u00a0","robots":{"index":"index","follow":"follow","max-snippet":"max-snippet:-1","max-image-preview":"max-image-preview:large","max-video-preview":"max-video-preview:-1"},"canonical":"https:\/\/centrourbano.com\/revista\/actualidad\/alistan-el-foro-de-logistica-mas-importante-del-ano\/","og_locale":"es_ES","og_type":"article","og_title":"Alistan el foro de log\u00edstica m\u00e1s importante del a\u00f1o","og_description":"Logistic Summit & Expo 2020 re\u00fane\u00a0a los l\u00edderes de la industria en la Ciudad de M\u00e9xico\u00a0","og_url":"https:\/\/centrourbano.com\/revista\/actualidad\/alistan-el-foro-de-logistica-mas-importante-del-ano\/","og_site_name":"Centro Urbano","article_publisher":"https:\/\/www.facebook.com\/portalcentrourbano","article_published_time":"2020-03-04T15:40:45+00:00","article_modified_time":"2020-03-04T16:41:37+00:00","og_image":[{"width":960,"height":629,"url":"https:\/\/centrourbano.com\/revista\/wp-content\/uploads\/F2A0906.jpg","type":"image\/jpeg"}],"author":"Fernando Navarrete","twitter_card":"summary_large_image","twitter_creator":"@CentroUrbano","twitter_site":"@CentroUrbano","twitter_misc":{"Escrito por":"Fernando Navarrete","Tiempo de lectura":"1 minuto"},"schema":{"@context":"https:\/\/schema.org","@graph":[{"@type":"Article","@id":"https:\/\/centrourbano.com\/revista\/actualidad\/alistan-el-foro-de-logistica-mas-importante-del-ano\/#article","isPartOf":{"@id":"https:\/\/centrourbano.com\/revista\/actualidad\/alistan-el-foro-de-logistica-mas-importante-del-ano\/"},"author":{"name":"Fernando Navarrete","@id":"https:\/\/centrourbano.com\/revista\/#\/schema\/person\/515c32d01ece40d20a7ed3fdf34051af"},"headline":"Alistan el foro de log\u00edstica m\u00e1s importante del a\u00f1o","datePublished":"2020-03-04T15:40:45+00:00","dateModified":"2020-03-04T16:41:37+00:00","mainEntityOfPage":{"@id":"https:\/\/centrourbano.com\/revista\/actualidad\/alistan-el-foro-de-logistica-mas-importante-del-ano\/"},"wordCount":290,"commentCount":0,"publisher":{"@id":"https:\/\/centrourbano.com\/revista\/#organization"},"image":{"@id":"https:\/\/centrourbano.com\/revista\/actualidad\/alistan-el-foro-de-logistica-mas-importante-del-ano\/#primaryimage"},"thumbnailUrl":"https:\/\/centrourbano.com\/revista\/wp-content\/uploads\/F2A0906.jpg","articleSection":["Actualidad","Inmobiliario"],"inLanguage":"es","potentialAction":[{"@type":"CommentAction","name":"Comment","target":["https:\/\/centrourbano.com\/revista\/actualidad\/alistan-el-foro-de-logistica-mas-importante-del-ano\/#respond"]}]},{"@type":"WebPage","@id":"https:\/\/centrourbano.com\/revista\/actualidad\/alistan-el-foro-de-logistica-mas-importante-del-ano\/","url":"https:\/\/centrourbano.com\/revista\/actualidad\/alistan-el-foro-de-logistica-mas-importante-del-ano\/","name":"Alistan el foro de log\u00edstica m\u00e1s importante del a\u00f1o","isPartOf":{"@id":"https:\/\/centrourbano.com\/revista\/#website"},"primaryImageOfPage":{"@id":"https:\/\/centrourbano.com\/revista\/actualidad\/alistan-el-foro-de-logistica-mas-importante-del-ano\/#primaryimage"},"image":{"@id":"https:\/\/centrourbano.com\/revista\/actualidad\/alistan-el-foro-de-logistica-mas-importante-del-ano\/#primaryimage"},"thumbnailUrl":"https:\/\/centrourbano.com\/revista\/wp-content\/uploads\/F2A0906.jpg","datePublished":"2020-03-04T15:40:45+00:00","dateModified":"2020-03-04T16:41:37+00:00","description":"Logistic Summit & Expo 2020 re\u00fane\u00a0a los l\u00edderes de la industria en la Ciudad de M\u00e9xico\u00a0","breadcrumb":{"@id":"https:\/\/centrourbano.com\/revista\/actualidad\/alistan-el-foro-de-logistica-mas-importante-del-ano\/#breadcrumb"},"inLanguage":"es","potentialAction":[{"@type":"ReadAction","target":["https:\/\/centrourbano.com\/revista\/actualidad\/alistan-el-foro-de-logistica-mas-importante-del-ano\/"]}]},{"@type":"ImageObject","inLanguage":"es","@id":"https:\/\/centrourbano.com\/revista\/actualidad\/alistan-el-foro-de-logistica-mas-importante-del-ano\/#primaryimage","url":"https:\/\/centrourbano.com\/revista\/wp-content\/uploads\/F2A0906.jpg","contentUrl":"https:\/\/centrourbano.com\/revista\/wp-content\/uploads\/F2A0906.jpg","width":960,"height":629},{"@type":"BreadcrumbList","@id":"https:\/\/centrourbano.com\/revista\/actualidad\/alistan-el-foro-de-logistica-mas-importante-del-ano\/#breadcrumb","itemListElement":[{"@type":"ListItem","position":1,"name":"Portada","item":"https:\/\/centrourbano.com\/revista\/"},{"@type":"ListItem","position":2,"name":"Alistan el foro de log\u00edstica m\u00e1s importante del a\u00f1o"}]},{"@type":"WebSite","@id":"https:\/\/centrourbano.com\/revista\/#website","url":"https:\/\/centrourbano.com\/revista\/","name":"Centro Urbano","description":"Medio especializado en los sectores vivienda, inmobiliario, construcci\u00f3n, arquitectura y urbanismo.","publisher":{"@id":"https:\/\/centrourbano.com\/revista\/#organization"},"potentialAction":[{"@type":"SearchAction","target":{"@type":"EntryPoint","urlTemplate":"https:\/\/centrourbano.com\/revista\/?s={search_term_string}"},"query-input":{"@type":"PropertyValueSpecification","valueRequired":true,"valueName":"search_term_string"}}],"inLanguage":"es"},{"@type":"Organization","@id":"https:\/\/centrourbano.com\/revista\/#organization","name":"Centro Urbano","url":"https:\/\/centrourbano.com\/revista\/","logo":{"@type":"ImageObject","inLanguage":"es","@id":"https:\/\/centrourbano.com\/revista\/#\/schema\/logo\/image\/","url":"https:\/\/centrourbano.com\/revista\/wp-content\/uploads\/web_CU_logo-1.png","contentUrl":"https:\/\/centrourbano.com\/revista\/wp-content\/uploads\/web_CU_logo-1.png","width":350,"height":91,"caption":"Centro Urbano"},"image":{"@id":"https:\/\/centrourbano.com\/revista\/#\/schema\/logo\/image\/"},"sameAs":["https:\/\/www.facebook.com\/portalcentrourbano","https:\/\/x.com\/CentroUrbano","https:\/\/www.instagram.com\/centro_urbano\/","https:\/\/www.linkedin.com\/company\/centro-urbano\/","http:\/\/www.youtube.com\/user\/portalcentrourbano"]},{"@type":"Person","@id":"https:\/\/centrourbano.com\/revista\/#\/schema\/person\/515c32d01ece40d20a7ed3fdf34051af","name":"Fernando Navarrete","image":{"@type":"ImageObject","inLanguage":"es","@id":"https:\/\/secure.gravatar.com\/avatar\/f4dd6927a99e72698473e350e20ec8a38bd48cb668e15b03d04e8e537da41ad0?s=96&d=mm&r=g","url":"https:\/\/secure.gravatar.com\/avatar\/f4dd6927a99e72698473e350e20ec8a38bd48cb668e15b03d04e8e537da41ad0?s=96&d=mm&r=g","contentUrl":"https:\/\/secure.gravatar.com\/avatar\/f4dd6927a99e72698473e350e20ec8a38bd48cb668e15b03d04e8e537da41ad0?s=96&d=mm&r=g","caption":"Fernando Navarrete"},"description":"Reportero de negocios, inmobiliario, construcci\u00f3n e industria. Me interesa la econom\u00eda, pol\u00edtica, historia y antropolog\u00eda. Estudi\u00e9 en la Facultad de Ciencias Pol\u00edticas y Sociales de la UNAM. Tengo experiencia en el sector p\u00fablico, la industria del acero, ingenier\u00eda civil, IT y corporativos; soy un nost\u00e1lgico nacionalista contempor\u00e1neo que cree en la grandeza de su pa\u00eds. Asiduo lector de Juan Rulfo, Jos\u00e9 Revueltas y J. R. R Tolkien.","url":"https:\/\/centrourbano.com\/revista\/author\/fernando-navarrete\/"}]}},"_links":{"self":[{"href":"https:\/\/centrourbano.com\/revista\/wp-json\/wp\/v2\/posts\/103509","targetHints":{"allow":["GET"]}}],"collection":[{"href":"https:\/\/centrourbano.com\/revista\/wp-json\/wp\/v2\/posts"}],"about":[{"href":"https:\/\/centrourbano.com\/revista\/wp-json\/wp\/v2\/types\/post"}],"author":[{"embeddable":true,"href":"https:\/\/centrourbano.com\/revista\/wp-json\/wp\/v2\/users\/69"}],"replies":[{"embeddable":true,"href":"https:\/\/centrourbano.com\/revista\/wp-json\/wp\/v2\/comments?post=103509"}],"version-history":[{"count":1,"href":"https:\/\/centrourbano.com\/revista\/wp-json\/wp\/v2\/posts\/103509\/revisions"}],"predecessor-version":[{"id":103511,"href":"https:\/\/centrourbano.com\/revista\/wp-json\/wp\/v2\/posts\/103509\/revisions\/103511"}],"wp:featuredmedia":[{"embeddable":true,"href":"https:\/\/centrourbano.com\/revista\/wp-json\/wp\/v2\/media\/103510"}],"wp:attachment":[{"href":"https:\/\/centrourbano.com\/revista\/wp-json\/wp\/v2\/media?parent=103509"}],"wp:term":[{"taxonomy":"category","embeddable":true,"href":"https:\/\/centrourbano.com\/revista\/wp-json\/wp\/v2\/categories?post=103509"},{"taxonomy":"post_tag","embeddable":true,"href":"https:\/\/centrourbano.com\/revista\/wp-json\/wp\/v2\/tags?post=103509"}],"curies":[{"name":"wp","href":"https:\/\/api.w.org\/{rel}","templated":true}]}}