{"id":103477,"date":"2020-03-04T09:46:18","date_gmt":"2020-03-04T15:46:18","guid":{"rendered":"https:\/\/centrourbano.com\/?p=103477"},"modified":"2020-03-04T09:46:18","modified_gmt":"2020-03-04T15:46:18","slug":"inicia-regionalizacion-aerea-de-mexico-con-circuito-del-sureste-torruco","status":"publish","type":"post","link":"https:\/\/centrourbano.com\/revista\/actualidad\/inicia-regionalizacion-aerea-de-mexico-con-circuito-del-sureste-torruco\/","title":{"rendered":"Inicia regionalizaci\u00f3n a\u00e9rea de M\u00e9xico con Circuito del Sureste: Torruco"},"content":{"rendered":"<p><em>El Circuito del Sureste, de Aeromar une las ciudades de M\u00e9rida, Villahermosa, Tuxtla Guti\u00e9rrez, Oaxaca y Tapachula, al sur del pa\u00eds<\/em><\/p>\n<p><!--more--><\/p>\n<p>El secretario de Turismo (<a href=\"https:\/\/twitter.com\/SECTUR_mx\">Sectur<\/a>), Miguel Torruco Marqu\u00e9s cort\u00f3 el list\u00f3n inaugural del <strong>Circuito del Sureste<\/strong> de la empresa <strong>Aeromar<\/strong> que recorrer\u00e1 las capitales de los estados de <strong>Yucat\u00e1n, Tabasco, Oaxaca y Chiapas.<\/strong><\/p>\n<p>Torruco Marqu\u00e9s record\u00f3 que una clave para <strong>fomentar el turismo<\/strong> era la de iniciar la <strong>conectividad a\u00e9rea en forma regional<\/strong>. Con este acto, subray\u00f3, <strong>ha dado inicio la regionalizaci\u00f3n a\u00e9rea del pa\u00eds<\/strong>. Las siguientes zonas a regionalizar ser\u00e1n la norte, centro y el Mar de Cort\u00e9s.<\/p>\n<p>\u201cLuego seguir\u00e1 la regionalizaci\u00f3n del norte del pa\u00eds, del centro y del Mar de Cort\u00e9s\u2026 [El Circuito del Sureste] es el inicio de la regionalizaci\u00f3n de la aviaci\u00f3n mexicana, que redundar\u00e1 en beneficio del fomento al turismo interno, mercado fundamental que representa el 72% de la ocupaci\u00f3n hotelera nacional.\u201d<\/p>\n<p>Estas acciones, seg\u00fan el secretario, est\u00e1n encaminadas a ampliar a conectividad regional y estimular el desarrollo econ\u00f3mico, cultural y tur\u00edstico de M\u00e9xico.<\/p>\n<p>\u201cLa operaci\u00f3n de nuevos vuelos favorece la llegada de m\u00e1s turistas y, por lo tanto, una mayor derrama econ\u00f3mica en beneficio de las poblaciones locales.\u201d<\/p>\n<h3>Circuito del Sureste en n\u00fameros<\/h3>\n<p>El funcionario federal destac\u00f3 la gran capacidad, en cuanto a infraestructura hotelera, con la que cuentan los 4 estados que forman parte del Circuito.<\/p>\n<p>Se\u00f1al\u00f3 que hay 3,481 hoteles con 78,302 habitaciones disponibles. De este total, 48% son de categor\u00edas de 3 a 5 estrellas. Record\u00f3 que en 2018 esta zona recibi\u00f3 11 millones, 498,000 turistas hospedados en hotel, que se tradujo en una derrama registrada de 11,379 millones de pesos.<\/p>\n<h3>\u00bfContin\u00faa el Tianguis Tur\u00edstico M\u00e9rida 2020?<\/h3>\n<p>Tambi\u00e9n aprovech\u00f3 para recordar que el <a href=\"https:\/\/centrourbano.com\/2020\/03\/02\/afinan-detalles-para-el-comienzo-del-tianguis-turistico-merida-2020\/\">Tianguis Tur\u00edstico en M\u00e9rida<\/a> sigue en pie, de acuerdo a lo previsto y reconoci\u00f3 la ampliaci\u00f3n del Centro de Convenciones que ser\u00e1 sede.<\/p>\n<p>\u201cEl Tianguis Tur\u00edstico est\u00e1 s\u00f3lido y, sobre todo, me da gusto que con el nuevo tama\u00f1o de este Centro de Convenciones, M\u00e9rida se pone ya en el mapa nacional e internacional en el segmento de Turismo de Reuniones.\u201d<\/p>\n","protected":false},"excerpt":{"rendered":"<p>El Circuito del Sureste, de Aeromar une las ciudades de M\u00e9rida, Villahermosa, Tuxtla Guti\u00e9rrez, Oaxaca y Tapachula, al sur del pa\u00eds<\/p>\n","protected":false},"author":75,"featured_media":103478,"comment_status":"open","ping_status":"closed","sticky":false,"template":"","format":"standard","meta":{"om_disable_all_campaigns":false,"inline_featured_image":false,"_monsterinsights_skip_tracking":false,"_monsterinsights_sitenote_active":false,"_monsterinsights_sitenote_note":"","_monsterinsights_sitenote_category":0,"footnotes":""},"categories":[80],"tags":[9892,17692,17694,8050,59,501,17693,784,1568],"class_list":["post-103477","post","type-post","status-publish","format-standard","has-post-thumbnail","hentry","category-actualidad","tag-aeromar","tag-circuito-del-sureste","tag-fomento-al-turismo","tag-infraestructura-hotelera","tag-merida","tag-oaxaca","tag-regionalizacion-aerea","tag-sectur","tag-tianguis-turistico"],"yoast_head":"<!-- This site is optimized with the Yoast SEO plugin v27.5 - https:\/\/yoast.com\/product\/yoast-seo-wordpress\/ -->\n<title>Inicia regionalizaci\u00f3n a\u00e9rea de M\u00e9xico con Circuito del Sureste: Torruco<\/title>\n<meta name=\"description\" content=\"El Circuito del Sureste, de Aeromar une las ciudades de M\u00e9rida, Villahermosa, Tuxtla Guti\u00e9rrez, Oaxaca y Tapachula, al sur del pa\u00eds\" \/>\n<meta name=\"robots\" content=\"index, follow, max-snippet:-1, max-image-preview:large, max-video-preview:-1\" \/>\n<link rel=\"canonical\" href=\"https:\/\/centrourbano.com\/revista\/actualidad\/inicia-regionalizacion-aerea-de-mexico-con-circuito-del-sureste-torruco\/\" \/>\n<meta property=\"og:locale\" content=\"es_ES\" \/>\n<meta property=\"og:type\" content=\"article\" \/>\n<meta property=\"og:title\" content=\"Inicia regionalizaci\u00f3n a\u00e9rea de M\u00e9xico con Circuito del Sureste: Torruco\" \/>\n<meta property=\"og:description\" content=\"El Circuito del Sureste, de Aeromar une las ciudades de M\u00e9rida, Villahermosa, Tuxtla Guti\u00e9rrez, Oaxaca y Tapachula, al sur del pa\u00eds\" \/>\n<meta property=\"og:url\" content=\"https:\/\/centrourbano.com\/revista\/actualidad\/inicia-regionalizacion-aerea-de-mexico-con-circuito-del-sureste-torruco\/\" \/>\n<meta property=\"og:site_name\" content=\"Centro Urbano\" \/>\n<meta property=\"article:publisher\" content=\"https:\/\/www.facebook.com\/portalcentrourbano\" \/>\n<meta property=\"article:published_time\" content=\"2020-03-04T15:46:18+00:00\" \/>\n<meta property=\"og:image\" content=\"https:\/\/centrourbano.com\/revista\/wp-content\/uploads\/aeromar-ruta-sur-sureste.jpg\" \/>\n\t<meta property=\"og:image:width\" content=\"1170\" \/>\n\t<meta property=\"og:image:height\" content=\"778\" \/>\n\t<meta property=\"og:image:type\" content=\"image\/jpeg\" \/>\n<meta name=\"author\" content=\"Antonio Garc\u00eda\" \/>\n<meta name=\"twitter:card\" content=\"summary_large_image\" \/>\n<meta name=\"twitter:creator\" content=\"@https:\/\/twitter.com\/TGarper\" \/>\n<meta name=\"twitter:site\" content=\"@CentroUrbano\" \/>\n<meta name=\"twitter:label1\" content=\"Escrito por\" \/>\n\t<meta name=\"twitter:data1\" content=\"Antonio Garc\u00eda\" \/>\n\t<meta name=\"twitter:label2\" content=\"Tiempo de lectura\" \/>\n\t<meta name=\"twitter:data2\" content=\"2 minutos\" \/>\n<script type=\"application\/ld+json\" class=\"yoast-schema-graph\">{\"@context\":\"https:\\\/\\\/schema.org\",\"@graph\":[{\"@type\":\"Article\",\"@id\":\"https:\\\/\\\/centrourbano.com\\\/revista\\\/actualidad\\\/inicia-regionalizacion-aerea-de-mexico-con-circuito-del-sureste-torruco\\\/#article\",\"isPartOf\":{\"@id\":\"https:\\\/\\\/centrourbano.com\\\/revista\\\/actualidad\\\/inicia-regionalizacion-aerea-de-mexico-con-circuito-del-sureste-torruco\\\/\"},\"author\":{\"name\":\"Antonio Garc\u00eda\",\"@id\":\"https:\\\/\\\/centrourbano.com\\\/revista\\\/#\\\/schema\\\/person\\\/d12ede3164a0881bab68f5868d5dfe8c\"},\"headline\":\"Inicia regionalizaci\u00f3n a\u00e9rea de M\u00e9xico con Circuito del Sureste: Torruco\",\"datePublished\":\"2020-03-04T15:46:18+00:00\",\"mainEntityOfPage\":{\"@id\":\"https:\\\/\\\/centrourbano.com\\\/revista\\\/actualidad\\\/inicia-regionalizacion-aerea-de-mexico-con-circuito-del-sureste-torruco\\\/\"},\"wordCount\":387,\"commentCount\":0,\"publisher\":{\"@id\":\"https:\\\/\\\/centrourbano.com\\\/revista\\\/#organization\"},\"image\":{\"@id\":\"https:\\\/\\\/centrourbano.com\\\/revista\\\/actualidad\\\/inicia-regionalizacion-aerea-de-mexico-con-circuito-del-sureste-torruco\\\/#primaryimage\"},\"thumbnailUrl\":\"https:\\\/\\\/centrourbano.com\\\/revista\\\/wp-content\\\/uploads\\\/aeromar-ruta-sur-sureste.jpg\",\"keywords\":[\"aeromar\",\"Circuito del Sureste\",\"fomento al turismo\",\"infraestructura hotelera\",\"M\u00e9rida\",\"Oaxaca\",\"regionalizaci\u00f3n a\u00e9rea\",\"Sectur\",\"tianguis turistico\"],\"articleSection\":[\"Actualidad\"],\"inLanguage\":\"es\",\"potentialAction\":[{\"@type\":\"CommentAction\",\"name\":\"Comment\",\"target\":[\"https:\\\/\\\/centrourbano.com\\\/revista\\\/actualidad\\\/inicia-regionalizacion-aerea-de-mexico-con-circuito-del-sureste-torruco\\\/#respond\"]}]},{\"@type\":\"WebPage\",\"@id\":\"https:\\\/\\\/centrourbano.com\\\/revista\\\/actualidad\\\/inicia-regionalizacion-aerea-de-mexico-con-circuito-del-sureste-torruco\\\/\",\"url\":\"https:\\\/\\\/centrourbano.com\\\/revista\\\/actualidad\\\/inicia-regionalizacion-aerea-de-mexico-con-circuito-del-sureste-torruco\\\/\",\"name\":\"Inicia regionalizaci\u00f3n a\u00e9rea de M\u00e9xico con Circuito del Sureste: Torruco\",\"isPartOf\":{\"@id\":\"https:\\\/\\\/centrourbano.com\\\/revista\\\/#website\"},\"primaryImageOfPage\":{\"@id\":\"https:\\\/\\\/centrourbano.com\\\/revista\\\/actualidad\\\/inicia-regionalizacion-aerea-de-mexico-con-circuito-del-sureste-torruco\\\/#primaryimage\"},\"image\":{\"@id\":\"https:\\\/\\\/centrourbano.com\\\/revista\\\/actualidad\\\/inicia-regionalizacion-aerea-de-mexico-con-circuito-del-sureste-torruco\\\/#primaryimage\"},\"thumbnailUrl\":\"https:\\\/\\\/centrourbano.com\\\/revista\\\/wp-content\\\/uploads\\\/aeromar-ruta-sur-sureste.jpg\",\"datePublished\":\"2020-03-04T15:46:18+00:00\",\"description\":\"El Circuito del Sureste, de Aeromar une las ciudades de M\u00e9rida, Villahermosa, Tuxtla Guti\u00e9rrez, Oaxaca y Tapachula, al sur del pa\u00eds\",\"breadcrumb\":{\"@id\":\"https:\\\/\\\/centrourbano.com\\\/revista\\\/actualidad\\\/inicia-regionalizacion-aerea-de-mexico-con-circuito-del-sureste-torruco\\\/#breadcrumb\"},\"inLanguage\":\"es\",\"potentialAction\":[{\"@type\":\"ReadAction\",\"target\":[\"https:\\\/\\\/centrourbano.com\\\/revista\\\/actualidad\\\/inicia-regionalizacion-aerea-de-mexico-con-circuito-del-sureste-torruco\\\/\"]}]},{\"@type\":\"ImageObject\",\"inLanguage\":\"es\",\"@id\":\"https:\\\/\\\/centrourbano.com\\\/revista\\\/actualidad\\\/inicia-regionalizacion-aerea-de-mexico-con-circuito-del-sureste-torruco\\\/#primaryimage\",\"url\":\"https:\\\/\\\/centrourbano.com\\\/revista\\\/wp-content\\\/uploads\\\/aeromar-ruta-sur-sureste.jpg\",\"contentUrl\":\"https:\\\/\\\/centrourbano.com\\\/revista\\\/wp-content\\\/uploads\\\/aeromar-ruta-sur-sureste.jpg\",\"width\":1170,\"height\":778,\"caption\":\"El Circuito del Sureste, de Aeromar une las ciudades de M\u00e9rida, Villahermosa, Tuxtla Guti\u00e9rrez, Oaxaca y Tapachula, al sur del pa\u00eds\"},{\"@type\":\"BreadcrumbList\",\"@id\":\"https:\\\/\\\/centrourbano.com\\\/revista\\\/actualidad\\\/inicia-regionalizacion-aerea-de-mexico-con-circuito-del-sureste-torruco\\\/#breadcrumb\",\"itemListElement\":[{\"@type\":\"ListItem\",\"position\":1,\"name\":\"Portada\",\"item\":\"https:\\\/\\\/centrourbano.com\\\/revista\\\/\"},{\"@type\":\"ListItem\",\"position\":2,\"name\":\"Inicia regionalizaci\u00f3n a\u00e9rea de M\u00e9xico con Circuito del Sureste: Torruco\"}]},{\"@type\":\"WebSite\",\"@id\":\"https:\\\/\\\/centrourbano.com\\\/revista\\\/#website\",\"url\":\"https:\\\/\\\/centrourbano.com\\\/revista\\\/\",\"name\":\"Centro Urbano\",\"description\":\"Medio especializado en los sectores vivienda, inmobiliario, construcci\u00f3n, arquitectura y urbanismo.\",\"publisher\":{\"@id\":\"https:\\\/\\\/centrourbano.com\\\/revista\\\/#organization\"},\"potentialAction\":[{\"@type\":\"SearchAction\",\"target\":{\"@type\":\"EntryPoint\",\"urlTemplate\":\"https:\\\/\\\/centrourbano.com\\\/revista\\\/?s={search_term_string}\"},\"query-input\":{\"@type\":\"PropertyValueSpecification\",\"valueRequired\":true,\"valueName\":\"search_term_string\"}}],\"inLanguage\":\"es\"},{\"@type\":\"Organization\",\"@id\":\"https:\\\/\\\/centrourbano.com\\\/revista\\\/#organization\",\"name\":\"Centro Urbano\",\"url\":\"https:\\\/\\\/centrourbano.com\\\/revista\\\/\",\"logo\":{\"@type\":\"ImageObject\",\"inLanguage\":\"es\",\"@id\":\"https:\\\/\\\/centrourbano.com\\\/revista\\\/#\\\/schema\\\/logo\\\/image\\\/\",\"url\":\"https:\\\/\\\/centrourbano.com\\\/revista\\\/wp-content\\\/uploads\\\/web_CU_logo-1.png\",\"contentUrl\":\"https:\\\/\\\/centrourbano.com\\\/revista\\\/wp-content\\\/uploads\\\/web_CU_logo-1.png\",\"width\":350,\"height\":91,\"caption\":\"Centro Urbano\"},\"image\":{\"@id\":\"https:\\\/\\\/centrourbano.com\\\/revista\\\/#\\\/schema\\\/logo\\\/image\\\/\"},\"sameAs\":[\"https:\\\/\\\/www.facebook.com\\\/portalcentrourbano\",\"https:\\\/\\\/x.com\\\/CentroUrbano\",\"https:\\\/\\\/www.instagram.com\\\/centro_urbano\\\/\",\"https:\\\/\\\/www.linkedin.com\\\/company\\\/centro-urbano\\\/\",\"http:\\\/\\\/www.youtube.com\\\/user\\\/portalcentrourbano\"]},{\"@type\":\"Person\",\"@id\":\"https:\\\/\\\/centrourbano.com\\\/revista\\\/#\\\/schema\\\/person\\\/d12ede3164a0881bab68f5868d5dfe8c\",\"name\":\"Antonio Garc\u00eda\",\"image\":{\"@type\":\"ImageObject\",\"inLanguage\":\"es\",\"@id\":\"https:\\\/\\\/secure.gravatar.com\\\/avatar\\\/68b7fcfc82d16a702310836698db1d823c3fb3b28e1f0938164455de47d96d82?s=96&d=mm&r=g\",\"url\":\"https:\\\/\\\/secure.gravatar.com\\\/avatar\\\/68b7fcfc82d16a702310836698db1d823c3fb3b28e1f0938164455de47d96d82?s=96&d=mm&r=g\",\"contentUrl\":\"https:\\\/\\\/secure.gravatar.com\\\/avatar\\\/68b7fcfc82d16a702310836698db1d823c3fb3b28e1f0938164455de47d96d82?s=96&d=mm&r=g\",\"caption\":\"Antonio Garc\u00eda\"},\"description\":\"Integrante del equipo editorial en Centro Urbano. Egresado de la carrera de Econom\u00eda (preespecialidad en Desarrollo Regional) en el IPN y de Matem\u00e1ticas Aplicadas y Computaci\u00f3n en la UNAM. Apasionado de los temas inherentes al desarrollo urbano-regional y estudios formales -e informales- sobre la ciudad y la econom\u00eda urbana.\",\"sameAs\":[\"https:\\\/\\\/www.instagram.com\\\/caminante_en_la_ciudad\\\/?hl=es-la\",\"https:\\\/\\\/x.com\\\/https:\\\/\\\/twitter.com\\\/TGarper\"],\"url\":\"https:\\\/\\\/centrourbano.com\\\/revista\\\/author\\\/antonio-garcia\\\/\"}]}<\/script>\n<!-- \/ Yoast SEO plugin. -->","yoast_head_json":{"title":"Inicia regionalizaci\u00f3n a\u00e9rea de M\u00e9xico con Circuito del Sureste: Torruco","description":"El Circuito del Sureste, de Aeromar une las ciudades de M\u00e9rida, Villahermosa, Tuxtla Guti\u00e9rrez, Oaxaca y Tapachula, al sur del pa\u00eds","robots":{"index":"index","follow":"follow","max-snippet":"max-snippet:-1","max-image-preview":"max-image-preview:large","max-video-preview":"max-video-preview:-1"},"canonical":"https:\/\/centrourbano.com\/revista\/actualidad\/inicia-regionalizacion-aerea-de-mexico-con-circuito-del-sureste-torruco\/","og_locale":"es_ES","og_type":"article","og_title":"Inicia regionalizaci\u00f3n a\u00e9rea de M\u00e9xico con Circuito del Sureste: Torruco","og_description":"El Circuito del Sureste, de Aeromar une las ciudades de M\u00e9rida, Villahermosa, Tuxtla Guti\u00e9rrez, Oaxaca y Tapachula, al sur del pa\u00eds","og_url":"https:\/\/centrourbano.com\/revista\/actualidad\/inicia-regionalizacion-aerea-de-mexico-con-circuito-del-sureste-torruco\/","og_site_name":"Centro Urbano","article_publisher":"https:\/\/www.facebook.com\/portalcentrourbano","article_published_time":"2020-03-04T15:46:18+00:00","og_image":[{"width":1170,"height":778,"url":"https:\/\/centrourbano.com\/revista\/wp-content\/uploads\/aeromar-ruta-sur-sureste.jpg","type":"image\/jpeg"}],"author":"Antonio Garc\u00eda","twitter_card":"summary_large_image","twitter_creator":"@https:\/\/twitter.com\/TGarper","twitter_site":"@CentroUrbano","twitter_misc":{"Escrito por":"Antonio Garc\u00eda","Tiempo de lectura":"2 minutos"},"schema":{"@context":"https:\/\/schema.org","@graph":[{"@type":"Article","@id":"https:\/\/centrourbano.com\/revista\/actualidad\/inicia-regionalizacion-aerea-de-mexico-con-circuito-del-sureste-torruco\/#article","isPartOf":{"@id":"https:\/\/centrourbano.com\/revista\/actualidad\/inicia-regionalizacion-aerea-de-mexico-con-circuito-del-sureste-torruco\/"},"author":{"name":"Antonio Garc\u00eda","@id":"https:\/\/centrourbano.com\/revista\/#\/schema\/person\/d12ede3164a0881bab68f5868d5dfe8c"},"headline":"Inicia regionalizaci\u00f3n a\u00e9rea de M\u00e9xico con Circuito del Sureste: Torruco","datePublished":"2020-03-04T15:46:18+00:00","mainEntityOfPage":{"@id":"https:\/\/centrourbano.com\/revista\/actualidad\/inicia-regionalizacion-aerea-de-mexico-con-circuito-del-sureste-torruco\/"},"wordCount":387,"commentCount":0,"publisher":{"@id":"https:\/\/centrourbano.com\/revista\/#organization"},"image":{"@id":"https:\/\/centrourbano.com\/revista\/actualidad\/inicia-regionalizacion-aerea-de-mexico-con-circuito-del-sureste-torruco\/#primaryimage"},"thumbnailUrl":"https:\/\/centrourbano.com\/revista\/wp-content\/uploads\/aeromar-ruta-sur-sureste.jpg","keywords":["aeromar","Circuito del Sureste","fomento al turismo","infraestructura hotelera","M\u00e9rida","Oaxaca","regionalizaci\u00f3n a\u00e9rea","Sectur","tianguis turistico"],"articleSection":["Actualidad"],"inLanguage":"es","potentialAction":[{"@type":"CommentAction","name":"Comment","target":["https:\/\/centrourbano.com\/revista\/actualidad\/inicia-regionalizacion-aerea-de-mexico-con-circuito-del-sureste-torruco\/#respond"]}]},{"@type":"WebPage","@id":"https:\/\/centrourbano.com\/revista\/actualidad\/inicia-regionalizacion-aerea-de-mexico-con-circuito-del-sureste-torruco\/","url":"https:\/\/centrourbano.com\/revista\/actualidad\/inicia-regionalizacion-aerea-de-mexico-con-circuito-del-sureste-torruco\/","name":"Inicia regionalizaci\u00f3n a\u00e9rea de M\u00e9xico con Circuito del Sureste: Torruco","isPartOf":{"@id":"https:\/\/centrourbano.com\/revista\/#website"},"primaryImageOfPage":{"@id":"https:\/\/centrourbano.com\/revista\/actualidad\/inicia-regionalizacion-aerea-de-mexico-con-circuito-del-sureste-torruco\/#primaryimage"},"image":{"@id":"https:\/\/centrourbano.com\/revista\/actualidad\/inicia-regionalizacion-aerea-de-mexico-con-circuito-del-sureste-torruco\/#primaryimage"},"thumbnailUrl":"https:\/\/centrourbano.com\/revista\/wp-content\/uploads\/aeromar-ruta-sur-sureste.jpg","datePublished":"2020-03-04T15:46:18+00:00","description":"El Circuito del Sureste, de Aeromar une las ciudades de M\u00e9rida, Villahermosa, Tuxtla Guti\u00e9rrez, Oaxaca y Tapachula, al sur del pa\u00eds","breadcrumb":{"@id":"https:\/\/centrourbano.com\/revista\/actualidad\/inicia-regionalizacion-aerea-de-mexico-con-circuito-del-sureste-torruco\/#breadcrumb"},"inLanguage":"es","potentialAction":[{"@type":"ReadAction","target":["https:\/\/centrourbano.com\/revista\/actualidad\/inicia-regionalizacion-aerea-de-mexico-con-circuito-del-sureste-torruco\/"]}]},{"@type":"ImageObject","inLanguage":"es","@id":"https:\/\/centrourbano.com\/revista\/actualidad\/inicia-regionalizacion-aerea-de-mexico-con-circuito-del-sureste-torruco\/#primaryimage","url":"https:\/\/centrourbano.com\/revista\/wp-content\/uploads\/aeromar-ruta-sur-sureste.jpg","contentUrl":"https:\/\/centrourbano.com\/revista\/wp-content\/uploads\/aeromar-ruta-sur-sureste.jpg","width":1170,"height":778,"caption":"El Circuito del Sureste, de Aeromar une las ciudades de M\u00e9rida, Villahermosa, Tuxtla Guti\u00e9rrez, Oaxaca y Tapachula, al sur del pa\u00eds"},{"@type":"BreadcrumbList","@id":"https:\/\/centrourbano.com\/revista\/actualidad\/inicia-regionalizacion-aerea-de-mexico-con-circuito-del-sureste-torruco\/#breadcrumb","itemListElement":[{"@type":"ListItem","position":1,"name":"Portada","item":"https:\/\/centrourbano.com\/revista\/"},{"@type":"ListItem","position":2,"name":"Inicia regionalizaci\u00f3n a\u00e9rea de M\u00e9xico con Circuito del Sureste: Torruco"}]},{"@type":"WebSite","@id":"https:\/\/centrourbano.com\/revista\/#website","url":"https:\/\/centrourbano.com\/revista\/","name":"Centro Urbano","description":"Medio especializado en los sectores vivienda, inmobiliario, construcci\u00f3n, arquitectura y urbanismo.","publisher":{"@id":"https:\/\/centrourbano.com\/revista\/#organization"},"potentialAction":[{"@type":"SearchAction","target":{"@type":"EntryPoint","urlTemplate":"https:\/\/centrourbano.com\/revista\/?s={search_term_string}"},"query-input":{"@type":"PropertyValueSpecification","valueRequired":true,"valueName":"search_term_string"}}],"inLanguage":"es"},{"@type":"Organization","@id":"https:\/\/centrourbano.com\/revista\/#organization","name":"Centro Urbano","url":"https:\/\/centrourbano.com\/revista\/","logo":{"@type":"ImageObject","inLanguage":"es","@id":"https:\/\/centrourbano.com\/revista\/#\/schema\/logo\/image\/","url":"https:\/\/centrourbano.com\/revista\/wp-content\/uploads\/web_CU_logo-1.png","contentUrl":"https:\/\/centrourbano.com\/revista\/wp-content\/uploads\/web_CU_logo-1.png","width":350,"height":91,"caption":"Centro Urbano"},"image":{"@id":"https:\/\/centrourbano.com\/revista\/#\/schema\/logo\/image\/"},"sameAs":["https:\/\/www.facebook.com\/portalcentrourbano","https:\/\/x.com\/CentroUrbano","https:\/\/www.instagram.com\/centro_urbano\/","https:\/\/www.linkedin.com\/company\/centro-urbano\/","http:\/\/www.youtube.com\/user\/portalcentrourbano"]},{"@type":"Person","@id":"https:\/\/centrourbano.com\/revista\/#\/schema\/person\/d12ede3164a0881bab68f5868d5dfe8c","name":"Antonio Garc\u00eda","image":{"@type":"ImageObject","inLanguage":"es","@id":"https:\/\/secure.gravatar.com\/avatar\/68b7fcfc82d16a702310836698db1d823c3fb3b28e1f0938164455de47d96d82?s=96&d=mm&r=g","url":"https:\/\/secure.gravatar.com\/avatar\/68b7fcfc82d16a702310836698db1d823c3fb3b28e1f0938164455de47d96d82?s=96&d=mm&r=g","contentUrl":"https:\/\/secure.gravatar.com\/avatar\/68b7fcfc82d16a702310836698db1d823c3fb3b28e1f0938164455de47d96d82?s=96&d=mm&r=g","caption":"Antonio Garc\u00eda"},"description":"Integrante del equipo editorial en Centro Urbano. Egresado de la carrera de Econom\u00eda (preespecialidad en Desarrollo Regional) en el IPN y de Matem\u00e1ticas Aplicadas y Computaci\u00f3n en la UNAM. Apasionado de los temas inherentes al desarrollo urbano-regional y estudios formales -e informales- sobre la ciudad y la econom\u00eda urbana.","sameAs":["https:\/\/www.instagram.com\/caminante_en_la_ciudad\/?hl=es-la","https:\/\/x.com\/https:\/\/twitter.com\/TGarper"],"url":"https:\/\/centrourbano.com\/revista\/author\/antonio-garcia\/"}]}},"_links":{"self":[{"href":"https:\/\/centrourbano.com\/revista\/wp-json\/wp\/v2\/posts\/103477","targetHints":{"allow":["GET"]}}],"collection":[{"href":"https:\/\/centrourbano.com\/revista\/wp-json\/wp\/v2\/posts"}],"about":[{"href":"https:\/\/centrourbano.com\/revista\/wp-json\/wp\/v2\/types\/post"}],"author":[{"embeddable":true,"href":"https:\/\/centrourbano.com\/revista\/wp-json\/wp\/v2\/users\/75"}],"replies":[{"embeddable":true,"href":"https:\/\/centrourbano.com\/revista\/wp-json\/wp\/v2\/comments?post=103477"}],"version-history":[{"count":1,"href":"https:\/\/centrourbano.com\/revista\/wp-json\/wp\/v2\/posts\/103477\/revisions"}],"predecessor-version":[{"id":103479,"href":"https:\/\/centrourbano.com\/revista\/wp-json\/wp\/v2\/posts\/103477\/revisions\/103479"}],"wp:featuredmedia":[{"embeddable":true,"href":"https:\/\/centrourbano.com\/revista\/wp-json\/wp\/v2\/media\/103478"}],"wp:attachment":[{"href":"https:\/\/centrourbano.com\/revista\/wp-json\/wp\/v2\/media?parent=103477"}],"wp:term":[{"taxonomy":"category","embeddable":true,"href":"https:\/\/centrourbano.com\/revista\/wp-json\/wp\/v2\/categories?post=103477"},{"taxonomy":"post_tag","embeddable":true,"href":"https:\/\/centrourbano.com\/revista\/wp-json\/wp\/v2\/tags?post=103477"}],"curies":[{"name":"wp","href":"https:\/\/api.w.org\/{rel}","templated":true}]}}