{"id":103059,"date":"2020-02-21T14:35:39","date_gmt":"2020-02-21T20:35:39","guid":{"rendered":"https:\/\/centrourbano.com\/?p=103059"},"modified":"2020-02-24T14:45:05","modified_gmt":"2020-02-24T20:45:05","slug":"ciudad-de-sentimientos-ciudad-de-acciones","status":"publish","type":"post","link":"https:\/\/centrourbano.com\/revista\/opinion\/blog-desde-centro-urbano\/ciudad-de-sentimientos-ciudad-de-acciones\/","title":{"rendered":"La ciudad de los sentimientos, la ciudad de las acciones"},"content":{"rendered":"<p><em>Siempre ha sido d\u00edficil definir la ciudad, no obstante, no es tan d\u00edficil identificar, lo que provoca, lo que hace sentir a quienes la viven y la sobreviven<\/em><\/p>\n<p><!--more--><\/p>\n<p>A cada uno de nosotros la ciudad le provoca algo. La eterna admiraci\u00f3n para quien la contempla por primera vez. El creciente hartazgo de usar el transporte, cada d\u00eda m\u00e1s saturado, que ofrece. El naciente amor de los ni\u00f1os corriendo por los parques p\u00fablicos y grandes bosques urbanos que resisten y sobreviven la desafiante y creciente jungla asf\u00e1ltica. La potente impotencia de ser v\u00edctima de un delito, cual normalidad en un d\u00eda en la ciudad.<\/p>\n<p>La ciudad te hace sentir.<\/p>\n<p>La ciudad, teniendo o no la habilidad de definirla, es siempre la palabra que engloba la modernidad y la esperanza de mejores condiciones de vida; de esto dan cuenta los millones de migrantes que en las d\u00e9cadas del \u201cMilagro Mexicano\u201d y posteriores, abandonaron su espacio original de vida para ir en busca \u2018del sue\u00f1o urbano\u2019. Y en las d\u00e9cadas actuales, con menores tasas de migraci\u00f3n, siguen vigentes ciertos patrones de b\u00fasqueda de mejores condiciones de vida, en la ciudad (gui\u00f1o m\u00e1s que especial a los amigos for\u00e1neos que conoc\u00ed en la universidad).<\/p>\n<p>La ciudad te hace migrar.<\/p>\n<p>La ciudad concentr\u00f3 poderes; poderes pol\u00edticos, econ\u00f3micos, socioculturales, educativos, sanitarios, y pr\u00e1cticamente todos los concernientes a la vida humana como tal. La administraci\u00f3n pol\u00edtica de una naci\u00f3n, pr\u00e1cticamente naci\u00f3 concentrando \u2018lo \u00fatilmente humano\u2019 en la ciudad. No todos los humanos viv\u00edan en la ciudad. No todos los humanos quer\u00edan vivir en la ciudad. No todos los humanos pod\u00edan vivir fuera de la ciudad.<\/p>\n<p>La ciudad te hace necesitarla.<\/p>\n<p>El universo cupo en una c\u00e1scara de nuez, seg\u00fan Hawking. La ciudad, fueron dos protocasas, unidas por la necesidad de existir en comunidad y un ardiente fuego. Hoy las ciudades m\u00e1s grandes, s\u00f3lo de M\u00e9xico, no se alcanzan a ver de punta a punta (gui\u00f1o lagrimeante aparte al brumoso cielo humeante de casi todos los d\u00edas). Regulares o irregulares, perfectamente cuadriculadas o dif\u00edcilmente definibles en sus formas, la ciudad fue a\u00f1adiendo formas a su contorno, extendiendo este cada a\u00f1o m\u00e1s, cada semestre m\u00e1s, cada mes, m\u00e1s, siempre siguiendo la l\u00ednea, la ruta que se dirija a\u2026, si, complet\u00f3 de manera correcta, a la ciudad. (Gui\u00f1o a los poblados de las autopistas M\u00e9xico \u2013 Quer\u00e9taro y M\u00e9xico Pachuca, y M\u00e9xico \u2013 Puebla tambi\u00e9n.\u00a0 Gracias Marquesa, por detener ese desparrame urbano tambi\u00e9n en la M\u00e9xico \u2013 Toluca, al menos hasta los \u00faltimos d\u00edas).<\/p>\n<p>La ciudad se expande, y te expande.<\/p>\n<p>\u00bfA ti, qu\u00e9 te provoca la ciudad?<\/p>\n","protected":false},"excerpt":{"rendered":"<p>Siempre ha sido d\u00edficil definir la ciudad, no obstante, no es tan d\u00edficil identificar, lo que provoca, lo que hace sentir a quienes la viven y la sobreviven<\/p>\n","protected":false},"author":75,"featured_media":103065,"comment_status":"open","ping_status":"closed","sticky":false,"template":"","format":"standard","meta":{"om_disable_all_campaigns":false,"inline_featured_image":false,"_monsterinsights_skip_tracking":false,"_monsterinsights_sitenote_active":false,"_monsterinsights_sitenote_note":"","_monsterinsights_sitenote_category":0,"footnotes":""},"categories":[240,5],"tags":[2331,132,17605,16883,16663,17606,39],"class_list":["post-103059","post","type-post","status-publish","format-standard","has-post-thumbnail","hentry","category-blog-desde-centro-urbano","category-opinion","tag-autopistas","tag-ciudad","tag-ciudad-saturada","tag-periferia","tag-periferias-urbanas","tag-saturacion","tag-transporte"],"yoast_head":"<!-- This site is optimized with the Yoast SEO plugin v27.5 - https:\/\/yoast.com\/product\/yoast-seo-wordpress\/ -->\n<title>La ciudad de los sentimientos, la ciudad de las acciones<\/title>\n<meta name=\"description\" content=\"Siempre ha sido d\u00edficil definir la ciudad, no obstante, no es tan d\u00edficil identificar, lo que provoca, lo que hace sentir a quienes la viven y la sobreviven\" \/>\n<meta name=\"robots\" content=\"index, follow, max-snippet:-1, max-image-preview:large, max-video-preview:-1\" \/>\n<link rel=\"canonical\" href=\"https:\/\/centrourbano.com\/revista\/opinion\/blog-desde-centro-urbano\/ciudad-de-sentimientos-ciudad-de-acciones\/\" \/>\n<meta property=\"og:locale\" content=\"es_ES\" \/>\n<meta property=\"og:type\" content=\"article\" \/>\n<meta property=\"og:title\" content=\"La ciudad de los sentimientos, la ciudad de las acciones\" \/>\n<meta property=\"og:description\" content=\"Siempre ha sido d\u00edficil definir la ciudad, no obstante, no es tan d\u00edficil identificar, lo que provoca, lo que hace sentir a quienes la viven y la sobreviven\" \/>\n<meta property=\"og:url\" content=\"https:\/\/centrourbano.com\/revista\/opinion\/blog-desde-centro-urbano\/ciudad-de-sentimientos-ciudad-de-acciones\/\" \/>\n<meta property=\"og:site_name\" content=\"Centro Urbano\" \/>\n<meta property=\"article:publisher\" content=\"https:\/\/www.facebook.com\/portalcentrourbano\" \/>\n<meta property=\"article:published_time\" content=\"2020-02-21T20:35:39+00:00\" \/>\n<meta property=\"article:modified_time\" content=\"2020-02-24T20:45:05+00:00\" \/>\n<meta property=\"og:image\" content=\"https:\/\/centrourbano.com\/revista\/wp-content\/uploads\/Screenshot_2020-02-21-CENTRO-URBANO-centro_urbano-\u2022-Fotos-y-videos-de-Instagram.png\" \/>\n\t<meta property=\"og:image:width\" content=\"600\" \/>\n\t<meta property=\"og:image:height\" content=\"450\" \/>\n\t<meta property=\"og:image:type\" content=\"image\/png\" \/>\n<meta name=\"author\" content=\"Antonio Garc\u00eda\" \/>\n<meta name=\"twitter:card\" content=\"summary_large_image\" \/>\n<meta name=\"twitter:creator\" content=\"@https:\/\/twitter.com\/TGarper\" \/>\n<meta name=\"twitter:site\" content=\"@CentroUrbano\" \/>\n<meta name=\"twitter:label1\" content=\"Escrito por\" \/>\n\t<meta name=\"twitter:data1\" content=\"Antonio Garc\u00eda\" \/>\n\t<meta name=\"twitter:label2\" content=\"Tiempo de lectura\" \/>\n\t<meta name=\"twitter:data2\" content=\"2 minutos\" \/>\n<script type=\"application\/ld+json\" class=\"yoast-schema-graph\">{\"@context\":\"https:\\\/\\\/schema.org\",\"@graph\":[{\"@type\":\"Article\",\"@id\":\"https:\\\/\\\/centrourbano.com\\\/revista\\\/opinion\\\/blog-desde-centro-urbano\\\/ciudad-de-sentimientos-ciudad-de-acciones\\\/#article\",\"isPartOf\":{\"@id\":\"https:\\\/\\\/centrourbano.com\\\/revista\\\/opinion\\\/blog-desde-centro-urbano\\\/ciudad-de-sentimientos-ciudad-de-acciones\\\/\"},\"author\":{\"name\":\"Antonio Garc\u00eda\",\"@id\":\"https:\\\/\\\/centrourbano.com\\\/revista\\\/#\\\/schema\\\/person\\\/317fc57cd0dcfa64aa25174335bd5d1a\"},\"headline\":\"La ciudad de los sentimientos, la ciudad de las acciones\",\"datePublished\":\"2020-02-21T20:35:39+00:00\",\"dateModified\":\"2020-02-24T20:45:05+00:00\",\"mainEntityOfPage\":{\"@id\":\"https:\\\/\\\/centrourbano.com\\\/revista\\\/opinion\\\/blog-desde-centro-urbano\\\/ciudad-de-sentimientos-ciudad-de-acciones\\\/\"},\"wordCount\":486,\"commentCount\":0,\"publisher\":{\"@id\":\"https:\\\/\\\/centrourbano.com\\\/revista\\\/#organization\"},\"image\":{\"@id\":\"https:\\\/\\\/centrourbano.com\\\/revista\\\/opinion\\\/blog-desde-centro-urbano\\\/ciudad-de-sentimientos-ciudad-de-acciones\\\/#primaryimage\"},\"thumbnailUrl\":\"https:\\\/\\\/centrourbano.com\\\/revista\\\/wp-content\\\/uploads\\\/Screenshot_2020-02-21-CENTRO-URBANO-centro_urbano-\u2022-Fotos-y-videos-de-Instagram.png\",\"keywords\":[\"autopistas\",\"Ciudad\",\"ciudad saturada\",\"periferia\",\"Periferias urbanas\",\"saturaci\u00f3n\",\"transporte\"],\"articleSection\":[\"Desde Centro Urbano\",\"Opini\u00f3n\"],\"inLanguage\":\"es\",\"potentialAction\":[{\"@type\":\"CommentAction\",\"name\":\"Comment\",\"target\":[\"https:\\\/\\\/centrourbano.com\\\/revista\\\/opinion\\\/blog-desde-centro-urbano\\\/ciudad-de-sentimientos-ciudad-de-acciones\\\/#respond\"]}]},{\"@type\":\"WebPage\",\"@id\":\"https:\\\/\\\/centrourbano.com\\\/revista\\\/opinion\\\/blog-desde-centro-urbano\\\/ciudad-de-sentimientos-ciudad-de-acciones\\\/\",\"url\":\"https:\\\/\\\/centrourbano.com\\\/revista\\\/opinion\\\/blog-desde-centro-urbano\\\/ciudad-de-sentimientos-ciudad-de-acciones\\\/\",\"name\":\"La ciudad de los sentimientos, la ciudad de las acciones\",\"isPartOf\":{\"@id\":\"https:\\\/\\\/centrourbano.com\\\/revista\\\/#website\"},\"primaryImageOfPage\":{\"@id\":\"https:\\\/\\\/centrourbano.com\\\/revista\\\/opinion\\\/blog-desde-centro-urbano\\\/ciudad-de-sentimientos-ciudad-de-acciones\\\/#primaryimage\"},\"image\":{\"@id\":\"https:\\\/\\\/centrourbano.com\\\/revista\\\/opinion\\\/blog-desde-centro-urbano\\\/ciudad-de-sentimientos-ciudad-de-acciones\\\/#primaryimage\"},\"thumbnailUrl\":\"https:\\\/\\\/centrourbano.com\\\/revista\\\/wp-content\\\/uploads\\\/Screenshot_2020-02-21-CENTRO-URBANO-centro_urbano-\u2022-Fotos-y-videos-de-Instagram.png\",\"datePublished\":\"2020-02-21T20:35:39+00:00\",\"dateModified\":\"2020-02-24T20:45:05+00:00\",\"description\":\"Siempre ha sido d\u00edficil definir la ciudad, no obstante, no es tan d\u00edficil identificar, lo que provoca, lo que hace sentir a quienes la viven y la sobreviven\",\"breadcrumb\":{\"@id\":\"https:\\\/\\\/centrourbano.com\\\/revista\\\/opinion\\\/blog-desde-centro-urbano\\\/ciudad-de-sentimientos-ciudad-de-acciones\\\/#breadcrumb\"},\"inLanguage\":\"es\",\"potentialAction\":[{\"@type\":\"ReadAction\",\"target\":[\"https:\\\/\\\/centrourbano.com\\\/revista\\\/opinion\\\/blog-desde-centro-urbano\\\/ciudad-de-sentimientos-ciudad-de-acciones\\\/\"]}]},{\"@type\":\"ImageObject\",\"inLanguage\":\"es\",\"@id\":\"https:\\\/\\\/centrourbano.com\\\/revista\\\/opinion\\\/blog-desde-centro-urbano\\\/ciudad-de-sentimientos-ciudad-de-acciones\\\/#primaryimage\",\"url\":\"https:\\\/\\\/centrourbano.com\\\/revista\\\/wp-content\\\/uploads\\\/Screenshot_2020-02-21-CENTRO-URBANO-centro_urbano-\u2022-Fotos-y-videos-de-Instagram.png\",\"contentUrl\":\"https:\\\/\\\/centrourbano.com\\\/revista\\\/wp-content\\\/uploads\\\/Screenshot_2020-02-21-CENTRO-URBANO-centro_urbano-\u2022-Fotos-y-videos-de-Instagram.png\",\"width\":600,\"height\":450,\"caption\":\"Siempre ha sido d\u00edficil definir la ciudad, no obstante, no es tan d\u00edficil identificar, lo que provoca, lo que hace sentir a quienes la viven y la sobreviven\"},{\"@type\":\"BreadcrumbList\",\"@id\":\"https:\\\/\\\/centrourbano.com\\\/revista\\\/opinion\\\/blog-desde-centro-urbano\\\/ciudad-de-sentimientos-ciudad-de-acciones\\\/#breadcrumb\",\"itemListElement\":[{\"@type\":\"ListItem\",\"position\":1,\"name\":\"Portada\",\"item\":\"https:\\\/\\\/centrourbano.com\\\/revista\\\/\"},{\"@type\":\"ListItem\",\"position\":2,\"name\":\"La ciudad de los sentimientos, la ciudad de las acciones\"}]},{\"@type\":\"WebSite\",\"@id\":\"https:\\\/\\\/centrourbano.com\\\/revista\\\/#website\",\"url\":\"https:\\\/\\\/centrourbano.com\\\/revista\\\/\",\"name\":\"Centro Urbano\",\"description\":\"Medio especializado en los sectores vivienda, inmobiliario, construcci\u00f3n, arquitectura y urbanismo.\",\"publisher\":{\"@id\":\"https:\\\/\\\/centrourbano.com\\\/revista\\\/#organization\"},\"potentialAction\":[{\"@type\":\"SearchAction\",\"target\":{\"@type\":\"EntryPoint\",\"urlTemplate\":\"https:\\\/\\\/centrourbano.com\\\/revista\\\/?s={search_term_string}\"},\"query-input\":{\"@type\":\"PropertyValueSpecification\",\"valueRequired\":true,\"valueName\":\"search_term_string\"}}],\"inLanguage\":\"es\"},{\"@type\":\"Organization\",\"@id\":\"https:\\\/\\\/centrourbano.com\\\/revista\\\/#organization\",\"name\":\"Centro Urbano\",\"url\":\"https:\\\/\\\/centrourbano.com\\\/revista\\\/\",\"logo\":{\"@type\":\"ImageObject\",\"inLanguage\":\"es\",\"@id\":\"https:\\\/\\\/centrourbano.com\\\/revista\\\/#\\\/schema\\\/logo\\\/image\\\/\",\"url\":\"https:\\\/\\\/centrourbano.com\\\/revista\\\/wp-content\\\/uploads\\\/web_CU_logo-1.png\",\"contentUrl\":\"https:\\\/\\\/centrourbano.com\\\/revista\\\/wp-content\\\/uploads\\\/web_CU_logo-1.png\",\"width\":350,\"height\":91,\"caption\":\"Centro Urbano\"},\"image\":{\"@id\":\"https:\\\/\\\/centrourbano.com\\\/revista\\\/#\\\/schema\\\/logo\\\/image\\\/\"},\"sameAs\":[\"https:\\\/\\\/www.facebook.com\\\/portalcentrourbano\",\"https:\\\/\\\/x.com\\\/CentroUrbano\",\"https:\\\/\\\/www.instagram.com\\\/centro_urbano\\\/\",\"https:\\\/\\\/www.linkedin.com\\\/company\\\/centro-urbano\\\/\",\"http:\\\/\\\/www.youtube.com\\\/user\\\/portalcentrourbano\"]},{\"@type\":\"Person\",\"@id\":\"https:\\\/\\\/centrourbano.com\\\/revista\\\/#\\\/schema\\\/person\\\/317fc57cd0dcfa64aa25174335bd5d1a\",\"name\":\"Antonio Garc\u00eda\",\"image\":{\"@type\":\"ImageObject\",\"inLanguage\":\"es\",\"@id\":\"https:\\\/\\\/secure.gravatar.com\\\/avatar\\\/68b7fcfc82d16a702310836698db1d823c3fb3b28e1f0938164455de47d96d82?s=96&d=mm&r=g\",\"url\":\"https:\\\/\\\/secure.gravatar.com\\\/avatar\\\/68b7fcfc82d16a702310836698db1d823c3fb3b28e1f0938164455de47d96d82?s=96&d=mm&r=g\",\"contentUrl\":\"https:\\\/\\\/secure.gravatar.com\\\/avatar\\\/68b7fcfc82d16a702310836698db1d823c3fb3b28e1f0938164455de47d96d82?s=96&d=mm&r=g\",\"caption\":\"Antonio Garc\u00eda\"},\"description\":\"Integrante del equipo editorial en Centro Urbano. Egresado de la carrera de Econom\u00eda (preespecialidad en Desarrollo Regional) en el IPN y de Matem\u00e1ticas Aplicadas y Computaci\u00f3n en la UNAM. Apasionado de los temas inherentes al desarrollo urbano-regional y estudios formales -e informales- sobre la ciudad y la econom\u00eda urbana.\",\"sameAs\":[\"https:\\\/\\\/www.instagram.com\\\/caminante_en_la_ciudad\\\/?hl=es-la\",\"https:\\\/\\\/x.com\\\/https:\\\/\\\/twitter.com\\\/TGarper\"],\"url\":\"https:\\\/\\\/centrourbano.com\\\/revista\\\/author\\\/antonio-garcia\\\/\"}]}<\/script>\n<!-- \/ Yoast SEO plugin. -->","yoast_head_json":{"title":"La ciudad de los sentimientos, la ciudad de las acciones","description":"Siempre ha sido d\u00edficil definir la ciudad, no obstante, no es tan d\u00edficil identificar, lo que provoca, lo que hace sentir a quienes la viven y la sobreviven","robots":{"index":"index","follow":"follow","max-snippet":"max-snippet:-1","max-image-preview":"max-image-preview:large","max-video-preview":"max-video-preview:-1"},"canonical":"https:\/\/centrourbano.com\/revista\/opinion\/blog-desde-centro-urbano\/ciudad-de-sentimientos-ciudad-de-acciones\/","og_locale":"es_ES","og_type":"article","og_title":"La ciudad de los sentimientos, la ciudad de las acciones","og_description":"Siempre ha sido d\u00edficil definir la ciudad, no obstante, no es tan d\u00edficil identificar, lo que provoca, lo que hace sentir a quienes la viven y la sobreviven","og_url":"https:\/\/centrourbano.com\/revista\/opinion\/blog-desde-centro-urbano\/ciudad-de-sentimientos-ciudad-de-acciones\/","og_site_name":"Centro Urbano","article_publisher":"https:\/\/www.facebook.com\/portalcentrourbano","article_published_time":"2020-02-21T20:35:39+00:00","article_modified_time":"2020-02-24T20:45:05+00:00","og_image":[{"width":600,"height":450,"url":"https:\/\/centrourbano.com\/revista\/wp-content\/uploads\/Screenshot_2020-02-21-CENTRO-URBANO-centro_urbano-\u2022-Fotos-y-videos-de-Instagram.png","type":"image\/png"}],"author":"Antonio Garc\u00eda","twitter_card":"summary_large_image","twitter_creator":"@https:\/\/twitter.com\/TGarper","twitter_site":"@CentroUrbano","twitter_misc":{"Escrito por":"Antonio Garc\u00eda","Tiempo de lectura":"2 minutos"},"schema":{"@context":"https:\/\/schema.org","@graph":[{"@type":"Article","@id":"https:\/\/centrourbano.com\/revista\/opinion\/blog-desde-centro-urbano\/ciudad-de-sentimientos-ciudad-de-acciones\/#article","isPartOf":{"@id":"https:\/\/centrourbano.com\/revista\/opinion\/blog-desde-centro-urbano\/ciudad-de-sentimientos-ciudad-de-acciones\/"},"author":{"name":"Antonio Garc\u00eda","@id":"https:\/\/centrourbano.com\/revista\/#\/schema\/person\/317fc57cd0dcfa64aa25174335bd5d1a"},"headline":"La ciudad de los sentimientos, la ciudad de las acciones","datePublished":"2020-02-21T20:35:39+00:00","dateModified":"2020-02-24T20:45:05+00:00","mainEntityOfPage":{"@id":"https:\/\/centrourbano.com\/revista\/opinion\/blog-desde-centro-urbano\/ciudad-de-sentimientos-ciudad-de-acciones\/"},"wordCount":486,"commentCount":0,"publisher":{"@id":"https:\/\/centrourbano.com\/revista\/#organization"},"image":{"@id":"https:\/\/centrourbano.com\/revista\/opinion\/blog-desde-centro-urbano\/ciudad-de-sentimientos-ciudad-de-acciones\/#primaryimage"},"thumbnailUrl":"https:\/\/centrourbano.com\/revista\/wp-content\/uploads\/Screenshot_2020-02-21-CENTRO-URBANO-centro_urbano-\u2022-Fotos-y-videos-de-Instagram.png","keywords":["autopistas","Ciudad","ciudad saturada","periferia","Periferias urbanas","saturaci\u00f3n","transporte"],"articleSection":["Desde Centro Urbano","Opini\u00f3n"],"inLanguage":"es","potentialAction":[{"@type":"CommentAction","name":"Comment","target":["https:\/\/centrourbano.com\/revista\/opinion\/blog-desde-centro-urbano\/ciudad-de-sentimientos-ciudad-de-acciones\/#respond"]}]},{"@type":"WebPage","@id":"https:\/\/centrourbano.com\/revista\/opinion\/blog-desde-centro-urbano\/ciudad-de-sentimientos-ciudad-de-acciones\/","url":"https:\/\/centrourbano.com\/revista\/opinion\/blog-desde-centro-urbano\/ciudad-de-sentimientos-ciudad-de-acciones\/","name":"La ciudad de los sentimientos, la ciudad de las acciones","isPartOf":{"@id":"https:\/\/centrourbano.com\/revista\/#website"},"primaryImageOfPage":{"@id":"https:\/\/centrourbano.com\/revista\/opinion\/blog-desde-centro-urbano\/ciudad-de-sentimientos-ciudad-de-acciones\/#primaryimage"},"image":{"@id":"https:\/\/centrourbano.com\/revista\/opinion\/blog-desde-centro-urbano\/ciudad-de-sentimientos-ciudad-de-acciones\/#primaryimage"},"thumbnailUrl":"https:\/\/centrourbano.com\/revista\/wp-content\/uploads\/Screenshot_2020-02-21-CENTRO-URBANO-centro_urbano-\u2022-Fotos-y-videos-de-Instagram.png","datePublished":"2020-02-21T20:35:39+00:00","dateModified":"2020-02-24T20:45:05+00:00","description":"Siempre ha sido d\u00edficil definir la ciudad, no obstante, no es tan d\u00edficil identificar, lo que provoca, lo que hace sentir a quienes la viven y la sobreviven","breadcrumb":{"@id":"https:\/\/centrourbano.com\/revista\/opinion\/blog-desde-centro-urbano\/ciudad-de-sentimientos-ciudad-de-acciones\/#breadcrumb"},"inLanguage":"es","potentialAction":[{"@type":"ReadAction","target":["https:\/\/centrourbano.com\/revista\/opinion\/blog-desde-centro-urbano\/ciudad-de-sentimientos-ciudad-de-acciones\/"]}]},{"@type":"ImageObject","inLanguage":"es","@id":"https:\/\/centrourbano.com\/revista\/opinion\/blog-desde-centro-urbano\/ciudad-de-sentimientos-ciudad-de-acciones\/#primaryimage","url":"https:\/\/centrourbano.com\/revista\/wp-content\/uploads\/Screenshot_2020-02-21-CENTRO-URBANO-centro_urbano-\u2022-Fotos-y-videos-de-Instagram.png","contentUrl":"https:\/\/centrourbano.com\/revista\/wp-content\/uploads\/Screenshot_2020-02-21-CENTRO-URBANO-centro_urbano-\u2022-Fotos-y-videos-de-Instagram.png","width":600,"height":450,"caption":"Siempre ha sido d\u00edficil definir la ciudad, no obstante, no es tan d\u00edficil identificar, lo que provoca, lo que hace sentir a quienes la viven y la sobreviven"},{"@type":"BreadcrumbList","@id":"https:\/\/centrourbano.com\/revista\/opinion\/blog-desde-centro-urbano\/ciudad-de-sentimientos-ciudad-de-acciones\/#breadcrumb","itemListElement":[{"@type":"ListItem","position":1,"name":"Portada","item":"https:\/\/centrourbano.com\/revista\/"},{"@type":"ListItem","position":2,"name":"La ciudad de los sentimientos, la ciudad de las acciones"}]},{"@type":"WebSite","@id":"https:\/\/centrourbano.com\/revista\/#website","url":"https:\/\/centrourbano.com\/revista\/","name":"Centro Urbano","description":"Medio especializado en los sectores vivienda, inmobiliario, construcci\u00f3n, arquitectura y urbanismo.","publisher":{"@id":"https:\/\/centrourbano.com\/revista\/#organization"},"potentialAction":[{"@type":"SearchAction","target":{"@type":"EntryPoint","urlTemplate":"https:\/\/centrourbano.com\/revista\/?s={search_term_string}"},"query-input":{"@type":"PropertyValueSpecification","valueRequired":true,"valueName":"search_term_string"}}],"inLanguage":"es"},{"@type":"Organization","@id":"https:\/\/centrourbano.com\/revista\/#organization","name":"Centro Urbano","url":"https:\/\/centrourbano.com\/revista\/","logo":{"@type":"ImageObject","inLanguage":"es","@id":"https:\/\/centrourbano.com\/revista\/#\/schema\/logo\/image\/","url":"https:\/\/centrourbano.com\/revista\/wp-content\/uploads\/web_CU_logo-1.png","contentUrl":"https:\/\/centrourbano.com\/revista\/wp-content\/uploads\/web_CU_logo-1.png","width":350,"height":91,"caption":"Centro Urbano"},"image":{"@id":"https:\/\/centrourbano.com\/revista\/#\/schema\/logo\/image\/"},"sameAs":["https:\/\/www.facebook.com\/portalcentrourbano","https:\/\/x.com\/CentroUrbano","https:\/\/www.instagram.com\/centro_urbano\/","https:\/\/www.linkedin.com\/company\/centro-urbano\/","http:\/\/www.youtube.com\/user\/portalcentrourbano"]},{"@type":"Person","@id":"https:\/\/centrourbano.com\/revista\/#\/schema\/person\/317fc57cd0dcfa64aa25174335bd5d1a","name":"Antonio Garc\u00eda","image":{"@type":"ImageObject","inLanguage":"es","@id":"https:\/\/secure.gravatar.com\/avatar\/68b7fcfc82d16a702310836698db1d823c3fb3b28e1f0938164455de47d96d82?s=96&d=mm&r=g","url":"https:\/\/secure.gravatar.com\/avatar\/68b7fcfc82d16a702310836698db1d823c3fb3b28e1f0938164455de47d96d82?s=96&d=mm&r=g","contentUrl":"https:\/\/secure.gravatar.com\/avatar\/68b7fcfc82d16a702310836698db1d823c3fb3b28e1f0938164455de47d96d82?s=96&d=mm&r=g","caption":"Antonio Garc\u00eda"},"description":"Integrante del equipo editorial en Centro Urbano. Egresado de la carrera de Econom\u00eda (preespecialidad en Desarrollo Regional) en el IPN y de Matem\u00e1ticas Aplicadas y Computaci\u00f3n en la UNAM. Apasionado de los temas inherentes al desarrollo urbano-regional y estudios formales -e informales- sobre la ciudad y la econom\u00eda urbana.","sameAs":["https:\/\/www.instagram.com\/caminante_en_la_ciudad\/?hl=es-la","https:\/\/x.com\/https:\/\/twitter.com\/TGarper"],"url":"https:\/\/centrourbano.com\/revista\/author\/antonio-garcia\/"}]}},"_links":{"self":[{"href":"https:\/\/centrourbano.com\/revista\/wp-json\/wp\/v2\/posts\/103059","targetHints":{"allow":["GET"]}}],"collection":[{"href":"https:\/\/centrourbano.com\/revista\/wp-json\/wp\/v2\/posts"}],"about":[{"href":"https:\/\/centrourbano.com\/revista\/wp-json\/wp\/v2\/types\/post"}],"author":[{"embeddable":true,"href":"https:\/\/centrourbano.com\/revista\/wp-json\/wp\/v2\/users\/75"}],"replies":[{"embeddable":true,"href":"https:\/\/centrourbano.com\/revista\/wp-json\/wp\/v2\/comments?post=103059"}],"version-history":[{"count":1,"href":"https:\/\/centrourbano.com\/revista\/wp-json\/wp\/v2\/posts\/103059\/revisions"}],"predecessor-version":[{"id":103066,"href":"https:\/\/centrourbano.com\/revista\/wp-json\/wp\/v2\/posts\/103059\/revisions\/103066"}],"wp:featuredmedia":[{"embeddable":true,"href":"https:\/\/centrourbano.com\/revista\/wp-json\/wp\/v2\/media\/103065"}],"wp:attachment":[{"href":"https:\/\/centrourbano.com\/revista\/wp-json\/wp\/v2\/media?parent=103059"}],"wp:term":[{"taxonomy":"category","embeddable":true,"href":"https:\/\/centrourbano.com\/revista\/wp-json\/wp\/v2\/categories?post=103059"},{"taxonomy":"post_tag","embeddable":true,"href":"https:\/\/centrourbano.com\/revista\/wp-json\/wp\/v2\/tags?post=103059"}],"curies":[{"name":"wp","href":"https:\/\/api.w.org\/{rel}","templated":true}]}}