{"id":10292,"date":"2014-09-01T11:59:02","date_gmt":"2014-09-01T16:59:02","guid":{"rendered":"http:\/\/centrourbano.com\/?p=10292"},"modified":"2014-09-01T11:59:02","modified_gmt":"2014-09-01T16:59:02","slug":"tu-ciudad-te-re-quiere-permanecera-hasta-el-fin-de-sexenio","status":"publish","type":"post","link":"https:\/\/centrourbano.com\/revista\/urbanismo\/tu-ciudad-te-re-quiere-permanecera-hasta-el-fin-de-sexenio\/","title":{"rendered":"Tu Ciudad Te Re-Quiere permanecer\u00e1 hasta el fin de sexenio"},"content":{"rendered":"<p>&nbsp;<\/p>\n<p><em>Con el fin de continuar con los trabajos necesarios para mejorar la imagen urbana de la ciudad de M\u00e9xico<\/em><!--more--><\/p>\n<p>En el marco de la vig\u00e9sima s\u00e9ptima jornada sabatina del programa de rescate del espacio p\u00fablico y mejoramiento del entorno urbano, Tu Ciudad Te Re-Quiere, en la que se llev\u00f3 a cabo la pinta de una barda en seguimiento a las acciones de mejora a la imagen urbana, fue anunciada la permanencia de esta estrategia hasta el final de la presente administraci\u00f3n.<\/p>\n<p>El jefe de Gobierno del Distrito Federal, Miguel \u00c1ngel Mancera, hizo el anuncio al finalizar los trabajos de esta jornada sabatina, de la que estuvo al mando junto con el subsecretario de Prevenci\u00f3n y Participaci\u00f3n Ciudadana de la Secretar\u00eda de Gobernaci\u00f3n, Roberto Campa Cifri\u00e1n y el jefe delegacional en \u00c1lvaro Obreg\u00f3n, Leonel Luna Estrada.<\/p>\n<p>Adem\u00e1s se realiz\u00f3 el corte del list\u00f3n del Parque La Arboleda, como parte del cumplimiento de los compromisos de \u201cDecisiones por Colonia\u201d, en el que se invirtieron 12 millones de pesos para su recuperaci\u00f3n y que favorecer\u00e1 directamente a los habitantes de las colonias Presidentes, Desarrollo Urbano, Ampliaci\u00f3n Presidentes y Lomas de Capula.<\/p>\n<p>Se dieron cita a la jornada sabatina de Tu Ciudad Te Re-Quiere, el procurador General de Justicia del Distrito Federal, Rodolfo R\u00edos Garza, y el secretario de Obras y Servicios, Alfredo Hern\u00e1ndez Garc\u00eda, quienes con sus respectivos equipos apoyaron en las acciones de barrido, balizamiento y aplanado de banquetas.<\/p>\n","protected":false},"excerpt":{"rendered":"<p>&nbsp; Con el fin de continuar con los trabajos necesarios para mejorar la imagen urbana de la ciudad de M\u00e9xico<\/p>\n","protected":false},"author":77,"featured_media":0,"comment_status":"open","ping_status":"closed","sticky":false,"template":"","format":"standard","meta":{"inline_featured_image":false,"footnotes":""},"categories":[82],"tags":[606,2817,229,2818,1060],"class_list":["post-10292","post","type-post","status-publish","format-standard","hentry","category-urbanismo","tag-cdmx","tag-decisiones-por-colonia","tag-miguel-angel-mancera","tag-parque-la-arboleda","tag-tu-ciudad-te-re-quiere"],"yoast_head":"<!-- This site is optimized with the Yoast SEO plugin v28.4 - https:\/\/yoast.com\/product\/yoast-seo-wordpress\/ -->\n<title>Tu Ciudad Te Re-Quiere permanecer\u00e1 hasta el fin de sexenio -<\/title>\n<meta name=\"description\" content=\"&nbsp; Con el fin de continuar con los trabajos necesarios para mejorar la imagen urbana de la ciudad de M\u00e9xico En el marco de la vig\u00e9sima s\u00e9ptima jornada\" \/>\n<meta name=\"robots\" content=\"index, follow, max-snippet:-1, max-image-preview:large, max-video-preview:-1\" \/>\n<link rel=\"canonical\" href=\"https:\/\/centrourbano.com\/revista\/urbanismo\/tu-ciudad-te-re-quiere-permanecera-hasta-el-fin-de-sexenio\/\" \/>\n<meta property=\"og:locale\" content=\"es_ES\" \/>\n<meta property=\"og:type\" content=\"article\" \/>\n<meta property=\"og:title\" content=\"Tu Ciudad Te Re-Quiere permanecer\u00e1 hasta el fin de sexenio -\" \/>\n<meta property=\"og:description\" content=\"&nbsp; Con el fin de continuar con los trabajos necesarios para mejorar la imagen urbana de la ciudad de M\u00e9xico En el marco de la vig\u00e9sima s\u00e9ptima jornada\" \/>\n<meta property=\"og:url\" content=\"https:\/\/centrourbano.com\/revista\/urbanismo\/tu-ciudad-te-re-quiere-permanecera-hasta-el-fin-de-sexenio\/\" \/>\n<meta property=\"og:site_name\" content=\"Centro Urbano\" \/>\n<meta property=\"article:publisher\" content=\"https:\/\/www.facebook.com\/portalcentrourbano\" \/>\n<meta property=\"article:published_time\" content=\"2014-09-01T16:59:02+00:00\" \/>\n<meta property=\"og:image\" content=\"https:\/\/centrourbano.com\/revista\/wp-content\/uploads\/CU-logo.png\" \/>\n\t<meta property=\"og:image:width\" content=\"350\" \/>\n\t<meta property=\"og:image:height\" content=\"91\" \/>\n\t<meta property=\"og:image:type\" content=\"image\/png\" \/>\n<meta name=\"author\" content=\"G4A\" \/>\n<meta name=\"twitter:card\" content=\"summary_large_image\" \/>\n<meta name=\"twitter:creator\" content=\"@CentroUrbano\" \/>\n<meta name=\"twitter:site\" content=\"@CentroUrbano\" \/>\n<meta name=\"twitter:label1\" content=\"Escrito por\" \/>\n\t<meta name=\"twitter:data1\" content=\"G4A\" \/>\n\t<meta name=\"twitter:label2\" content=\"Tiempo de lectura\" \/>\n\t<meta name=\"twitter:data2\" content=\"1 minuto\" \/>\n<script type=\"application\/ld+json\" class=\"yoast-schema-graph\">{\"@context\":\"https:\\\/\\\/schema.org\",\"@graph\":[{\"@type\":\"Article\",\"@id\":\"https:\\\/\\\/centrourbano.com\\\/revista\\\/urbanismo\\\/tu-ciudad-te-re-quiere-permanecera-hasta-el-fin-de-sexenio\\\/#article\",\"isPartOf\":{\"@id\":\"https:\\\/\\\/centrourbano.com\\\/revista\\\/urbanismo\\\/tu-ciudad-te-re-quiere-permanecera-hasta-el-fin-de-sexenio\\\/\"},\"author\":{\"name\":\"G4A\",\"@id\":\"https:\\\/\\\/centrourbano.com\\\/revista\\\/#\\\/schema\\\/person\\\/370fa0ba2d8dd5bde3fdb8b62ad360aa\"},\"headline\":\"Tu Ciudad Te Re-Quiere permanecer\u00e1 hasta el fin de sexenio\",\"datePublished\":\"2014-09-01T16:59:02+00:00\",\"mainEntityOfPage\":{\"@id\":\"https:\\\/\\\/centrourbano.com\\\/revista\\\/urbanismo\\\/tu-ciudad-te-re-quiere-permanecera-hasta-el-fin-de-sexenio\\\/\"},\"wordCount\":265,\"commentCount\":0,\"publisher\":{\"@id\":\"https:\\\/\\\/centrourbano.com\\\/revista\\\/#organization\"},\"keywords\":[\"CDMX\",\"Decisiones por Colonia\",\"Miguel \u00c1ngel Mancera\",\"Parque La Arboleda\",\"Tu ciudad te re-quiere\"],\"articleSection\":[\"Urbanismo\"],\"inLanguage\":\"es\"},{\"@type\":\"WebPage\",\"@id\":\"https:\\\/\\\/centrourbano.com\\\/revista\\\/urbanismo\\\/tu-ciudad-te-re-quiere-permanecera-hasta-el-fin-de-sexenio\\\/\",\"url\":\"https:\\\/\\\/centrourbano.com\\\/revista\\\/urbanismo\\\/tu-ciudad-te-re-quiere-permanecera-hasta-el-fin-de-sexenio\\\/\",\"name\":\"Tu Ciudad Te Re-Quiere permanecer\u00e1 hasta el fin de sexenio -\",\"isPartOf\":{\"@id\":\"https:\\\/\\\/centrourbano.com\\\/revista\\\/#website\"},\"datePublished\":\"2014-09-01T16:59:02+00:00\",\"description\":\"&nbsp; Con el fin de continuar con los trabajos necesarios para mejorar la imagen urbana de la ciudad de M\u00e9xico En el marco de la vig\u00e9sima s\u00e9ptima jornada\",\"breadcrumb\":{\"@id\":\"https:\\\/\\\/centrourbano.com\\\/revista\\\/urbanismo\\\/tu-ciudad-te-re-quiere-permanecera-hasta-el-fin-de-sexenio\\\/#breadcrumb\"},\"inLanguage\":\"es\",\"potentialAction\":[{\"@type\":\"ReadAction\",\"target\":[\"https:\\\/\\\/centrourbano.com\\\/revista\\\/urbanismo\\\/tu-ciudad-te-re-quiere-permanecera-hasta-el-fin-de-sexenio\\\/\"]}]},{\"@type\":\"BreadcrumbList\",\"@id\":\"https:\\\/\\\/centrourbano.com\\\/revista\\\/urbanismo\\\/tu-ciudad-te-re-quiere-permanecera-hasta-el-fin-de-sexenio\\\/#breadcrumb\",\"itemListElement\":[{\"@type\":\"ListItem\",\"position\":1,\"name\":\"Portada\",\"item\":\"https:\\\/\\\/centrourbano.com\\\/revista\\\/\"},{\"@type\":\"ListItem\",\"position\":2,\"name\":\"Tu Ciudad Te Re-Quiere permanecer\u00e1 hasta el fin de sexenio\"}]},{\"@type\":\"WebSite\",\"@id\":\"https:\\\/\\\/centrourbano.com\\\/revista\\\/#website\",\"url\":\"https:\\\/\\\/centrourbano.com\\\/revista\\\/\",\"name\":\"Centro Urbano\",\"description\":\"Medio especializado en los sectores vivienda, inmobiliario, construcci\u00f3n, arquitectura y urbanismo.\",\"publisher\":{\"@id\":\"https:\\\/\\\/centrourbano.com\\\/revista\\\/#organization\"},\"potentialAction\":[{\"@type\":\"SearchAction\",\"target\":{\"@type\":\"EntryPoint\",\"urlTemplate\":\"https:\\\/\\\/centrourbano.com\\\/revista\\\/?s={search_term_string}\"},\"query-input\":{\"@type\":\"PropertyValueSpecification\",\"valueRequired\":true,\"valueName\":\"search_term_string\"}}],\"inLanguage\":\"es\"},{\"@type\":\"Organization\",\"@id\":\"https:\\\/\\\/centrourbano.com\\\/revista\\\/#organization\",\"name\":\"Centro Urbano\",\"url\":\"https:\\\/\\\/centrourbano.com\\\/revista\\\/\",\"logo\":{\"@type\":\"ImageObject\",\"inLanguage\":\"es\",\"@id\":\"https:\\\/\\\/centrourbano.com\\\/revista\\\/#\\\/schema\\\/logo\\\/image\\\/\",\"url\":\"https:\\\/\\\/centrourbano.com\\\/revista\\\/wp-content\\\/uploads\\\/web_CU_logo-1.png\",\"contentUrl\":\"https:\\\/\\\/centrourbano.com\\\/revista\\\/wp-content\\\/uploads\\\/web_CU_logo-1.png\",\"width\":350,\"height\":91,\"caption\":\"Centro Urbano\"},\"image\":{\"@id\":\"https:\\\/\\\/centrourbano.com\\\/revista\\\/#\\\/schema\\\/logo\\\/image\\\/\"},\"sameAs\":[\"https:\\\/\\\/www.facebook.com\\\/portalcentrourbano\",\"https:\\\/\\\/x.com\\\/CentroUrbano\",\"https:\\\/\\\/www.instagram.com\\\/centro_urbano\\\/\",\"https:\\\/\\\/www.linkedin.com\\\/company\\\/centro-urbano\\\/\",\"http:\\\/\\\/www.youtube.com\\\/user\\\/portalcentrourbano\"]},{\"@type\":\"Person\",\"@id\":\"https:\\\/\\\/centrourbano.com\\\/revista\\\/#\\\/schema\\\/person\\\/370fa0ba2d8dd5bde3fdb8b62ad360aa\",\"name\":\"G4A\",\"image\":{\"@type\":\"ImageObject\",\"inLanguage\":\"es\",\"@id\":\"https:\\\/\\\/secure.gravatar.com\\\/avatar\\\/932a97121b13d5de5bbd8193c6c83d3b92c9eda0f39623607d4280e7a5778d97?s=96&d=mm&r=g\",\"url\":\"https:\\\/\\\/secure.gravatar.com\\\/avatar\\\/932a97121b13d5de5bbd8193c6c83d3b92c9eda0f39623607d4280e7a5778d97?s=96&d=mm&r=g\",\"contentUrl\":\"https:\\\/\\\/secure.gravatar.com\\\/avatar\\\/932a97121b13d5de5bbd8193c6c83d3b92c9eda0f39623607d4280e7a5778d97?s=96&d=mm&r=g\",\"caption\":\"G4A\"},\"url\":\"https:\\\/\\\/centrourbano.com\\\/revista\\\/author\\\/admin-g4a\\\/\"}]}<\/script>\n<!-- \/ Yoast SEO plugin. -->","yoast_head_json":{"title":"Tu Ciudad Te Re-Quiere permanecer\u00e1 hasta el fin de sexenio -","description":"&nbsp; Con el fin de continuar con los trabajos necesarios para mejorar la imagen urbana de la ciudad de M\u00e9xico En el marco de la vig\u00e9sima s\u00e9ptima jornada","robots":{"index":"index","follow":"follow","max-snippet":"max-snippet:-1","max-image-preview":"max-image-preview:large","max-video-preview":"max-video-preview:-1"},"canonical":"https:\/\/centrourbano.com\/revista\/urbanismo\/tu-ciudad-te-re-quiere-permanecera-hasta-el-fin-de-sexenio\/","og_locale":"es_ES","og_type":"article","og_title":"Tu Ciudad Te Re-Quiere permanecer\u00e1 hasta el fin de sexenio -","og_description":"&nbsp; Con el fin de continuar con los trabajos necesarios para mejorar la imagen urbana de la ciudad de M\u00e9xico En el marco de la vig\u00e9sima s\u00e9ptima jornada","og_url":"https:\/\/centrourbano.com\/revista\/urbanismo\/tu-ciudad-te-re-quiere-permanecera-hasta-el-fin-de-sexenio\/","og_site_name":"Centro Urbano","article_publisher":"https:\/\/www.facebook.com\/portalcentrourbano","article_published_time":"2014-09-01T16:59:02+00:00","og_image":[{"width":350,"height":91,"url":"https:\/\/centrourbano.com\/revista\/wp-content\/uploads\/CU-logo.png","type":"image\/png"}],"author":"G4A","twitter_card":"summary_large_image","twitter_creator":"@CentroUrbano","twitter_site":"@CentroUrbano","twitter_misc":{"Escrito por":"G4A","Tiempo de lectura":"1 minuto"},"schema":{"@context":"https:\/\/schema.org","@graph":[{"@type":"Article","@id":"https:\/\/centrourbano.com\/revista\/urbanismo\/tu-ciudad-te-re-quiere-permanecera-hasta-el-fin-de-sexenio\/#article","isPartOf":{"@id":"https:\/\/centrourbano.com\/revista\/urbanismo\/tu-ciudad-te-re-quiere-permanecera-hasta-el-fin-de-sexenio\/"},"author":{"name":"G4A","@id":"https:\/\/centrourbano.com\/revista\/#\/schema\/person\/370fa0ba2d8dd5bde3fdb8b62ad360aa"},"headline":"Tu Ciudad Te Re-Quiere permanecer\u00e1 hasta el fin de sexenio","datePublished":"2014-09-01T16:59:02+00:00","mainEntityOfPage":{"@id":"https:\/\/centrourbano.com\/revista\/urbanismo\/tu-ciudad-te-re-quiere-permanecera-hasta-el-fin-de-sexenio\/"},"wordCount":265,"commentCount":0,"publisher":{"@id":"https:\/\/centrourbano.com\/revista\/#organization"},"keywords":["CDMX","Decisiones por Colonia","Miguel \u00c1ngel Mancera","Parque La Arboleda","Tu ciudad te re-quiere"],"articleSection":["Urbanismo"],"inLanguage":"es"},{"@type":"WebPage","@id":"https:\/\/centrourbano.com\/revista\/urbanismo\/tu-ciudad-te-re-quiere-permanecera-hasta-el-fin-de-sexenio\/","url":"https:\/\/centrourbano.com\/revista\/urbanismo\/tu-ciudad-te-re-quiere-permanecera-hasta-el-fin-de-sexenio\/","name":"Tu Ciudad Te Re-Quiere permanecer\u00e1 hasta el fin de sexenio -","isPartOf":{"@id":"https:\/\/centrourbano.com\/revista\/#website"},"datePublished":"2014-09-01T16:59:02+00:00","description":"&nbsp; Con el fin de continuar con los trabajos necesarios para mejorar la imagen urbana de la ciudad de M\u00e9xico En el marco de la vig\u00e9sima s\u00e9ptima jornada","breadcrumb":{"@id":"https:\/\/centrourbano.com\/revista\/urbanismo\/tu-ciudad-te-re-quiere-permanecera-hasta-el-fin-de-sexenio\/#breadcrumb"},"inLanguage":"es","potentialAction":[{"@type":"ReadAction","target":["https:\/\/centrourbano.com\/revista\/urbanismo\/tu-ciudad-te-re-quiere-permanecera-hasta-el-fin-de-sexenio\/"]}]},{"@type":"BreadcrumbList","@id":"https:\/\/centrourbano.com\/revista\/urbanismo\/tu-ciudad-te-re-quiere-permanecera-hasta-el-fin-de-sexenio\/#breadcrumb","itemListElement":[{"@type":"ListItem","position":1,"name":"Portada","item":"https:\/\/centrourbano.com\/revista\/"},{"@type":"ListItem","position":2,"name":"Tu Ciudad Te Re-Quiere permanecer\u00e1 hasta el fin de sexenio"}]},{"@type":"WebSite","@id":"https:\/\/centrourbano.com\/revista\/#website","url":"https:\/\/centrourbano.com\/revista\/","name":"Centro Urbano","description":"Medio especializado en los sectores vivienda, inmobiliario, construcci\u00f3n, arquitectura y urbanismo.","publisher":{"@id":"https:\/\/centrourbano.com\/revista\/#organization"},"potentialAction":[{"@type":"SearchAction","target":{"@type":"EntryPoint","urlTemplate":"https:\/\/centrourbano.com\/revista\/?s={search_term_string}"},"query-input":{"@type":"PropertyValueSpecification","valueRequired":true,"valueName":"search_term_string"}}],"inLanguage":"es"},{"@type":"Organization","@id":"https:\/\/centrourbano.com\/revista\/#organization","name":"Centro Urbano","url":"https:\/\/centrourbano.com\/revista\/","logo":{"@type":"ImageObject","inLanguage":"es","@id":"https:\/\/centrourbano.com\/revista\/#\/schema\/logo\/image\/","url":"https:\/\/centrourbano.com\/revista\/wp-content\/uploads\/web_CU_logo-1.png","contentUrl":"https:\/\/centrourbano.com\/revista\/wp-content\/uploads\/web_CU_logo-1.png","width":350,"height":91,"caption":"Centro Urbano"},"image":{"@id":"https:\/\/centrourbano.com\/revista\/#\/schema\/logo\/image\/"},"sameAs":["https:\/\/www.facebook.com\/portalcentrourbano","https:\/\/x.com\/CentroUrbano","https:\/\/www.instagram.com\/centro_urbano\/","https:\/\/www.linkedin.com\/company\/centro-urbano\/","http:\/\/www.youtube.com\/user\/portalcentrourbano"]},{"@type":"Person","@id":"https:\/\/centrourbano.com\/revista\/#\/schema\/person\/370fa0ba2d8dd5bde3fdb8b62ad360aa","name":"G4A","image":{"@type":"ImageObject","inLanguage":"es","@id":"https:\/\/secure.gravatar.com\/avatar\/932a97121b13d5de5bbd8193c6c83d3b92c9eda0f39623607d4280e7a5778d97?s=96&d=mm&r=g","url":"https:\/\/secure.gravatar.com\/avatar\/932a97121b13d5de5bbd8193c6c83d3b92c9eda0f39623607d4280e7a5778d97?s=96&d=mm&r=g","contentUrl":"https:\/\/secure.gravatar.com\/avatar\/932a97121b13d5de5bbd8193c6c83d3b92c9eda0f39623607d4280e7a5778d97?s=96&d=mm&r=g","caption":"G4A"},"url":"https:\/\/centrourbano.com\/revista\/author\/admin-g4a\/"}]}},"_links":{"self":[{"href":"https:\/\/centrourbano.com\/revista\/wp-json\/wp\/v2\/posts\/10292","targetHints":{"allow":["GET"]}}],"collection":[{"href":"https:\/\/centrourbano.com\/revista\/wp-json\/wp\/v2\/posts"}],"about":[{"href":"https:\/\/centrourbano.com\/revista\/wp-json\/wp\/v2\/types\/post"}],"author":[{"embeddable":true,"href":"https:\/\/centrourbano.com\/revista\/wp-json\/wp\/v2\/users\/77"}],"replies":[{"embeddable":true,"href":"https:\/\/centrourbano.com\/revista\/wp-json\/wp\/v2\/comments?post=10292"}],"version-history":[{"count":0,"href":"https:\/\/centrourbano.com\/revista\/wp-json\/wp\/v2\/posts\/10292\/revisions"}],"wp:attachment":[{"href":"https:\/\/centrourbano.com\/revista\/wp-json\/wp\/v2\/media?parent=10292"}],"wp:term":[{"taxonomy":"category","embeddable":true,"href":"https:\/\/centrourbano.com\/revista\/wp-json\/wp\/v2\/categories?post=10292"},{"taxonomy":"post_tag","embeddable":true,"href":"https:\/\/centrourbano.com\/revista\/wp-json\/wp\/v2\/tags?post=10292"}],"curies":[{"name":"wp","href":"https:\/\/api.w.org\/{rel}","templated":true}]}}