{"id":102885,"date":"2020-02-18T08:24:04","date_gmt":"2020-02-18T14:24:04","guid":{"rendered":"https:\/\/centrourbano.com\/?p=102885"},"modified":"2020-02-18T08:24:04","modified_gmt":"2020-02-18T14:24:04","slug":"ecobici-10-anos-cdmx","status":"publish","type":"post","link":"https:\/\/centrourbano.com\/revista\/urbanismo\/ecobici-10-anos-cdmx\/","title":{"rendered":"Celebra Ecobici 10 a\u00f1os de operaciones en la CDMX"},"content":{"rendered":"<p><em>En una d\u00e9cada de operaciones, los usuarios de Ecobici han recorrido un total de 101.5 millones de kil\u00f3metros; lo que equivale a darle 2,534 vueltas a la Tierra<\/em><!--more--><\/p>\n<p>El servicio de bicicletas p\u00fablicas <strong>Ecobici<\/strong> celebra el <strong>d\u00e9cimo aniversario<\/strong> del inicio de sus operaciones en la Ciudad de M\u00e9xico; con m\u00e1s de <strong>300,000 usuarios<\/strong>, <strong>480 cicloestaciones<\/strong> y <strong>6,500 bicicletas<\/strong> en las alcald\u00edas Benito Ju\u00e1rez, Miguel Hidalgo y Cuauht\u00e9moc.<\/p>\n<p><strong>Ecobici<\/strong> inici\u00f3 operaciones el 16 de febrero de 2010, con 85 estaciones y 1,100 bicicletas en la alcald\u00eda Cuauht\u00e9moc; y, actualmente, se realizan cerca de <strong>30,000 viajes diariamente<\/strong>. Adem\u00e1s de que, durante toda la d\u00e9cada los usuarios han recorrido un total de <strong>101.5 millones de kil\u00f3metros<\/strong>; lo que equivale a darle 2,534 vueltas a la Tierra.<\/p>\n<p>Al respecto, la <strong>directora general de Seguridad Vial y Sistemas de Movilidad Urbana Sustentable, Fernanda Rivera<\/strong>, destac\u00f3 que el \u00e9xito de <strong>Ecobici<\/strong> se debe a <strong>tres grandes componentes.<\/strong>\u00a0\u201cUno, el que vemos todos los d\u00edas en las calles, las bicicletas, las cicloestaciones; el segundo son todos los usuarios que han decidido hacer de <strong>Ecobici<\/strong> su modo de transporte habitual en la Ciudad de M\u00e9xico; y el tercer componente son todas y todos los que estamos aqu\u00ed, el equipo de supervisi\u00f3n, operadores, mec\u00e1nicos, <em>call center<\/em>, centro de atenci\u00f3n a clientes, que hacen que la magia suceda diariamente\u201d.<\/p>\n<p>Por su parte, el <strong>secretario de Movilidad (Semovi), Andr\u00e9s Lajous Loaeza<\/strong>, precis\u00f3 que el servicio de <a href=\"https:\/\/www.ecobici.cdmx.gob.mx\/\" target=\"_blank\" rel=\"noopener noreferrer\">bicicletas<\/a> ha evolucionado a lo largo de la d\u00e9cada; por ejemplo, pas\u00f3 a formar parte de la <a href=\"https:\/\/centrourbano.com\/2019\/04\/17\/sistema-movilidad-integrada-clave-politica-movilidad\/\" target=\"_blank\" rel=\"noopener noreferrer\"><strong>Red de Movilidad Integrada<\/strong><\/a> de la CDMX.<\/p>\n<p>Asimismo, anunci\u00f3 que este a\u00f1o comenzar\u00e1 un <strong>proceso de licitaci\u00f3n<\/strong>; con el cual se busca seguir mejorando esta opci\u00f3n de movilidad:<\/p>\n<p>\u201cNosotros estamos proponiendo que, al final de esta administraci\u00f3n, tengamos <strong>10,000 bicicletas <\/strong>en un pol\u00edgono de casi 70 kil\u00f3metros cuadrados. Hoy, <strong>Ecobici<\/strong> tiene alrededor de 30,000 viajes diarios, pero creemos que podemos duplicarlos a <strong>60,000 viajes diarios<\/strong> en promedio. Tuvimos 66 millones de viajes hist\u00f3ricamente y creemos que, en los pr\u00f3ximos diez a\u00f1os, podemos tener m\u00e1s del doble de viajes acumulados\u201d.<\/p>\n","protected":false},"excerpt":{"rendered":"<p>En una d\u00e9cada de operaciones, los usuarios de Ecobici han recorrido un total de 101.5 millones de kil\u00f3metros; lo que equivale a darle 2,534 vueltas a la Tierra<\/p>\n","protected":false},"author":73,"featured_media":102888,"comment_status":"open","ping_status":"closed","sticky":false,"template":"","format":"standard","meta":{"om_disable_all_campaigns":false,"inline_featured_image":false,"_monsterinsights_skip_tracking":false,"_monsterinsights_sitenote_active":false,"_monsterinsights_sitenote_note":"","_monsterinsights_sitenote_category":0,"footnotes":""},"categories":[82],"tags":[17555,606,248,15822,2196],"class_list":["post-102885","post","type-post","status-publish","format-standard","has-post-thumbnail","hentry","category-urbanismo","tag-10-anos","tag-cdmx","tag-ecobici","tag-red-de-movilidad-integrada","tag-semovi"],"yoast_head":"<!-- This site is optimized with the Yoast SEO plugin v27.4 - https:\/\/yoast.com\/product\/yoast-seo-wordpress\/ -->\n<title>Celebra Ecobici 10 a\u00f1os de operaciones en la CDMX<\/title>\n<meta name=\"description\" content=\"En una d\u00e9cada de operaciones, los usuarios de Ecobici han recorrido un total de 101.5 millones de km; lo que equivale a darle 2,534 vueltas a la Tierra\" \/>\n<meta name=\"robots\" content=\"index, follow, max-snippet:-1, max-image-preview:large, max-video-preview:-1\" \/>\n<link rel=\"canonical\" href=\"https:\/\/centrourbano.com\/revista\/urbanismo\/ecobici-10-anos-cdmx\/\" \/>\n<meta property=\"og:locale\" content=\"es_ES\" \/>\n<meta property=\"og:type\" content=\"article\" \/>\n<meta property=\"og:title\" content=\"Celebra Ecobici 10 a\u00f1os de operaciones en la CDMX\" \/>\n<meta property=\"og:description\" content=\"En una d\u00e9cada de operaciones, los usuarios de Ecobici han recorrido un total de 101.5 millones de km; lo que equivale a darle 2,534 vueltas a la Tierra\" \/>\n<meta property=\"og:url\" content=\"https:\/\/centrourbano.com\/revista\/urbanismo\/ecobici-10-anos-cdmx\/\" \/>\n<meta property=\"og:site_name\" content=\"Centro Urbano\" \/>\n<meta property=\"article:publisher\" content=\"https:\/\/www.facebook.com\/portalcentrourbano\" \/>\n<meta property=\"article:published_time\" content=\"2020-02-18T14:24:04+00:00\" \/>\n<meta property=\"og:image\" content=\"https:\/\/centrourbano.com\/revista\/wp-content\/uploads\/Celebra-Ecobici-10-a\u00f1os-de-operaciones-en-la-CDMX.jpg\" \/>\n\t<meta property=\"og:image:width\" content=\"805\" \/>\n\t<meta property=\"og:image:height\" content=\"492\" \/>\n\t<meta property=\"og:image:type\" content=\"image\/jpeg\" \/>\n<meta name=\"author\" content=\"Fernanda Hern\u00e1ndez\" \/>\n<meta name=\"twitter:card\" content=\"summary_large_image\" \/>\n<meta name=\"twitter:creator\" content=\"@https:\/\/twitter.com\/Nannz_Hernandez\" \/>\n<meta name=\"twitter:site\" content=\"@CentroUrbano\" \/>\n<meta name=\"twitter:label1\" content=\"Escrito por\" \/>\n\t<meta name=\"twitter:data1\" content=\"Fernanda Hern\u00e1ndez\" \/>\n\t<meta name=\"twitter:label2\" content=\"Tiempo de lectura\" \/>\n\t<meta name=\"twitter:data2\" content=\"2 minutos\" \/>\n<script type=\"application\/ld+json\" class=\"yoast-schema-graph\">{\"@context\":\"https:\\\/\\\/schema.org\",\"@graph\":[{\"@type\":\"Article\",\"@id\":\"https:\\\/\\\/centrourbano.com\\\/revista\\\/urbanismo\\\/ecobici-10-anos-cdmx\\\/#article\",\"isPartOf\":{\"@id\":\"https:\\\/\\\/centrourbano.com\\\/revista\\\/urbanismo\\\/ecobici-10-anos-cdmx\\\/\"},\"author\":{\"name\":\"Fernanda Hern\u00e1ndez\",\"@id\":\"https:\\\/\\\/centrourbano.com\\\/revista\\\/#\\\/schema\\\/person\\\/b190b20bbbceb41ec72278c546fa8df3\"},\"headline\":\"Celebra Ecobici 10 a\u00f1os de operaciones en la CDMX\",\"datePublished\":\"2020-02-18T14:24:04+00:00\",\"mainEntityOfPage\":{\"@id\":\"https:\\\/\\\/centrourbano.com\\\/revista\\\/urbanismo\\\/ecobici-10-anos-cdmx\\\/\"},\"wordCount\":364,\"commentCount\":0,\"publisher\":{\"@id\":\"https:\\\/\\\/centrourbano.com\\\/revista\\\/#organization\"},\"image\":{\"@id\":\"https:\\\/\\\/centrourbano.com\\\/revista\\\/urbanismo\\\/ecobici-10-anos-cdmx\\\/#primaryimage\"},\"thumbnailUrl\":\"https:\\\/\\\/centrourbano.com\\\/revista\\\/wp-content\\\/uploads\\\/Celebra-Ecobici-10-a\u00f1os-de-operaciones-en-la-CDMX.jpg\",\"keywords\":[\"10 a\u00f1os\",\"CDMX\",\"ecoBici\",\"Red de Movilidad Integrada\",\"Semovi\"],\"articleSection\":[\"Urbanismo\"],\"inLanguage\":\"es\",\"potentialAction\":[{\"@type\":\"CommentAction\",\"name\":\"Comment\",\"target\":[\"https:\\\/\\\/centrourbano.com\\\/revista\\\/urbanismo\\\/ecobici-10-anos-cdmx\\\/#respond\"]}]},{\"@type\":\"WebPage\",\"@id\":\"https:\\\/\\\/centrourbano.com\\\/revista\\\/urbanismo\\\/ecobici-10-anos-cdmx\\\/\",\"url\":\"https:\\\/\\\/centrourbano.com\\\/revista\\\/urbanismo\\\/ecobici-10-anos-cdmx\\\/\",\"name\":\"Celebra Ecobici 10 a\u00f1os de operaciones en la CDMX\",\"isPartOf\":{\"@id\":\"https:\\\/\\\/centrourbano.com\\\/revista\\\/#website\"},\"primaryImageOfPage\":{\"@id\":\"https:\\\/\\\/centrourbano.com\\\/revista\\\/urbanismo\\\/ecobici-10-anos-cdmx\\\/#primaryimage\"},\"image\":{\"@id\":\"https:\\\/\\\/centrourbano.com\\\/revista\\\/urbanismo\\\/ecobici-10-anos-cdmx\\\/#primaryimage\"},\"thumbnailUrl\":\"https:\\\/\\\/centrourbano.com\\\/revista\\\/wp-content\\\/uploads\\\/Celebra-Ecobici-10-a\u00f1os-de-operaciones-en-la-CDMX.jpg\",\"datePublished\":\"2020-02-18T14:24:04+00:00\",\"description\":\"En una d\u00e9cada de operaciones, los usuarios de Ecobici han recorrido un total de 101.5 millones de km; lo que equivale a darle 2,534 vueltas a la Tierra\",\"breadcrumb\":{\"@id\":\"https:\\\/\\\/centrourbano.com\\\/revista\\\/urbanismo\\\/ecobici-10-anos-cdmx\\\/#breadcrumb\"},\"inLanguage\":\"es\",\"potentialAction\":[{\"@type\":\"ReadAction\",\"target\":[\"https:\\\/\\\/centrourbano.com\\\/revista\\\/urbanismo\\\/ecobici-10-anos-cdmx\\\/\"]}]},{\"@type\":\"ImageObject\",\"inLanguage\":\"es\",\"@id\":\"https:\\\/\\\/centrourbano.com\\\/revista\\\/urbanismo\\\/ecobici-10-anos-cdmx\\\/#primaryimage\",\"url\":\"https:\\\/\\\/centrourbano.com\\\/revista\\\/wp-content\\\/uploads\\\/Celebra-Ecobici-10-a\u00f1os-de-operaciones-en-la-CDMX.jpg\",\"contentUrl\":\"https:\\\/\\\/centrourbano.com\\\/revista\\\/wp-content\\\/uploads\\\/Celebra-Ecobici-10-a\u00f1os-de-operaciones-en-la-CDMX.jpg\",\"width\":805,\"height\":492,\"caption\":\"En una d\u00e9cada de operaciones, los usuarios de Ecobici han recorrido un total de 101.5 millones de km; lo que equivale a darle 2,534 vueltas a la Tierra\"},{\"@type\":\"BreadcrumbList\",\"@id\":\"https:\\\/\\\/centrourbano.com\\\/revista\\\/urbanismo\\\/ecobici-10-anos-cdmx\\\/#breadcrumb\",\"itemListElement\":[{\"@type\":\"ListItem\",\"position\":1,\"name\":\"Portada\",\"item\":\"https:\\\/\\\/centrourbano.com\\\/revista\\\/\"},{\"@type\":\"ListItem\",\"position\":2,\"name\":\"Celebra Ecobici 10 a\u00f1os de operaciones en la CDMX\"}]},{\"@type\":\"WebSite\",\"@id\":\"https:\\\/\\\/centrourbano.com\\\/revista\\\/#website\",\"url\":\"https:\\\/\\\/centrourbano.com\\\/revista\\\/\",\"name\":\"Centro Urbano\",\"description\":\"Medio especializado en los sectores vivienda, inmobiliario, construcci\u00f3n, arquitectura y urbanismo.\",\"publisher\":{\"@id\":\"https:\\\/\\\/centrourbano.com\\\/revista\\\/#organization\"},\"potentialAction\":[{\"@type\":\"SearchAction\",\"target\":{\"@type\":\"EntryPoint\",\"urlTemplate\":\"https:\\\/\\\/centrourbano.com\\\/revista\\\/?s={search_term_string}\"},\"query-input\":{\"@type\":\"PropertyValueSpecification\",\"valueRequired\":true,\"valueName\":\"search_term_string\"}}],\"inLanguage\":\"es\"},{\"@type\":\"Organization\",\"@id\":\"https:\\\/\\\/centrourbano.com\\\/revista\\\/#organization\",\"name\":\"Centro Urbano\",\"url\":\"https:\\\/\\\/centrourbano.com\\\/revista\\\/\",\"logo\":{\"@type\":\"ImageObject\",\"inLanguage\":\"es\",\"@id\":\"https:\\\/\\\/centrourbano.com\\\/revista\\\/#\\\/schema\\\/logo\\\/image\\\/\",\"url\":\"https:\\\/\\\/centrourbano.com\\\/revista\\\/wp-content\\\/uploads\\\/web_CU_logo-1.png\",\"contentUrl\":\"https:\\\/\\\/centrourbano.com\\\/revista\\\/wp-content\\\/uploads\\\/web_CU_logo-1.png\",\"width\":350,\"height\":91,\"caption\":\"Centro Urbano\"},\"image\":{\"@id\":\"https:\\\/\\\/centrourbano.com\\\/revista\\\/#\\\/schema\\\/logo\\\/image\\\/\"},\"sameAs\":[\"https:\\\/\\\/www.facebook.com\\\/portalcentrourbano\",\"https:\\\/\\\/x.com\\\/CentroUrbano\",\"https:\\\/\\\/www.instagram.com\\\/centro_urbano\\\/\",\"https:\\\/\\\/www.linkedin.com\\\/company\\\/centro-urbano\\\/\",\"http:\\\/\\\/www.youtube.com\\\/user\\\/portalcentrourbano\"]},{\"@type\":\"Person\",\"@id\":\"https:\\\/\\\/centrourbano.com\\\/revista\\\/#\\\/schema\\\/person\\\/b190b20bbbceb41ec72278c546fa8df3\",\"name\":\"Fernanda Hern\u00e1ndez\",\"image\":{\"@type\":\"ImageObject\",\"inLanguage\":\"es\",\"@id\":\"https:\\\/\\\/secure.gravatar.com\\\/avatar\\\/9471831fb0a24eae9d32d826a7cb8ef07c34a41520aca1a0ab1f5c0903ba49b9?s=96&d=mm&r=g\",\"url\":\"https:\\\/\\\/secure.gravatar.com\\\/avatar\\\/9471831fb0a24eae9d32d826a7cb8ef07c34a41520aca1a0ab1f5c0903ba49b9?s=96&d=mm&r=g\",\"contentUrl\":\"https:\\\/\\\/secure.gravatar.com\\\/avatar\\\/9471831fb0a24eae9d32d826a7cb8ef07c34a41520aca1a0ab1f5c0903ba49b9?s=96&d=mm&r=g\",\"caption\":\"Fernanda Hern\u00e1ndez\"},\"description\":\"Reportera y redactora en Centro Urbano. Soy egresada de la licenciatura en Ciencias de la Comunicaci\u00f3n de la Facultad de Ciencias Pol\u00edticas y Sociales (UNAM). Me interesa la cultura, el urbanismo y la arquitectura. Amante del mundo digital, el cine, la m\u00fasica, la lectura y la escritura.\",\"sameAs\":[\"https:\\\/\\\/x.com\\\/https:\\\/\\\/twitter.com\\\/Nannz_Hernandez\"],\"url\":\"https:\\\/\\\/centrourbano.com\\\/revista\\\/author\\\/fernanda-hernandez\\\/\"}]}<\/script>\n<!-- \/ Yoast SEO plugin. -->","yoast_head_json":{"title":"Celebra Ecobici 10 a\u00f1os de operaciones en la CDMX","description":"En una d\u00e9cada de operaciones, los usuarios de Ecobici han recorrido un total de 101.5 millones de km; lo que equivale a darle 2,534 vueltas a la Tierra","robots":{"index":"index","follow":"follow","max-snippet":"max-snippet:-1","max-image-preview":"max-image-preview:large","max-video-preview":"max-video-preview:-1"},"canonical":"https:\/\/centrourbano.com\/revista\/urbanismo\/ecobici-10-anos-cdmx\/","og_locale":"es_ES","og_type":"article","og_title":"Celebra Ecobici 10 a\u00f1os de operaciones en la CDMX","og_description":"En una d\u00e9cada de operaciones, los usuarios de Ecobici han recorrido un total de 101.5 millones de km; lo que equivale a darle 2,534 vueltas a la Tierra","og_url":"https:\/\/centrourbano.com\/revista\/urbanismo\/ecobici-10-anos-cdmx\/","og_site_name":"Centro Urbano","article_publisher":"https:\/\/www.facebook.com\/portalcentrourbano","article_published_time":"2020-02-18T14:24:04+00:00","og_image":[{"width":805,"height":492,"url":"https:\/\/centrourbano.com\/revista\/wp-content\/uploads\/Celebra-Ecobici-10-a\u00f1os-de-operaciones-en-la-CDMX.jpg","type":"image\/jpeg"}],"author":"Fernanda Hern\u00e1ndez","twitter_card":"summary_large_image","twitter_creator":"@https:\/\/twitter.com\/Nannz_Hernandez","twitter_site":"@CentroUrbano","twitter_misc":{"Escrito por":"Fernanda Hern\u00e1ndez","Tiempo de lectura":"2 minutos"},"schema":{"@context":"https:\/\/schema.org","@graph":[{"@type":"Article","@id":"https:\/\/centrourbano.com\/revista\/urbanismo\/ecobici-10-anos-cdmx\/#article","isPartOf":{"@id":"https:\/\/centrourbano.com\/revista\/urbanismo\/ecobici-10-anos-cdmx\/"},"author":{"name":"Fernanda Hern\u00e1ndez","@id":"https:\/\/centrourbano.com\/revista\/#\/schema\/person\/b190b20bbbceb41ec72278c546fa8df3"},"headline":"Celebra Ecobici 10 a\u00f1os de operaciones en la CDMX","datePublished":"2020-02-18T14:24:04+00:00","mainEntityOfPage":{"@id":"https:\/\/centrourbano.com\/revista\/urbanismo\/ecobici-10-anos-cdmx\/"},"wordCount":364,"commentCount":0,"publisher":{"@id":"https:\/\/centrourbano.com\/revista\/#organization"},"image":{"@id":"https:\/\/centrourbano.com\/revista\/urbanismo\/ecobici-10-anos-cdmx\/#primaryimage"},"thumbnailUrl":"https:\/\/centrourbano.com\/revista\/wp-content\/uploads\/Celebra-Ecobici-10-a\u00f1os-de-operaciones-en-la-CDMX.jpg","keywords":["10 a\u00f1os","CDMX","ecoBici","Red de Movilidad Integrada","Semovi"],"articleSection":["Urbanismo"],"inLanguage":"es","potentialAction":[{"@type":"CommentAction","name":"Comment","target":["https:\/\/centrourbano.com\/revista\/urbanismo\/ecobici-10-anos-cdmx\/#respond"]}]},{"@type":"WebPage","@id":"https:\/\/centrourbano.com\/revista\/urbanismo\/ecobici-10-anos-cdmx\/","url":"https:\/\/centrourbano.com\/revista\/urbanismo\/ecobici-10-anos-cdmx\/","name":"Celebra Ecobici 10 a\u00f1os de operaciones en la CDMX","isPartOf":{"@id":"https:\/\/centrourbano.com\/revista\/#website"},"primaryImageOfPage":{"@id":"https:\/\/centrourbano.com\/revista\/urbanismo\/ecobici-10-anos-cdmx\/#primaryimage"},"image":{"@id":"https:\/\/centrourbano.com\/revista\/urbanismo\/ecobici-10-anos-cdmx\/#primaryimage"},"thumbnailUrl":"https:\/\/centrourbano.com\/revista\/wp-content\/uploads\/Celebra-Ecobici-10-a\u00f1os-de-operaciones-en-la-CDMX.jpg","datePublished":"2020-02-18T14:24:04+00:00","description":"En una d\u00e9cada de operaciones, los usuarios de Ecobici han recorrido un total de 101.5 millones de km; lo que equivale a darle 2,534 vueltas a la Tierra","breadcrumb":{"@id":"https:\/\/centrourbano.com\/revista\/urbanismo\/ecobici-10-anos-cdmx\/#breadcrumb"},"inLanguage":"es","potentialAction":[{"@type":"ReadAction","target":["https:\/\/centrourbano.com\/revista\/urbanismo\/ecobici-10-anos-cdmx\/"]}]},{"@type":"ImageObject","inLanguage":"es","@id":"https:\/\/centrourbano.com\/revista\/urbanismo\/ecobici-10-anos-cdmx\/#primaryimage","url":"https:\/\/centrourbano.com\/revista\/wp-content\/uploads\/Celebra-Ecobici-10-a\u00f1os-de-operaciones-en-la-CDMX.jpg","contentUrl":"https:\/\/centrourbano.com\/revista\/wp-content\/uploads\/Celebra-Ecobici-10-a\u00f1os-de-operaciones-en-la-CDMX.jpg","width":805,"height":492,"caption":"En una d\u00e9cada de operaciones, los usuarios de Ecobici han recorrido un total de 101.5 millones de km; lo que equivale a darle 2,534 vueltas a la Tierra"},{"@type":"BreadcrumbList","@id":"https:\/\/centrourbano.com\/revista\/urbanismo\/ecobici-10-anos-cdmx\/#breadcrumb","itemListElement":[{"@type":"ListItem","position":1,"name":"Portada","item":"https:\/\/centrourbano.com\/revista\/"},{"@type":"ListItem","position":2,"name":"Celebra Ecobici 10 a\u00f1os de operaciones en la CDMX"}]},{"@type":"WebSite","@id":"https:\/\/centrourbano.com\/revista\/#website","url":"https:\/\/centrourbano.com\/revista\/","name":"Centro Urbano","description":"Medio especializado en los sectores vivienda, inmobiliario, construcci\u00f3n, arquitectura y urbanismo.","publisher":{"@id":"https:\/\/centrourbano.com\/revista\/#organization"},"potentialAction":[{"@type":"SearchAction","target":{"@type":"EntryPoint","urlTemplate":"https:\/\/centrourbano.com\/revista\/?s={search_term_string}"},"query-input":{"@type":"PropertyValueSpecification","valueRequired":true,"valueName":"search_term_string"}}],"inLanguage":"es"},{"@type":"Organization","@id":"https:\/\/centrourbano.com\/revista\/#organization","name":"Centro Urbano","url":"https:\/\/centrourbano.com\/revista\/","logo":{"@type":"ImageObject","inLanguage":"es","@id":"https:\/\/centrourbano.com\/revista\/#\/schema\/logo\/image\/","url":"https:\/\/centrourbano.com\/revista\/wp-content\/uploads\/web_CU_logo-1.png","contentUrl":"https:\/\/centrourbano.com\/revista\/wp-content\/uploads\/web_CU_logo-1.png","width":350,"height":91,"caption":"Centro Urbano"},"image":{"@id":"https:\/\/centrourbano.com\/revista\/#\/schema\/logo\/image\/"},"sameAs":["https:\/\/www.facebook.com\/portalcentrourbano","https:\/\/x.com\/CentroUrbano","https:\/\/www.instagram.com\/centro_urbano\/","https:\/\/www.linkedin.com\/company\/centro-urbano\/","http:\/\/www.youtube.com\/user\/portalcentrourbano"]},{"@type":"Person","@id":"https:\/\/centrourbano.com\/revista\/#\/schema\/person\/b190b20bbbceb41ec72278c546fa8df3","name":"Fernanda Hern\u00e1ndez","image":{"@type":"ImageObject","inLanguage":"es","@id":"https:\/\/secure.gravatar.com\/avatar\/9471831fb0a24eae9d32d826a7cb8ef07c34a41520aca1a0ab1f5c0903ba49b9?s=96&d=mm&r=g","url":"https:\/\/secure.gravatar.com\/avatar\/9471831fb0a24eae9d32d826a7cb8ef07c34a41520aca1a0ab1f5c0903ba49b9?s=96&d=mm&r=g","contentUrl":"https:\/\/secure.gravatar.com\/avatar\/9471831fb0a24eae9d32d826a7cb8ef07c34a41520aca1a0ab1f5c0903ba49b9?s=96&d=mm&r=g","caption":"Fernanda Hern\u00e1ndez"},"description":"Reportera y redactora en Centro Urbano. Soy egresada de la licenciatura en Ciencias de la Comunicaci\u00f3n de la Facultad de Ciencias Pol\u00edticas y Sociales (UNAM). Me interesa la cultura, el urbanismo y la arquitectura. Amante del mundo digital, el cine, la m\u00fasica, la lectura y la escritura.","sameAs":["https:\/\/x.com\/https:\/\/twitter.com\/Nannz_Hernandez"],"url":"https:\/\/centrourbano.com\/revista\/author\/fernanda-hernandez\/"}]}},"_links":{"self":[{"href":"https:\/\/centrourbano.com\/revista\/wp-json\/wp\/v2\/posts\/102885","targetHints":{"allow":["GET"]}}],"collection":[{"href":"https:\/\/centrourbano.com\/revista\/wp-json\/wp\/v2\/posts"}],"about":[{"href":"https:\/\/centrourbano.com\/revista\/wp-json\/wp\/v2\/types\/post"}],"author":[{"embeddable":true,"href":"https:\/\/centrourbano.com\/revista\/wp-json\/wp\/v2\/users\/73"}],"replies":[{"embeddable":true,"href":"https:\/\/centrourbano.com\/revista\/wp-json\/wp\/v2\/comments?post=102885"}],"version-history":[{"count":1,"href":"https:\/\/centrourbano.com\/revista\/wp-json\/wp\/v2\/posts\/102885\/revisions"}],"predecessor-version":[{"id":102890,"href":"https:\/\/centrourbano.com\/revista\/wp-json\/wp\/v2\/posts\/102885\/revisions\/102890"}],"wp:featuredmedia":[{"embeddable":true,"href":"https:\/\/centrourbano.com\/revista\/wp-json\/wp\/v2\/media\/102888"}],"wp:attachment":[{"href":"https:\/\/centrourbano.com\/revista\/wp-json\/wp\/v2\/media?parent=102885"}],"wp:term":[{"taxonomy":"category","embeddable":true,"href":"https:\/\/centrourbano.com\/revista\/wp-json\/wp\/v2\/categories?post=102885"},{"taxonomy":"post_tag","embeddable":true,"href":"https:\/\/centrourbano.com\/revista\/wp-json\/wp\/v2\/tags?post=102885"}],"curies":[{"name":"wp","href":"https:\/\/api.w.org\/{rel}","templated":true}]}}