{"id":102693,"date":"2020-02-17T08:08:29","date_gmt":"2020-02-17T14:08:29","guid":{"rendered":"https:\/\/centrourbano.com\/?p=102693"},"modified":"2020-02-17T02:46:47","modified_gmt":"2020-02-17T08:46:47","slug":"recuperacion-del-rio-santiago-incluira-120-mdp-para-obra-publica","status":"publish","type":"post","link":"https:\/\/centrourbano.com\/revista\/construccion\/recuperacion-del-rio-santiago-incluira-120-mdp-para-obra-publica\/","title":{"rendered":"Recuperaci\u00f3n del R\u00edo Santiago incluir\u00e1 120 mdp para obra p\u00fablica"},"content":{"rendered":"<p><em>Una de las estrategias para la recuperaci\u00f3n del R\u00edo Santiago es la implementaci\u00f3n de obra p\u00fablica, que abarca la construcci\u00f3n de centros de salud y espacio p\u00fablico<\/em><\/p>\n<p><!--more--><\/p>\n<p>El gobierno del estado de Jalisco, a trav\u00e9s de la Secretar\u00eda de Infraestructura y Obra P\u00fablica (SIOP), present\u00f3 una serie de <strong>acciones encaminadas a la construcci\u00f3n, rehabilitaci\u00f3n y mantenimiento de infraestructura p\u00fablica<\/strong> en ocho municipios por donde pasa el R\u00edo Santiago.<\/p>\n<p>En el marco del <a href=\"https:\/\/centrourbano.com\/2020\/02\/10\/invertira-gobierno-de-jalisco-mas-de-2000-mdp-en-rescate-del-rio-santiago\/\">discurso reciente en torno a la <strong>recuperaci\u00f3n del R\u00edo Santiago<\/strong><\/a>, por parte del gobierno estatal, fue anunciada la <strong>rehabilitaci\u00f3n integral de escuelas, centros de salud, unidades y espacios p\u00fablicos diversos<\/strong>. Estas actividades se presentaron como un refuerzo a la estrategia estatal de <a href=\"https:\/\/www.jalisco.gob.mx\/es\/gobierno\/comunicados\/revive-el-rio-santiago-con-la-estrategia-integral-para-su-recuperacion\"><em>Revive el R\u00edo Santiago<\/em><\/a>.<\/p>\n<p>Para llevar a cabo estas obras se destinar\u00e1n <strong>120 millones de pesos (mdp), recursos que ser\u00f1an distribuidos en los municipios de<\/strong>\u00a0<strong>Ocotl\u00e1n, Poncitl\u00e1n, Zapotl\u00e1n del Rey, Juanacatl\u00e1n, El Salto, Tonal\u00e1, Arandas y Atotonilco el Alto.<\/strong><\/p>\n<p>En Ocotl\u00e1n se rehabilitar\u00e1 el parque ecol\u00f3gico; en Poncitl\u00e1n se construir\u00e1 un parque; en Zapotl\u00e1n del Rey y Juanacatl\u00e1n se construir\u00e1 un andador y una ciclov\u00eda. En tanto, en El Salto se rehabolitar\u00e1 la vialidad de ingreso; en Tonal\u00e1 y Arandas se rehabilitar\u00e1 un puente vehicular y en Atotonilco el Alto se rehabilitar\u00e1 una plaza p\u00fablica.<\/p>\n<p>&nbsp;<\/p>\n","protected":false},"excerpt":{"rendered":"<p>Una de las estrategias para la recuperaci\u00f3n del R\u00edo Santiago es la implementaci\u00f3n de obra p\u00fablica, que abarca la construcci\u00f3n de centros de salud y espacio p\u00fablico<\/p>\n","protected":false},"author":75,"featured_media":102694,"comment_status":"open","ping_status":"closed","sticky":false,"template":"","format":"standard","meta":{"om_disable_all_campaigns":false,"inline_featured_image":false,"_monsterinsights_skip_tracking":false,"_monsterinsights_sitenote_active":false,"_monsterinsights_sitenote_note":"","_monsterinsights_sitenote_category":0,"footnotes":""},"categories":[14,82],"tags":[1186,627,48,8293,17468,8556],"class_list":["post-102693","post","type-post","status-publish","format-standard","has-post-thumbnail","hentry","category-construccion","category-urbanismo","tag-centros-de-salud","tag-espacio-publico","tag-jalisco","tag-obra-publica","tag-rio-santiago","tag-siop"],"yoast_head":"<!-- This site is optimized with the Yoast SEO plugin v27.4 - https:\/\/yoast.com\/product\/yoast-seo-wordpress\/ -->\n<title>Recuperaci\u00f3n del R\u00edo Santiago incluir\u00e1 120 mdp para obra p\u00fablica<\/title>\n<meta name=\"description\" content=\"Una de las estrategias para la recuperaci\u00f3n del R\u00edo Santiago es la implementaci\u00f3n de obra p\u00fablica, abarca construcci\u00f3n de centros de salud y espacio p\u00fablico\" \/>\n<meta name=\"robots\" content=\"index, follow, max-snippet:-1, max-image-preview:large, max-video-preview:-1\" \/>\n<link rel=\"canonical\" href=\"https:\/\/centrourbano.com\/revista\/construccion\/recuperacion-del-rio-santiago-incluira-120-mdp-para-obra-publica\/\" \/>\n<meta property=\"og:locale\" content=\"es_ES\" \/>\n<meta property=\"og:type\" content=\"article\" \/>\n<meta property=\"og:title\" content=\"Recuperaci\u00f3n del R\u00edo Santiago incluir\u00e1 120 mdp para obra p\u00fablica\" \/>\n<meta property=\"og:description\" content=\"Una de las estrategias para la recuperaci\u00f3n del R\u00edo Santiago es la implementaci\u00f3n de obra p\u00fablica, abarca construcci\u00f3n de centros de salud y espacio p\u00fablico\" \/>\n<meta property=\"og:url\" content=\"https:\/\/centrourbano.com\/revista\/construccion\/recuperacion-del-rio-santiago-incluira-120-mdp-para-obra-publica\/\" \/>\n<meta property=\"og:site_name\" content=\"Centro Urbano\" \/>\n<meta property=\"article:publisher\" content=\"https:\/\/www.facebook.com\/portalcentrourbano\" \/>\n<meta property=\"article:published_time\" content=\"2020-02-17T14:08:29+00:00\" \/>\n<meta property=\"og:image\" content=\"https:\/\/centrourbano.com\/revista\/wp-content\/uploads\/Revive-el-R\u00edo-Santiago.jpeg\" \/>\n\t<meta property=\"og:image:width\" content=\"1280\" \/>\n\t<meta property=\"og:image:height\" content=\"853\" \/>\n\t<meta property=\"og:image:type\" content=\"image\/jpeg\" \/>\n<meta name=\"author\" content=\"Antonio Garc\u00eda\" \/>\n<meta name=\"twitter:card\" content=\"summary_large_image\" \/>\n<meta name=\"twitter:creator\" content=\"@https:\/\/twitter.com\/TGarper\" \/>\n<meta name=\"twitter:site\" content=\"@CentroUrbano\" \/>\n<meta name=\"twitter:label1\" content=\"Escrito por\" \/>\n\t<meta name=\"twitter:data1\" content=\"Antonio Garc\u00eda\" \/>\n\t<meta name=\"twitter:label2\" content=\"Tiempo de lectura\" \/>\n\t<meta name=\"twitter:data2\" content=\"1 minuto\" \/>\n<script type=\"application\/ld+json\" class=\"yoast-schema-graph\">{\"@context\":\"https:\\\/\\\/schema.org\",\"@graph\":[{\"@type\":\"Article\",\"@id\":\"https:\\\/\\\/centrourbano.com\\\/revista\\\/construccion\\\/recuperacion-del-rio-santiago-incluira-120-mdp-para-obra-publica\\\/#article\",\"isPartOf\":{\"@id\":\"https:\\\/\\\/centrourbano.com\\\/revista\\\/construccion\\\/recuperacion-del-rio-santiago-incluira-120-mdp-para-obra-publica\\\/\"},\"author\":{\"name\":\"Antonio Garc\u00eda\",\"@id\":\"https:\\\/\\\/centrourbano.com\\\/revista\\\/#\\\/schema\\\/person\\\/d12ede3164a0881bab68f5868d5dfe8c\"},\"headline\":\"Recuperaci\u00f3n del R\u00edo Santiago incluir\u00e1 120 mdp para obra p\u00fablica\",\"datePublished\":\"2020-02-17T14:08:29+00:00\",\"mainEntityOfPage\":{\"@id\":\"https:\\\/\\\/centrourbano.com\\\/revista\\\/construccion\\\/recuperacion-del-rio-santiago-incluira-120-mdp-para-obra-publica\\\/\"},\"wordCount\":252,\"commentCount\":0,\"publisher\":{\"@id\":\"https:\\\/\\\/centrourbano.com\\\/revista\\\/#organization\"},\"image\":{\"@id\":\"https:\\\/\\\/centrourbano.com\\\/revista\\\/construccion\\\/recuperacion-del-rio-santiago-incluira-120-mdp-para-obra-publica\\\/#primaryimage\"},\"thumbnailUrl\":\"https:\\\/\\\/centrourbano.com\\\/revista\\\/wp-content\\\/uploads\\\/Revive-el-R\u00edo-Santiago.jpeg\",\"keywords\":[\"centros de salud\",\"Espacio p\u00fablico\",\"Jalisco\",\"Obra P\u00fablica\",\"R\u00edo Santiago\",\"SIOP\"],\"articleSection\":[\"Construcci\u00f3n\",\"Urbanismo\"],\"inLanguage\":\"es\",\"potentialAction\":[{\"@type\":\"CommentAction\",\"name\":\"Comment\",\"target\":[\"https:\\\/\\\/centrourbano.com\\\/revista\\\/construccion\\\/recuperacion-del-rio-santiago-incluira-120-mdp-para-obra-publica\\\/#respond\"]}]},{\"@type\":\"WebPage\",\"@id\":\"https:\\\/\\\/centrourbano.com\\\/revista\\\/construccion\\\/recuperacion-del-rio-santiago-incluira-120-mdp-para-obra-publica\\\/\",\"url\":\"https:\\\/\\\/centrourbano.com\\\/revista\\\/construccion\\\/recuperacion-del-rio-santiago-incluira-120-mdp-para-obra-publica\\\/\",\"name\":\"Recuperaci\u00f3n del R\u00edo Santiago incluir\u00e1 120 mdp para obra p\u00fablica\",\"isPartOf\":{\"@id\":\"https:\\\/\\\/centrourbano.com\\\/revista\\\/#website\"},\"primaryImageOfPage\":{\"@id\":\"https:\\\/\\\/centrourbano.com\\\/revista\\\/construccion\\\/recuperacion-del-rio-santiago-incluira-120-mdp-para-obra-publica\\\/#primaryimage\"},\"image\":{\"@id\":\"https:\\\/\\\/centrourbano.com\\\/revista\\\/construccion\\\/recuperacion-del-rio-santiago-incluira-120-mdp-para-obra-publica\\\/#primaryimage\"},\"thumbnailUrl\":\"https:\\\/\\\/centrourbano.com\\\/revista\\\/wp-content\\\/uploads\\\/Revive-el-R\u00edo-Santiago.jpeg\",\"datePublished\":\"2020-02-17T14:08:29+00:00\",\"description\":\"Una de las estrategias para la recuperaci\u00f3n del R\u00edo Santiago es la implementaci\u00f3n de obra p\u00fablica, abarca construcci\u00f3n de centros de salud y espacio p\u00fablico\",\"breadcrumb\":{\"@id\":\"https:\\\/\\\/centrourbano.com\\\/revista\\\/construccion\\\/recuperacion-del-rio-santiago-incluira-120-mdp-para-obra-publica\\\/#breadcrumb\"},\"inLanguage\":\"es\",\"potentialAction\":[{\"@type\":\"ReadAction\",\"target\":[\"https:\\\/\\\/centrourbano.com\\\/revista\\\/construccion\\\/recuperacion-del-rio-santiago-incluira-120-mdp-para-obra-publica\\\/\"]}]},{\"@type\":\"ImageObject\",\"inLanguage\":\"es\",\"@id\":\"https:\\\/\\\/centrourbano.com\\\/revista\\\/construccion\\\/recuperacion-del-rio-santiago-incluira-120-mdp-para-obra-publica\\\/#primaryimage\",\"url\":\"https:\\\/\\\/centrourbano.com\\\/revista\\\/wp-content\\\/uploads\\\/Revive-el-R\u00edo-Santiago.jpeg\",\"contentUrl\":\"https:\\\/\\\/centrourbano.com\\\/revista\\\/wp-content\\\/uploads\\\/Revive-el-R\u00edo-Santiago.jpeg\",\"width\":1280,\"height\":853,\"caption\":\"Una de las estrategias para la recuperaci\u00f3n del R\u00edo Santiago es la implementaci\u00f3n de obra p\u00fablica, abarca construcci\u00f3n de centros de salud y espacio p\u00fablico\"},{\"@type\":\"BreadcrumbList\",\"@id\":\"https:\\\/\\\/centrourbano.com\\\/revista\\\/construccion\\\/recuperacion-del-rio-santiago-incluira-120-mdp-para-obra-publica\\\/#breadcrumb\",\"itemListElement\":[{\"@type\":\"ListItem\",\"position\":1,\"name\":\"Portada\",\"item\":\"https:\\\/\\\/centrourbano.com\\\/revista\\\/\"},{\"@type\":\"ListItem\",\"position\":2,\"name\":\"Recuperaci\u00f3n del R\u00edo Santiago incluir\u00e1 120 mdp para obra p\u00fablica\"}]},{\"@type\":\"WebSite\",\"@id\":\"https:\\\/\\\/centrourbano.com\\\/revista\\\/#website\",\"url\":\"https:\\\/\\\/centrourbano.com\\\/revista\\\/\",\"name\":\"Centro Urbano\",\"description\":\"Medio especializado en los sectores vivienda, inmobiliario, construcci\u00f3n, arquitectura y urbanismo.\",\"publisher\":{\"@id\":\"https:\\\/\\\/centrourbano.com\\\/revista\\\/#organization\"},\"potentialAction\":[{\"@type\":\"SearchAction\",\"target\":{\"@type\":\"EntryPoint\",\"urlTemplate\":\"https:\\\/\\\/centrourbano.com\\\/revista\\\/?s={search_term_string}\"},\"query-input\":{\"@type\":\"PropertyValueSpecification\",\"valueRequired\":true,\"valueName\":\"search_term_string\"}}],\"inLanguage\":\"es\"},{\"@type\":\"Organization\",\"@id\":\"https:\\\/\\\/centrourbano.com\\\/revista\\\/#organization\",\"name\":\"Centro Urbano\",\"url\":\"https:\\\/\\\/centrourbano.com\\\/revista\\\/\",\"logo\":{\"@type\":\"ImageObject\",\"inLanguage\":\"es\",\"@id\":\"https:\\\/\\\/centrourbano.com\\\/revista\\\/#\\\/schema\\\/logo\\\/image\\\/\",\"url\":\"https:\\\/\\\/centrourbano.com\\\/revista\\\/wp-content\\\/uploads\\\/web_CU_logo-1.png\",\"contentUrl\":\"https:\\\/\\\/centrourbano.com\\\/revista\\\/wp-content\\\/uploads\\\/web_CU_logo-1.png\",\"width\":350,\"height\":91,\"caption\":\"Centro Urbano\"},\"image\":{\"@id\":\"https:\\\/\\\/centrourbano.com\\\/revista\\\/#\\\/schema\\\/logo\\\/image\\\/\"},\"sameAs\":[\"https:\\\/\\\/www.facebook.com\\\/portalcentrourbano\",\"https:\\\/\\\/x.com\\\/CentroUrbano\",\"https:\\\/\\\/www.instagram.com\\\/centro_urbano\\\/\",\"https:\\\/\\\/www.linkedin.com\\\/company\\\/centro-urbano\\\/\",\"http:\\\/\\\/www.youtube.com\\\/user\\\/portalcentrourbano\"]},{\"@type\":\"Person\",\"@id\":\"https:\\\/\\\/centrourbano.com\\\/revista\\\/#\\\/schema\\\/person\\\/d12ede3164a0881bab68f5868d5dfe8c\",\"name\":\"Antonio Garc\u00eda\",\"image\":{\"@type\":\"ImageObject\",\"inLanguage\":\"es\",\"@id\":\"https:\\\/\\\/secure.gravatar.com\\\/avatar\\\/68b7fcfc82d16a702310836698db1d823c3fb3b28e1f0938164455de47d96d82?s=96&d=mm&r=g\",\"url\":\"https:\\\/\\\/secure.gravatar.com\\\/avatar\\\/68b7fcfc82d16a702310836698db1d823c3fb3b28e1f0938164455de47d96d82?s=96&d=mm&r=g\",\"contentUrl\":\"https:\\\/\\\/secure.gravatar.com\\\/avatar\\\/68b7fcfc82d16a702310836698db1d823c3fb3b28e1f0938164455de47d96d82?s=96&d=mm&r=g\",\"caption\":\"Antonio Garc\u00eda\"},\"description\":\"Integrante del equipo editorial en Centro Urbano. Egresado de la carrera de Econom\u00eda (preespecialidad en Desarrollo Regional) en el IPN y de Matem\u00e1ticas Aplicadas y Computaci\u00f3n en la UNAM. Apasionado de los temas inherentes al desarrollo urbano-regional y estudios formales -e informales- sobre la ciudad y la econom\u00eda urbana.\",\"sameAs\":[\"https:\\\/\\\/www.instagram.com\\\/caminante_en_la_ciudad\\\/?hl=es-la\",\"https:\\\/\\\/x.com\\\/https:\\\/\\\/twitter.com\\\/TGarper\"],\"url\":\"https:\\\/\\\/centrourbano.com\\\/revista\\\/author\\\/antonio-garcia\\\/\"}]}<\/script>\n<!-- \/ Yoast SEO plugin. -->","yoast_head_json":{"title":"Recuperaci\u00f3n del R\u00edo Santiago incluir\u00e1 120 mdp para obra p\u00fablica","description":"Una de las estrategias para la recuperaci\u00f3n del R\u00edo Santiago es la implementaci\u00f3n de obra p\u00fablica, abarca construcci\u00f3n de centros de salud y espacio p\u00fablico","robots":{"index":"index","follow":"follow","max-snippet":"max-snippet:-1","max-image-preview":"max-image-preview:large","max-video-preview":"max-video-preview:-1"},"canonical":"https:\/\/centrourbano.com\/revista\/construccion\/recuperacion-del-rio-santiago-incluira-120-mdp-para-obra-publica\/","og_locale":"es_ES","og_type":"article","og_title":"Recuperaci\u00f3n del R\u00edo Santiago incluir\u00e1 120 mdp para obra p\u00fablica","og_description":"Una de las estrategias para la recuperaci\u00f3n del R\u00edo Santiago es la implementaci\u00f3n de obra p\u00fablica, abarca construcci\u00f3n de centros de salud y espacio p\u00fablico","og_url":"https:\/\/centrourbano.com\/revista\/construccion\/recuperacion-del-rio-santiago-incluira-120-mdp-para-obra-publica\/","og_site_name":"Centro Urbano","article_publisher":"https:\/\/www.facebook.com\/portalcentrourbano","article_published_time":"2020-02-17T14:08:29+00:00","og_image":[{"width":1280,"height":853,"url":"https:\/\/centrourbano.com\/revista\/wp-content\/uploads\/Revive-el-R\u00edo-Santiago.jpeg","type":"image\/jpeg"}],"author":"Antonio Garc\u00eda","twitter_card":"summary_large_image","twitter_creator":"@https:\/\/twitter.com\/TGarper","twitter_site":"@CentroUrbano","twitter_misc":{"Escrito por":"Antonio Garc\u00eda","Tiempo de lectura":"1 minuto"},"schema":{"@context":"https:\/\/schema.org","@graph":[{"@type":"Article","@id":"https:\/\/centrourbano.com\/revista\/construccion\/recuperacion-del-rio-santiago-incluira-120-mdp-para-obra-publica\/#article","isPartOf":{"@id":"https:\/\/centrourbano.com\/revista\/construccion\/recuperacion-del-rio-santiago-incluira-120-mdp-para-obra-publica\/"},"author":{"name":"Antonio Garc\u00eda","@id":"https:\/\/centrourbano.com\/revista\/#\/schema\/person\/d12ede3164a0881bab68f5868d5dfe8c"},"headline":"Recuperaci\u00f3n del R\u00edo Santiago incluir\u00e1 120 mdp para obra p\u00fablica","datePublished":"2020-02-17T14:08:29+00:00","mainEntityOfPage":{"@id":"https:\/\/centrourbano.com\/revista\/construccion\/recuperacion-del-rio-santiago-incluira-120-mdp-para-obra-publica\/"},"wordCount":252,"commentCount":0,"publisher":{"@id":"https:\/\/centrourbano.com\/revista\/#organization"},"image":{"@id":"https:\/\/centrourbano.com\/revista\/construccion\/recuperacion-del-rio-santiago-incluira-120-mdp-para-obra-publica\/#primaryimage"},"thumbnailUrl":"https:\/\/centrourbano.com\/revista\/wp-content\/uploads\/Revive-el-R\u00edo-Santiago.jpeg","keywords":["centros de salud","Espacio p\u00fablico","Jalisco","Obra P\u00fablica","R\u00edo Santiago","SIOP"],"articleSection":["Construcci\u00f3n","Urbanismo"],"inLanguage":"es","potentialAction":[{"@type":"CommentAction","name":"Comment","target":["https:\/\/centrourbano.com\/revista\/construccion\/recuperacion-del-rio-santiago-incluira-120-mdp-para-obra-publica\/#respond"]}]},{"@type":"WebPage","@id":"https:\/\/centrourbano.com\/revista\/construccion\/recuperacion-del-rio-santiago-incluira-120-mdp-para-obra-publica\/","url":"https:\/\/centrourbano.com\/revista\/construccion\/recuperacion-del-rio-santiago-incluira-120-mdp-para-obra-publica\/","name":"Recuperaci\u00f3n del R\u00edo Santiago incluir\u00e1 120 mdp para obra p\u00fablica","isPartOf":{"@id":"https:\/\/centrourbano.com\/revista\/#website"},"primaryImageOfPage":{"@id":"https:\/\/centrourbano.com\/revista\/construccion\/recuperacion-del-rio-santiago-incluira-120-mdp-para-obra-publica\/#primaryimage"},"image":{"@id":"https:\/\/centrourbano.com\/revista\/construccion\/recuperacion-del-rio-santiago-incluira-120-mdp-para-obra-publica\/#primaryimage"},"thumbnailUrl":"https:\/\/centrourbano.com\/revista\/wp-content\/uploads\/Revive-el-R\u00edo-Santiago.jpeg","datePublished":"2020-02-17T14:08:29+00:00","description":"Una de las estrategias para la recuperaci\u00f3n del R\u00edo Santiago es la implementaci\u00f3n de obra p\u00fablica, abarca construcci\u00f3n de centros de salud y espacio p\u00fablico","breadcrumb":{"@id":"https:\/\/centrourbano.com\/revista\/construccion\/recuperacion-del-rio-santiago-incluira-120-mdp-para-obra-publica\/#breadcrumb"},"inLanguage":"es","potentialAction":[{"@type":"ReadAction","target":["https:\/\/centrourbano.com\/revista\/construccion\/recuperacion-del-rio-santiago-incluira-120-mdp-para-obra-publica\/"]}]},{"@type":"ImageObject","inLanguage":"es","@id":"https:\/\/centrourbano.com\/revista\/construccion\/recuperacion-del-rio-santiago-incluira-120-mdp-para-obra-publica\/#primaryimage","url":"https:\/\/centrourbano.com\/revista\/wp-content\/uploads\/Revive-el-R\u00edo-Santiago.jpeg","contentUrl":"https:\/\/centrourbano.com\/revista\/wp-content\/uploads\/Revive-el-R\u00edo-Santiago.jpeg","width":1280,"height":853,"caption":"Una de las estrategias para la recuperaci\u00f3n del R\u00edo Santiago es la implementaci\u00f3n de obra p\u00fablica, abarca construcci\u00f3n de centros de salud y espacio p\u00fablico"},{"@type":"BreadcrumbList","@id":"https:\/\/centrourbano.com\/revista\/construccion\/recuperacion-del-rio-santiago-incluira-120-mdp-para-obra-publica\/#breadcrumb","itemListElement":[{"@type":"ListItem","position":1,"name":"Portada","item":"https:\/\/centrourbano.com\/revista\/"},{"@type":"ListItem","position":2,"name":"Recuperaci\u00f3n del R\u00edo Santiago incluir\u00e1 120 mdp para obra p\u00fablica"}]},{"@type":"WebSite","@id":"https:\/\/centrourbano.com\/revista\/#website","url":"https:\/\/centrourbano.com\/revista\/","name":"Centro Urbano","description":"Medio especializado en los sectores vivienda, inmobiliario, construcci\u00f3n, arquitectura y urbanismo.","publisher":{"@id":"https:\/\/centrourbano.com\/revista\/#organization"},"potentialAction":[{"@type":"SearchAction","target":{"@type":"EntryPoint","urlTemplate":"https:\/\/centrourbano.com\/revista\/?s={search_term_string}"},"query-input":{"@type":"PropertyValueSpecification","valueRequired":true,"valueName":"search_term_string"}}],"inLanguage":"es"},{"@type":"Organization","@id":"https:\/\/centrourbano.com\/revista\/#organization","name":"Centro Urbano","url":"https:\/\/centrourbano.com\/revista\/","logo":{"@type":"ImageObject","inLanguage":"es","@id":"https:\/\/centrourbano.com\/revista\/#\/schema\/logo\/image\/","url":"https:\/\/centrourbano.com\/revista\/wp-content\/uploads\/web_CU_logo-1.png","contentUrl":"https:\/\/centrourbano.com\/revista\/wp-content\/uploads\/web_CU_logo-1.png","width":350,"height":91,"caption":"Centro Urbano"},"image":{"@id":"https:\/\/centrourbano.com\/revista\/#\/schema\/logo\/image\/"},"sameAs":["https:\/\/www.facebook.com\/portalcentrourbano","https:\/\/x.com\/CentroUrbano","https:\/\/www.instagram.com\/centro_urbano\/","https:\/\/www.linkedin.com\/company\/centro-urbano\/","http:\/\/www.youtube.com\/user\/portalcentrourbano"]},{"@type":"Person","@id":"https:\/\/centrourbano.com\/revista\/#\/schema\/person\/d12ede3164a0881bab68f5868d5dfe8c","name":"Antonio Garc\u00eda","image":{"@type":"ImageObject","inLanguage":"es","@id":"https:\/\/secure.gravatar.com\/avatar\/68b7fcfc82d16a702310836698db1d823c3fb3b28e1f0938164455de47d96d82?s=96&d=mm&r=g","url":"https:\/\/secure.gravatar.com\/avatar\/68b7fcfc82d16a702310836698db1d823c3fb3b28e1f0938164455de47d96d82?s=96&d=mm&r=g","contentUrl":"https:\/\/secure.gravatar.com\/avatar\/68b7fcfc82d16a702310836698db1d823c3fb3b28e1f0938164455de47d96d82?s=96&d=mm&r=g","caption":"Antonio Garc\u00eda"},"description":"Integrante del equipo editorial en Centro Urbano. Egresado de la carrera de Econom\u00eda (preespecialidad en Desarrollo Regional) en el IPN y de Matem\u00e1ticas Aplicadas y Computaci\u00f3n en la UNAM. Apasionado de los temas inherentes al desarrollo urbano-regional y estudios formales -e informales- sobre la ciudad y la econom\u00eda urbana.","sameAs":["https:\/\/www.instagram.com\/caminante_en_la_ciudad\/?hl=es-la","https:\/\/x.com\/https:\/\/twitter.com\/TGarper"],"url":"https:\/\/centrourbano.com\/revista\/author\/antonio-garcia\/"}]}},"_links":{"self":[{"href":"https:\/\/centrourbano.com\/revista\/wp-json\/wp\/v2\/posts\/102693","targetHints":{"allow":["GET"]}}],"collection":[{"href":"https:\/\/centrourbano.com\/revista\/wp-json\/wp\/v2\/posts"}],"about":[{"href":"https:\/\/centrourbano.com\/revista\/wp-json\/wp\/v2\/types\/post"}],"author":[{"embeddable":true,"href":"https:\/\/centrourbano.com\/revista\/wp-json\/wp\/v2\/users\/75"}],"replies":[{"embeddable":true,"href":"https:\/\/centrourbano.com\/revista\/wp-json\/wp\/v2\/comments?post=102693"}],"version-history":[{"count":3,"href":"https:\/\/centrourbano.com\/revista\/wp-json\/wp\/v2\/posts\/102693\/revisions"}],"predecessor-version":[{"id":102874,"href":"https:\/\/centrourbano.com\/revista\/wp-json\/wp\/v2\/posts\/102693\/revisions\/102874"}],"wp:featuredmedia":[{"embeddable":true,"href":"https:\/\/centrourbano.com\/revista\/wp-json\/wp\/v2\/media\/102694"}],"wp:attachment":[{"href":"https:\/\/centrourbano.com\/revista\/wp-json\/wp\/v2\/media?parent=102693"}],"wp:term":[{"taxonomy":"category","embeddable":true,"href":"https:\/\/centrourbano.com\/revista\/wp-json\/wp\/v2\/categories?post=102693"},{"taxonomy":"post_tag","embeddable":true,"href":"https:\/\/centrourbano.com\/revista\/wp-json\/wp\/v2\/tags?post=102693"}],"curies":[{"name":"wp","href":"https:\/\/api.w.org\/{rel}","templated":true}]}}