{"id":102592,"date":"2020-02-13T08:37:37","date_gmt":"2020-02-13T14:37:37","guid":{"rendered":"https:\/\/centrourbano.com\/?p=102592"},"modified":"2020-02-13T02:25:06","modified_gmt":"2020-02-13T08:25:06","slug":"intervienen-entornos-urbanos-afectados-por-l3-del-tren-ligero","status":"publish","type":"post","link":"https:\/\/centrourbano.com\/revista\/urbanismo\/intervienen-entornos-urbanos-afectados-por-l3-del-tren-ligero\/","title":{"rendered":"Intervienen entornos urbanos afectados por L3 del Tren Ligero"},"content":{"rendered":"<p><em>Para las obras aleda\u00f1as al Tren Ligero se invierten 234 millones de pesos (mdp), recursos provenientes tanto de la entidad como de la federaci\u00f3n<\/em><\/p>\n<p><!--more--><\/p>\n<p>El gobierno de Jalisco inform\u00f3 que, a trav\u00e9s de Secretar\u00eda de Infraestructura y Obra P\u00fablica (<a href=\"https:\/\/siop.jalisco.gob.mx\/\">SIOP<\/a>), realizan <strong>obras de intervenci\u00f3n y rehabilitaci\u00f3n de los entornos urbanos afectados por las obras de la L\u00ednea 3<\/strong> (L3) del <strong>Tren Ligero, <\/strong>que recorre los municipios de Guadalajara, Tlaquepaque, Tonal\u00e1 y Zapopan.<\/p>\n<p>La dependencia se\u00f1al\u00f3 que para dichas acciones se destina una inversi\u00f3n del orden de los <strong>234 millones de pesos<\/strong> (mdp), recursos provenientes tanto de la entidad como de la federaci\u00f3n, a trav\u00e9s de la Secretear\u00eda de Comunicaciones y Transportes (SCT).<\/p>\n<p>El <strong>objetivo<\/strong> de esta intervenci\u00f3n es que cada <strong>estaci\u00f3n se integre de manera arm\u00f3nica con el entorno urbano<\/strong>. De esta manera, se cumplen los convenios firmados para realizar el proceso de <a href=\"https:\/\/centrourbano.com\/2020\/02\/07\/entrega-recepcion-de-la-linea-3-del-tren-ligero-de-guadalajara-sera-en-2-fases\/\">entrega-recepci\u00f3n de la obra<\/a>\u00a0\u00aben \u00f3ptimas condiciones\u201d.<\/p>\n<p>Dentro de las obras que se llevan a cabo en zonas aleda\u00f1as al Tren Ligero destaca la peatonalizaci\u00f3n de entornos, accesibilidad, construcci\u00f3n de banquetas, adoquinado, reposici\u00f3n de losas, cruceros seguros, alumbrado p\u00fablico, semaforizaci\u00f3n nueva, as\u00ed como se\u00f1al\u00e9tica horizontal y vertical.<\/p>\n","protected":false},"excerpt":{"rendered":"<p>Para las obras aleda\u00f1as al Tren Ligero se invierten 234 millones de pesos (mdp), recursos provenientes tanto de la entidad como de la federaci\u00f3n<\/p>\n","protected":false},"author":75,"featured_media":102594,"comment_status":"open","ping_status":"closed","sticky":false,"template":"","format":"standard","meta":{"om_disable_all_campaigns":false,"inline_featured_image":false,"_monsterinsights_skip_tracking":false,"_monsterinsights_sitenote_active":false,"_monsterinsights_sitenote_note":"","_monsterinsights_sitenote_category":0,"footnotes":""},"categories":[82],"tags":[1612,48,17496,2308,487,8994,630,1212],"class_list":["post-102592","post","type-post","status-publish","format-standard","has-post-thumbnail","hentry","category-urbanismo","tag-entorno-urbano","tag-jalisco","tag-l3","tag-linea-3","tag-movilidad","tag-siteur","tag-tren","tag-tren-ligero"],"yoast_head":"<!-- This site is optimized with the Yoast SEO plugin v27.5 - https:\/\/yoast.com\/product\/yoast-seo-wordpress\/ -->\n<title>Intervienen entornos urbanos afectados por L3 del Tren Ligero<\/title>\n<meta name=\"description\" content=\"Para las obras aleda\u00f1as al Tren Ligero se invierten 234 millones de pesos (mdp), recursos provenientes tanto de la entidad como de la federaci\u00f3n\" \/>\n<meta name=\"robots\" content=\"index, follow, max-snippet:-1, max-image-preview:large, max-video-preview:-1\" \/>\n<link rel=\"canonical\" href=\"https:\/\/centrourbano.com\/revista\/urbanismo\/intervienen-entornos-urbanos-afectados-por-l3-del-tren-ligero\/\" \/>\n<meta property=\"og:locale\" content=\"es_ES\" \/>\n<meta property=\"og:type\" content=\"article\" \/>\n<meta property=\"og:title\" content=\"Intervienen entornos urbanos afectados por L3 del Tren Ligero\" \/>\n<meta property=\"og:description\" content=\"Para las obras aleda\u00f1as al Tren Ligero se invierten 234 millones de pesos (mdp), recursos provenientes tanto de la entidad como de la federaci\u00f3n\" \/>\n<meta property=\"og:url\" content=\"https:\/\/centrourbano.com\/revista\/urbanismo\/intervienen-entornos-urbanos-afectados-por-l3-del-tren-ligero\/\" \/>\n<meta property=\"og:site_name\" content=\"Centro Urbano\" \/>\n<meta property=\"article:publisher\" content=\"https:\/\/www.facebook.com\/portalcentrourbano\" \/>\n<meta property=\"article:published_time\" content=\"2020-02-13T14:37:37+00:00\" \/>\n<meta property=\"og:image\" content=\"https:\/\/centrourbano.com\/revista\/wp-content\/uploads\/tren-ligero-2.jpg\" \/>\n\t<meta property=\"og:image:width\" content=\"1200\" \/>\n\t<meta property=\"og:image:height\" content=\"800\" \/>\n\t<meta property=\"og:image:type\" content=\"image\/jpeg\" \/>\n<meta name=\"author\" content=\"Antonio Garc\u00eda\" \/>\n<meta name=\"twitter:card\" content=\"summary_large_image\" \/>\n<meta name=\"twitter:creator\" content=\"@https:\/\/twitter.com\/TGarper\" \/>\n<meta name=\"twitter:site\" content=\"@CentroUrbano\" \/>\n<meta name=\"twitter:label1\" content=\"Escrito por\" \/>\n\t<meta name=\"twitter:data1\" content=\"Antonio Garc\u00eda\" \/>\n\t<meta name=\"twitter:label2\" content=\"Tiempo de lectura\" \/>\n\t<meta name=\"twitter:data2\" content=\"1 minuto\" \/>\n<script type=\"application\/ld+json\" class=\"yoast-schema-graph\">{\"@context\":\"https:\\\/\\\/schema.org\",\"@graph\":[{\"@type\":\"Article\",\"@id\":\"https:\\\/\\\/centrourbano.com\\\/revista\\\/urbanismo\\\/intervienen-entornos-urbanos-afectados-por-l3-del-tren-ligero\\\/#article\",\"isPartOf\":{\"@id\":\"https:\\\/\\\/centrourbano.com\\\/revista\\\/urbanismo\\\/intervienen-entornos-urbanos-afectados-por-l3-del-tren-ligero\\\/\"},\"author\":{\"name\":\"Antonio Garc\u00eda\",\"@id\":\"https:\\\/\\\/centrourbano.com\\\/revista\\\/#\\\/schema\\\/person\\\/317fc57cd0dcfa64aa25174335bd5d1a\"},\"headline\":\"Intervienen entornos urbanos afectados por L3 del Tren Ligero\",\"datePublished\":\"2020-02-13T14:37:37+00:00\",\"mainEntityOfPage\":{\"@id\":\"https:\\\/\\\/centrourbano.com\\\/revista\\\/urbanismo\\\/intervienen-entornos-urbanos-afectados-por-l3-del-tren-ligero\\\/\"},\"wordCount\":221,\"commentCount\":0,\"publisher\":{\"@id\":\"https:\\\/\\\/centrourbano.com\\\/revista\\\/#organization\"},\"image\":{\"@id\":\"https:\\\/\\\/centrourbano.com\\\/revista\\\/urbanismo\\\/intervienen-entornos-urbanos-afectados-por-l3-del-tren-ligero\\\/#primaryimage\"},\"thumbnailUrl\":\"https:\\\/\\\/centrourbano.com\\\/revista\\\/wp-content\\\/uploads\\\/tren-ligero-2.jpg\",\"keywords\":[\"entorno urbano\",\"Jalisco\",\"L3\",\"L\u00ednea 3\",\"movilidad\",\"SITEUR\",\"tren\",\"tren ligero\"],\"articleSection\":[\"Urbanismo\"],\"inLanguage\":\"es\",\"potentialAction\":[{\"@type\":\"CommentAction\",\"name\":\"Comment\",\"target\":[\"https:\\\/\\\/centrourbano.com\\\/revista\\\/urbanismo\\\/intervienen-entornos-urbanos-afectados-por-l3-del-tren-ligero\\\/#respond\"]}]},{\"@type\":\"WebPage\",\"@id\":\"https:\\\/\\\/centrourbano.com\\\/revista\\\/urbanismo\\\/intervienen-entornos-urbanos-afectados-por-l3-del-tren-ligero\\\/\",\"url\":\"https:\\\/\\\/centrourbano.com\\\/revista\\\/urbanismo\\\/intervienen-entornos-urbanos-afectados-por-l3-del-tren-ligero\\\/\",\"name\":\"Intervienen entornos urbanos afectados por L3 del Tren Ligero\",\"isPartOf\":{\"@id\":\"https:\\\/\\\/centrourbano.com\\\/revista\\\/#website\"},\"primaryImageOfPage\":{\"@id\":\"https:\\\/\\\/centrourbano.com\\\/revista\\\/urbanismo\\\/intervienen-entornos-urbanos-afectados-por-l3-del-tren-ligero\\\/#primaryimage\"},\"image\":{\"@id\":\"https:\\\/\\\/centrourbano.com\\\/revista\\\/urbanismo\\\/intervienen-entornos-urbanos-afectados-por-l3-del-tren-ligero\\\/#primaryimage\"},\"thumbnailUrl\":\"https:\\\/\\\/centrourbano.com\\\/revista\\\/wp-content\\\/uploads\\\/tren-ligero-2.jpg\",\"datePublished\":\"2020-02-13T14:37:37+00:00\",\"description\":\"Para las obras aleda\u00f1as al Tren Ligero se invierten 234 millones de pesos (mdp), recursos provenientes tanto de la entidad como de la federaci\u00f3n\",\"breadcrumb\":{\"@id\":\"https:\\\/\\\/centrourbano.com\\\/revista\\\/urbanismo\\\/intervienen-entornos-urbanos-afectados-por-l3-del-tren-ligero\\\/#breadcrumb\"},\"inLanguage\":\"es\",\"potentialAction\":[{\"@type\":\"ReadAction\",\"target\":[\"https:\\\/\\\/centrourbano.com\\\/revista\\\/urbanismo\\\/intervienen-entornos-urbanos-afectados-por-l3-del-tren-ligero\\\/\"]}]},{\"@type\":\"ImageObject\",\"inLanguage\":\"es\",\"@id\":\"https:\\\/\\\/centrourbano.com\\\/revista\\\/urbanismo\\\/intervienen-entornos-urbanos-afectados-por-l3-del-tren-ligero\\\/#primaryimage\",\"url\":\"https:\\\/\\\/centrourbano.com\\\/revista\\\/wp-content\\\/uploads\\\/tren-ligero-2.jpg\",\"contentUrl\":\"https:\\\/\\\/centrourbano.com\\\/revista\\\/wp-content\\\/uploads\\\/tren-ligero-2.jpg\",\"width\":1200,\"height\":800,\"caption\":\"Los recursos para la armonizaci\u00f3n de la l\u00ednea 3 del Tren Ligero con el entorno urbano son de origen estatal (Jalisco) y federal (SCT)\"},{\"@type\":\"BreadcrumbList\",\"@id\":\"https:\\\/\\\/centrourbano.com\\\/revista\\\/urbanismo\\\/intervienen-entornos-urbanos-afectados-por-l3-del-tren-ligero\\\/#breadcrumb\",\"itemListElement\":[{\"@type\":\"ListItem\",\"position\":1,\"name\":\"Portada\",\"item\":\"https:\\\/\\\/centrourbano.com\\\/revista\\\/\"},{\"@type\":\"ListItem\",\"position\":2,\"name\":\"Intervienen entornos urbanos afectados por L3 del Tren Ligero\"}]},{\"@type\":\"WebSite\",\"@id\":\"https:\\\/\\\/centrourbano.com\\\/revista\\\/#website\",\"url\":\"https:\\\/\\\/centrourbano.com\\\/revista\\\/\",\"name\":\"Centro Urbano\",\"description\":\"Medio especializado en los sectores vivienda, inmobiliario, construcci\u00f3n, arquitectura y urbanismo.\",\"publisher\":{\"@id\":\"https:\\\/\\\/centrourbano.com\\\/revista\\\/#organization\"},\"potentialAction\":[{\"@type\":\"SearchAction\",\"target\":{\"@type\":\"EntryPoint\",\"urlTemplate\":\"https:\\\/\\\/centrourbano.com\\\/revista\\\/?s={search_term_string}\"},\"query-input\":{\"@type\":\"PropertyValueSpecification\",\"valueRequired\":true,\"valueName\":\"search_term_string\"}}],\"inLanguage\":\"es\"},{\"@type\":\"Organization\",\"@id\":\"https:\\\/\\\/centrourbano.com\\\/revista\\\/#organization\",\"name\":\"Centro Urbano\",\"url\":\"https:\\\/\\\/centrourbano.com\\\/revista\\\/\",\"logo\":{\"@type\":\"ImageObject\",\"inLanguage\":\"es\",\"@id\":\"https:\\\/\\\/centrourbano.com\\\/revista\\\/#\\\/schema\\\/logo\\\/image\\\/\",\"url\":\"https:\\\/\\\/centrourbano.com\\\/revista\\\/wp-content\\\/uploads\\\/web_CU_logo-1.png\",\"contentUrl\":\"https:\\\/\\\/centrourbano.com\\\/revista\\\/wp-content\\\/uploads\\\/web_CU_logo-1.png\",\"width\":350,\"height\":91,\"caption\":\"Centro Urbano\"},\"image\":{\"@id\":\"https:\\\/\\\/centrourbano.com\\\/revista\\\/#\\\/schema\\\/logo\\\/image\\\/\"},\"sameAs\":[\"https:\\\/\\\/www.facebook.com\\\/portalcentrourbano\",\"https:\\\/\\\/x.com\\\/CentroUrbano\",\"https:\\\/\\\/www.instagram.com\\\/centro_urbano\\\/\",\"https:\\\/\\\/www.linkedin.com\\\/company\\\/centro-urbano\\\/\",\"http:\\\/\\\/www.youtube.com\\\/user\\\/portalcentrourbano\"]},{\"@type\":\"Person\",\"@id\":\"https:\\\/\\\/centrourbano.com\\\/revista\\\/#\\\/schema\\\/person\\\/317fc57cd0dcfa64aa25174335bd5d1a\",\"name\":\"Antonio Garc\u00eda\",\"image\":{\"@type\":\"ImageObject\",\"inLanguage\":\"es\",\"@id\":\"https:\\\/\\\/secure.gravatar.com\\\/avatar\\\/68b7fcfc82d16a702310836698db1d823c3fb3b28e1f0938164455de47d96d82?s=96&d=mm&r=g\",\"url\":\"https:\\\/\\\/secure.gravatar.com\\\/avatar\\\/68b7fcfc82d16a702310836698db1d823c3fb3b28e1f0938164455de47d96d82?s=96&d=mm&r=g\",\"contentUrl\":\"https:\\\/\\\/secure.gravatar.com\\\/avatar\\\/68b7fcfc82d16a702310836698db1d823c3fb3b28e1f0938164455de47d96d82?s=96&d=mm&r=g\",\"caption\":\"Antonio Garc\u00eda\"},\"description\":\"Integrante del equipo editorial en Centro Urbano. Egresado de la carrera de Econom\u00eda (preespecialidad en Desarrollo Regional) en el IPN y de Matem\u00e1ticas Aplicadas y Computaci\u00f3n en la UNAM. Apasionado de los temas inherentes al desarrollo urbano-regional y estudios formales -e informales- sobre la ciudad y la econom\u00eda urbana.\",\"sameAs\":[\"https:\\\/\\\/www.instagram.com\\\/caminante_en_la_ciudad\\\/?hl=es-la\",\"https:\\\/\\\/x.com\\\/https:\\\/\\\/twitter.com\\\/TGarper\"],\"url\":\"https:\\\/\\\/centrourbano.com\\\/revista\\\/author\\\/antonio-garcia\\\/\"}]}<\/script>\n<!-- \/ Yoast SEO plugin. -->","yoast_head_json":{"title":"Intervienen entornos urbanos afectados por L3 del Tren Ligero","description":"Para las obras aleda\u00f1as al Tren Ligero se invierten 234 millones de pesos (mdp), recursos provenientes tanto de la entidad como de la federaci\u00f3n","robots":{"index":"index","follow":"follow","max-snippet":"max-snippet:-1","max-image-preview":"max-image-preview:large","max-video-preview":"max-video-preview:-1"},"canonical":"https:\/\/centrourbano.com\/revista\/urbanismo\/intervienen-entornos-urbanos-afectados-por-l3-del-tren-ligero\/","og_locale":"es_ES","og_type":"article","og_title":"Intervienen entornos urbanos afectados por L3 del Tren Ligero","og_description":"Para las obras aleda\u00f1as al Tren Ligero se invierten 234 millones de pesos (mdp), recursos provenientes tanto de la entidad como de la federaci\u00f3n","og_url":"https:\/\/centrourbano.com\/revista\/urbanismo\/intervienen-entornos-urbanos-afectados-por-l3-del-tren-ligero\/","og_site_name":"Centro Urbano","article_publisher":"https:\/\/www.facebook.com\/portalcentrourbano","article_published_time":"2020-02-13T14:37:37+00:00","og_image":[{"width":1200,"height":800,"url":"https:\/\/centrourbano.com\/revista\/wp-content\/uploads\/tren-ligero-2.jpg","type":"image\/jpeg"}],"author":"Antonio Garc\u00eda","twitter_card":"summary_large_image","twitter_creator":"@https:\/\/twitter.com\/TGarper","twitter_site":"@CentroUrbano","twitter_misc":{"Escrito por":"Antonio Garc\u00eda","Tiempo de lectura":"1 minuto"},"schema":{"@context":"https:\/\/schema.org","@graph":[{"@type":"Article","@id":"https:\/\/centrourbano.com\/revista\/urbanismo\/intervienen-entornos-urbanos-afectados-por-l3-del-tren-ligero\/#article","isPartOf":{"@id":"https:\/\/centrourbano.com\/revista\/urbanismo\/intervienen-entornos-urbanos-afectados-por-l3-del-tren-ligero\/"},"author":{"name":"Antonio Garc\u00eda","@id":"https:\/\/centrourbano.com\/revista\/#\/schema\/person\/317fc57cd0dcfa64aa25174335bd5d1a"},"headline":"Intervienen entornos urbanos afectados por L3 del Tren Ligero","datePublished":"2020-02-13T14:37:37+00:00","mainEntityOfPage":{"@id":"https:\/\/centrourbano.com\/revista\/urbanismo\/intervienen-entornos-urbanos-afectados-por-l3-del-tren-ligero\/"},"wordCount":221,"commentCount":0,"publisher":{"@id":"https:\/\/centrourbano.com\/revista\/#organization"},"image":{"@id":"https:\/\/centrourbano.com\/revista\/urbanismo\/intervienen-entornos-urbanos-afectados-por-l3-del-tren-ligero\/#primaryimage"},"thumbnailUrl":"https:\/\/centrourbano.com\/revista\/wp-content\/uploads\/tren-ligero-2.jpg","keywords":["entorno urbano","Jalisco","L3","L\u00ednea 3","movilidad","SITEUR","tren","tren ligero"],"articleSection":["Urbanismo"],"inLanguage":"es","potentialAction":[{"@type":"CommentAction","name":"Comment","target":["https:\/\/centrourbano.com\/revista\/urbanismo\/intervienen-entornos-urbanos-afectados-por-l3-del-tren-ligero\/#respond"]}]},{"@type":"WebPage","@id":"https:\/\/centrourbano.com\/revista\/urbanismo\/intervienen-entornos-urbanos-afectados-por-l3-del-tren-ligero\/","url":"https:\/\/centrourbano.com\/revista\/urbanismo\/intervienen-entornos-urbanos-afectados-por-l3-del-tren-ligero\/","name":"Intervienen entornos urbanos afectados por L3 del Tren Ligero","isPartOf":{"@id":"https:\/\/centrourbano.com\/revista\/#website"},"primaryImageOfPage":{"@id":"https:\/\/centrourbano.com\/revista\/urbanismo\/intervienen-entornos-urbanos-afectados-por-l3-del-tren-ligero\/#primaryimage"},"image":{"@id":"https:\/\/centrourbano.com\/revista\/urbanismo\/intervienen-entornos-urbanos-afectados-por-l3-del-tren-ligero\/#primaryimage"},"thumbnailUrl":"https:\/\/centrourbano.com\/revista\/wp-content\/uploads\/tren-ligero-2.jpg","datePublished":"2020-02-13T14:37:37+00:00","description":"Para las obras aleda\u00f1as al Tren Ligero se invierten 234 millones de pesos (mdp), recursos provenientes tanto de la entidad como de la federaci\u00f3n","breadcrumb":{"@id":"https:\/\/centrourbano.com\/revista\/urbanismo\/intervienen-entornos-urbanos-afectados-por-l3-del-tren-ligero\/#breadcrumb"},"inLanguage":"es","potentialAction":[{"@type":"ReadAction","target":["https:\/\/centrourbano.com\/revista\/urbanismo\/intervienen-entornos-urbanos-afectados-por-l3-del-tren-ligero\/"]}]},{"@type":"ImageObject","inLanguage":"es","@id":"https:\/\/centrourbano.com\/revista\/urbanismo\/intervienen-entornos-urbanos-afectados-por-l3-del-tren-ligero\/#primaryimage","url":"https:\/\/centrourbano.com\/revista\/wp-content\/uploads\/tren-ligero-2.jpg","contentUrl":"https:\/\/centrourbano.com\/revista\/wp-content\/uploads\/tren-ligero-2.jpg","width":1200,"height":800,"caption":"Los recursos para la armonizaci\u00f3n de la l\u00ednea 3 del Tren Ligero con el entorno urbano son de origen estatal (Jalisco) y federal (SCT)"},{"@type":"BreadcrumbList","@id":"https:\/\/centrourbano.com\/revista\/urbanismo\/intervienen-entornos-urbanos-afectados-por-l3-del-tren-ligero\/#breadcrumb","itemListElement":[{"@type":"ListItem","position":1,"name":"Portada","item":"https:\/\/centrourbano.com\/revista\/"},{"@type":"ListItem","position":2,"name":"Intervienen entornos urbanos afectados por L3 del Tren Ligero"}]},{"@type":"WebSite","@id":"https:\/\/centrourbano.com\/revista\/#website","url":"https:\/\/centrourbano.com\/revista\/","name":"Centro Urbano","description":"Medio especializado en los sectores vivienda, inmobiliario, construcci\u00f3n, arquitectura y urbanismo.","publisher":{"@id":"https:\/\/centrourbano.com\/revista\/#organization"},"potentialAction":[{"@type":"SearchAction","target":{"@type":"EntryPoint","urlTemplate":"https:\/\/centrourbano.com\/revista\/?s={search_term_string}"},"query-input":{"@type":"PropertyValueSpecification","valueRequired":true,"valueName":"search_term_string"}}],"inLanguage":"es"},{"@type":"Organization","@id":"https:\/\/centrourbano.com\/revista\/#organization","name":"Centro Urbano","url":"https:\/\/centrourbano.com\/revista\/","logo":{"@type":"ImageObject","inLanguage":"es","@id":"https:\/\/centrourbano.com\/revista\/#\/schema\/logo\/image\/","url":"https:\/\/centrourbano.com\/revista\/wp-content\/uploads\/web_CU_logo-1.png","contentUrl":"https:\/\/centrourbano.com\/revista\/wp-content\/uploads\/web_CU_logo-1.png","width":350,"height":91,"caption":"Centro Urbano"},"image":{"@id":"https:\/\/centrourbano.com\/revista\/#\/schema\/logo\/image\/"},"sameAs":["https:\/\/www.facebook.com\/portalcentrourbano","https:\/\/x.com\/CentroUrbano","https:\/\/www.instagram.com\/centro_urbano\/","https:\/\/www.linkedin.com\/company\/centro-urbano\/","http:\/\/www.youtube.com\/user\/portalcentrourbano"]},{"@type":"Person","@id":"https:\/\/centrourbano.com\/revista\/#\/schema\/person\/317fc57cd0dcfa64aa25174335bd5d1a","name":"Antonio Garc\u00eda","image":{"@type":"ImageObject","inLanguage":"es","@id":"https:\/\/secure.gravatar.com\/avatar\/68b7fcfc82d16a702310836698db1d823c3fb3b28e1f0938164455de47d96d82?s=96&d=mm&r=g","url":"https:\/\/secure.gravatar.com\/avatar\/68b7fcfc82d16a702310836698db1d823c3fb3b28e1f0938164455de47d96d82?s=96&d=mm&r=g","contentUrl":"https:\/\/secure.gravatar.com\/avatar\/68b7fcfc82d16a702310836698db1d823c3fb3b28e1f0938164455de47d96d82?s=96&d=mm&r=g","caption":"Antonio Garc\u00eda"},"description":"Integrante del equipo editorial en Centro Urbano. Egresado de la carrera de Econom\u00eda (preespecialidad en Desarrollo Regional) en el IPN y de Matem\u00e1ticas Aplicadas y Computaci\u00f3n en la UNAM. Apasionado de los temas inherentes al desarrollo urbano-regional y estudios formales -e informales- sobre la ciudad y la econom\u00eda urbana.","sameAs":["https:\/\/www.instagram.com\/caminante_en_la_ciudad\/?hl=es-la","https:\/\/x.com\/https:\/\/twitter.com\/TGarper"],"url":"https:\/\/centrourbano.com\/revista\/author\/antonio-garcia\/"}]}},"_links":{"self":[{"href":"https:\/\/centrourbano.com\/revista\/wp-json\/wp\/v2\/posts\/102592","targetHints":{"allow":["GET"]}}],"collection":[{"href":"https:\/\/centrourbano.com\/revista\/wp-json\/wp\/v2\/posts"}],"about":[{"href":"https:\/\/centrourbano.com\/revista\/wp-json\/wp\/v2\/types\/post"}],"author":[{"embeddable":true,"href":"https:\/\/centrourbano.com\/revista\/wp-json\/wp\/v2\/users\/75"}],"replies":[{"embeddable":true,"href":"https:\/\/centrourbano.com\/revista\/wp-json\/wp\/v2\/comments?post=102592"}],"version-history":[{"count":3,"href":"https:\/\/centrourbano.com\/revista\/wp-json\/wp\/v2\/posts\/102592\/revisions"}],"predecessor-version":[{"id":102738,"href":"https:\/\/centrourbano.com\/revista\/wp-json\/wp\/v2\/posts\/102592\/revisions\/102738"}],"wp:featuredmedia":[{"embeddable":true,"href":"https:\/\/centrourbano.com\/revista\/wp-json\/wp\/v2\/media\/102594"}],"wp:attachment":[{"href":"https:\/\/centrourbano.com\/revista\/wp-json\/wp\/v2\/media?parent=102592"}],"wp:term":[{"taxonomy":"category","embeddable":true,"href":"https:\/\/centrourbano.com\/revista\/wp-json\/wp\/v2\/categories?post=102592"},{"taxonomy":"post_tag","embeddable":true,"href":"https:\/\/centrourbano.com\/revista\/wp-json\/wp\/v2\/tags?post=102592"}],"curies":[{"name":"wp","href":"https:\/\/api.w.org\/{rel}","templated":true}]}}