{"id":102470,"date":"2020-02-11T06:43:21","date_gmt":"2020-02-11T12:43:21","guid":{"rendered":"https:\/\/centrourbano.com\/?p=102470"},"modified":"2020-02-11T06:43:21","modified_gmt":"2020-02-11T12:43:21","slug":"visor-urbano-pone-a-la-vanguardia-en-gobernanza-electronica-a-guadalajara","status":"publish","type":"post","link":"https:\/\/centrourbano.com\/revista\/urbanismo\/visor-urbano-pone-a-la-vanguardia-en-gobernanza-electronica-a-guadalajara\/","title":{"rendered":"Visor Urbano  pone a la vanguardia en gobernanza electr\u00f3nica  a Guadalajara"},"content":{"rendered":"<p><em>Visor Urbano fue implementado en la ciudad de Guadalajara en 2018; ha recibido varios premios y certificaciones y despertado el inter\u00e9s de varias ciudades <\/em><\/p>\n<p><!--more--><\/p>\n<p>Recientemente, <strong>la plataforma Visor Urbano <\/strong>recibi\u00f3<strong> la certificaci\u00f3n ISO 9001-2015. <\/strong>En el marco de dicho acto, el alcalde de Guadalajara, Ismael Del Toro Castro, congratul\u00f3 al gobierno local por lo logrado con esa herramienta tecnol\u00f3gica. El funcionario destac\u00f3 que a 2 a\u00f1os de su implementaci\u00f3n, \u00ab<strong>el gobierno de Guadalajara se coloca a la vanguardia de los gobiernos electr\u00f3nicos<\/strong>\u201d.<\/p>\n<p>Visor Urbano se describe en su sitio <a href=\"https:\/\/visorurbano.com\/\">https:\/\/visorurbano.com\/<\/a> como una <strong>plataforma digital (georreferenciada) de gesti\u00f3n urbana<\/strong>. Contiene de manera digital las normas y planes de desarrollo urbano de la ciudad.<\/p>\n<p>\u00c9sta depende directamente del gobierno de Guadalajara, a trav\u00e9s de la Direcci\u00f3n de Innovaci\u00f3n Gubernamental, en alianza con Bloomberg Philanthropies.<\/p>\n<p>En el sitio se\u00f1alan que los <strong>tr\u00e1mites que se pueden llevar a cabo<\/strong> son los siguientes:<\/p>\n<ul>\n<li>Tr\u00e1mites de licencias para negocio tipo A<\/li>\n<li>Permiso de construcci\u00f3n de hasta 500 m2<\/li>\n<li>Renovaci\u00f3n de licencias<\/li>\n<li>Factibilidad de uso de suelo<\/li>\n<li>Consultar los planes de desarrollo urbano vigentes<\/li>\n<li>Inventario del patrimonio cultural edificado y monumentos del centro de Guadalajara<\/li>\n<li>Reportes ciudadanos sobre irregularidades en negocios o construcciones<\/li>\n<\/ul>\n<p>Adem\u00e1s, anuncian que en un proceso de evoluci\u00f3n, en el futuro contar\u00e1n con estas opciones:<\/p>\n<ul>\n<li>Todos los permisos de construcci\u00f3n<\/li>\n<li>Licencias para negocios de los giros B, C y D<\/li>\n<li>Patrimonio cultural edificado del Centro Hist\u00f3rico de Guadalajara y los barrios tradicionales<\/li>\n<li>M\u00f3dulo de Business Intelligence<\/li>\n<li>Catastro en 3D<\/li>\n<\/ul>\n<p>Del Toro Castro apunt\u00f3 que la plataforma es un ejercicio de gobernanza tecnol\u00f3gica en el que se busca transparentar procesos y evitar discrecionalidad en tr\u00e1mites y servicios adem\u00e1s de sistematizarlos con la visi\u00f3n de que cada servidor p\u00fablico est\u00e9 en el mismo entendido.<\/p>\n<p>La informaci\u00f3n que se puede consultar en Visor Urbano se numera a continuaci\u00f3n:<\/p>\n<ul>\n<li>Clave catastral<\/li>\n<li>Superficie del terreno<\/li>\n<li>Superficie construida<\/li>\n<li>Medida del frente del predio<\/li>\n<li>Estado del pago predial<\/li>\n<li>Domicilio<\/li>\n<li>Zonificaci\u00f3n y usos de suelo<\/li>\n<li>Tipo de negocios permitidos<\/li>\n<li>Licencias de obra, de giro y estatus<\/li>\n<\/ul>\n<p>En el balance de resultados obtenido a lo largo de su implementaci\u00f3n desde 2018 hasta enero de 2020, reportaron los n\u00fameros de tr\u00e1mites realizados y tipos:<\/p>\n<ul>\n<li>5,042 licencias de negocio A<\/li>\n<li>277 licencias de negocio B<\/li>\n<li>8 licencias de negocio C<\/li>\n<li>18 licencias de construcci\u00f3n<\/li>\n<li>1,658 licencias de negocio en tr\u00e1mite B, C y D<\/li>\n<li>2,901 licencias renovadas en l\u00ednea<\/li>\n<li>38,028 consultas de uso de suelo<\/li>\n<li>126,208 fichas informativas de zonificaci\u00f3n y uso de suelo<\/li>\n<li>3,938 reportes a construcciones<\/li>\n<li>3,405 reportes a negocios<\/li>\n<\/ul>\n<h3>M\u00e1s ciudades se suman a Visor Urbano<\/h3>\n<p>Los resultados favorables y las oportunidades que la plataforma ofrece en materia de gesti\u00f3n inmobiliaria y de desarrollo urbano en general, <strong>han despertado el inter\u00e9s de otras ciudades<\/strong> (nacionales e internacionales) por su uso, as\u00ed lo expres\u00f3 Sa\u00fal Eduardo Jim\u00e9nez Camacho, Director de Innovaci\u00f3n Gubernamental de Guadalajara.<\/p>\n<p>\u201cSe trabaja con otras ciudades interesadas en la plataforma digital (diez ciudades en M\u00e9xico, dos ciudades en el extranjero y una ciudad con r\u00e9plica de Visor Urbano, adem\u00e1s de Cartagena e Ibagu\u00e9, en Colombia, y Trujillo, en Per\u00fa).\u201d<\/p>\n<p>Por su parte, Del Toro Castro fue m\u00e1s all\u00e1 al dar nombres de las ciudades en cuesti\u00f3n: \u201cHay inter\u00e9s de otras ciudades, se est\u00e1 trabajando con Tlaquepaque, con Zapopan, tambi\u00e9n con Tepatitl\u00e1n; con San Pedro Garza Garc\u00eda, Nuevo Le\u00f3n, ya consolidado el trabajo, y con Veracruz; con una gran inter\u00e9s que se ha despertado en Ciudad de M\u00e9xico, en Morelia y muchas ciudades m\u00e1s\u201d<\/p>\n<h3>Plataforma reconocida<\/h3>\n<p>El gobierno de Guadalajara destac\u00f3 que entre los premios y reconocimientos otorgados a Visor Urbano figuran la certificaci\u00f3n mexicana PROSARE, en mejora regulatoria de tr\u00e1mites digitales en licencias de negocio; el Premio Nacional de Innovaci\u00f3n en Transparencia 2018; el Latinamerica Geospatial World Excellence Award, U Gob. Proyecto de Gobierno Digital para Gobierno Municipal 2019, as\u00ed como la menci\u00f3n especial innovaci\u00f3n gubernamental en premios IT+Gob de CIAPEM.<\/p>\n","protected":false},"excerpt":{"rendered":"<p>Visor Urbano fue implementado en la ciudad de Guadalajara en 2018; ha recibido varios premios y certificaciones y despertado el inter\u00e9s de varias ciudades<\/p>\n","protected":false},"author":75,"featured_media":102471,"comment_status":"open","ping_status":"closed","sticky":false,"template":"","format":"standard","meta":{"om_disable_all_campaigns":false,"inline_featured_image":false,"_monsterinsights_skip_tracking":false,"_monsterinsights_sitenote_active":false,"_monsterinsights_sitenote_note":"","_monsterinsights_sitenote_category":0,"footnotes":""},"categories":[82],"tags":[211,2097,10380,120,16578,1462,11466,17466,17467],"class_list":["post-102470","post","type-post","status-publish","format-standard","has-post-thumbnail","hentry","category-urbanismo","tag-ciudades","tag-desarrollo-inmobiliario","tag-gestion-urbana","tag-guadalajara","tag-permisos-de-construccion","tag-tramites","tag-usos-de-suelo","tag-visor-urbano","tag-zonificacion"],"yoast_head":"<!-- This site is optimized with the Yoast SEO plugin v27.4 - https:\/\/yoast.com\/product\/yoast-seo-wordpress\/ -->\n<title>Visor Urbano: vanguardia en gobernanza electr\u00f3nica de GDL; alcalde<\/title>\n<meta name=\"description\" content=\"Visor Urbano fue implementado en la ciudad de Guadalajara en 2018; ha recibido varios premios y certificaciones y despertado el inter\u00e9s de varias ciudades\" \/>\n<meta name=\"robots\" content=\"index, follow, max-snippet:-1, max-image-preview:large, max-video-preview:-1\" \/>\n<link rel=\"canonical\" href=\"https:\/\/centrourbano.com\/revista\/urbanismo\/visor-urbano-pone-a-la-vanguardia-en-gobernanza-electronica-a-guadalajara\/\" \/>\n<meta property=\"og:locale\" content=\"es_ES\" \/>\n<meta property=\"og:type\" content=\"article\" \/>\n<meta property=\"og:title\" content=\"Visor Urbano: vanguardia en gobernanza electr\u00f3nica de GDL; alcalde\" \/>\n<meta property=\"og:description\" content=\"Visor Urbano fue implementado en la ciudad de Guadalajara en 2018; ha recibido varios premios y certificaciones y despertado el inter\u00e9s de varias ciudades\" \/>\n<meta property=\"og:url\" content=\"https:\/\/centrourbano.com\/revista\/urbanismo\/visor-urbano-pone-a-la-vanguardia-en-gobernanza-electronica-a-guadalajara\/\" \/>\n<meta property=\"og:site_name\" content=\"Centro Urbano\" \/>\n<meta property=\"article:publisher\" content=\"https:\/\/www.facebook.com\/portalcentrourbano\" \/>\n<meta property=\"article:published_time\" content=\"2020-02-11T12:43:21+00:00\" \/>\n<meta property=\"og:image\" content=\"https:\/\/centrourbano.com\/revista\/wp-content\/uploads\/Visor-Urbano.jpg\" \/>\n\t<meta property=\"og:image:width\" content=\"960\" \/>\n\t<meta property=\"og:image:height\" content=\"720\" \/>\n\t<meta property=\"og:image:type\" content=\"image\/jpeg\" \/>\n<meta name=\"author\" content=\"Antonio Garc\u00eda\" \/>\n<meta name=\"twitter:card\" content=\"summary_large_image\" \/>\n<meta name=\"twitter:creator\" content=\"@https:\/\/twitter.com\/TGarper\" \/>\n<meta name=\"twitter:site\" content=\"@CentroUrbano\" \/>\n<meta name=\"twitter:label1\" content=\"Escrito por\" \/>\n\t<meta name=\"twitter:data1\" content=\"Antonio Garc\u00eda\" \/>\n\t<meta name=\"twitter:label2\" content=\"Tiempo de lectura\" \/>\n\t<meta name=\"twitter:data2\" content=\"3 minutos\" \/>\n<script type=\"application\/ld+json\" class=\"yoast-schema-graph\">{\"@context\":\"https:\\\/\\\/schema.org\",\"@graph\":[{\"@type\":\"Article\",\"@id\":\"https:\\\/\\\/centrourbano.com\\\/revista\\\/urbanismo\\\/visor-urbano-pone-a-la-vanguardia-en-gobernanza-electronica-a-guadalajara\\\/#article\",\"isPartOf\":{\"@id\":\"https:\\\/\\\/centrourbano.com\\\/revista\\\/urbanismo\\\/visor-urbano-pone-a-la-vanguardia-en-gobernanza-electronica-a-guadalajara\\\/\"},\"author\":{\"name\":\"Antonio Garc\u00eda\",\"@id\":\"https:\\\/\\\/centrourbano.com\\\/revista\\\/#\\\/schema\\\/person\\\/d12ede3164a0881bab68f5868d5dfe8c\"},\"headline\":\"Visor Urbano pone a la vanguardia en gobernanza electr\u00f3nica a Guadalajara\",\"datePublished\":\"2020-02-11T12:43:21+00:00\",\"mainEntityOfPage\":{\"@id\":\"https:\\\/\\\/centrourbano.com\\\/revista\\\/urbanismo\\\/visor-urbano-pone-a-la-vanguardia-en-gobernanza-electronica-a-guadalajara\\\/\"},\"wordCount\":699,\"commentCount\":0,\"publisher\":{\"@id\":\"https:\\\/\\\/centrourbano.com\\\/revista\\\/#organization\"},\"image\":{\"@id\":\"https:\\\/\\\/centrourbano.com\\\/revista\\\/urbanismo\\\/visor-urbano-pone-a-la-vanguardia-en-gobernanza-electronica-a-guadalajara\\\/#primaryimage\"},\"thumbnailUrl\":\"https:\\\/\\\/centrourbano.com\\\/revista\\\/wp-content\\\/uploads\\\/Visor-Urbano.jpg\",\"keywords\":[\"ciudades\",\"desarrollo inmobiliario\",\"gesti\u00f3n urbana\",\"Guadalajara\",\"permisos de construcci\u00f3n\",\"tramites\",\"Usos de suelo\",\"Visor Urbano\",\"zonificaci\u00f3n\"],\"articleSection\":[\"Urbanismo\"],\"inLanguage\":\"es\",\"potentialAction\":[{\"@type\":\"CommentAction\",\"name\":\"Comment\",\"target\":[\"https:\\\/\\\/centrourbano.com\\\/revista\\\/urbanismo\\\/visor-urbano-pone-a-la-vanguardia-en-gobernanza-electronica-a-guadalajara\\\/#respond\"]}]},{\"@type\":\"WebPage\",\"@id\":\"https:\\\/\\\/centrourbano.com\\\/revista\\\/urbanismo\\\/visor-urbano-pone-a-la-vanguardia-en-gobernanza-electronica-a-guadalajara\\\/\",\"url\":\"https:\\\/\\\/centrourbano.com\\\/revista\\\/urbanismo\\\/visor-urbano-pone-a-la-vanguardia-en-gobernanza-electronica-a-guadalajara\\\/\",\"name\":\"Visor Urbano: vanguardia en gobernanza electr\u00f3nica de GDL; alcalde\",\"isPartOf\":{\"@id\":\"https:\\\/\\\/centrourbano.com\\\/revista\\\/#website\"},\"primaryImageOfPage\":{\"@id\":\"https:\\\/\\\/centrourbano.com\\\/revista\\\/urbanismo\\\/visor-urbano-pone-a-la-vanguardia-en-gobernanza-electronica-a-guadalajara\\\/#primaryimage\"},\"image\":{\"@id\":\"https:\\\/\\\/centrourbano.com\\\/revista\\\/urbanismo\\\/visor-urbano-pone-a-la-vanguardia-en-gobernanza-electronica-a-guadalajara\\\/#primaryimage\"},\"thumbnailUrl\":\"https:\\\/\\\/centrourbano.com\\\/revista\\\/wp-content\\\/uploads\\\/Visor-Urbano.jpg\",\"datePublished\":\"2020-02-11T12:43:21+00:00\",\"description\":\"Visor Urbano fue implementado en la ciudad de Guadalajara en 2018; ha recibido varios premios y certificaciones y despertado el inter\u00e9s de varias ciudades\",\"breadcrumb\":{\"@id\":\"https:\\\/\\\/centrourbano.com\\\/revista\\\/urbanismo\\\/visor-urbano-pone-a-la-vanguardia-en-gobernanza-electronica-a-guadalajara\\\/#breadcrumb\"},\"inLanguage\":\"es\",\"potentialAction\":[{\"@type\":\"ReadAction\",\"target\":[\"https:\\\/\\\/centrourbano.com\\\/revista\\\/urbanismo\\\/visor-urbano-pone-a-la-vanguardia-en-gobernanza-electronica-a-guadalajara\\\/\"]}]},{\"@type\":\"ImageObject\",\"inLanguage\":\"es\",\"@id\":\"https:\\\/\\\/centrourbano.com\\\/revista\\\/urbanismo\\\/visor-urbano-pone-a-la-vanguardia-en-gobernanza-electronica-a-guadalajara\\\/#primaryimage\",\"url\":\"https:\\\/\\\/centrourbano.com\\\/revista\\\/wp-content\\\/uploads\\\/Visor-Urbano.jpg\",\"contentUrl\":\"https:\\\/\\\/centrourbano.com\\\/revista\\\/wp-content\\\/uploads\\\/Visor-Urbano.jpg\",\"width\":960,\"height\":720,\"caption\":\"Visor Urbano fue implementado en la ciudad de Guadalajara en 2018; ha recibido varios premios y certificaciones y despertado el inter\u00e9s de varias ciudades\"},{\"@type\":\"BreadcrumbList\",\"@id\":\"https:\\\/\\\/centrourbano.com\\\/revista\\\/urbanismo\\\/visor-urbano-pone-a-la-vanguardia-en-gobernanza-electronica-a-guadalajara\\\/#breadcrumb\",\"itemListElement\":[{\"@type\":\"ListItem\",\"position\":1,\"name\":\"Portada\",\"item\":\"https:\\\/\\\/centrourbano.com\\\/revista\\\/\"},{\"@type\":\"ListItem\",\"position\":2,\"name\":\"Visor Urbano pone a la vanguardia en gobernanza electr\u00f3nica a Guadalajara\"}]},{\"@type\":\"WebSite\",\"@id\":\"https:\\\/\\\/centrourbano.com\\\/revista\\\/#website\",\"url\":\"https:\\\/\\\/centrourbano.com\\\/revista\\\/\",\"name\":\"Centro Urbano\",\"description\":\"Medio especializado en los sectores vivienda, inmobiliario, construcci\u00f3n, arquitectura y urbanismo.\",\"publisher\":{\"@id\":\"https:\\\/\\\/centrourbano.com\\\/revista\\\/#organization\"},\"potentialAction\":[{\"@type\":\"SearchAction\",\"target\":{\"@type\":\"EntryPoint\",\"urlTemplate\":\"https:\\\/\\\/centrourbano.com\\\/revista\\\/?s={search_term_string}\"},\"query-input\":{\"@type\":\"PropertyValueSpecification\",\"valueRequired\":true,\"valueName\":\"search_term_string\"}}],\"inLanguage\":\"es\"},{\"@type\":\"Organization\",\"@id\":\"https:\\\/\\\/centrourbano.com\\\/revista\\\/#organization\",\"name\":\"Centro Urbano\",\"url\":\"https:\\\/\\\/centrourbano.com\\\/revista\\\/\",\"logo\":{\"@type\":\"ImageObject\",\"inLanguage\":\"es\",\"@id\":\"https:\\\/\\\/centrourbano.com\\\/revista\\\/#\\\/schema\\\/logo\\\/image\\\/\",\"url\":\"https:\\\/\\\/centrourbano.com\\\/revista\\\/wp-content\\\/uploads\\\/web_CU_logo-1.png\",\"contentUrl\":\"https:\\\/\\\/centrourbano.com\\\/revista\\\/wp-content\\\/uploads\\\/web_CU_logo-1.png\",\"width\":350,\"height\":91,\"caption\":\"Centro Urbano\"},\"image\":{\"@id\":\"https:\\\/\\\/centrourbano.com\\\/revista\\\/#\\\/schema\\\/logo\\\/image\\\/\"},\"sameAs\":[\"https:\\\/\\\/www.facebook.com\\\/portalcentrourbano\",\"https:\\\/\\\/x.com\\\/CentroUrbano\",\"https:\\\/\\\/www.instagram.com\\\/centro_urbano\\\/\",\"https:\\\/\\\/www.linkedin.com\\\/company\\\/centro-urbano\\\/\",\"http:\\\/\\\/www.youtube.com\\\/user\\\/portalcentrourbano\"]},{\"@type\":\"Person\",\"@id\":\"https:\\\/\\\/centrourbano.com\\\/revista\\\/#\\\/schema\\\/person\\\/d12ede3164a0881bab68f5868d5dfe8c\",\"name\":\"Antonio Garc\u00eda\",\"image\":{\"@type\":\"ImageObject\",\"inLanguage\":\"es\",\"@id\":\"https:\\\/\\\/secure.gravatar.com\\\/avatar\\\/68b7fcfc82d16a702310836698db1d823c3fb3b28e1f0938164455de47d96d82?s=96&d=mm&r=g\",\"url\":\"https:\\\/\\\/secure.gravatar.com\\\/avatar\\\/68b7fcfc82d16a702310836698db1d823c3fb3b28e1f0938164455de47d96d82?s=96&d=mm&r=g\",\"contentUrl\":\"https:\\\/\\\/secure.gravatar.com\\\/avatar\\\/68b7fcfc82d16a702310836698db1d823c3fb3b28e1f0938164455de47d96d82?s=96&d=mm&r=g\",\"caption\":\"Antonio Garc\u00eda\"},\"description\":\"Integrante del equipo editorial en Centro Urbano. Egresado de la carrera de Econom\u00eda (preespecialidad en Desarrollo Regional) en el IPN y de Matem\u00e1ticas Aplicadas y Computaci\u00f3n en la UNAM. Apasionado de los temas inherentes al desarrollo urbano-regional y estudios formales -e informales- sobre la ciudad y la econom\u00eda urbana.\",\"sameAs\":[\"https:\\\/\\\/www.instagram.com\\\/caminante_en_la_ciudad\\\/?hl=es-la\",\"https:\\\/\\\/x.com\\\/https:\\\/\\\/twitter.com\\\/TGarper\"],\"url\":\"https:\\\/\\\/centrourbano.com\\\/revista\\\/author\\\/antonio-garcia\\\/\"}]}<\/script>\n<!-- \/ Yoast SEO plugin. -->","yoast_head_json":{"title":"Visor Urbano: vanguardia en gobernanza electr\u00f3nica de GDL; alcalde","description":"Visor Urbano fue implementado en la ciudad de Guadalajara en 2018; ha recibido varios premios y certificaciones y despertado el inter\u00e9s de varias ciudades","robots":{"index":"index","follow":"follow","max-snippet":"max-snippet:-1","max-image-preview":"max-image-preview:large","max-video-preview":"max-video-preview:-1"},"canonical":"https:\/\/centrourbano.com\/revista\/urbanismo\/visor-urbano-pone-a-la-vanguardia-en-gobernanza-electronica-a-guadalajara\/","og_locale":"es_ES","og_type":"article","og_title":"Visor Urbano: vanguardia en gobernanza electr\u00f3nica de GDL; alcalde","og_description":"Visor Urbano fue implementado en la ciudad de Guadalajara en 2018; ha recibido varios premios y certificaciones y despertado el inter\u00e9s de varias ciudades","og_url":"https:\/\/centrourbano.com\/revista\/urbanismo\/visor-urbano-pone-a-la-vanguardia-en-gobernanza-electronica-a-guadalajara\/","og_site_name":"Centro Urbano","article_publisher":"https:\/\/www.facebook.com\/portalcentrourbano","article_published_time":"2020-02-11T12:43:21+00:00","og_image":[{"width":960,"height":720,"url":"https:\/\/centrourbano.com\/revista\/wp-content\/uploads\/Visor-Urbano.jpg","type":"image\/jpeg"}],"author":"Antonio Garc\u00eda","twitter_card":"summary_large_image","twitter_creator":"@https:\/\/twitter.com\/TGarper","twitter_site":"@CentroUrbano","twitter_misc":{"Escrito por":"Antonio Garc\u00eda","Tiempo de lectura":"3 minutos"},"schema":{"@context":"https:\/\/schema.org","@graph":[{"@type":"Article","@id":"https:\/\/centrourbano.com\/revista\/urbanismo\/visor-urbano-pone-a-la-vanguardia-en-gobernanza-electronica-a-guadalajara\/#article","isPartOf":{"@id":"https:\/\/centrourbano.com\/revista\/urbanismo\/visor-urbano-pone-a-la-vanguardia-en-gobernanza-electronica-a-guadalajara\/"},"author":{"name":"Antonio Garc\u00eda","@id":"https:\/\/centrourbano.com\/revista\/#\/schema\/person\/d12ede3164a0881bab68f5868d5dfe8c"},"headline":"Visor Urbano pone a la vanguardia en gobernanza electr\u00f3nica a Guadalajara","datePublished":"2020-02-11T12:43:21+00:00","mainEntityOfPage":{"@id":"https:\/\/centrourbano.com\/revista\/urbanismo\/visor-urbano-pone-a-la-vanguardia-en-gobernanza-electronica-a-guadalajara\/"},"wordCount":699,"commentCount":0,"publisher":{"@id":"https:\/\/centrourbano.com\/revista\/#organization"},"image":{"@id":"https:\/\/centrourbano.com\/revista\/urbanismo\/visor-urbano-pone-a-la-vanguardia-en-gobernanza-electronica-a-guadalajara\/#primaryimage"},"thumbnailUrl":"https:\/\/centrourbano.com\/revista\/wp-content\/uploads\/Visor-Urbano.jpg","keywords":["ciudades","desarrollo inmobiliario","gesti\u00f3n urbana","Guadalajara","permisos de construcci\u00f3n","tramites","Usos de suelo","Visor Urbano","zonificaci\u00f3n"],"articleSection":["Urbanismo"],"inLanguage":"es","potentialAction":[{"@type":"CommentAction","name":"Comment","target":["https:\/\/centrourbano.com\/revista\/urbanismo\/visor-urbano-pone-a-la-vanguardia-en-gobernanza-electronica-a-guadalajara\/#respond"]}]},{"@type":"WebPage","@id":"https:\/\/centrourbano.com\/revista\/urbanismo\/visor-urbano-pone-a-la-vanguardia-en-gobernanza-electronica-a-guadalajara\/","url":"https:\/\/centrourbano.com\/revista\/urbanismo\/visor-urbano-pone-a-la-vanguardia-en-gobernanza-electronica-a-guadalajara\/","name":"Visor Urbano: vanguardia en gobernanza electr\u00f3nica de GDL; alcalde","isPartOf":{"@id":"https:\/\/centrourbano.com\/revista\/#website"},"primaryImageOfPage":{"@id":"https:\/\/centrourbano.com\/revista\/urbanismo\/visor-urbano-pone-a-la-vanguardia-en-gobernanza-electronica-a-guadalajara\/#primaryimage"},"image":{"@id":"https:\/\/centrourbano.com\/revista\/urbanismo\/visor-urbano-pone-a-la-vanguardia-en-gobernanza-electronica-a-guadalajara\/#primaryimage"},"thumbnailUrl":"https:\/\/centrourbano.com\/revista\/wp-content\/uploads\/Visor-Urbano.jpg","datePublished":"2020-02-11T12:43:21+00:00","description":"Visor Urbano fue implementado en la ciudad de Guadalajara en 2018; ha recibido varios premios y certificaciones y despertado el inter\u00e9s de varias ciudades","breadcrumb":{"@id":"https:\/\/centrourbano.com\/revista\/urbanismo\/visor-urbano-pone-a-la-vanguardia-en-gobernanza-electronica-a-guadalajara\/#breadcrumb"},"inLanguage":"es","potentialAction":[{"@type":"ReadAction","target":["https:\/\/centrourbano.com\/revista\/urbanismo\/visor-urbano-pone-a-la-vanguardia-en-gobernanza-electronica-a-guadalajara\/"]}]},{"@type":"ImageObject","inLanguage":"es","@id":"https:\/\/centrourbano.com\/revista\/urbanismo\/visor-urbano-pone-a-la-vanguardia-en-gobernanza-electronica-a-guadalajara\/#primaryimage","url":"https:\/\/centrourbano.com\/revista\/wp-content\/uploads\/Visor-Urbano.jpg","contentUrl":"https:\/\/centrourbano.com\/revista\/wp-content\/uploads\/Visor-Urbano.jpg","width":960,"height":720,"caption":"Visor Urbano fue implementado en la ciudad de Guadalajara en 2018; ha recibido varios premios y certificaciones y despertado el inter\u00e9s de varias ciudades"},{"@type":"BreadcrumbList","@id":"https:\/\/centrourbano.com\/revista\/urbanismo\/visor-urbano-pone-a-la-vanguardia-en-gobernanza-electronica-a-guadalajara\/#breadcrumb","itemListElement":[{"@type":"ListItem","position":1,"name":"Portada","item":"https:\/\/centrourbano.com\/revista\/"},{"@type":"ListItem","position":2,"name":"Visor Urbano pone a la vanguardia en gobernanza electr\u00f3nica a Guadalajara"}]},{"@type":"WebSite","@id":"https:\/\/centrourbano.com\/revista\/#website","url":"https:\/\/centrourbano.com\/revista\/","name":"Centro Urbano","description":"Medio especializado en los sectores vivienda, inmobiliario, construcci\u00f3n, arquitectura y urbanismo.","publisher":{"@id":"https:\/\/centrourbano.com\/revista\/#organization"},"potentialAction":[{"@type":"SearchAction","target":{"@type":"EntryPoint","urlTemplate":"https:\/\/centrourbano.com\/revista\/?s={search_term_string}"},"query-input":{"@type":"PropertyValueSpecification","valueRequired":true,"valueName":"search_term_string"}}],"inLanguage":"es"},{"@type":"Organization","@id":"https:\/\/centrourbano.com\/revista\/#organization","name":"Centro Urbano","url":"https:\/\/centrourbano.com\/revista\/","logo":{"@type":"ImageObject","inLanguage":"es","@id":"https:\/\/centrourbano.com\/revista\/#\/schema\/logo\/image\/","url":"https:\/\/centrourbano.com\/revista\/wp-content\/uploads\/web_CU_logo-1.png","contentUrl":"https:\/\/centrourbano.com\/revista\/wp-content\/uploads\/web_CU_logo-1.png","width":350,"height":91,"caption":"Centro Urbano"},"image":{"@id":"https:\/\/centrourbano.com\/revista\/#\/schema\/logo\/image\/"},"sameAs":["https:\/\/www.facebook.com\/portalcentrourbano","https:\/\/x.com\/CentroUrbano","https:\/\/www.instagram.com\/centro_urbano\/","https:\/\/www.linkedin.com\/company\/centro-urbano\/","http:\/\/www.youtube.com\/user\/portalcentrourbano"]},{"@type":"Person","@id":"https:\/\/centrourbano.com\/revista\/#\/schema\/person\/d12ede3164a0881bab68f5868d5dfe8c","name":"Antonio Garc\u00eda","image":{"@type":"ImageObject","inLanguage":"es","@id":"https:\/\/secure.gravatar.com\/avatar\/68b7fcfc82d16a702310836698db1d823c3fb3b28e1f0938164455de47d96d82?s=96&d=mm&r=g","url":"https:\/\/secure.gravatar.com\/avatar\/68b7fcfc82d16a702310836698db1d823c3fb3b28e1f0938164455de47d96d82?s=96&d=mm&r=g","contentUrl":"https:\/\/secure.gravatar.com\/avatar\/68b7fcfc82d16a702310836698db1d823c3fb3b28e1f0938164455de47d96d82?s=96&d=mm&r=g","caption":"Antonio Garc\u00eda"},"description":"Integrante del equipo editorial en Centro Urbano. Egresado de la carrera de Econom\u00eda (preespecialidad en Desarrollo Regional) en el IPN y de Matem\u00e1ticas Aplicadas y Computaci\u00f3n en la UNAM. Apasionado de los temas inherentes al desarrollo urbano-regional y estudios formales -e informales- sobre la ciudad y la econom\u00eda urbana.","sameAs":["https:\/\/www.instagram.com\/caminante_en_la_ciudad\/?hl=es-la","https:\/\/x.com\/https:\/\/twitter.com\/TGarper"],"url":"https:\/\/centrourbano.com\/revista\/author\/antonio-garcia\/"}]}},"_links":{"self":[{"href":"https:\/\/centrourbano.com\/revista\/wp-json\/wp\/v2\/posts\/102470","targetHints":{"allow":["GET"]}}],"collection":[{"href":"https:\/\/centrourbano.com\/revista\/wp-json\/wp\/v2\/posts"}],"about":[{"href":"https:\/\/centrourbano.com\/revista\/wp-json\/wp\/v2\/types\/post"}],"author":[{"embeddable":true,"href":"https:\/\/centrourbano.com\/revista\/wp-json\/wp\/v2\/users\/75"}],"replies":[{"embeddable":true,"href":"https:\/\/centrourbano.com\/revista\/wp-json\/wp\/v2\/comments?post=102470"}],"version-history":[{"count":3,"href":"https:\/\/centrourbano.com\/revista\/wp-json\/wp\/v2\/posts\/102470\/revisions"}],"predecessor-version":[{"id":102616,"href":"https:\/\/centrourbano.com\/revista\/wp-json\/wp\/v2\/posts\/102470\/revisions\/102616"}],"wp:featuredmedia":[{"embeddable":true,"href":"https:\/\/centrourbano.com\/revista\/wp-json\/wp\/v2\/media\/102471"}],"wp:attachment":[{"href":"https:\/\/centrourbano.com\/revista\/wp-json\/wp\/v2\/media?parent=102470"}],"wp:term":[{"taxonomy":"category","embeddable":true,"href":"https:\/\/centrourbano.com\/revista\/wp-json\/wp\/v2\/categories?post=102470"},{"taxonomy":"post_tag","embeddable":true,"href":"https:\/\/centrourbano.com\/revista\/wp-json\/wp\/v2\/tags?post=102470"}],"curies":[{"name":"wp","href":"https:\/\/api.w.org\/{rel}","templated":true}]}}