{"id":102379,"date":"2020-02-05T08:12:06","date_gmt":"2020-02-05T14:12:06","guid":{"rendered":"https:\/\/centrourbano.com\/?p=102379"},"modified":"2020-02-05T10:25:31","modified_gmt":"2020-02-05T16:25:31","slug":"inah-rinde-homenaje-a-alfonso-caso-impulsor-del-instituto","status":"publish","type":"post","link":"https:\/\/centrourbano.com\/revista\/actualidad\/inah-rinde-homenaje-a-alfonso-caso-impulsor-del-instituto\/","title":{"rendered":"INAH rinde homenaje a Alfonso Caso, impulsor del Instituto"},"content":{"rendered":"<p><em>En 1932, Alfonso Caso encontr\u00f3 una tumba en Monte Alb\u00e1n; desde entonces abri\u00f3 debate en torno a la protecci\u00f3n del patrimonio e impuls\u00f3 al INAH<\/em><\/p>\n<p><!--more--><\/p>\n<p>El Instituto Nacional de Antropolog\u00eda e Historia <strong>(INAH) concluy\u00f3 los festejos de su 80 aniversario<\/strong> con un homenaje p\u00f3stumo en la tumba de Alfonso Caso Andrade, por el 124 aniversario de su nacimiento, ya que fue uno de los impulsores de la creaci\u00f3n del propio Instituto.<\/p>\n<p>La ceremonia tuvo lugar en la Rotonda de las Personas Ilustres, en donde se coloc\u00f3 una ofrenda floral y en donde estuvo presento la Banda Sinf\u00f3nica de la Secretar\u00eda de Marina.<\/p>\n<p>De acuerdo con Diego Prieto Hern\u00e1ndez, director del INAH, el papel de Alfonso Caso fue esencial en la discusi\u00f3n p\u00fablica sobre el papel del Estado en cuanto a la conservaci\u00f3n de los bienes inmuebles heredados de otras generaciones y otras \u00e9pocas hist\u00f3ricas.<\/p>\n<p>\u00abUn antecedente ineludible para comprender el surgimiento del INAH es el hallazgo de la Tumba 7 de Monte Alb\u00e1n, por parte de Alfonso Caso, en 1932, ya que el descubrimiento de las extraordinarias ofrendas mixtecas depositadas en su interior, supuso un debate definitivo dentro de la jurisprudencia, sobre el papel del Estado en la procuraci\u00f3n de los bienes culturales\u00bb.<\/p>\n<p>El balance a 80 a\u00f1os de la creaci\u00f3n del INAH es satisfactorio y desafiante. Por un lado, tienen en su vitrina de \u00e9xitos el mantenerse fiel a sus objetivos originarios: \u201cinvestigar, conservar, proteger y difundir el inmenso patrimonio paleontol\u00f3gico, arqueol\u00f3gico, hist\u00f3rico y antropol\u00f3gico de la naci\u00f3n\u201d.<\/p>\n<p>Por otro lado, la discusi\u00f3n actual sobre la protecci\u00f3n de los recursos naturales y el patrimonio biocultural exige un papel relevante para la instituci\u00f3n, asegur\u00f3 Prieto Hern\u00e1ndez.<\/p>\n","protected":false},"excerpt":{"rendered":"<p>En 1932, Alfonso Caso encontr\u00f3 una tumba en Monte Alb\u00e1n; desde entonces abri\u00f3 debate en torno a la protecci\u00f3n del patrimonio e impuls\u00f3 al INAH<\/p>\n","protected":false},"author":75,"featured_media":102381,"comment_status":"open","ping_status":"closed","sticky":false,"template":"","format":"standard","meta":{"om_disable_all_campaigns":false,"inline_featured_image":false,"_monsterinsights_skip_tracking":false,"_monsterinsights_sitenote_active":false,"_monsterinsights_sitenote_note":"","_monsterinsights_sitenote_category":0,"footnotes":""},"categories":[80,81],"tags":[17452,16612,12784,2043,671],"class_list":["post-102379","post","type-post","status-publish","format-standard","has-post-thumbnail","hentry","category-actualidad","category-arquitectura-2","tag-alfonso-caso","tag-antropologia","tag-arqueologia","tag-cultura","tag-inah"],"yoast_head":"<!-- This site is optimized with the Yoast SEO plugin v27.4 - https:\/\/yoast.com\/product\/yoast-seo-wordpress\/ -->\n<title>INAH rinde homenaje a Alfonso Caso, impulsor del Instituto<\/title>\n<meta name=\"description\" content=\"En 1932, Alfonso Caso encontr\u00f3 una tumba en Monte Alb\u00e1n; desde entonces abri\u00f3 debate en torno a la protecci\u00f3n del patrimonio e impuls\u00f3 al INAH\" \/>\n<meta name=\"robots\" content=\"index, follow, max-snippet:-1, max-image-preview:large, max-video-preview:-1\" \/>\n<link rel=\"canonical\" href=\"https:\/\/centrourbano.com\/revista\/actualidad\/inah-rinde-homenaje-a-alfonso-caso-impulsor-del-instituto\/\" \/>\n<meta property=\"og:locale\" content=\"es_ES\" \/>\n<meta property=\"og:type\" content=\"article\" \/>\n<meta property=\"og:title\" content=\"INAH rinde homenaje a Alfonso Caso, impulsor del Instituto\" \/>\n<meta property=\"og:description\" content=\"En 1932, Alfonso Caso encontr\u00f3 una tumba en Monte Alb\u00e1n; desde entonces abri\u00f3 debate en torno a la protecci\u00f3n del patrimonio e impuls\u00f3 al INAH\" \/>\n<meta property=\"og:url\" content=\"https:\/\/centrourbano.com\/revista\/actualidad\/inah-rinde-homenaje-a-alfonso-caso-impulsor-del-instituto\/\" \/>\n<meta property=\"og:site_name\" content=\"Centro Urbano\" \/>\n<meta property=\"article:publisher\" content=\"https:\/\/www.facebook.com\/portalcentrourbano\" \/>\n<meta property=\"article:published_time\" content=\"2020-02-05T14:12:06+00:00\" \/>\n<meta property=\"article:modified_time\" content=\"2020-02-05T16:25:31+00:00\" \/>\n<meta property=\"og:image\" content=\"https:\/\/centrourbano.com\/revista\/wp-content\/uploads\/inah-1.jpg\" \/>\n\t<meta property=\"og:image:width\" content=\"550\" \/>\n\t<meta property=\"og:image:height\" content=\"450\" \/>\n\t<meta property=\"og:image:type\" content=\"image\/jpeg\" \/>\n<meta name=\"author\" content=\"Antonio Garc\u00eda\" \/>\n<meta name=\"twitter:card\" content=\"summary_large_image\" \/>\n<meta name=\"twitter:creator\" content=\"@https:\/\/twitter.com\/TGarper\" \/>\n<meta name=\"twitter:site\" content=\"@CentroUrbano\" \/>\n<meta name=\"twitter:label1\" content=\"Escrito por\" \/>\n\t<meta name=\"twitter:data1\" content=\"Antonio Garc\u00eda\" \/>\n\t<meta name=\"twitter:label2\" content=\"Tiempo de lectura\" \/>\n\t<meta name=\"twitter:data2\" content=\"1 minuto\" \/>\n<script type=\"application\/ld+json\" class=\"yoast-schema-graph\">{\"@context\":\"https:\\\/\\\/schema.org\",\"@graph\":[{\"@type\":\"Article\",\"@id\":\"https:\\\/\\\/centrourbano.com\\\/revista\\\/actualidad\\\/inah-rinde-homenaje-a-alfonso-caso-impulsor-del-instituto\\\/#article\",\"isPartOf\":{\"@id\":\"https:\\\/\\\/centrourbano.com\\\/revista\\\/actualidad\\\/inah-rinde-homenaje-a-alfonso-caso-impulsor-del-instituto\\\/\"},\"author\":{\"name\":\"Antonio Garc\u00eda\",\"@id\":\"https:\\\/\\\/centrourbano.com\\\/revista\\\/#\\\/schema\\\/person\\\/d12ede3164a0881bab68f5868d5dfe8c\"},\"headline\":\"INAH rinde homenaje a Alfonso Caso, impulsor del Instituto\",\"datePublished\":\"2020-02-05T14:12:06+00:00\",\"dateModified\":\"2020-02-05T16:25:31+00:00\",\"mainEntityOfPage\":{\"@id\":\"https:\\\/\\\/centrourbano.com\\\/revista\\\/actualidad\\\/inah-rinde-homenaje-a-alfonso-caso-impulsor-del-instituto\\\/\"},\"wordCount\":304,\"commentCount\":0,\"publisher\":{\"@id\":\"https:\\\/\\\/centrourbano.com\\\/revista\\\/#organization\"},\"image\":{\"@id\":\"https:\\\/\\\/centrourbano.com\\\/revista\\\/actualidad\\\/inah-rinde-homenaje-a-alfonso-caso-impulsor-del-instituto\\\/#primaryimage\"},\"thumbnailUrl\":\"https:\\\/\\\/centrourbano.com\\\/revista\\\/wp-content\\\/uploads\\\/inah-1.jpg\",\"keywords\":[\"Alfonso Caso\",\"antropolog\u00eda.\",\"Arqueolog\u00eda\",\"Cultura\",\"INAH\"],\"articleSection\":[\"Actualidad\",\"Arquitectura\"],\"inLanguage\":\"es\",\"potentialAction\":[{\"@type\":\"CommentAction\",\"name\":\"Comment\",\"target\":[\"https:\\\/\\\/centrourbano.com\\\/revista\\\/actualidad\\\/inah-rinde-homenaje-a-alfonso-caso-impulsor-del-instituto\\\/#respond\"]}]},{\"@type\":\"WebPage\",\"@id\":\"https:\\\/\\\/centrourbano.com\\\/revista\\\/actualidad\\\/inah-rinde-homenaje-a-alfonso-caso-impulsor-del-instituto\\\/\",\"url\":\"https:\\\/\\\/centrourbano.com\\\/revista\\\/actualidad\\\/inah-rinde-homenaje-a-alfonso-caso-impulsor-del-instituto\\\/\",\"name\":\"INAH rinde homenaje a Alfonso Caso, impulsor del Instituto\",\"isPartOf\":{\"@id\":\"https:\\\/\\\/centrourbano.com\\\/revista\\\/#website\"},\"primaryImageOfPage\":{\"@id\":\"https:\\\/\\\/centrourbano.com\\\/revista\\\/actualidad\\\/inah-rinde-homenaje-a-alfonso-caso-impulsor-del-instituto\\\/#primaryimage\"},\"image\":{\"@id\":\"https:\\\/\\\/centrourbano.com\\\/revista\\\/actualidad\\\/inah-rinde-homenaje-a-alfonso-caso-impulsor-del-instituto\\\/#primaryimage\"},\"thumbnailUrl\":\"https:\\\/\\\/centrourbano.com\\\/revista\\\/wp-content\\\/uploads\\\/inah-1.jpg\",\"datePublished\":\"2020-02-05T14:12:06+00:00\",\"dateModified\":\"2020-02-05T16:25:31+00:00\",\"description\":\"En 1932, Alfonso Caso encontr\u00f3 una tumba en Monte Alb\u00e1n; desde entonces abri\u00f3 debate en torno a la protecci\u00f3n del patrimonio e impuls\u00f3 al INAH\",\"breadcrumb\":{\"@id\":\"https:\\\/\\\/centrourbano.com\\\/revista\\\/actualidad\\\/inah-rinde-homenaje-a-alfonso-caso-impulsor-del-instituto\\\/#breadcrumb\"},\"inLanguage\":\"es\",\"potentialAction\":[{\"@type\":\"ReadAction\",\"target\":[\"https:\\\/\\\/centrourbano.com\\\/revista\\\/actualidad\\\/inah-rinde-homenaje-a-alfonso-caso-impulsor-del-instituto\\\/\"]}]},{\"@type\":\"ImageObject\",\"inLanguage\":\"es\",\"@id\":\"https:\\\/\\\/centrourbano.com\\\/revista\\\/actualidad\\\/inah-rinde-homenaje-a-alfonso-caso-impulsor-del-instituto\\\/#primaryimage\",\"url\":\"https:\\\/\\\/centrourbano.com\\\/revista\\\/wp-content\\\/uploads\\\/inah-1.jpg\",\"contentUrl\":\"https:\\\/\\\/centrourbano.com\\\/revista\\\/wp-content\\\/uploads\\\/inah-1.jpg\",\"width\":550,\"height\":450,\"caption\":\"Alfonso Caso fue impulsor de la creaci\u00f3n del INAH cuando, en 1932, encontr\u00f3 una tumba en Monte Alb\u00e1n, y abri\u00f3 debate en torno a la protecci\u00f3n del patrimonio\"},{\"@type\":\"BreadcrumbList\",\"@id\":\"https:\\\/\\\/centrourbano.com\\\/revista\\\/actualidad\\\/inah-rinde-homenaje-a-alfonso-caso-impulsor-del-instituto\\\/#breadcrumb\",\"itemListElement\":[{\"@type\":\"ListItem\",\"position\":1,\"name\":\"Portada\",\"item\":\"https:\\\/\\\/centrourbano.com\\\/revista\\\/\"},{\"@type\":\"ListItem\",\"position\":2,\"name\":\"INAH rinde homenaje a Alfonso Caso, impulsor del Instituto\"}]},{\"@type\":\"WebSite\",\"@id\":\"https:\\\/\\\/centrourbano.com\\\/revista\\\/#website\",\"url\":\"https:\\\/\\\/centrourbano.com\\\/revista\\\/\",\"name\":\"Centro Urbano\",\"description\":\"Medio especializado en los sectores vivienda, inmobiliario, construcci\u00f3n, arquitectura y urbanismo.\",\"publisher\":{\"@id\":\"https:\\\/\\\/centrourbano.com\\\/revista\\\/#organization\"},\"potentialAction\":[{\"@type\":\"SearchAction\",\"target\":{\"@type\":\"EntryPoint\",\"urlTemplate\":\"https:\\\/\\\/centrourbano.com\\\/revista\\\/?s={search_term_string}\"},\"query-input\":{\"@type\":\"PropertyValueSpecification\",\"valueRequired\":true,\"valueName\":\"search_term_string\"}}],\"inLanguage\":\"es\"},{\"@type\":\"Organization\",\"@id\":\"https:\\\/\\\/centrourbano.com\\\/revista\\\/#organization\",\"name\":\"Centro Urbano\",\"url\":\"https:\\\/\\\/centrourbano.com\\\/revista\\\/\",\"logo\":{\"@type\":\"ImageObject\",\"inLanguage\":\"es\",\"@id\":\"https:\\\/\\\/centrourbano.com\\\/revista\\\/#\\\/schema\\\/logo\\\/image\\\/\",\"url\":\"https:\\\/\\\/centrourbano.com\\\/revista\\\/wp-content\\\/uploads\\\/web_CU_logo-1.png\",\"contentUrl\":\"https:\\\/\\\/centrourbano.com\\\/revista\\\/wp-content\\\/uploads\\\/web_CU_logo-1.png\",\"width\":350,\"height\":91,\"caption\":\"Centro Urbano\"},\"image\":{\"@id\":\"https:\\\/\\\/centrourbano.com\\\/revista\\\/#\\\/schema\\\/logo\\\/image\\\/\"},\"sameAs\":[\"https:\\\/\\\/www.facebook.com\\\/portalcentrourbano\",\"https:\\\/\\\/x.com\\\/CentroUrbano\",\"https:\\\/\\\/www.instagram.com\\\/centro_urbano\\\/\",\"https:\\\/\\\/www.linkedin.com\\\/company\\\/centro-urbano\\\/\",\"http:\\\/\\\/www.youtube.com\\\/user\\\/portalcentrourbano\"]},{\"@type\":\"Person\",\"@id\":\"https:\\\/\\\/centrourbano.com\\\/revista\\\/#\\\/schema\\\/person\\\/d12ede3164a0881bab68f5868d5dfe8c\",\"name\":\"Antonio Garc\u00eda\",\"image\":{\"@type\":\"ImageObject\",\"inLanguage\":\"es\",\"@id\":\"https:\\\/\\\/secure.gravatar.com\\\/avatar\\\/68b7fcfc82d16a702310836698db1d823c3fb3b28e1f0938164455de47d96d82?s=96&d=mm&r=g\",\"url\":\"https:\\\/\\\/secure.gravatar.com\\\/avatar\\\/68b7fcfc82d16a702310836698db1d823c3fb3b28e1f0938164455de47d96d82?s=96&d=mm&r=g\",\"contentUrl\":\"https:\\\/\\\/secure.gravatar.com\\\/avatar\\\/68b7fcfc82d16a702310836698db1d823c3fb3b28e1f0938164455de47d96d82?s=96&d=mm&r=g\",\"caption\":\"Antonio Garc\u00eda\"},\"description\":\"Integrante del equipo editorial en Centro Urbano. Egresado de la carrera de Econom\u00eda (preespecialidad en Desarrollo Regional) en el IPN y de Matem\u00e1ticas Aplicadas y Computaci\u00f3n en la UNAM. Apasionado de los temas inherentes al desarrollo urbano-regional y estudios formales -e informales- sobre la ciudad y la econom\u00eda urbana.\",\"sameAs\":[\"https:\\\/\\\/www.instagram.com\\\/caminante_en_la_ciudad\\\/?hl=es-la\",\"https:\\\/\\\/x.com\\\/https:\\\/\\\/twitter.com\\\/TGarper\"],\"url\":\"https:\\\/\\\/centrourbano.com\\\/revista\\\/author\\\/antonio-garcia\\\/\"}]}<\/script>\n<!-- \/ Yoast SEO plugin. -->","yoast_head_json":{"title":"INAH rinde homenaje a Alfonso Caso, impulsor del Instituto","description":"En 1932, Alfonso Caso encontr\u00f3 una tumba en Monte Alb\u00e1n; desde entonces abri\u00f3 debate en torno a la protecci\u00f3n del patrimonio e impuls\u00f3 al INAH","robots":{"index":"index","follow":"follow","max-snippet":"max-snippet:-1","max-image-preview":"max-image-preview:large","max-video-preview":"max-video-preview:-1"},"canonical":"https:\/\/centrourbano.com\/revista\/actualidad\/inah-rinde-homenaje-a-alfonso-caso-impulsor-del-instituto\/","og_locale":"es_ES","og_type":"article","og_title":"INAH rinde homenaje a Alfonso Caso, impulsor del Instituto","og_description":"En 1932, Alfonso Caso encontr\u00f3 una tumba en Monte Alb\u00e1n; desde entonces abri\u00f3 debate en torno a la protecci\u00f3n del patrimonio e impuls\u00f3 al INAH","og_url":"https:\/\/centrourbano.com\/revista\/actualidad\/inah-rinde-homenaje-a-alfonso-caso-impulsor-del-instituto\/","og_site_name":"Centro Urbano","article_publisher":"https:\/\/www.facebook.com\/portalcentrourbano","article_published_time":"2020-02-05T14:12:06+00:00","article_modified_time":"2020-02-05T16:25:31+00:00","og_image":[{"width":550,"height":450,"url":"https:\/\/centrourbano.com\/revista\/wp-content\/uploads\/inah-1.jpg","type":"image\/jpeg"}],"author":"Antonio Garc\u00eda","twitter_card":"summary_large_image","twitter_creator":"@https:\/\/twitter.com\/TGarper","twitter_site":"@CentroUrbano","twitter_misc":{"Escrito por":"Antonio Garc\u00eda","Tiempo de lectura":"1 minuto"},"schema":{"@context":"https:\/\/schema.org","@graph":[{"@type":"Article","@id":"https:\/\/centrourbano.com\/revista\/actualidad\/inah-rinde-homenaje-a-alfonso-caso-impulsor-del-instituto\/#article","isPartOf":{"@id":"https:\/\/centrourbano.com\/revista\/actualidad\/inah-rinde-homenaje-a-alfonso-caso-impulsor-del-instituto\/"},"author":{"name":"Antonio Garc\u00eda","@id":"https:\/\/centrourbano.com\/revista\/#\/schema\/person\/d12ede3164a0881bab68f5868d5dfe8c"},"headline":"INAH rinde homenaje a Alfonso Caso, impulsor del Instituto","datePublished":"2020-02-05T14:12:06+00:00","dateModified":"2020-02-05T16:25:31+00:00","mainEntityOfPage":{"@id":"https:\/\/centrourbano.com\/revista\/actualidad\/inah-rinde-homenaje-a-alfonso-caso-impulsor-del-instituto\/"},"wordCount":304,"commentCount":0,"publisher":{"@id":"https:\/\/centrourbano.com\/revista\/#organization"},"image":{"@id":"https:\/\/centrourbano.com\/revista\/actualidad\/inah-rinde-homenaje-a-alfonso-caso-impulsor-del-instituto\/#primaryimage"},"thumbnailUrl":"https:\/\/centrourbano.com\/revista\/wp-content\/uploads\/inah-1.jpg","keywords":["Alfonso Caso","antropolog\u00eda.","Arqueolog\u00eda","Cultura","INAH"],"articleSection":["Actualidad","Arquitectura"],"inLanguage":"es","potentialAction":[{"@type":"CommentAction","name":"Comment","target":["https:\/\/centrourbano.com\/revista\/actualidad\/inah-rinde-homenaje-a-alfonso-caso-impulsor-del-instituto\/#respond"]}]},{"@type":"WebPage","@id":"https:\/\/centrourbano.com\/revista\/actualidad\/inah-rinde-homenaje-a-alfonso-caso-impulsor-del-instituto\/","url":"https:\/\/centrourbano.com\/revista\/actualidad\/inah-rinde-homenaje-a-alfonso-caso-impulsor-del-instituto\/","name":"INAH rinde homenaje a Alfonso Caso, impulsor del Instituto","isPartOf":{"@id":"https:\/\/centrourbano.com\/revista\/#website"},"primaryImageOfPage":{"@id":"https:\/\/centrourbano.com\/revista\/actualidad\/inah-rinde-homenaje-a-alfonso-caso-impulsor-del-instituto\/#primaryimage"},"image":{"@id":"https:\/\/centrourbano.com\/revista\/actualidad\/inah-rinde-homenaje-a-alfonso-caso-impulsor-del-instituto\/#primaryimage"},"thumbnailUrl":"https:\/\/centrourbano.com\/revista\/wp-content\/uploads\/inah-1.jpg","datePublished":"2020-02-05T14:12:06+00:00","dateModified":"2020-02-05T16:25:31+00:00","description":"En 1932, Alfonso Caso encontr\u00f3 una tumba en Monte Alb\u00e1n; desde entonces abri\u00f3 debate en torno a la protecci\u00f3n del patrimonio e impuls\u00f3 al INAH","breadcrumb":{"@id":"https:\/\/centrourbano.com\/revista\/actualidad\/inah-rinde-homenaje-a-alfonso-caso-impulsor-del-instituto\/#breadcrumb"},"inLanguage":"es","potentialAction":[{"@type":"ReadAction","target":["https:\/\/centrourbano.com\/revista\/actualidad\/inah-rinde-homenaje-a-alfonso-caso-impulsor-del-instituto\/"]}]},{"@type":"ImageObject","inLanguage":"es","@id":"https:\/\/centrourbano.com\/revista\/actualidad\/inah-rinde-homenaje-a-alfonso-caso-impulsor-del-instituto\/#primaryimage","url":"https:\/\/centrourbano.com\/revista\/wp-content\/uploads\/inah-1.jpg","contentUrl":"https:\/\/centrourbano.com\/revista\/wp-content\/uploads\/inah-1.jpg","width":550,"height":450,"caption":"Alfonso Caso fue impulsor de la creaci\u00f3n del INAH cuando, en 1932, encontr\u00f3 una tumba en Monte Alb\u00e1n, y abri\u00f3 debate en torno a la protecci\u00f3n del patrimonio"},{"@type":"BreadcrumbList","@id":"https:\/\/centrourbano.com\/revista\/actualidad\/inah-rinde-homenaje-a-alfonso-caso-impulsor-del-instituto\/#breadcrumb","itemListElement":[{"@type":"ListItem","position":1,"name":"Portada","item":"https:\/\/centrourbano.com\/revista\/"},{"@type":"ListItem","position":2,"name":"INAH rinde homenaje a Alfonso Caso, impulsor del Instituto"}]},{"@type":"WebSite","@id":"https:\/\/centrourbano.com\/revista\/#website","url":"https:\/\/centrourbano.com\/revista\/","name":"Centro Urbano","description":"Medio especializado en los sectores vivienda, inmobiliario, construcci\u00f3n, arquitectura y urbanismo.","publisher":{"@id":"https:\/\/centrourbano.com\/revista\/#organization"},"potentialAction":[{"@type":"SearchAction","target":{"@type":"EntryPoint","urlTemplate":"https:\/\/centrourbano.com\/revista\/?s={search_term_string}"},"query-input":{"@type":"PropertyValueSpecification","valueRequired":true,"valueName":"search_term_string"}}],"inLanguage":"es"},{"@type":"Organization","@id":"https:\/\/centrourbano.com\/revista\/#organization","name":"Centro Urbano","url":"https:\/\/centrourbano.com\/revista\/","logo":{"@type":"ImageObject","inLanguage":"es","@id":"https:\/\/centrourbano.com\/revista\/#\/schema\/logo\/image\/","url":"https:\/\/centrourbano.com\/revista\/wp-content\/uploads\/web_CU_logo-1.png","contentUrl":"https:\/\/centrourbano.com\/revista\/wp-content\/uploads\/web_CU_logo-1.png","width":350,"height":91,"caption":"Centro Urbano"},"image":{"@id":"https:\/\/centrourbano.com\/revista\/#\/schema\/logo\/image\/"},"sameAs":["https:\/\/www.facebook.com\/portalcentrourbano","https:\/\/x.com\/CentroUrbano","https:\/\/www.instagram.com\/centro_urbano\/","https:\/\/www.linkedin.com\/company\/centro-urbano\/","http:\/\/www.youtube.com\/user\/portalcentrourbano"]},{"@type":"Person","@id":"https:\/\/centrourbano.com\/revista\/#\/schema\/person\/d12ede3164a0881bab68f5868d5dfe8c","name":"Antonio Garc\u00eda","image":{"@type":"ImageObject","inLanguage":"es","@id":"https:\/\/secure.gravatar.com\/avatar\/68b7fcfc82d16a702310836698db1d823c3fb3b28e1f0938164455de47d96d82?s=96&d=mm&r=g","url":"https:\/\/secure.gravatar.com\/avatar\/68b7fcfc82d16a702310836698db1d823c3fb3b28e1f0938164455de47d96d82?s=96&d=mm&r=g","contentUrl":"https:\/\/secure.gravatar.com\/avatar\/68b7fcfc82d16a702310836698db1d823c3fb3b28e1f0938164455de47d96d82?s=96&d=mm&r=g","caption":"Antonio Garc\u00eda"},"description":"Integrante del equipo editorial en Centro Urbano. Egresado de la carrera de Econom\u00eda (preespecialidad en Desarrollo Regional) en el IPN y de Matem\u00e1ticas Aplicadas y Computaci\u00f3n en la UNAM. Apasionado de los temas inherentes al desarrollo urbano-regional y estudios formales -e informales- sobre la ciudad y la econom\u00eda urbana.","sameAs":["https:\/\/www.instagram.com\/caminante_en_la_ciudad\/?hl=es-la","https:\/\/x.com\/https:\/\/twitter.com\/TGarper"],"url":"https:\/\/centrourbano.com\/revista\/author\/antonio-garcia\/"}]}},"_links":{"self":[{"href":"https:\/\/centrourbano.com\/revista\/wp-json\/wp\/v2\/posts\/102379","targetHints":{"allow":["GET"]}}],"collection":[{"href":"https:\/\/centrourbano.com\/revista\/wp-json\/wp\/v2\/posts"}],"about":[{"href":"https:\/\/centrourbano.com\/revista\/wp-json\/wp\/v2\/types\/post"}],"author":[{"embeddable":true,"href":"https:\/\/centrourbano.com\/revista\/wp-json\/wp\/v2\/users\/75"}],"replies":[{"embeddable":true,"href":"https:\/\/centrourbano.com\/revista\/wp-json\/wp\/v2\/comments?post=102379"}],"version-history":[{"count":3,"href":"https:\/\/centrourbano.com\/revista\/wp-json\/wp\/v2\/posts\/102379\/revisions"}],"predecessor-version":[{"id":102408,"href":"https:\/\/centrourbano.com\/revista\/wp-json\/wp\/v2\/posts\/102379\/revisions\/102408"}],"wp:featuredmedia":[{"embeddable":true,"href":"https:\/\/centrourbano.com\/revista\/wp-json\/wp\/v2\/media\/102381"}],"wp:attachment":[{"href":"https:\/\/centrourbano.com\/revista\/wp-json\/wp\/v2\/media?parent=102379"}],"wp:term":[{"taxonomy":"category","embeddable":true,"href":"https:\/\/centrourbano.com\/revista\/wp-json\/wp\/v2\/categories?post=102379"},{"taxonomy":"post_tag","embeddable":true,"href":"https:\/\/centrourbano.com\/revista\/wp-json\/wp\/v2\/tags?post=102379"}],"curies":[{"name":"wp","href":"https:\/\/api.w.org\/{rel}","templated":true}]}}