{"id":102211,"date":"2020-01-29T12:52:45","date_gmt":"2020-01-29T18:52:45","guid":{"rendered":"https:\/\/centrourbano.com\/?p=102211"},"modified":"2020-02-05T19:07:54","modified_gmt":"2020-02-06T01:07:54","slug":"richard-long-expondra-obras-en-un-complejo-creado-por-luis-barragan","status":"publish","type":"post","link":"https:\/\/centrourbano.com\/revista\/arquitectura-2\/richard-long-expondra-obras-en-un-complejo-creado-por-luis-barragan\/","title":{"rendered":"Richard Long expondr\u00e1 obras en un complejo creado por Luis Barrag\u00e1n"},"content":{"rendered":"<p><em>La exposici\u00f3n constar\u00e1 de 4 esculturas con piedras personalmente seleccionadas por Richard Long en municipios perif\u00e9ricos del Valle de M\u00e9xico \u00a0<\/em><\/p>\n<p><!--more--><\/p>\n<p>Dentro de unos d\u00edas ser\u00e1 inaugurada la exposici\u00f3n <strong>\u201cDe Orizaba a Urique River Deep Mountain High\u201d,<\/strong> una muestra del escultor brit\u00e1nico <strong>Richard Long <\/strong>que estar\u00e1 disponible del 7 de febrero al 7 de marzo, y la cual contar\u00e1 con la instalaci\u00f3n de 4 esculturas hechas con materiales locales extra\u00eddos de las canteras del Valle de M\u00e9xico y de Puebla, mismas que podr\u00e1n ser admiradas por los visitantes.<\/p>\n<p>Richard Long expondr\u00e1 dichas obras dentro del complejo <strong>Cuadra San Crist\u00f3bal<\/strong>, una construcci\u00f3n creada en el siglo XX por el arquitecto Luis Barrag\u00e1n, destacado arquitecto mexicano reconocido a nivel internacional por haber ganado en 1980 el Premio Pritzker, m\u00e1ximo galard\u00f3n otorgado en materia de arquitectura.<\/p>\n<p>En la exposici\u00f3n destacan las piedras volc\u00e1nicas de color negro y rojo, as\u00ed como las de r\u00edo, de las que est\u00e1 hecha su presentaci\u00f3n, mismas que fueron escogidas por el propio Long, en municipios como Ecatzingo, Chimalhuac\u00e1n y Pachuca.<\/p>\n<p>Cabe destacar que en 1979, Richard Long visit\u00f3 por primera M\u00e9xico, en donde escal\u00f3 el Pico de Orizaba.\u00a0 En visitas posteriores, visit\u00f3 el ca\u00f1\u00f3n Urique, en el estado de Chihuahua. De ah\u00ed el origen del nombre de su exposici\u00f3n, misma que perciben como un reconocimiento a su trayectoria en M\u00e9xico y a la historia agr\u00edcola y arquitect\u00f3nica del pa\u00eds.<\/p>\n<p>Para acceder a la exposici\u00f3n en la Cuadra San Crist\u00f3bal se tendr\u00e1 que hacer previa cita, aunque la entrada ser\u00e1 libre. Dicho complejo se ubica en cerrada Manantial Oriente 20, Colonia Mayorazgos de los Gigantes, L\u00f3pez Mateos, Atizap\u00e1n de Zaragoza, Estado de M\u00e9xico.<\/p>\n","protected":false},"excerpt":{"rendered":"<p>La exposici\u00f3n constar\u00e1 de 4 esculturas con piedras personalmente seleccionadas por Richard Long en municipios perif\u00e9ricos del Valle de M\u00e9xico \u00a0<\/p>\n","protected":false},"author":77,"featured_media":102213,"comment_status":"open","ping_status":"closed","sticky":false,"template":"","format":"standard","meta":{"inline_featured_image":false,"footnotes":""},"categories":[81,10613],"tags":[20,12422,7297,1812,17423],"class_list":["post-102211","post","type-post","status-publish","format-standard","has-post-thumbnail","hentry","category-arquitectura-2","category-exposiciones","tag-arquitectura","tag-cuadra-san-cristobal","tag-esculturas","tag-luis-barragan","tag-richard-long"],"yoast_head":"<!-- This site is optimized with the Yoast SEO plugin v28.4 - https:\/\/yoast.com\/product\/yoast-seo-wordpress\/ -->\n<title>Richard Long expondr\u00e1 obras en un complejo creado por Luis Barrag\u00e1n<\/title>\n<meta name=\"description\" content=\"La exposici\u00f3n constar\u00e1 de 4 esculturas con piedras personalmente seleccionadas por Richard Long en municipios perif\u00e9ricos del Valle de M\u00e9xico \u00a0\" \/>\n<meta name=\"robots\" content=\"index, follow, max-snippet:-1, max-image-preview:large, max-video-preview:-1\" \/>\n<link rel=\"canonical\" href=\"https:\/\/centrourbano.com\/revista\/arquitectura-2\/richard-long-expondra-obras-en-un-complejo-creado-por-luis-barragan\/\" \/>\n<meta property=\"og:locale\" content=\"es_ES\" \/>\n<meta property=\"og:type\" content=\"article\" \/>\n<meta property=\"og:title\" content=\"Richard Long expondr\u00e1 obras en un complejo creado por Luis Barrag\u00e1n\" \/>\n<meta property=\"og:description\" content=\"La exposici\u00f3n constar\u00e1 de 4 esculturas con piedras personalmente seleccionadas por Richard Long en municipios perif\u00e9ricos del Valle de M\u00e9xico \u00a0\" \/>\n<meta property=\"og:url\" content=\"https:\/\/centrourbano.com\/revista\/arquitectura-2\/richard-long-expondra-obras-en-un-complejo-creado-por-luis-barragan\/\" \/>\n<meta property=\"og:site_name\" content=\"Centro Urbano\" \/>\n<meta property=\"article:publisher\" content=\"https:\/\/www.facebook.com\/portalcentrourbano\" \/>\n<meta property=\"article:published_time\" content=\"2020-01-29T18:52:45+00:00\" \/>\n<meta property=\"article:modified_time\" content=\"2020-02-06T01:07:54+00:00\" \/>\n<meta property=\"og:image\" content=\"https:\/\/centrourbano.com\/revista\/wp-content\/uploads\/Richard-Long-Portrait.jpg\" \/>\n\t<meta property=\"og:image:width\" content=\"1251\" \/>\n\t<meta property=\"og:image:height\" content=\"834\" \/>\n\t<meta property=\"og:image:type\" content=\"image\/jpeg\" \/>\n<meta name=\"author\" content=\"G4A\" \/>\n<meta name=\"twitter:card\" content=\"summary_large_image\" \/>\n<meta name=\"twitter:creator\" content=\"@CentroUrbano\" \/>\n<meta name=\"twitter:site\" content=\"@CentroUrbano\" \/>\n<meta name=\"twitter:label1\" content=\"Escrito por\" \/>\n\t<meta name=\"twitter:data1\" content=\"G4A\" \/>\n\t<meta name=\"twitter:label2\" content=\"Tiempo de lectura\" \/>\n\t<meta name=\"twitter:data2\" content=\"1 minuto\" \/>\n<script type=\"application\/ld+json\" class=\"yoast-schema-graph\">{\"@context\":\"https:\\\/\\\/schema.org\",\"@graph\":[{\"@type\":\"Article\",\"@id\":\"https:\\\/\\\/centrourbano.com\\\/revista\\\/arquitectura-2\\\/richard-long-expondra-obras-en-un-complejo-creado-por-luis-barragan\\\/#article\",\"isPartOf\":{\"@id\":\"https:\\\/\\\/centrourbano.com\\\/revista\\\/arquitectura-2\\\/richard-long-expondra-obras-en-un-complejo-creado-por-luis-barragan\\\/\"},\"author\":{\"name\":\"G4A\",\"@id\":\"https:\\\/\\\/centrourbano.com\\\/revista\\\/#\\\/schema\\\/person\\\/370fa0ba2d8dd5bde3fdb8b62ad360aa\"},\"headline\":\"Richard Long expondr\u00e1 obras en un complejo creado por Luis Barrag\u00e1n\",\"datePublished\":\"2020-01-29T18:52:45+00:00\",\"dateModified\":\"2020-02-06T01:07:54+00:00\",\"mainEntityOfPage\":{\"@id\":\"https:\\\/\\\/centrourbano.com\\\/revista\\\/arquitectura-2\\\/richard-long-expondra-obras-en-un-complejo-creado-por-luis-barragan\\\/\"},\"wordCount\":310,\"commentCount\":0,\"publisher\":{\"@id\":\"https:\\\/\\\/centrourbano.com\\\/revista\\\/#organization\"},\"image\":{\"@id\":\"https:\\\/\\\/centrourbano.com\\\/revista\\\/arquitectura-2\\\/richard-long-expondra-obras-en-un-complejo-creado-por-luis-barragan\\\/#primaryimage\"},\"thumbnailUrl\":\"https:\\\/\\\/centrourbano.com\\\/revista\\\/wp-content\\\/uploads\\\/Richard-Long-Portrait.jpg\",\"keywords\":[\"arquitectura\",\"Cuadra San Crist\u00f3bal\",\"Esculturas\",\"Luis Barrag\u00e1n\",\"Richard Long\"],\"articleSection\":[\"Arquitectura\",\"Exposiciones\"],\"inLanguage\":\"es\"},{\"@type\":\"WebPage\",\"@id\":\"https:\\\/\\\/centrourbano.com\\\/revista\\\/arquitectura-2\\\/richard-long-expondra-obras-en-un-complejo-creado-por-luis-barragan\\\/\",\"url\":\"https:\\\/\\\/centrourbano.com\\\/revista\\\/arquitectura-2\\\/richard-long-expondra-obras-en-un-complejo-creado-por-luis-barragan\\\/\",\"name\":\"Richard Long expondr\u00e1 obras en un complejo creado por Luis Barrag\u00e1n\",\"isPartOf\":{\"@id\":\"https:\\\/\\\/centrourbano.com\\\/revista\\\/#website\"},\"primaryImageOfPage\":{\"@id\":\"https:\\\/\\\/centrourbano.com\\\/revista\\\/arquitectura-2\\\/richard-long-expondra-obras-en-un-complejo-creado-por-luis-barragan\\\/#primaryimage\"},\"image\":{\"@id\":\"https:\\\/\\\/centrourbano.com\\\/revista\\\/arquitectura-2\\\/richard-long-expondra-obras-en-un-complejo-creado-por-luis-barragan\\\/#primaryimage\"},\"thumbnailUrl\":\"https:\\\/\\\/centrourbano.com\\\/revista\\\/wp-content\\\/uploads\\\/Richard-Long-Portrait.jpg\",\"datePublished\":\"2020-01-29T18:52:45+00:00\",\"dateModified\":\"2020-02-06T01:07:54+00:00\",\"description\":\"La exposici\u00f3n constar\u00e1 de 4 esculturas con piedras personalmente seleccionadas por Richard Long en municipios perif\u00e9ricos del Valle de M\u00e9xico \u00a0\",\"breadcrumb\":{\"@id\":\"https:\\\/\\\/centrourbano.com\\\/revista\\\/arquitectura-2\\\/richard-long-expondra-obras-en-un-complejo-creado-por-luis-barragan\\\/#breadcrumb\"},\"inLanguage\":\"es\",\"potentialAction\":[{\"@type\":\"ReadAction\",\"target\":[\"https:\\\/\\\/centrourbano.com\\\/revista\\\/arquitectura-2\\\/richard-long-expondra-obras-en-un-complejo-creado-por-luis-barragan\\\/\"]}]},{\"@type\":\"ImageObject\",\"inLanguage\":\"es\",\"@id\":\"https:\\\/\\\/centrourbano.com\\\/revista\\\/arquitectura-2\\\/richard-long-expondra-obras-en-un-complejo-creado-por-luis-barragan\\\/#primaryimage\",\"url\":\"https:\\\/\\\/centrourbano.com\\\/revista\\\/wp-content\\\/uploads\\\/Richard-Long-Portrait.jpg\",\"contentUrl\":\"https:\\\/\\\/centrourbano.com\\\/revista\\\/wp-content\\\/uploads\\\/Richard-Long-Portrait.jpg\",\"width\":1251,\"height\":834,\"caption\":\"La exposici\u00f3n constar\u00e1 de 4 esculturas con piedras personalmente seleccionadas por Richard Long en municipios perif\u00e9ricos del Valle de M\u00e9xico \u00a0\"},{\"@type\":\"BreadcrumbList\",\"@id\":\"https:\\\/\\\/centrourbano.com\\\/revista\\\/arquitectura-2\\\/richard-long-expondra-obras-en-un-complejo-creado-por-luis-barragan\\\/#breadcrumb\",\"itemListElement\":[{\"@type\":\"ListItem\",\"position\":1,\"name\":\"Portada\",\"item\":\"https:\\\/\\\/centrourbano.com\\\/revista\\\/\"},{\"@type\":\"ListItem\",\"position\":2,\"name\":\"Richard Long expondr\u00e1 obras en un complejo creado por Luis Barrag\u00e1n\"}]},{\"@type\":\"WebSite\",\"@id\":\"https:\\\/\\\/centrourbano.com\\\/revista\\\/#website\",\"url\":\"https:\\\/\\\/centrourbano.com\\\/revista\\\/\",\"name\":\"Centro Urbano\",\"description\":\"Medio especializado en los sectores vivienda, inmobiliario, construcci\u00f3n, arquitectura y urbanismo.\",\"publisher\":{\"@id\":\"https:\\\/\\\/centrourbano.com\\\/revista\\\/#organization\"},\"potentialAction\":[{\"@type\":\"SearchAction\",\"target\":{\"@type\":\"EntryPoint\",\"urlTemplate\":\"https:\\\/\\\/centrourbano.com\\\/revista\\\/?s={search_term_string}\"},\"query-input\":{\"@type\":\"PropertyValueSpecification\",\"valueRequired\":true,\"valueName\":\"search_term_string\"}}],\"inLanguage\":\"es\"},{\"@type\":\"Organization\",\"@id\":\"https:\\\/\\\/centrourbano.com\\\/revista\\\/#organization\",\"name\":\"Centro Urbano\",\"url\":\"https:\\\/\\\/centrourbano.com\\\/revista\\\/\",\"logo\":{\"@type\":\"ImageObject\",\"inLanguage\":\"es\",\"@id\":\"https:\\\/\\\/centrourbano.com\\\/revista\\\/#\\\/schema\\\/logo\\\/image\\\/\",\"url\":\"https:\\\/\\\/centrourbano.com\\\/revista\\\/wp-content\\\/uploads\\\/web_CU_logo-1.png\",\"contentUrl\":\"https:\\\/\\\/centrourbano.com\\\/revista\\\/wp-content\\\/uploads\\\/web_CU_logo-1.png\",\"width\":350,\"height\":91,\"caption\":\"Centro Urbano\"},\"image\":{\"@id\":\"https:\\\/\\\/centrourbano.com\\\/revista\\\/#\\\/schema\\\/logo\\\/image\\\/\"},\"sameAs\":[\"https:\\\/\\\/www.facebook.com\\\/portalcentrourbano\",\"https:\\\/\\\/x.com\\\/CentroUrbano\",\"https:\\\/\\\/www.instagram.com\\\/centro_urbano\\\/\",\"https:\\\/\\\/www.linkedin.com\\\/company\\\/centro-urbano\\\/\",\"http:\\\/\\\/www.youtube.com\\\/user\\\/portalcentrourbano\"]},{\"@type\":\"Person\",\"@id\":\"https:\\\/\\\/centrourbano.com\\\/revista\\\/#\\\/schema\\\/person\\\/370fa0ba2d8dd5bde3fdb8b62ad360aa\",\"name\":\"G4A\",\"image\":{\"@type\":\"ImageObject\",\"inLanguage\":\"es\",\"@id\":\"https:\\\/\\\/secure.gravatar.com\\\/avatar\\\/932a97121b13d5de5bbd8193c6c83d3b92c9eda0f39623607d4280e7a5778d97?s=96&d=mm&r=g\",\"url\":\"https:\\\/\\\/secure.gravatar.com\\\/avatar\\\/932a97121b13d5de5bbd8193c6c83d3b92c9eda0f39623607d4280e7a5778d97?s=96&d=mm&r=g\",\"contentUrl\":\"https:\\\/\\\/secure.gravatar.com\\\/avatar\\\/932a97121b13d5de5bbd8193c6c83d3b92c9eda0f39623607d4280e7a5778d97?s=96&d=mm&r=g\",\"caption\":\"G4A\"},\"url\":\"https:\\\/\\\/centrourbano.com\\\/revista\\\/author\\\/admin-g4a\\\/\"}]}<\/script>\n<!-- \/ Yoast SEO plugin. -->","yoast_head_json":{"title":"Richard Long expondr\u00e1 obras en un complejo creado por Luis Barrag\u00e1n","description":"La exposici\u00f3n constar\u00e1 de 4 esculturas con piedras personalmente seleccionadas por Richard Long en municipios perif\u00e9ricos del Valle de M\u00e9xico \u00a0","robots":{"index":"index","follow":"follow","max-snippet":"max-snippet:-1","max-image-preview":"max-image-preview:large","max-video-preview":"max-video-preview:-1"},"canonical":"https:\/\/centrourbano.com\/revista\/arquitectura-2\/richard-long-expondra-obras-en-un-complejo-creado-por-luis-barragan\/","og_locale":"es_ES","og_type":"article","og_title":"Richard Long expondr\u00e1 obras en un complejo creado por Luis Barrag\u00e1n","og_description":"La exposici\u00f3n constar\u00e1 de 4 esculturas con piedras personalmente seleccionadas por Richard Long en municipios perif\u00e9ricos del Valle de M\u00e9xico \u00a0","og_url":"https:\/\/centrourbano.com\/revista\/arquitectura-2\/richard-long-expondra-obras-en-un-complejo-creado-por-luis-barragan\/","og_site_name":"Centro Urbano","article_publisher":"https:\/\/www.facebook.com\/portalcentrourbano","article_published_time":"2020-01-29T18:52:45+00:00","article_modified_time":"2020-02-06T01:07:54+00:00","og_image":[{"width":1251,"height":834,"url":"https:\/\/centrourbano.com\/revista\/wp-content\/uploads\/Richard-Long-Portrait.jpg","type":"image\/jpeg"}],"author":"G4A","twitter_card":"summary_large_image","twitter_creator":"@CentroUrbano","twitter_site":"@CentroUrbano","twitter_misc":{"Escrito por":"G4A","Tiempo de lectura":"1 minuto"},"schema":{"@context":"https:\/\/schema.org","@graph":[{"@type":"Article","@id":"https:\/\/centrourbano.com\/revista\/arquitectura-2\/richard-long-expondra-obras-en-un-complejo-creado-por-luis-barragan\/#article","isPartOf":{"@id":"https:\/\/centrourbano.com\/revista\/arquitectura-2\/richard-long-expondra-obras-en-un-complejo-creado-por-luis-barragan\/"},"author":{"name":"G4A","@id":"https:\/\/centrourbano.com\/revista\/#\/schema\/person\/370fa0ba2d8dd5bde3fdb8b62ad360aa"},"headline":"Richard Long expondr\u00e1 obras en un complejo creado por Luis Barrag\u00e1n","datePublished":"2020-01-29T18:52:45+00:00","dateModified":"2020-02-06T01:07:54+00:00","mainEntityOfPage":{"@id":"https:\/\/centrourbano.com\/revista\/arquitectura-2\/richard-long-expondra-obras-en-un-complejo-creado-por-luis-barragan\/"},"wordCount":310,"commentCount":0,"publisher":{"@id":"https:\/\/centrourbano.com\/revista\/#organization"},"image":{"@id":"https:\/\/centrourbano.com\/revista\/arquitectura-2\/richard-long-expondra-obras-en-un-complejo-creado-por-luis-barragan\/#primaryimage"},"thumbnailUrl":"https:\/\/centrourbano.com\/revista\/wp-content\/uploads\/Richard-Long-Portrait.jpg","keywords":["arquitectura","Cuadra San Crist\u00f3bal","Esculturas","Luis Barrag\u00e1n","Richard Long"],"articleSection":["Arquitectura","Exposiciones"],"inLanguage":"es"},{"@type":"WebPage","@id":"https:\/\/centrourbano.com\/revista\/arquitectura-2\/richard-long-expondra-obras-en-un-complejo-creado-por-luis-barragan\/","url":"https:\/\/centrourbano.com\/revista\/arquitectura-2\/richard-long-expondra-obras-en-un-complejo-creado-por-luis-barragan\/","name":"Richard Long expondr\u00e1 obras en un complejo creado por Luis Barrag\u00e1n","isPartOf":{"@id":"https:\/\/centrourbano.com\/revista\/#website"},"primaryImageOfPage":{"@id":"https:\/\/centrourbano.com\/revista\/arquitectura-2\/richard-long-expondra-obras-en-un-complejo-creado-por-luis-barragan\/#primaryimage"},"image":{"@id":"https:\/\/centrourbano.com\/revista\/arquitectura-2\/richard-long-expondra-obras-en-un-complejo-creado-por-luis-barragan\/#primaryimage"},"thumbnailUrl":"https:\/\/centrourbano.com\/revista\/wp-content\/uploads\/Richard-Long-Portrait.jpg","datePublished":"2020-01-29T18:52:45+00:00","dateModified":"2020-02-06T01:07:54+00:00","description":"La exposici\u00f3n constar\u00e1 de 4 esculturas con piedras personalmente seleccionadas por Richard Long en municipios perif\u00e9ricos del Valle de M\u00e9xico \u00a0","breadcrumb":{"@id":"https:\/\/centrourbano.com\/revista\/arquitectura-2\/richard-long-expondra-obras-en-un-complejo-creado-por-luis-barragan\/#breadcrumb"},"inLanguage":"es","potentialAction":[{"@type":"ReadAction","target":["https:\/\/centrourbano.com\/revista\/arquitectura-2\/richard-long-expondra-obras-en-un-complejo-creado-por-luis-barragan\/"]}]},{"@type":"ImageObject","inLanguage":"es","@id":"https:\/\/centrourbano.com\/revista\/arquitectura-2\/richard-long-expondra-obras-en-un-complejo-creado-por-luis-barragan\/#primaryimage","url":"https:\/\/centrourbano.com\/revista\/wp-content\/uploads\/Richard-Long-Portrait.jpg","contentUrl":"https:\/\/centrourbano.com\/revista\/wp-content\/uploads\/Richard-Long-Portrait.jpg","width":1251,"height":834,"caption":"La exposici\u00f3n constar\u00e1 de 4 esculturas con piedras personalmente seleccionadas por Richard Long en municipios perif\u00e9ricos del Valle de M\u00e9xico \u00a0"},{"@type":"BreadcrumbList","@id":"https:\/\/centrourbano.com\/revista\/arquitectura-2\/richard-long-expondra-obras-en-un-complejo-creado-por-luis-barragan\/#breadcrumb","itemListElement":[{"@type":"ListItem","position":1,"name":"Portada","item":"https:\/\/centrourbano.com\/revista\/"},{"@type":"ListItem","position":2,"name":"Richard Long expondr\u00e1 obras en un complejo creado por Luis Barrag\u00e1n"}]},{"@type":"WebSite","@id":"https:\/\/centrourbano.com\/revista\/#website","url":"https:\/\/centrourbano.com\/revista\/","name":"Centro Urbano","description":"Medio especializado en los sectores vivienda, inmobiliario, construcci\u00f3n, arquitectura y urbanismo.","publisher":{"@id":"https:\/\/centrourbano.com\/revista\/#organization"},"potentialAction":[{"@type":"SearchAction","target":{"@type":"EntryPoint","urlTemplate":"https:\/\/centrourbano.com\/revista\/?s={search_term_string}"},"query-input":{"@type":"PropertyValueSpecification","valueRequired":true,"valueName":"search_term_string"}}],"inLanguage":"es"},{"@type":"Organization","@id":"https:\/\/centrourbano.com\/revista\/#organization","name":"Centro Urbano","url":"https:\/\/centrourbano.com\/revista\/","logo":{"@type":"ImageObject","inLanguage":"es","@id":"https:\/\/centrourbano.com\/revista\/#\/schema\/logo\/image\/","url":"https:\/\/centrourbano.com\/revista\/wp-content\/uploads\/web_CU_logo-1.png","contentUrl":"https:\/\/centrourbano.com\/revista\/wp-content\/uploads\/web_CU_logo-1.png","width":350,"height":91,"caption":"Centro Urbano"},"image":{"@id":"https:\/\/centrourbano.com\/revista\/#\/schema\/logo\/image\/"},"sameAs":["https:\/\/www.facebook.com\/portalcentrourbano","https:\/\/x.com\/CentroUrbano","https:\/\/www.instagram.com\/centro_urbano\/","https:\/\/www.linkedin.com\/company\/centro-urbano\/","http:\/\/www.youtube.com\/user\/portalcentrourbano"]},{"@type":"Person","@id":"https:\/\/centrourbano.com\/revista\/#\/schema\/person\/370fa0ba2d8dd5bde3fdb8b62ad360aa","name":"G4A","image":{"@type":"ImageObject","inLanguage":"es","@id":"https:\/\/secure.gravatar.com\/avatar\/932a97121b13d5de5bbd8193c6c83d3b92c9eda0f39623607d4280e7a5778d97?s=96&d=mm&r=g","url":"https:\/\/secure.gravatar.com\/avatar\/932a97121b13d5de5bbd8193c6c83d3b92c9eda0f39623607d4280e7a5778d97?s=96&d=mm&r=g","contentUrl":"https:\/\/secure.gravatar.com\/avatar\/932a97121b13d5de5bbd8193c6c83d3b92c9eda0f39623607d4280e7a5778d97?s=96&d=mm&r=g","caption":"G4A"},"url":"https:\/\/centrourbano.com\/revista\/author\/admin-g4a\/"}]}},"_links":{"self":[{"href":"https:\/\/centrourbano.com\/revista\/wp-json\/wp\/v2\/posts\/102211","targetHints":{"allow":["GET"]}}],"collection":[{"href":"https:\/\/centrourbano.com\/revista\/wp-json\/wp\/v2\/posts"}],"about":[{"href":"https:\/\/centrourbano.com\/revista\/wp-json\/wp\/v2\/types\/post"}],"author":[{"embeddable":true,"href":"https:\/\/centrourbano.com\/revista\/wp-json\/wp\/v2\/users\/77"}],"replies":[{"embeddable":true,"href":"https:\/\/centrourbano.com\/revista\/wp-json\/wp\/v2\/comments?post=102211"}],"version-history":[{"count":4,"href":"https:\/\/centrourbano.com\/revista\/wp-json\/wp\/v2\/posts\/102211\/revisions"}],"predecessor-version":[{"id":102438,"href":"https:\/\/centrourbano.com\/revista\/wp-json\/wp\/v2\/posts\/102211\/revisions\/102438"}],"wp:featuredmedia":[{"embeddable":true,"href":"https:\/\/centrourbano.com\/revista\/wp-json\/wp\/v2\/media\/102213"}],"wp:attachment":[{"href":"https:\/\/centrourbano.com\/revista\/wp-json\/wp\/v2\/media?parent=102211"}],"wp:term":[{"taxonomy":"category","embeddable":true,"href":"https:\/\/centrourbano.com\/revista\/wp-json\/wp\/v2\/categories?post=102211"},{"taxonomy":"post_tag","embeddable":true,"href":"https:\/\/centrourbano.com\/revista\/wp-json\/wp\/v2\/tags?post=102211"}],"curies":[{"name":"wp","href":"https:\/\/api.w.org\/{rel}","templated":true}]}}