{"id":101713,"date":"2020-01-16T10:00:05","date_gmt":"2020-01-16T16:00:05","guid":{"rendered":"https:\/\/centrourbano.com\/?p=101713"},"modified":"2020-01-16T10:40:04","modified_gmt":"2020-01-16T16:40:04","slug":"vivienda-economica-caida-2019","status":"publish","type":"post","link":"https:\/\/centrourbano.com\/revista\/vivienda\/vivienda-economica-caida-2019\/","title":{"rendered":"Cierra 2019 con ca\u00edda de 22% en producci\u00f3n de vivienda econ\u00f3mica"},"content":{"rendered":"<p><em>En comparaci\u00f3n con el primer a\u00f1o de gobierno de la administraci\u00f3n anterior, la ca\u00edda fue de casi 40%<\/em><!--more--><\/p>\n<p>La <strong>producci\u00f3n de vivienda econ\u00f3mica<\/strong> en 2019 cerr\u00f3 con ca\u00edda de <strong>doble d\u00edgito<\/strong> en comparaci\u00f3n con 2018. Y es que, de acuerdo con datos del <strong>Registro \u00danico de Vivienda<\/strong> (RUV), en el a\u00f1o que acaba de terminar se produjeron 103,328 casas con valor por debajo de los 513,699 pesos, lo que representa una ca\u00edda de 22% en relaci\u00f3n a las 132,789 unidades construidas en el a\u00f1o anterior inmediato.<\/p>\n<p>De manera espec\u00edfica, en el segmento<strong> Popular B2<\/strong>, que contempla <a href=\"https:\/\/twitter.com\/CentroUrbano\/status\/1215041443993128961\" target=\"_blank\" rel=\"noopener noreferrer\">viviendas<\/a> con valores que van de los <strong>328,768 pesos, a los 405,822 pesos<\/strong>, la producci\u00f3n cay\u00f3 38%, l<strong>a m\u00e1s alta en relaci\u00f3n a los cuatro deciles<\/strong> en los que se divide la vivienda econ\u00f3mica. As\u00ed, de 61,554 unidas producidas en 2018, la cifra pas\u00f3 a 38,073 en 2019.<\/p>\n<p>Al respecto, en el segmento <strong>Popular B1<\/strong>, con viviendas de entre 303,082 y 328,767 pesos de valor, la producci\u00f3n se redujo 25%. As\u00ed, en los doce meses de 2019, se construyeron 4,333 unidades del segmento, en contraste con las 5,791 construidas en 2018.<\/p>\n<p>En la vivienda \u2018<strong><a href=\"https:\/\/centrourbano.com\/2020\/01\/09\/caida-venta-vivienda-2020\/\" target=\"_blank\" rel=\"noopener noreferrer\">Econ\u00f3mica<\/a><\/strong>\u2019, con valor por debajo de los 303,082, la producci\u00f3n registr\u00f3 un resultado al alza. De esta forma, de 2,085 viviendas construidas en 2018, el n\u00famero lleg\u00f3 a 2,941, es decir, un incremento de 41 por ciento.<\/p>\n<p>Es preciso mencionar que, en relaci\u00f3n <strong>al primer a\u00f1o del gobierno anterior<\/strong>, la <a href=\"https:\/\/centrourbano.com\/2020\/01\/03\/vivienda-usada-mexico\/\" target=\"_blank\" rel=\"noopener noreferrer\">producci\u00f3n<\/a> de vivienda en 2019 <strong>cay\u00f3 39.27%<\/strong>, pues en 2013, el n\u00famero de unidades econ\u00f3micas construidas lleg\u00f3 a 170,149.<\/p>\n<h3>La producci\u00f3n de vivienda en M\u00e9xico<\/h3>\n<p>Por otro lado, en t\u00e9rminos generales, la <strong>producci\u00f3n de vivienda en M\u00e9xico<\/strong> durante 2019 <strong>cay\u00f3 14.03 por ciento<\/strong>. Con esto, el n\u00famero de viviendas construidas en el pa\u00eds lleg\u00f3 a 181,236, en contraste con las 210,808 producidas en 2018.<\/p>\n<p><strong>En comparaci\u00f3n con el primer a\u00f1o de la administraci\u00f3n anterior<\/strong>, la cifra de producci\u00f3n registra en 2019 signific\u00f3 una ca\u00edda de 27.14%. Y es que, en 2013, la producci\u00f3n lleg\u00f3 a 248,733 unidades.<\/p>\n","protected":false},"excerpt":{"rendered":"<p>En comparaci\u00f3n con el primer a\u00f1o de gobierno de la administraci\u00f3n anterior, la ca\u00edda fue de casi 40%<\/p>\n","protected":false},"author":47,"featured_media":101715,"comment_status":"open","ping_status":"closed","sticky":false,"template":"","format":"standard","meta":{"om_disable_all_campaigns":false,"inline_featured_image":false,"_monsterinsights_skip_tracking":false,"_monsterinsights_sitenote_active":false,"_monsterinsights_sitenote_note":"","_monsterinsights_sitenote_category":0,"footnotes":""},"categories":[12],"tags":[17320,1508,104,60,17319],"class_list":["post-101713","post","type-post","status-publish","format-standard","has-post-thumbnail","hentry","category-vivienda","tag-producion","tag-registro-unico-de-vivienda","tag-ruv","tag-vivienda-2","tag-vivienda-economia"],"yoast_head":"<!-- This site is optimized with the Yoast SEO plugin v27.4 - https:\/\/yoast.com\/product\/yoast-seo-wordpress\/ -->\n<title>Producci\u00f3n de vivienda econ\u00f3mica cay\u00f3 22% en 2019<\/title>\n<meta name=\"description\" content=\"La producci\u00f3n de vivienda econ\u00f3mica en M\u00e9xico en 2019 cerr\u00f3 con ca\u00edda de doble d\u00edgito en comparaci\u00f3n con 2018. Y es que, de acuerdo con datos del...\" \/>\n<meta name=\"robots\" content=\"index, follow, max-snippet:-1, max-image-preview:large, max-video-preview:-1\" \/>\n<link rel=\"canonical\" href=\"https:\/\/centrourbano.com\/revista\/vivienda\/vivienda-economica-caida-2019\/\" \/>\n<meta property=\"og:locale\" content=\"es_ES\" \/>\n<meta property=\"og:type\" content=\"article\" \/>\n<meta property=\"og:title\" content=\"Producci\u00f3n de vivienda econ\u00f3mica cay\u00f3 22% en 2019\" \/>\n<meta property=\"og:description\" content=\"La producci\u00f3n de vivienda econ\u00f3mica en M\u00e9xico en 2019 cerr\u00f3 con ca\u00edda de doble d\u00edgito en comparaci\u00f3n con 2018. Y es que, de acuerdo con datos del...\" \/>\n<meta property=\"og:url\" content=\"https:\/\/centrourbano.com\/revista\/vivienda\/vivienda-economica-caida-2019\/\" \/>\n<meta property=\"og:site_name\" content=\"Centro Urbano\" \/>\n<meta property=\"article:publisher\" content=\"https:\/\/www.facebook.com\/portalcentrourbano\" \/>\n<meta property=\"article:published_time\" content=\"2020-01-16T16:00:05+00:00\" \/>\n<meta property=\"article:modified_time\" content=\"2020-01-16T16:40:04+00:00\" \/>\n<meta property=\"og:image\" content=\"https:\/\/centrourbano.com\/revista\/wp-content\/uploads\/Vivienda-econ\u00f3mica-producci\u00f3n-2019.jpg\" \/>\n\t<meta property=\"og:image:width\" content=\"800\" \/>\n\t<meta property=\"og:image:height\" content=\"450\" \/>\n\t<meta property=\"og:image:type\" content=\"image\/jpeg\" \/>\n<meta name=\"author\" content=\"Edgar Rosas\" \/>\n<meta name=\"twitter:card\" content=\"summary_large_image\" \/>\n<meta name=\"twitter:creator\" content=\"@https:\/\/twitter.com\/ERosasCU?s=09\" \/>\n<meta name=\"twitter:site\" content=\"@CentroUrbano\" \/>\n<meta name=\"twitter:label1\" content=\"Escrito por\" \/>\n\t<meta name=\"twitter:data1\" content=\"Edgar Rosas\" \/>\n\t<meta name=\"twitter:label2\" content=\"Tiempo de lectura\" \/>\n\t<meta name=\"twitter:data2\" content=\"2 minutos\" \/>\n<script type=\"application\/ld+json\" class=\"yoast-schema-graph\">{\"@context\":\"https:\\\/\\\/schema.org\",\"@graph\":[{\"@type\":\"Article\",\"@id\":\"https:\\\/\\\/centrourbano.com\\\/revista\\\/vivienda\\\/vivienda-economica-caida-2019\\\/#article\",\"isPartOf\":{\"@id\":\"https:\\\/\\\/centrourbano.com\\\/revista\\\/vivienda\\\/vivienda-economica-caida-2019\\\/\"},\"author\":{\"name\":\"Edgar Rosas\",\"@id\":\"https:\\\/\\\/centrourbano.com\\\/revista\\\/#\\\/schema\\\/person\\\/ff3c00651ce5b1630479d2cd0c2e3ac0\"},\"headline\":\"Cierra 2019 con ca\u00edda de 22% en producci\u00f3n de vivienda econ\u00f3mica\",\"datePublished\":\"2020-01-16T16:00:05+00:00\",\"dateModified\":\"2020-01-16T16:40:04+00:00\",\"mainEntityOfPage\":{\"@id\":\"https:\\\/\\\/centrourbano.com\\\/revista\\\/vivienda\\\/vivienda-economica-caida-2019\\\/\"},\"wordCount\":350,\"commentCount\":0,\"publisher\":{\"@id\":\"https:\\\/\\\/centrourbano.com\\\/revista\\\/#organization\"},\"image\":{\"@id\":\"https:\\\/\\\/centrourbano.com\\\/revista\\\/vivienda\\\/vivienda-economica-caida-2019\\\/#primaryimage\"},\"thumbnailUrl\":\"https:\\\/\\\/centrourbano.com\\\/revista\\\/wp-content\\\/uploads\\\/Vivienda-econ\u00f3mica-producci\u00f3n-2019.jpg\",\"keywords\":[\"produci\u00f3n\",\"Registro \u00danico de Vivienda\",\"RUV\",\"vivienda\",\"vivienda econom\u00eda\"],\"articleSection\":[\"Vivienda\"],\"inLanguage\":\"es\",\"potentialAction\":[{\"@type\":\"CommentAction\",\"name\":\"Comment\",\"target\":[\"https:\\\/\\\/centrourbano.com\\\/revista\\\/vivienda\\\/vivienda-economica-caida-2019\\\/#respond\"]}]},{\"@type\":\"WebPage\",\"@id\":\"https:\\\/\\\/centrourbano.com\\\/revista\\\/vivienda\\\/vivienda-economica-caida-2019\\\/\",\"url\":\"https:\\\/\\\/centrourbano.com\\\/revista\\\/vivienda\\\/vivienda-economica-caida-2019\\\/\",\"name\":\"Producci\u00f3n de vivienda econ\u00f3mica cay\u00f3 22% en 2019\",\"isPartOf\":{\"@id\":\"https:\\\/\\\/centrourbano.com\\\/revista\\\/#website\"},\"primaryImageOfPage\":{\"@id\":\"https:\\\/\\\/centrourbano.com\\\/revista\\\/vivienda\\\/vivienda-economica-caida-2019\\\/#primaryimage\"},\"image\":{\"@id\":\"https:\\\/\\\/centrourbano.com\\\/revista\\\/vivienda\\\/vivienda-economica-caida-2019\\\/#primaryimage\"},\"thumbnailUrl\":\"https:\\\/\\\/centrourbano.com\\\/revista\\\/wp-content\\\/uploads\\\/Vivienda-econ\u00f3mica-producci\u00f3n-2019.jpg\",\"datePublished\":\"2020-01-16T16:00:05+00:00\",\"dateModified\":\"2020-01-16T16:40:04+00:00\",\"description\":\"La producci\u00f3n de vivienda econ\u00f3mica en M\u00e9xico en 2019 cerr\u00f3 con ca\u00edda de doble d\u00edgito en comparaci\u00f3n con 2018. Y es que, de acuerdo con datos del...\",\"breadcrumb\":{\"@id\":\"https:\\\/\\\/centrourbano.com\\\/revista\\\/vivienda\\\/vivienda-economica-caida-2019\\\/#breadcrumb\"},\"inLanguage\":\"es\",\"potentialAction\":[{\"@type\":\"ReadAction\",\"target\":[\"https:\\\/\\\/centrourbano.com\\\/revista\\\/vivienda\\\/vivienda-economica-caida-2019\\\/\"]}]},{\"@type\":\"ImageObject\",\"inLanguage\":\"es\",\"@id\":\"https:\\\/\\\/centrourbano.com\\\/revista\\\/vivienda\\\/vivienda-economica-caida-2019\\\/#primaryimage\",\"url\":\"https:\\\/\\\/centrourbano.com\\\/revista\\\/wp-content\\\/uploads\\\/Vivienda-econ\u00f3mica-producci\u00f3n-2019.jpg\",\"contentUrl\":\"https:\\\/\\\/centrourbano.com\\\/revista\\\/wp-content\\\/uploads\\\/Vivienda-econ\u00f3mica-producci\u00f3n-2019.jpg\",\"width\":800,\"height\":450,\"caption\":\"Vivienda-econ\u00f3mica-producci\u00f3n-2019\"},{\"@type\":\"BreadcrumbList\",\"@id\":\"https:\\\/\\\/centrourbano.com\\\/revista\\\/vivienda\\\/vivienda-economica-caida-2019\\\/#breadcrumb\",\"itemListElement\":[{\"@type\":\"ListItem\",\"position\":1,\"name\":\"Portada\",\"item\":\"https:\\\/\\\/centrourbano.com\\\/revista\\\/\"},{\"@type\":\"ListItem\",\"position\":2,\"name\":\"Cierra 2019 con ca\u00edda de 22% en producci\u00f3n de vivienda econ\u00f3mica\"}]},{\"@type\":\"WebSite\",\"@id\":\"https:\\\/\\\/centrourbano.com\\\/revista\\\/#website\",\"url\":\"https:\\\/\\\/centrourbano.com\\\/revista\\\/\",\"name\":\"Centro Urbano\",\"description\":\"Medio especializado en los sectores vivienda, inmobiliario, construcci\u00f3n, arquitectura y urbanismo.\",\"publisher\":{\"@id\":\"https:\\\/\\\/centrourbano.com\\\/revista\\\/#organization\"},\"potentialAction\":[{\"@type\":\"SearchAction\",\"target\":{\"@type\":\"EntryPoint\",\"urlTemplate\":\"https:\\\/\\\/centrourbano.com\\\/revista\\\/?s={search_term_string}\"},\"query-input\":{\"@type\":\"PropertyValueSpecification\",\"valueRequired\":true,\"valueName\":\"search_term_string\"}}],\"inLanguage\":\"es\"},{\"@type\":\"Organization\",\"@id\":\"https:\\\/\\\/centrourbano.com\\\/revista\\\/#organization\",\"name\":\"Centro Urbano\",\"url\":\"https:\\\/\\\/centrourbano.com\\\/revista\\\/\",\"logo\":{\"@type\":\"ImageObject\",\"inLanguage\":\"es\",\"@id\":\"https:\\\/\\\/centrourbano.com\\\/revista\\\/#\\\/schema\\\/logo\\\/image\\\/\",\"url\":\"https:\\\/\\\/centrourbano.com\\\/revista\\\/wp-content\\\/uploads\\\/web_CU_logo-1.png\",\"contentUrl\":\"https:\\\/\\\/centrourbano.com\\\/revista\\\/wp-content\\\/uploads\\\/web_CU_logo-1.png\",\"width\":350,\"height\":91,\"caption\":\"Centro Urbano\"},\"image\":{\"@id\":\"https:\\\/\\\/centrourbano.com\\\/revista\\\/#\\\/schema\\\/logo\\\/image\\\/\"},\"sameAs\":[\"https:\\\/\\\/www.facebook.com\\\/portalcentrourbano\",\"https:\\\/\\\/x.com\\\/CentroUrbano\",\"https:\\\/\\\/www.instagram.com\\\/centro_urbano\\\/\",\"https:\\\/\\\/www.linkedin.com\\\/company\\\/centro-urbano\\\/\",\"http:\\\/\\\/www.youtube.com\\\/user\\\/portalcentrourbano\"]},{\"@type\":\"Person\",\"@id\":\"https:\\\/\\\/centrourbano.com\\\/revista\\\/#\\\/schema\\\/person\\\/ff3c00651ce5b1630479d2cd0c2e3ac0\",\"name\":\"Edgar Rosas\",\"image\":{\"@type\":\"ImageObject\",\"inLanguage\":\"es\",\"@id\":\"https:\\\/\\\/secure.gravatar.com\\\/avatar\\\/94440c4283495211faa5300bf85e80061036b83fced868c3783aa1310b350d9c?s=96&d=mm&r=g\",\"url\":\"https:\\\/\\\/secure.gravatar.com\\\/avatar\\\/94440c4283495211faa5300bf85e80061036b83fced868c3783aa1310b350d9c?s=96&d=mm&r=g\",\"contentUrl\":\"https:\\\/\\\/secure.gravatar.com\\\/avatar\\\/94440c4283495211faa5300bf85e80061036b83fced868c3783aa1310b350d9c?s=96&d=mm&r=g\",\"caption\":\"Edgar Rosas\"},\"description\":\"Editor en Jefe de Centro Urbano. Egresado de la maestr\u00eda en Periodismo Pol\u00edtico de la Escuela de Periodismo Carlos Septi\u00e9n Garc\u00eda (EPCSG). Estudi\u00f3 la licenciatura en Comunicaci\u00f3n en la Universidad Mexicana. Amante de la cr\u00f3nica y el reportaje. Admirador de Vicente Le\u00f1ero y Miguel \u00c1ngel Granados Chapa.\",\"sameAs\":[\"https:\\\/\\\/x.com\\\/https:\\\/\\\/twitter.com\\\/ERosasCU?s=09\"],\"url\":\"https:\\\/\\\/centrourbano.com\\\/revista\\\/author\\\/edgar-rosas\\\/\"}]}<\/script>\n<!-- \/ Yoast SEO plugin. -->","yoast_head_json":{"title":"Producci\u00f3n de vivienda econ\u00f3mica cay\u00f3 22% en 2019","description":"La producci\u00f3n de vivienda econ\u00f3mica en M\u00e9xico en 2019 cerr\u00f3 con ca\u00edda de doble d\u00edgito en comparaci\u00f3n con 2018. Y es que, de acuerdo con datos del...","robots":{"index":"index","follow":"follow","max-snippet":"max-snippet:-1","max-image-preview":"max-image-preview:large","max-video-preview":"max-video-preview:-1"},"canonical":"https:\/\/centrourbano.com\/revista\/vivienda\/vivienda-economica-caida-2019\/","og_locale":"es_ES","og_type":"article","og_title":"Producci\u00f3n de vivienda econ\u00f3mica cay\u00f3 22% en 2019","og_description":"La producci\u00f3n de vivienda econ\u00f3mica en M\u00e9xico en 2019 cerr\u00f3 con ca\u00edda de doble d\u00edgito en comparaci\u00f3n con 2018. Y es que, de acuerdo con datos del...","og_url":"https:\/\/centrourbano.com\/revista\/vivienda\/vivienda-economica-caida-2019\/","og_site_name":"Centro Urbano","article_publisher":"https:\/\/www.facebook.com\/portalcentrourbano","article_published_time":"2020-01-16T16:00:05+00:00","article_modified_time":"2020-01-16T16:40:04+00:00","og_image":[{"width":800,"height":450,"url":"https:\/\/centrourbano.com\/revista\/wp-content\/uploads\/Vivienda-econ\u00f3mica-producci\u00f3n-2019.jpg","type":"image\/jpeg"}],"author":"Edgar Rosas","twitter_card":"summary_large_image","twitter_creator":"@https:\/\/twitter.com\/ERosasCU?s=09","twitter_site":"@CentroUrbano","twitter_misc":{"Escrito por":"Edgar Rosas","Tiempo de lectura":"2 minutos"},"schema":{"@context":"https:\/\/schema.org","@graph":[{"@type":"Article","@id":"https:\/\/centrourbano.com\/revista\/vivienda\/vivienda-economica-caida-2019\/#article","isPartOf":{"@id":"https:\/\/centrourbano.com\/revista\/vivienda\/vivienda-economica-caida-2019\/"},"author":{"name":"Edgar Rosas","@id":"https:\/\/centrourbano.com\/revista\/#\/schema\/person\/ff3c00651ce5b1630479d2cd0c2e3ac0"},"headline":"Cierra 2019 con ca\u00edda de 22% en producci\u00f3n de vivienda econ\u00f3mica","datePublished":"2020-01-16T16:00:05+00:00","dateModified":"2020-01-16T16:40:04+00:00","mainEntityOfPage":{"@id":"https:\/\/centrourbano.com\/revista\/vivienda\/vivienda-economica-caida-2019\/"},"wordCount":350,"commentCount":0,"publisher":{"@id":"https:\/\/centrourbano.com\/revista\/#organization"},"image":{"@id":"https:\/\/centrourbano.com\/revista\/vivienda\/vivienda-economica-caida-2019\/#primaryimage"},"thumbnailUrl":"https:\/\/centrourbano.com\/revista\/wp-content\/uploads\/Vivienda-econ\u00f3mica-producci\u00f3n-2019.jpg","keywords":["produci\u00f3n","Registro \u00danico de Vivienda","RUV","vivienda","vivienda econom\u00eda"],"articleSection":["Vivienda"],"inLanguage":"es","potentialAction":[{"@type":"CommentAction","name":"Comment","target":["https:\/\/centrourbano.com\/revista\/vivienda\/vivienda-economica-caida-2019\/#respond"]}]},{"@type":"WebPage","@id":"https:\/\/centrourbano.com\/revista\/vivienda\/vivienda-economica-caida-2019\/","url":"https:\/\/centrourbano.com\/revista\/vivienda\/vivienda-economica-caida-2019\/","name":"Producci\u00f3n de vivienda econ\u00f3mica cay\u00f3 22% en 2019","isPartOf":{"@id":"https:\/\/centrourbano.com\/revista\/#website"},"primaryImageOfPage":{"@id":"https:\/\/centrourbano.com\/revista\/vivienda\/vivienda-economica-caida-2019\/#primaryimage"},"image":{"@id":"https:\/\/centrourbano.com\/revista\/vivienda\/vivienda-economica-caida-2019\/#primaryimage"},"thumbnailUrl":"https:\/\/centrourbano.com\/revista\/wp-content\/uploads\/Vivienda-econ\u00f3mica-producci\u00f3n-2019.jpg","datePublished":"2020-01-16T16:00:05+00:00","dateModified":"2020-01-16T16:40:04+00:00","description":"La producci\u00f3n de vivienda econ\u00f3mica en M\u00e9xico en 2019 cerr\u00f3 con ca\u00edda de doble d\u00edgito en comparaci\u00f3n con 2018. Y es que, de acuerdo con datos del...","breadcrumb":{"@id":"https:\/\/centrourbano.com\/revista\/vivienda\/vivienda-economica-caida-2019\/#breadcrumb"},"inLanguage":"es","potentialAction":[{"@type":"ReadAction","target":["https:\/\/centrourbano.com\/revista\/vivienda\/vivienda-economica-caida-2019\/"]}]},{"@type":"ImageObject","inLanguage":"es","@id":"https:\/\/centrourbano.com\/revista\/vivienda\/vivienda-economica-caida-2019\/#primaryimage","url":"https:\/\/centrourbano.com\/revista\/wp-content\/uploads\/Vivienda-econ\u00f3mica-producci\u00f3n-2019.jpg","contentUrl":"https:\/\/centrourbano.com\/revista\/wp-content\/uploads\/Vivienda-econ\u00f3mica-producci\u00f3n-2019.jpg","width":800,"height":450,"caption":"Vivienda-econ\u00f3mica-producci\u00f3n-2019"},{"@type":"BreadcrumbList","@id":"https:\/\/centrourbano.com\/revista\/vivienda\/vivienda-economica-caida-2019\/#breadcrumb","itemListElement":[{"@type":"ListItem","position":1,"name":"Portada","item":"https:\/\/centrourbano.com\/revista\/"},{"@type":"ListItem","position":2,"name":"Cierra 2019 con ca\u00edda de 22% en producci\u00f3n de vivienda econ\u00f3mica"}]},{"@type":"WebSite","@id":"https:\/\/centrourbano.com\/revista\/#website","url":"https:\/\/centrourbano.com\/revista\/","name":"Centro Urbano","description":"Medio especializado en los sectores vivienda, inmobiliario, construcci\u00f3n, arquitectura y urbanismo.","publisher":{"@id":"https:\/\/centrourbano.com\/revista\/#organization"},"potentialAction":[{"@type":"SearchAction","target":{"@type":"EntryPoint","urlTemplate":"https:\/\/centrourbano.com\/revista\/?s={search_term_string}"},"query-input":{"@type":"PropertyValueSpecification","valueRequired":true,"valueName":"search_term_string"}}],"inLanguage":"es"},{"@type":"Organization","@id":"https:\/\/centrourbano.com\/revista\/#organization","name":"Centro Urbano","url":"https:\/\/centrourbano.com\/revista\/","logo":{"@type":"ImageObject","inLanguage":"es","@id":"https:\/\/centrourbano.com\/revista\/#\/schema\/logo\/image\/","url":"https:\/\/centrourbano.com\/revista\/wp-content\/uploads\/web_CU_logo-1.png","contentUrl":"https:\/\/centrourbano.com\/revista\/wp-content\/uploads\/web_CU_logo-1.png","width":350,"height":91,"caption":"Centro Urbano"},"image":{"@id":"https:\/\/centrourbano.com\/revista\/#\/schema\/logo\/image\/"},"sameAs":["https:\/\/www.facebook.com\/portalcentrourbano","https:\/\/x.com\/CentroUrbano","https:\/\/www.instagram.com\/centro_urbano\/","https:\/\/www.linkedin.com\/company\/centro-urbano\/","http:\/\/www.youtube.com\/user\/portalcentrourbano"]},{"@type":"Person","@id":"https:\/\/centrourbano.com\/revista\/#\/schema\/person\/ff3c00651ce5b1630479d2cd0c2e3ac0","name":"Edgar Rosas","image":{"@type":"ImageObject","inLanguage":"es","@id":"https:\/\/secure.gravatar.com\/avatar\/94440c4283495211faa5300bf85e80061036b83fced868c3783aa1310b350d9c?s=96&d=mm&r=g","url":"https:\/\/secure.gravatar.com\/avatar\/94440c4283495211faa5300bf85e80061036b83fced868c3783aa1310b350d9c?s=96&d=mm&r=g","contentUrl":"https:\/\/secure.gravatar.com\/avatar\/94440c4283495211faa5300bf85e80061036b83fced868c3783aa1310b350d9c?s=96&d=mm&r=g","caption":"Edgar Rosas"},"description":"Editor en Jefe de Centro Urbano. Egresado de la maestr\u00eda en Periodismo Pol\u00edtico de la Escuela de Periodismo Carlos Septi\u00e9n Garc\u00eda (EPCSG). Estudi\u00f3 la licenciatura en Comunicaci\u00f3n en la Universidad Mexicana. Amante de la cr\u00f3nica y el reportaje. Admirador de Vicente Le\u00f1ero y Miguel \u00c1ngel Granados Chapa.","sameAs":["https:\/\/x.com\/https:\/\/twitter.com\/ERosasCU?s=09"],"url":"https:\/\/centrourbano.com\/revista\/author\/edgar-rosas\/"}]}},"_links":{"self":[{"href":"https:\/\/centrourbano.com\/revista\/wp-json\/wp\/v2\/posts\/101713","targetHints":{"allow":["GET"]}}],"collection":[{"href":"https:\/\/centrourbano.com\/revista\/wp-json\/wp\/v2\/posts"}],"about":[{"href":"https:\/\/centrourbano.com\/revista\/wp-json\/wp\/v2\/types\/post"}],"author":[{"embeddable":true,"href":"https:\/\/centrourbano.com\/revista\/wp-json\/wp\/v2\/users\/47"}],"replies":[{"embeddable":true,"href":"https:\/\/centrourbano.com\/revista\/wp-json\/wp\/v2\/comments?post=101713"}],"version-history":[{"count":3,"href":"https:\/\/centrourbano.com\/revista\/wp-json\/wp\/v2\/posts\/101713\/revisions"}],"predecessor-version":[{"id":101723,"href":"https:\/\/centrourbano.com\/revista\/wp-json\/wp\/v2\/posts\/101713\/revisions\/101723"}],"wp:featuredmedia":[{"embeddable":true,"href":"https:\/\/centrourbano.com\/revista\/wp-json\/wp\/v2\/media\/101715"}],"wp:attachment":[{"href":"https:\/\/centrourbano.com\/revista\/wp-json\/wp\/v2\/media?parent=101713"}],"wp:term":[{"taxonomy":"category","embeddable":true,"href":"https:\/\/centrourbano.com\/revista\/wp-json\/wp\/v2\/categories?post=101713"},{"taxonomy":"post_tag","embeddable":true,"href":"https:\/\/centrourbano.com\/revista\/wp-json\/wp\/v2\/tags?post=101713"}],"curies":[{"name":"wp","href":"https:\/\/api.w.org\/{rel}","templated":true}]}}