{"id":101687,"date":"2019-12-15T18:08:05","date_gmt":"2019-12-16T00:08:05","guid":{"rendered":"https:\/\/centrourbano.com\/?p=101687"},"modified":"2020-01-15T18:08:34","modified_gmt":"2020-01-16T00:08:34","slug":"usos-mixtos-el-futuro-de-las-grandes-ciudades","status":"publish","type":"post","link":"https:\/\/centrourbano.com\/revista\/publicaciones\/usos-mixtos-el-futuro-de-las-grandes-ciudades\/","title":{"rendered":"Usos mixtos: el futuro de las grandes ciudades"},"content":{"rendered":"<p><em>En la Ciudad de M\u00e9xico hay m\u00e1s de 1.6 millones de metros cuadrados de proyectos en construcci\u00f3n, 40% de estos para usos mixtos<\/em> <!--more--><\/p>\n<p><span style=\"font-weight: 400;\">En M\u00e9xico, los desarrollos de usos mixtos, m\u00e1s que una tendencia, se han convertido en una soluci\u00f3n para la planificaci\u00f3n y el desarrollo de las ciudades en crecimiento, ya que ofrecen espacios compactos, integraci\u00f3n de n\u00facleos urbanos y diversifican el uso de suelo para lograr su m\u00e1ximo aprovechamiento.\u00a0<\/span><\/p>\n<p><span style=\"font-weight: 400;\">En ese sentido, cada vez es m\u00e1s com\u00fan encontrar en ciudades como Puebla, Guadalajara, Monterrey y, por supuesto, en la misma Ciudad de M\u00e9xico, grandes desarrollos que integren diversos componentes como viviendas, hoteles, centros comerciales y oficinas dentro de un mismo proyecto.\u00a0<\/span><\/p>\n<p><span style=\"font-weight: 400;\">\u201cLos usos mixtos son una tendencia pr\u00e1cticamente en todas las ciudades del mundo que empiezan a rebasar el mill\u00f3n de habitantes (\u2026)\u00a0<\/span><\/p>\n<p><span style=\"font-weight: 400;\">\u201cEst\u00e1n modificando sus planes parciales, sus planes de desarrollo urbano porque lo que quieren es realmente privilegiar a la densificaci\u00f3n de la zona urbana\u201d, dijo en entrevista para <\/span><b><i>Revista Inversi\u00f3n Inmobiliaria<\/i><\/b><span style=\"font-weight: 400;\">, Roberto Kelleher Vales, director general de Inmobilia.\u00a0<\/span><\/p>\n<p><span style=\"font-weight: 400;\">As\u00ed, los usos mixtos surgen como una respuesta a esas necesidades de planeaci\u00f3n urbana y controlar la expansi\u00f3n horizontal de las ciudades, con lo que promueven un nuevo modelo de movilidad, uso comercial, de trabajo, incluso de comunidad.\u00a0<\/span><\/p>\n<p><span style=\"font-weight: 400;\">Otro de los factores relevantes de este modelo de proyectos, sin duda, es su rentabilidad y ubicaci\u00f3n, debido principalmente al encarecimiento de la tierra y que buscan principalmente el flujo de personas en sus diferentes componentes.\u00a0<\/span><\/p>\n<p><span style=\"font-weight: 400;\">Tan s\u00f3lo en la Ciudad de M\u00e9xico, que es el mercado con m\u00e1s centros comerciales en el pa\u00eds, hay cerca de 1.6 millones de metros cuadrados (m<\/span><span style=\"font-weight: 400;\">2<\/span><span style=\"font-weight: 400;\">) de proyectos en construcci\u00f3n, de los cuales 40% de estos son usos mixtos, de acuerdo con datos de CBRE M\u00e9xico.\u00a0<\/span><\/p>\n<p><span style=\"font-weight: 400;\">Adem\u00e1s, seg\u00fan la Organizaci\u00f3n de las Naciones Unidas (ONU), la Ciudad de M\u00e9xico es una de las 10 aglomeraciones m\u00e1s pobladas, por lo que necesita buscar alternativas para maximizar sus espacios y detonar nuevos proyectos.\u00a0<\/span><\/p>\n<p><strong>Reconvertir y densificar\u00a0<\/strong><\/p>\n<p><span style=\"font-weight: 400;\">Uno de los grandes retos que enfrentan mercados como el de la Ciudad de M\u00e9xico es la poca disponibilidad de tierra para nuevos desarrollos, adem\u00e1s que las medidas de la nueva administraci\u00f3n respecto al tama\u00f1o de estos proyectos no puede ser mayor a los 10,000 metros cuadrados.\u00a0<\/span><\/p>\n<p><span style=\"font-weight: 400;\">Sin embargo, de acuerdo con Javier Barrios, director general de Grupo Mira, existen en la capital muchas oportunidades, principalmente en zonas industriales para reconvertirlas y crear comunidades integradas, con opciones de vivienda, trabajo y entretenimiento.\u00a0<\/span><\/p>\n<p><span style=\"font-weight: 400;\">\u201cLos corredores que tiene la doctora (Claudia Sheinbaum) en mente son un tema positivo. Sin embargo, no creo que se deba cerrar a la regeneraci\u00f3n de zonas industriales (\u2026) Esos son proyectos grandes, ella no los prefiere, yo creo que tienen que ser una mezcla.<\/span><\/p>\n<p><span style=\"font-weight: 400;\">\u201cLa pol\u00edtica debe ser regenerar las zonas c\u00e9ntricas que cuentan con infraestructura urbana y densificarlas, no limitarlas\u201d, dijo el directivo en entrevista para <\/span><b><i>Revista Inversi\u00f3n Inmobiliaria<\/i><\/b><span style=\"font-weight: 400;\">.\u00a0<\/span><\/p>\n<p><span style=\"font-weight: 400;\">En tal sentido, Javier Barrios reconoci\u00f3 que, actualmente, es muy dif\u00edcil encontrar estos espacios industriales para reconvertirlos, y que cuenten con infraestructura para su acceso. \u201cTenemos que empezar a buscar otros modelos de menor escala que nos permitan seguir desarrollando\u201d, enfatiz\u00f3.\u00a0<\/span><\/p>\n<p><span style=\"font-weight: 400;\">En dicho contexto, el fundador de Grupo Mira dijo que la compa\u00f1\u00eda contin\u00faa buscando lugares para generar comunidades, con espacios abiertos \u201cque integran la ret\u00edcula urbana y poder regenerar a las ciudades\u201d.<\/span><\/p>\n<p><span style=\"font-weight: 400;\">\u201cVamos bien, acabamos de cerrar en Quer\u00e9taro un proyecto grande, estamos viendo un par de temas en la Ciudad de M\u00e9xico, seguimos viendo temas en Monterrey, Guadalajara y es en ese sentido;<\/span><\/p>\n<p><span style=\"font-weight: 400;\">\u201cPara nosotros la escala cuenta porque te permite mezclar usos, tener espacios urbanos de escala que permitan la interacci\u00f3n\u201d, enfatiz\u00f3 Javier Barrios.\u00a0<\/span><\/p>\n<p><span style=\"font-weight: 400;\">Actualmente, Mira se encuentra desarrollando Cuadrante Polanco Neuchatel, un desarrollo residencial, con torres de oficinas y \u00e1rea comercial, cuya primera fase estar\u00eda lista para 2021. Adem\u00e1s, de acuerdo con el directivo, ya han detectado algunas zonas en las que se podr\u00edan detonar proyectos de usos mixtos.<\/span><\/p>\n<p><span style=\"font-weight: 400;\">\u201cNos gusta el Centro, nos gusta Atlampa, Azcapotzalco, Naucalpan, todas las zonas aleda\u00f1as que fueron la segunda generaci\u00f3n de zonas industriales, que ya se las ha comido la ciudad y que se pueden regenerar\u201d, concluy\u00f3 el directivo.\u00a0<\/span><\/p>\n<p style=\"text-align: center;\"><a href=\"https:\/\/centrourbano.com\/2019\/12\/13\/revista-inverversion-inmobiliaria\/\" target=\"_blank\" rel=\"noopener noreferrer\"><strong>Este texto se incluye en la edici\u00f3n 70 de Revista Inversi\u00f3n Inmobiliaria<\/strong><\/a><\/p>\n<a href=\"https:\/\/centrourbano.com\/2019\/12\/13\/revista-inverversion-inmobiliaria\/\" target=\"_blank\" rel=\"noopener noreferrer\"><img loading=\"lazy\" decoding=\"async\" class=\"wp-image-101643 aligncenter\" src=\"https:\/\/centrourbano.com\/revista\/wp-content\/uploads\/InversionMail-300x298.jpg\" alt=\"\" width=\"742\" height=\"737\" srcset=\"https:\/\/centrourbano.com\/revista\/wp-content\/uploads\/InversionMail-300x298.jpg 300w, https:\/\/centrourbano.com\/revista\/wp-content\/uploads\/InversionMail-1024x1018.jpg 1024w, https:\/\/centrourbano.com\/revista\/wp-content\/uploads\/InversionMail-150x150.jpg 150w, https:\/\/centrourbano.com\/revista\/wp-content\/uploads\/InversionMail-768x764.jpg 768w, https:\/\/centrourbano.com\/revista\/wp-content\/uploads\/InversionMail.jpg 1410w\" sizes=\"auto, (max-width: 742px) 100vw, 742px\" \/><\/a>\n","protected":false},"excerpt":{"rendered":"<p>En la Ciudad de M\u00e9xico hay m\u00e1s de 1.6 millones de metros cuadrados de proyectos en construcci\u00f3n, 40% de estos para usos mixtos<\/p>\n","protected":false},"author":69,"featured_media":58994,"comment_status":"open","ping_status":"closed","sticky":false,"template":"","format":"standard","meta":{"om_disable_all_campaigns":false,"inline_featured_image":false,"_monsterinsights_skip_tracking":false,"_monsterinsights_sitenote_active":false,"_monsterinsights_sitenote_note":"","_monsterinsights_sitenote_category":0,"footnotes":""},"categories":[4,16,7115],"tags":[],"class_list":["post-101687","post","type-post","status-publish","format-standard","has-post-thumbnail","hentry","category-publicaciones","category-reportajes","category-revista-inversion-inmobiliaria"],"yoast_head":"<!-- This site is optimized with the Yoast SEO plugin v27.4 - https:\/\/yoast.com\/product\/yoast-seo-wordpress\/ -->\n<title>Usos mixtos: el futuro de las grandes ciudades -<\/title>\n<meta name=\"description\" content=\"En la Ciudad de M\u00e9xico hay m\u00e1s de 1.6 millones de metros cuadrados de proyectos en construcci\u00f3n, 40% de estos para usos mixtos En M\u00e9xico, los desarrollos\" \/>\n<meta name=\"robots\" content=\"index, follow, max-snippet:-1, max-image-preview:large, max-video-preview:-1\" \/>\n<link rel=\"canonical\" href=\"https:\/\/centrourbano.com\/revista\/publicaciones\/usos-mixtos-el-futuro-de-las-grandes-ciudades\/\" \/>\n<meta property=\"og:locale\" content=\"es_ES\" \/>\n<meta property=\"og:type\" content=\"article\" \/>\n<meta property=\"og:title\" content=\"Usos mixtos: el futuro de las grandes ciudades -\" \/>\n<meta property=\"og:description\" content=\"En la Ciudad de M\u00e9xico hay m\u00e1s de 1.6 millones de metros cuadrados de proyectos en construcci\u00f3n, 40% de estos para usos mixtos En M\u00e9xico, los desarrollos\" \/>\n<meta property=\"og:url\" content=\"https:\/\/centrourbano.com\/revista\/publicaciones\/usos-mixtos-el-futuro-de-las-grandes-ciudades\/\" \/>\n<meta property=\"og:site_name\" content=\"Centro Urbano\" \/>\n<meta property=\"article:publisher\" content=\"https:\/\/www.facebook.com\/portalcentrourbano\" \/>\n<meta property=\"article:published_time\" content=\"2019-12-16T00:08:05+00:00\" \/>\n<meta property=\"article:modified_time\" content=\"2020-01-16T00:08:34+00:00\" \/>\n<meta property=\"og:image\" content=\"https:\/\/centrourbano.com\/revista\/wp-content\/uploads\/NEUCH\u00c2TEL-CUADRANTE-POLANCO.jpg\" \/>\n\t<meta property=\"og:image:width\" content=\"620\" \/>\n\t<meta property=\"og:image:height\" content=\"350\" \/>\n\t<meta property=\"og:image:type\" content=\"image\/jpeg\" \/>\n<meta name=\"author\" content=\"Fernando Navarrete\" \/>\n<meta name=\"twitter:card\" content=\"summary_large_image\" \/>\n<meta name=\"twitter:creator\" content=\"@CentroUrbano\" \/>\n<meta name=\"twitter:site\" content=\"@CentroUrbano\" \/>\n<meta name=\"twitter:label1\" content=\"Escrito por\" \/>\n\t<meta name=\"twitter:data1\" content=\"Fernando Navarrete\" \/>\n\t<meta name=\"twitter:label2\" content=\"Tiempo de lectura\" \/>\n\t<meta name=\"twitter:data2\" content=\"4 minutos\" \/>\n<script type=\"application\/ld+json\" class=\"yoast-schema-graph\">{\"@context\":\"https:\\\/\\\/schema.org\",\"@graph\":[{\"@type\":\"Article\",\"@id\":\"https:\\\/\\\/centrourbano.com\\\/revista\\\/publicaciones\\\/usos-mixtos-el-futuro-de-las-grandes-ciudades\\\/#article\",\"isPartOf\":{\"@id\":\"https:\\\/\\\/centrourbano.com\\\/revista\\\/publicaciones\\\/usos-mixtos-el-futuro-de-las-grandes-ciudades\\\/\"},\"author\":{\"name\":\"Fernando Navarrete\",\"@id\":\"https:\\\/\\\/centrourbano.com\\\/revista\\\/#\\\/schema\\\/person\\\/515c32d01ece40d20a7ed3fdf34051af\"},\"headline\":\"Usos mixtos: el futuro de las grandes ciudades\",\"datePublished\":\"2019-12-16T00:08:05+00:00\",\"dateModified\":\"2020-01-16T00:08:34+00:00\",\"mainEntityOfPage\":{\"@id\":\"https:\\\/\\\/centrourbano.com\\\/revista\\\/publicaciones\\\/usos-mixtos-el-futuro-de-las-grandes-ciudades\\\/\"},\"wordCount\":759,\"commentCount\":0,\"publisher\":{\"@id\":\"https:\\\/\\\/centrourbano.com\\\/revista\\\/#organization\"},\"image\":{\"@id\":\"https:\\\/\\\/centrourbano.com\\\/revista\\\/publicaciones\\\/usos-mixtos-el-futuro-de-las-grandes-ciudades\\\/#primaryimage\"},\"thumbnailUrl\":\"https:\\\/\\\/centrourbano.com\\\/revista\\\/wp-content\\\/uploads\\\/NEUCH\u00c2TEL-CUADRANTE-POLANCO.jpg\",\"articleSection\":[\"Publicaciones\",\"Reportajes\",\"Revista Inversi\u00f3n Inmobiliaria\"],\"inLanguage\":\"es\",\"potentialAction\":[{\"@type\":\"CommentAction\",\"name\":\"Comment\",\"target\":[\"https:\\\/\\\/centrourbano.com\\\/revista\\\/publicaciones\\\/usos-mixtos-el-futuro-de-las-grandes-ciudades\\\/#respond\"]}]},{\"@type\":\"WebPage\",\"@id\":\"https:\\\/\\\/centrourbano.com\\\/revista\\\/publicaciones\\\/usos-mixtos-el-futuro-de-las-grandes-ciudades\\\/\",\"url\":\"https:\\\/\\\/centrourbano.com\\\/revista\\\/publicaciones\\\/usos-mixtos-el-futuro-de-las-grandes-ciudades\\\/\",\"name\":\"Usos mixtos: el futuro de las grandes ciudades -\",\"isPartOf\":{\"@id\":\"https:\\\/\\\/centrourbano.com\\\/revista\\\/#website\"},\"primaryImageOfPage\":{\"@id\":\"https:\\\/\\\/centrourbano.com\\\/revista\\\/publicaciones\\\/usos-mixtos-el-futuro-de-las-grandes-ciudades\\\/#primaryimage\"},\"image\":{\"@id\":\"https:\\\/\\\/centrourbano.com\\\/revista\\\/publicaciones\\\/usos-mixtos-el-futuro-de-las-grandes-ciudades\\\/#primaryimage\"},\"thumbnailUrl\":\"https:\\\/\\\/centrourbano.com\\\/revista\\\/wp-content\\\/uploads\\\/NEUCH\u00c2TEL-CUADRANTE-POLANCO.jpg\",\"datePublished\":\"2019-12-16T00:08:05+00:00\",\"dateModified\":\"2020-01-16T00:08:34+00:00\",\"description\":\"En la Ciudad de M\u00e9xico hay m\u00e1s de 1.6 millones de metros cuadrados de proyectos en construcci\u00f3n, 40% de estos para usos mixtos En M\u00e9xico, los desarrollos\",\"breadcrumb\":{\"@id\":\"https:\\\/\\\/centrourbano.com\\\/revista\\\/publicaciones\\\/usos-mixtos-el-futuro-de-las-grandes-ciudades\\\/#breadcrumb\"},\"inLanguage\":\"es\",\"potentialAction\":[{\"@type\":\"ReadAction\",\"target\":[\"https:\\\/\\\/centrourbano.com\\\/revista\\\/publicaciones\\\/usos-mixtos-el-futuro-de-las-grandes-ciudades\\\/\"]}]},{\"@type\":\"ImageObject\",\"inLanguage\":\"es\",\"@id\":\"https:\\\/\\\/centrourbano.com\\\/revista\\\/publicaciones\\\/usos-mixtos-el-futuro-de-las-grandes-ciudades\\\/#primaryimage\",\"url\":\"https:\\\/\\\/centrourbano.com\\\/revista\\\/wp-content\\\/uploads\\\/NEUCH\u00c2TEL-CUADRANTE-POLANCO.jpg\",\"contentUrl\":\"https:\\\/\\\/centrourbano.com\\\/revista\\\/wp-content\\\/uploads\\\/NEUCH\u00c2TEL-CUADRANTE-POLANCO.jpg\",\"width\":620,\"height\":350,\"caption\":\"Contar\u00e1 con hasta cinco torres residenciales, 5,000 metros cuadrados de \u00e1rea comercial y tres torres de oficinas\"},{\"@type\":\"BreadcrumbList\",\"@id\":\"https:\\\/\\\/centrourbano.com\\\/revista\\\/publicaciones\\\/usos-mixtos-el-futuro-de-las-grandes-ciudades\\\/#breadcrumb\",\"itemListElement\":[{\"@type\":\"ListItem\",\"position\":1,\"name\":\"Portada\",\"item\":\"https:\\\/\\\/centrourbano.com\\\/revista\\\/\"},{\"@type\":\"ListItem\",\"position\":2,\"name\":\"Usos mixtos: el futuro de las grandes ciudades\"}]},{\"@type\":\"WebSite\",\"@id\":\"https:\\\/\\\/centrourbano.com\\\/revista\\\/#website\",\"url\":\"https:\\\/\\\/centrourbano.com\\\/revista\\\/\",\"name\":\"Centro Urbano\",\"description\":\"Medio especializado en los sectores vivienda, inmobiliario, construcci\u00f3n, arquitectura y urbanismo.\",\"publisher\":{\"@id\":\"https:\\\/\\\/centrourbano.com\\\/revista\\\/#organization\"},\"potentialAction\":[{\"@type\":\"SearchAction\",\"target\":{\"@type\":\"EntryPoint\",\"urlTemplate\":\"https:\\\/\\\/centrourbano.com\\\/revista\\\/?s={search_term_string}\"},\"query-input\":{\"@type\":\"PropertyValueSpecification\",\"valueRequired\":true,\"valueName\":\"search_term_string\"}}],\"inLanguage\":\"es\"},{\"@type\":\"Organization\",\"@id\":\"https:\\\/\\\/centrourbano.com\\\/revista\\\/#organization\",\"name\":\"Centro Urbano\",\"url\":\"https:\\\/\\\/centrourbano.com\\\/revista\\\/\",\"logo\":{\"@type\":\"ImageObject\",\"inLanguage\":\"es\",\"@id\":\"https:\\\/\\\/centrourbano.com\\\/revista\\\/#\\\/schema\\\/logo\\\/image\\\/\",\"url\":\"https:\\\/\\\/centrourbano.com\\\/revista\\\/wp-content\\\/uploads\\\/web_CU_logo-1.png\",\"contentUrl\":\"https:\\\/\\\/centrourbano.com\\\/revista\\\/wp-content\\\/uploads\\\/web_CU_logo-1.png\",\"width\":350,\"height\":91,\"caption\":\"Centro Urbano\"},\"image\":{\"@id\":\"https:\\\/\\\/centrourbano.com\\\/revista\\\/#\\\/schema\\\/logo\\\/image\\\/\"},\"sameAs\":[\"https:\\\/\\\/www.facebook.com\\\/portalcentrourbano\",\"https:\\\/\\\/x.com\\\/CentroUrbano\",\"https:\\\/\\\/www.instagram.com\\\/centro_urbano\\\/\",\"https:\\\/\\\/www.linkedin.com\\\/company\\\/centro-urbano\\\/\",\"http:\\\/\\\/www.youtube.com\\\/user\\\/portalcentrourbano\"]},{\"@type\":\"Person\",\"@id\":\"https:\\\/\\\/centrourbano.com\\\/revista\\\/#\\\/schema\\\/person\\\/515c32d01ece40d20a7ed3fdf34051af\",\"name\":\"Fernando Navarrete\",\"image\":{\"@type\":\"ImageObject\",\"inLanguage\":\"es\",\"@id\":\"https:\\\/\\\/secure.gravatar.com\\\/avatar\\\/f4dd6927a99e72698473e350e20ec8a38bd48cb668e15b03d04e8e537da41ad0?s=96&d=mm&r=g\",\"url\":\"https:\\\/\\\/secure.gravatar.com\\\/avatar\\\/f4dd6927a99e72698473e350e20ec8a38bd48cb668e15b03d04e8e537da41ad0?s=96&d=mm&r=g\",\"contentUrl\":\"https:\\\/\\\/secure.gravatar.com\\\/avatar\\\/f4dd6927a99e72698473e350e20ec8a38bd48cb668e15b03d04e8e537da41ad0?s=96&d=mm&r=g\",\"caption\":\"Fernando Navarrete\"},\"description\":\"Reportero de negocios, inmobiliario, construcci\u00f3n e industria. Me interesa la econom\u00eda, pol\u00edtica, historia y antropolog\u00eda. Estudi\u00e9 en la Facultad de Ciencias Pol\u00edticas y Sociales de la UNAM. Tengo experiencia en el sector p\u00fablico, la industria del acero, ingenier\u00eda civil, IT y corporativos; soy un nost\u00e1lgico nacionalista contempor\u00e1neo que cree en la grandeza de su pa\u00eds. Asiduo lector de Juan Rulfo, Jos\u00e9 Revueltas y J. R. R Tolkien.\",\"url\":\"https:\\\/\\\/centrourbano.com\\\/revista\\\/author\\\/fernando-navarrete\\\/\"}]}<\/script>\n<!-- \/ Yoast SEO plugin. -->","yoast_head_json":{"title":"Usos mixtos: el futuro de las grandes ciudades -","description":"En la Ciudad de M\u00e9xico hay m\u00e1s de 1.6 millones de metros cuadrados de proyectos en construcci\u00f3n, 40% de estos para usos mixtos En M\u00e9xico, los desarrollos","robots":{"index":"index","follow":"follow","max-snippet":"max-snippet:-1","max-image-preview":"max-image-preview:large","max-video-preview":"max-video-preview:-1"},"canonical":"https:\/\/centrourbano.com\/revista\/publicaciones\/usos-mixtos-el-futuro-de-las-grandes-ciudades\/","og_locale":"es_ES","og_type":"article","og_title":"Usos mixtos: el futuro de las grandes ciudades -","og_description":"En la Ciudad de M\u00e9xico hay m\u00e1s de 1.6 millones de metros cuadrados de proyectos en construcci\u00f3n, 40% de estos para usos mixtos En M\u00e9xico, los desarrollos","og_url":"https:\/\/centrourbano.com\/revista\/publicaciones\/usos-mixtos-el-futuro-de-las-grandes-ciudades\/","og_site_name":"Centro Urbano","article_publisher":"https:\/\/www.facebook.com\/portalcentrourbano","article_published_time":"2019-12-16T00:08:05+00:00","article_modified_time":"2020-01-16T00:08:34+00:00","og_image":[{"width":620,"height":350,"url":"https:\/\/centrourbano.com\/revista\/wp-content\/uploads\/NEUCH\u00c2TEL-CUADRANTE-POLANCO.jpg","type":"image\/jpeg"}],"author":"Fernando Navarrete","twitter_card":"summary_large_image","twitter_creator":"@CentroUrbano","twitter_site":"@CentroUrbano","twitter_misc":{"Escrito por":"Fernando Navarrete","Tiempo de lectura":"4 minutos"},"schema":{"@context":"https:\/\/schema.org","@graph":[{"@type":"Article","@id":"https:\/\/centrourbano.com\/revista\/publicaciones\/usos-mixtos-el-futuro-de-las-grandes-ciudades\/#article","isPartOf":{"@id":"https:\/\/centrourbano.com\/revista\/publicaciones\/usos-mixtos-el-futuro-de-las-grandes-ciudades\/"},"author":{"name":"Fernando Navarrete","@id":"https:\/\/centrourbano.com\/revista\/#\/schema\/person\/515c32d01ece40d20a7ed3fdf34051af"},"headline":"Usos mixtos: el futuro de las grandes ciudades","datePublished":"2019-12-16T00:08:05+00:00","dateModified":"2020-01-16T00:08:34+00:00","mainEntityOfPage":{"@id":"https:\/\/centrourbano.com\/revista\/publicaciones\/usos-mixtos-el-futuro-de-las-grandes-ciudades\/"},"wordCount":759,"commentCount":0,"publisher":{"@id":"https:\/\/centrourbano.com\/revista\/#organization"},"image":{"@id":"https:\/\/centrourbano.com\/revista\/publicaciones\/usos-mixtos-el-futuro-de-las-grandes-ciudades\/#primaryimage"},"thumbnailUrl":"https:\/\/centrourbano.com\/revista\/wp-content\/uploads\/NEUCH\u00c2TEL-CUADRANTE-POLANCO.jpg","articleSection":["Publicaciones","Reportajes","Revista Inversi\u00f3n Inmobiliaria"],"inLanguage":"es","potentialAction":[{"@type":"CommentAction","name":"Comment","target":["https:\/\/centrourbano.com\/revista\/publicaciones\/usos-mixtos-el-futuro-de-las-grandes-ciudades\/#respond"]}]},{"@type":"WebPage","@id":"https:\/\/centrourbano.com\/revista\/publicaciones\/usos-mixtos-el-futuro-de-las-grandes-ciudades\/","url":"https:\/\/centrourbano.com\/revista\/publicaciones\/usos-mixtos-el-futuro-de-las-grandes-ciudades\/","name":"Usos mixtos: el futuro de las grandes ciudades -","isPartOf":{"@id":"https:\/\/centrourbano.com\/revista\/#website"},"primaryImageOfPage":{"@id":"https:\/\/centrourbano.com\/revista\/publicaciones\/usos-mixtos-el-futuro-de-las-grandes-ciudades\/#primaryimage"},"image":{"@id":"https:\/\/centrourbano.com\/revista\/publicaciones\/usos-mixtos-el-futuro-de-las-grandes-ciudades\/#primaryimage"},"thumbnailUrl":"https:\/\/centrourbano.com\/revista\/wp-content\/uploads\/NEUCH\u00c2TEL-CUADRANTE-POLANCO.jpg","datePublished":"2019-12-16T00:08:05+00:00","dateModified":"2020-01-16T00:08:34+00:00","description":"En la Ciudad de M\u00e9xico hay m\u00e1s de 1.6 millones de metros cuadrados de proyectos en construcci\u00f3n, 40% de estos para usos mixtos En M\u00e9xico, los desarrollos","breadcrumb":{"@id":"https:\/\/centrourbano.com\/revista\/publicaciones\/usos-mixtos-el-futuro-de-las-grandes-ciudades\/#breadcrumb"},"inLanguage":"es","potentialAction":[{"@type":"ReadAction","target":["https:\/\/centrourbano.com\/revista\/publicaciones\/usos-mixtos-el-futuro-de-las-grandes-ciudades\/"]}]},{"@type":"ImageObject","inLanguage":"es","@id":"https:\/\/centrourbano.com\/revista\/publicaciones\/usos-mixtos-el-futuro-de-las-grandes-ciudades\/#primaryimage","url":"https:\/\/centrourbano.com\/revista\/wp-content\/uploads\/NEUCH\u00c2TEL-CUADRANTE-POLANCO.jpg","contentUrl":"https:\/\/centrourbano.com\/revista\/wp-content\/uploads\/NEUCH\u00c2TEL-CUADRANTE-POLANCO.jpg","width":620,"height":350,"caption":"Contar\u00e1 con hasta cinco torres residenciales, 5,000 metros cuadrados de \u00e1rea comercial y tres torres de oficinas"},{"@type":"BreadcrumbList","@id":"https:\/\/centrourbano.com\/revista\/publicaciones\/usos-mixtos-el-futuro-de-las-grandes-ciudades\/#breadcrumb","itemListElement":[{"@type":"ListItem","position":1,"name":"Portada","item":"https:\/\/centrourbano.com\/revista\/"},{"@type":"ListItem","position":2,"name":"Usos mixtos: el futuro de las grandes ciudades"}]},{"@type":"WebSite","@id":"https:\/\/centrourbano.com\/revista\/#website","url":"https:\/\/centrourbano.com\/revista\/","name":"Centro Urbano","description":"Medio especializado en los sectores vivienda, inmobiliario, construcci\u00f3n, arquitectura y urbanismo.","publisher":{"@id":"https:\/\/centrourbano.com\/revista\/#organization"},"potentialAction":[{"@type":"SearchAction","target":{"@type":"EntryPoint","urlTemplate":"https:\/\/centrourbano.com\/revista\/?s={search_term_string}"},"query-input":{"@type":"PropertyValueSpecification","valueRequired":true,"valueName":"search_term_string"}}],"inLanguage":"es"},{"@type":"Organization","@id":"https:\/\/centrourbano.com\/revista\/#organization","name":"Centro Urbano","url":"https:\/\/centrourbano.com\/revista\/","logo":{"@type":"ImageObject","inLanguage":"es","@id":"https:\/\/centrourbano.com\/revista\/#\/schema\/logo\/image\/","url":"https:\/\/centrourbano.com\/revista\/wp-content\/uploads\/web_CU_logo-1.png","contentUrl":"https:\/\/centrourbano.com\/revista\/wp-content\/uploads\/web_CU_logo-1.png","width":350,"height":91,"caption":"Centro Urbano"},"image":{"@id":"https:\/\/centrourbano.com\/revista\/#\/schema\/logo\/image\/"},"sameAs":["https:\/\/www.facebook.com\/portalcentrourbano","https:\/\/x.com\/CentroUrbano","https:\/\/www.instagram.com\/centro_urbano\/","https:\/\/www.linkedin.com\/company\/centro-urbano\/","http:\/\/www.youtube.com\/user\/portalcentrourbano"]},{"@type":"Person","@id":"https:\/\/centrourbano.com\/revista\/#\/schema\/person\/515c32d01ece40d20a7ed3fdf34051af","name":"Fernando Navarrete","image":{"@type":"ImageObject","inLanguage":"es","@id":"https:\/\/secure.gravatar.com\/avatar\/f4dd6927a99e72698473e350e20ec8a38bd48cb668e15b03d04e8e537da41ad0?s=96&d=mm&r=g","url":"https:\/\/secure.gravatar.com\/avatar\/f4dd6927a99e72698473e350e20ec8a38bd48cb668e15b03d04e8e537da41ad0?s=96&d=mm&r=g","contentUrl":"https:\/\/secure.gravatar.com\/avatar\/f4dd6927a99e72698473e350e20ec8a38bd48cb668e15b03d04e8e537da41ad0?s=96&d=mm&r=g","caption":"Fernando Navarrete"},"description":"Reportero de negocios, inmobiliario, construcci\u00f3n e industria. Me interesa la econom\u00eda, pol\u00edtica, historia y antropolog\u00eda. Estudi\u00e9 en la Facultad de Ciencias Pol\u00edticas y Sociales de la UNAM. Tengo experiencia en el sector p\u00fablico, la industria del acero, ingenier\u00eda civil, IT y corporativos; soy un nost\u00e1lgico nacionalista contempor\u00e1neo que cree en la grandeza de su pa\u00eds. Asiduo lector de Juan Rulfo, Jos\u00e9 Revueltas y J. R. R Tolkien.","url":"https:\/\/centrourbano.com\/revista\/author\/fernando-navarrete\/"}]}},"_links":{"self":[{"href":"https:\/\/centrourbano.com\/revista\/wp-json\/wp\/v2\/posts\/101687","targetHints":{"allow":["GET"]}}],"collection":[{"href":"https:\/\/centrourbano.com\/revista\/wp-json\/wp\/v2\/posts"}],"about":[{"href":"https:\/\/centrourbano.com\/revista\/wp-json\/wp\/v2\/types\/post"}],"author":[{"embeddable":true,"href":"https:\/\/centrourbano.com\/revista\/wp-json\/wp\/v2\/users\/69"}],"replies":[{"embeddable":true,"href":"https:\/\/centrourbano.com\/revista\/wp-json\/wp\/v2\/comments?post=101687"}],"version-history":[{"count":1,"href":"https:\/\/centrourbano.com\/revista\/wp-json\/wp\/v2\/posts\/101687\/revisions"}],"predecessor-version":[{"id":101689,"href":"https:\/\/centrourbano.com\/revista\/wp-json\/wp\/v2\/posts\/101687\/revisions\/101689"}],"wp:featuredmedia":[{"embeddable":true,"href":"https:\/\/centrourbano.com\/revista\/wp-json\/wp\/v2\/media\/58994"}],"wp:attachment":[{"href":"https:\/\/centrourbano.com\/revista\/wp-json\/wp\/v2\/media?parent=101687"}],"wp:term":[{"taxonomy":"category","embeddable":true,"href":"https:\/\/centrourbano.com\/revista\/wp-json\/wp\/v2\/categories?post=101687"},{"taxonomy":"post_tag","embeddable":true,"href":"https:\/\/centrourbano.com\/revista\/wp-json\/wp\/v2\/tags?post=101687"}],"curies":[{"name":"wp","href":"https:\/\/api.w.org\/{rel}","templated":true}]}}