{"id":101454,"date":"2020-01-14T12:30:57","date_gmt":"2020-01-14T18:30:57","guid":{"rendered":"https:\/\/centrourbano.com\/?p=101454"},"modified":"2020-01-14T13:34:18","modified_gmt":"2020-01-14T19:34:18","slug":"anuncia-segalmex-construccion-de-planta-lechera-en-durango","status":"publish","type":"post","link":"https:\/\/centrourbano.com\/revista\/actualidad\/anuncia-segalmex-construccion-de-planta-lechera-en-durango\/","title":{"rendered":"Anuncia Segalmex construcci\u00f3n de planta lechera en Durango"},"content":{"rendered":"<p><em>La planta lechera tendr\u00e1 capacidad de recepci\u00f3n de hasta un mill\u00f3n de litros para producci\u00f3n de 100 toneladas de leche en polvo<\/em><!--more--><\/p>\n<p>La dependencia Seguridad Alimentaria Mexicana (<a href=\"https:\/\/twitter.com\/Segalmex_Mex\">Segalmex<\/a>), en colaboraci\u00f3n con empresarios y el gobierno de Durango, anunci\u00f3 la <strong>construcci\u00f3n de una planta deshidratadora y ultra pasteurizada de leche <\/strong>en el municipio de <strong>G\u00f3mez Palacio<\/strong>, la cual se prev\u00e9 inaugurar en enero de 2021.<\/p>\n<p>La capacidad de la planta lechera contar\u00e1 con una <strong>recepci\u00f3n diaria de 1 mill\u00f3n de litros, <\/strong>para <strong>producir <\/strong>con ella <strong>100 toneladas de leche en polvo<\/strong>.\u00a0Como parte de la log\u00edstica para su funcionamiento, en junio de este a\u00f1o se instalar\u00e1n dos centros de acopio en los municipios de Lerdo y Nuevo Ideal, esto para concentrar la producci\u00f3n de 866 peque\u00f1os y medianos productores de leche que, se estima, tienen el potencial de generar 30,000 litros diarios.<\/p>\n<p>Como parte de las alianzas con el sector empresarial, la empresa Coprolac anunci\u00f3, en voz de su director Carlos Ernesto Herrera Reza, una donaci\u00f3n de hasta 20 millones de pesos en equipo de descremadoras y concentradores del l\u00e1cteo, herramientas que permitir\u00e1n iniciar la operaci\u00f3n de la planta.<\/p>\n","protected":false},"excerpt":{"rendered":"<p>La planta lechera tendr\u00e1 capacidad de recepci\u00f3n de hasta un mill\u00f3n de litros para producci\u00f3n de 100 toneladas de leche en polvo<\/p>\n","protected":false},"author":75,"featured_media":101456,"comment_status":"open","ping_status":"closed","sticky":false,"template":"","format":"standard","meta":{"om_disable_all_campaigns":false,"inline_featured_image":false,"_monsterinsights_skip_tracking":false,"_monsterinsights_sitenote_active":false,"_monsterinsights_sitenote_note":"","_monsterinsights_sitenote_category":0,"footnotes":""},"categories":[80,14],"tags":[17255,312,1087,17254,17253],"class_list":["post-101454","post","type-post","status-publish","format-standard","has-post-thumbnail","hentry","category-actualidad","category-construccion","tag-construccion-de-planta-lechera","tag-durango","tag-gomez-palacio","tag-planta-lechera","tag-segalmex"],"yoast_head":"<!-- This site is optimized with the Yoast SEO plugin v27.4 - https:\/\/yoast.com\/product\/yoast-seo-wordpress\/ -->\n<title>Anuncia Segalmex construcci\u00f3n de planta lechera en Durango<\/title>\n<meta name=\"description\" content=\"La planta lechera tendr\u00e1 capacidad de recepci\u00f3n de hasta un mill\u00f3n de litros para producci\u00f3n de 100 toneladas de leche en polvo\" \/>\n<meta name=\"robots\" content=\"index, follow, max-snippet:-1, max-image-preview:large, max-video-preview:-1\" \/>\n<link rel=\"canonical\" href=\"https:\/\/centrourbano.com\/revista\/actualidad\/anuncia-segalmex-construccion-de-planta-lechera-en-durango\/\" \/>\n<meta property=\"og:locale\" content=\"es_ES\" \/>\n<meta property=\"og:type\" content=\"article\" \/>\n<meta property=\"og:title\" content=\"Anuncia Segalmex construcci\u00f3n de planta lechera en Durango\" \/>\n<meta property=\"og:description\" content=\"La planta lechera tendr\u00e1 capacidad de recepci\u00f3n de hasta un mill\u00f3n de litros para producci\u00f3n de 100 toneladas de leche en polvo\" \/>\n<meta property=\"og:url\" content=\"https:\/\/centrourbano.com\/revista\/actualidad\/anuncia-segalmex-construccion-de-planta-lechera-en-durango\/\" \/>\n<meta property=\"og:site_name\" content=\"Centro Urbano\" \/>\n<meta property=\"article:publisher\" content=\"https:\/\/www.facebook.com\/portalcentrourbano\" \/>\n<meta property=\"article:published_time\" content=\"2020-01-14T18:30:57+00:00\" \/>\n<meta property=\"article:modified_time\" content=\"2020-01-14T19:34:18+00:00\" \/>\n<meta property=\"og:image\" content=\"https:\/\/centrourbano.com\/revista\/wp-content\/uploads\/PHOTO-2020-01-09-18-58-03.jpg\" \/>\n\t<meta property=\"og:image:width\" content=\"1280\" \/>\n\t<meta property=\"og:image:height\" content=\"777\" \/>\n\t<meta property=\"og:image:type\" content=\"image\/jpeg\" \/>\n<meta name=\"author\" content=\"Antonio Garc\u00eda\" \/>\n<meta name=\"twitter:card\" content=\"summary_large_image\" \/>\n<meta name=\"twitter:creator\" content=\"@https:\/\/twitter.com\/TGarper\" \/>\n<meta name=\"twitter:site\" content=\"@CentroUrbano\" \/>\n<meta name=\"twitter:label1\" content=\"Escrito por\" \/>\n\t<meta name=\"twitter:data1\" content=\"Antonio Garc\u00eda\" \/>\n\t<meta name=\"twitter:label2\" content=\"Tiempo de lectura\" \/>\n\t<meta name=\"twitter:data2\" content=\"1 minuto\" \/>\n<script type=\"application\/ld+json\" class=\"yoast-schema-graph\">{\"@context\":\"https:\\\/\\\/schema.org\",\"@graph\":[{\"@type\":\"Article\",\"@id\":\"https:\\\/\\\/centrourbano.com\\\/revista\\\/actualidad\\\/anuncia-segalmex-construccion-de-planta-lechera-en-durango\\\/#article\",\"isPartOf\":{\"@id\":\"https:\\\/\\\/centrourbano.com\\\/revista\\\/actualidad\\\/anuncia-segalmex-construccion-de-planta-lechera-en-durango\\\/\"},\"author\":{\"name\":\"Antonio Garc\u00eda\",\"@id\":\"https:\\\/\\\/centrourbano.com\\\/revista\\\/#\\\/schema\\\/person\\\/d12ede3164a0881bab68f5868d5dfe8c\"},\"headline\":\"Anuncia Segalmex construcci\u00f3n de planta lechera en Durango\",\"datePublished\":\"2020-01-14T18:30:57+00:00\",\"dateModified\":\"2020-01-14T19:34:18+00:00\",\"mainEntityOfPage\":{\"@id\":\"https:\\\/\\\/centrourbano.com\\\/revista\\\/actualidad\\\/anuncia-segalmex-construccion-de-planta-lechera-en-durango\\\/\"},\"wordCount\":207,\"commentCount\":0,\"publisher\":{\"@id\":\"https:\\\/\\\/centrourbano.com\\\/revista\\\/#organization\"},\"image\":{\"@id\":\"https:\\\/\\\/centrourbano.com\\\/revista\\\/actualidad\\\/anuncia-segalmex-construccion-de-planta-lechera-en-durango\\\/#primaryimage\"},\"thumbnailUrl\":\"https:\\\/\\\/centrourbano.com\\\/revista\\\/wp-content\\\/uploads\\\/PHOTO-2020-01-09-18-58-03.jpg\",\"keywords\":[\"construcci\u00f3n de planta lechera\",\"Durango\",\"G\u00f3mez Palacio\",\"planta lechera\",\"Segalmex\"],\"articleSection\":[\"Actualidad\",\"Construcci\u00f3n\"],\"inLanguage\":\"es\",\"potentialAction\":[{\"@type\":\"CommentAction\",\"name\":\"Comment\",\"target\":[\"https:\\\/\\\/centrourbano.com\\\/revista\\\/actualidad\\\/anuncia-segalmex-construccion-de-planta-lechera-en-durango\\\/#respond\"]}]},{\"@type\":\"WebPage\",\"@id\":\"https:\\\/\\\/centrourbano.com\\\/revista\\\/actualidad\\\/anuncia-segalmex-construccion-de-planta-lechera-en-durango\\\/\",\"url\":\"https:\\\/\\\/centrourbano.com\\\/revista\\\/actualidad\\\/anuncia-segalmex-construccion-de-planta-lechera-en-durango\\\/\",\"name\":\"Anuncia Segalmex construcci\u00f3n de planta lechera en Durango\",\"isPartOf\":{\"@id\":\"https:\\\/\\\/centrourbano.com\\\/revista\\\/#website\"},\"primaryImageOfPage\":{\"@id\":\"https:\\\/\\\/centrourbano.com\\\/revista\\\/actualidad\\\/anuncia-segalmex-construccion-de-planta-lechera-en-durango\\\/#primaryimage\"},\"image\":{\"@id\":\"https:\\\/\\\/centrourbano.com\\\/revista\\\/actualidad\\\/anuncia-segalmex-construccion-de-planta-lechera-en-durango\\\/#primaryimage\"},\"thumbnailUrl\":\"https:\\\/\\\/centrourbano.com\\\/revista\\\/wp-content\\\/uploads\\\/PHOTO-2020-01-09-18-58-03.jpg\",\"datePublished\":\"2020-01-14T18:30:57+00:00\",\"dateModified\":\"2020-01-14T19:34:18+00:00\",\"description\":\"La planta lechera tendr\u00e1 capacidad de recepci\u00f3n de hasta un mill\u00f3n de litros para producci\u00f3n de 100 toneladas de leche en polvo\",\"breadcrumb\":{\"@id\":\"https:\\\/\\\/centrourbano.com\\\/revista\\\/actualidad\\\/anuncia-segalmex-construccion-de-planta-lechera-en-durango\\\/#breadcrumb\"},\"inLanguage\":\"es\",\"potentialAction\":[{\"@type\":\"ReadAction\",\"target\":[\"https:\\\/\\\/centrourbano.com\\\/revista\\\/actualidad\\\/anuncia-segalmex-construccion-de-planta-lechera-en-durango\\\/\"]}]},{\"@type\":\"ImageObject\",\"inLanguage\":\"es\",\"@id\":\"https:\\\/\\\/centrourbano.com\\\/revista\\\/actualidad\\\/anuncia-segalmex-construccion-de-planta-lechera-en-durango\\\/#primaryimage\",\"url\":\"https:\\\/\\\/centrourbano.com\\\/revista\\\/wp-content\\\/uploads\\\/PHOTO-2020-01-09-18-58-03.jpg\",\"contentUrl\":\"https:\\\/\\\/centrourbano.com\\\/revista\\\/wp-content\\\/uploads\\\/PHOTO-2020-01-09-18-58-03.jpg\",\"width\":1280,\"height\":777,\"caption\":\"La planta lechera tendr\u00e1 capacidad de recepci\u00f3n de hasta un mill\u00f3n de litros para producci\u00f3n de 100 toneladas de leche en polvo\"},{\"@type\":\"BreadcrumbList\",\"@id\":\"https:\\\/\\\/centrourbano.com\\\/revista\\\/actualidad\\\/anuncia-segalmex-construccion-de-planta-lechera-en-durango\\\/#breadcrumb\",\"itemListElement\":[{\"@type\":\"ListItem\",\"position\":1,\"name\":\"Portada\",\"item\":\"https:\\\/\\\/centrourbano.com\\\/revista\\\/\"},{\"@type\":\"ListItem\",\"position\":2,\"name\":\"Anuncia Segalmex construcci\u00f3n de planta lechera en Durango\"}]},{\"@type\":\"WebSite\",\"@id\":\"https:\\\/\\\/centrourbano.com\\\/revista\\\/#website\",\"url\":\"https:\\\/\\\/centrourbano.com\\\/revista\\\/\",\"name\":\"Centro Urbano\",\"description\":\"Medio especializado en los sectores vivienda, inmobiliario, construcci\u00f3n, arquitectura y urbanismo.\",\"publisher\":{\"@id\":\"https:\\\/\\\/centrourbano.com\\\/revista\\\/#organization\"},\"potentialAction\":[{\"@type\":\"SearchAction\",\"target\":{\"@type\":\"EntryPoint\",\"urlTemplate\":\"https:\\\/\\\/centrourbano.com\\\/revista\\\/?s={search_term_string}\"},\"query-input\":{\"@type\":\"PropertyValueSpecification\",\"valueRequired\":true,\"valueName\":\"search_term_string\"}}],\"inLanguage\":\"es\"},{\"@type\":\"Organization\",\"@id\":\"https:\\\/\\\/centrourbano.com\\\/revista\\\/#organization\",\"name\":\"Centro Urbano\",\"url\":\"https:\\\/\\\/centrourbano.com\\\/revista\\\/\",\"logo\":{\"@type\":\"ImageObject\",\"inLanguage\":\"es\",\"@id\":\"https:\\\/\\\/centrourbano.com\\\/revista\\\/#\\\/schema\\\/logo\\\/image\\\/\",\"url\":\"https:\\\/\\\/centrourbano.com\\\/revista\\\/wp-content\\\/uploads\\\/web_CU_logo-1.png\",\"contentUrl\":\"https:\\\/\\\/centrourbano.com\\\/revista\\\/wp-content\\\/uploads\\\/web_CU_logo-1.png\",\"width\":350,\"height\":91,\"caption\":\"Centro Urbano\"},\"image\":{\"@id\":\"https:\\\/\\\/centrourbano.com\\\/revista\\\/#\\\/schema\\\/logo\\\/image\\\/\"},\"sameAs\":[\"https:\\\/\\\/www.facebook.com\\\/portalcentrourbano\",\"https:\\\/\\\/x.com\\\/CentroUrbano\",\"https:\\\/\\\/www.instagram.com\\\/centro_urbano\\\/\",\"https:\\\/\\\/www.linkedin.com\\\/company\\\/centro-urbano\\\/\",\"http:\\\/\\\/www.youtube.com\\\/user\\\/portalcentrourbano\"]},{\"@type\":\"Person\",\"@id\":\"https:\\\/\\\/centrourbano.com\\\/revista\\\/#\\\/schema\\\/person\\\/d12ede3164a0881bab68f5868d5dfe8c\",\"name\":\"Antonio Garc\u00eda\",\"image\":{\"@type\":\"ImageObject\",\"inLanguage\":\"es\",\"@id\":\"https:\\\/\\\/secure.gravatar.com\\\/avatar\\\/68b7fcfc82d16a702310836698db1d823c3fb3b28e1f0938164455de47d96d82?s=96&d=mm&r=g\",\"url\":\"https:\\\/\\\/secure.gravatar.com\\\/avatar\\\/68b7fcfc82d16a702310836698db1d823c3fb3b28e1f0938164455de47d96d82?s=96&d=mm&r=g\",\"contentUrl\":\"https:\\\/\\\/secure.gravatar.com\\\/avatar\\\/68b7fcfc82d16a702310836698db1d823c3fb3b28e1f0938164455de47d96d82?s=96&d=mm&r=g\",\"caption\":\"Antonio Garc\u00eda\"},\"description\":\"Integrante del equipo editorial en Centro Urbano. Egresado de la carrera de Econom\u00eda (preespecialidad en Desarrollo Regional) en el IPN y de Matem\u00e1ticas Aplicadas y Computaci\u00f3n en la UNAM. Apasionado de los temas inherentes al desarrollo urbano-regional y estudios formales -e informales- sobre la ciudad y la econom\u00eda urbana.\",\"sameAs\":[\"https:\\\/\\\/www.instagram.com\\\/caminante_en_la_ciudad\\\/?hl=es-la\",\"https:\\\/\\\/x.com\\\/https:\\\/\\\/twitter.com\\\/TGarper\"],\"url\":\"https:\\\/\\\/centrourbano.com\\\/revista\\\/author\\\/antonio-garcia\\\/\"}]}<\/script>\n<!-- \/ Yoast SEO plugin. -->","yoast_head_json":{"title":"Anuncia Segalmex construcci\u00f3n de planta lechera en Durango","description":"La planta lechera tendr\u00e1 capacidad de recepci\u00f3n de hasta un mill\u00f3n de litros para producci\u00f3n de 100 toneladas de leche en polvo","robots":{"index":"index","follow":"follow","max-snippet":"max-snippet:-1","max-image-preview":"max-image-preview:large","max-video-preview":"max-video-preview:-1"},"canonical":"https:\/\/centrourbano.com\/revista\/actualidad\/anuncia-segalmex-construccion-de-planta-lechera-en-durango\/","og_locale":"es_ES","og_type":"article","og_title":"Anuncia Segalmex construcci\u00f3n de planta lechera en Durango","og_description":"La planta lechera tendr\u00e1 capacidad de recepci\u00f3n de hasta un mill\u00f3n de litros para producci\u00f3n de 100 toneladas de leche en polvo","og_url":"https:\/\/centrourbano.com\/revista\/actualidad\/anuncia-segalmex-construccion-de-planta-lechera-en-durango\/","og_site_name":"Centro Urbano","article_publisher":"https:\/\/www.facebook.com\/portalcentrourbano","article_published_time":"2020-01-14T18:30:57+00:00","article_modified_time":"2020-01-14T19:34:18+00:00","og_image":[{"width":1280,"height":777,"url":"https:\/\/centrourbano.com\/revista\/wp-content\/uploads\/PHOTO-2020-01-09-18-58-03.jpg","type":"image\/jpeg"}],"author":"Antonio Garc\u00eda","twitter_card":"summary_large_image","twitter_creator":"@https:\/\/twitter.com\/TGarper","twitter_site":"@CentroUrbano","twitter_misc":{"Escrito por":"Antonio Garc\u00eda","Tiempo de lectura":"1 minuto"},"schema":{"@context":"https:\/\/schema.org","@graph":[{"@type":"Article","@id":"https:\/\/centrourbano.com\/revista\/actualidad\/anuncia-segalmex-construccion-de-planta-lechera-en-durango\/#article","isPartOf":{"@id":"https:\/\/centrourbano.com\/revista\/actualidad\/anuncia-segalmex-construccion-de-planta-lechera-en-durango\/"},"author":{"name":"Antonio Garc\u00eda","@id":"https:\/\/centrourbano.com\/revista\/#\/schema\/person\/d12ede3164a0881bab68f5868d5dfe8c"},"headline":"Anuncia Segalmex construcci\u00f3n de planta lechera en Durango","datePublished":"2020-01-14T18:30:57+00:00","dateModified":"2020-01-14T19:34:18+00:00","mainEntityOfPage":{"@id":"https:\/\/centrourbano.com\/revista\/actualidad\/anuncia-segalmex-construccion-de-planta-lechera-en-durango\/"},"wordCount":207,"commentCount":0,"publisher":{"@id":"https:\/\/centrourbano.com\/revista\/#organization"},"image":{"@id":"https:\/\/centrourbano.com\/revista\/actualidad\/anuncia-segalmex-construccion-de-planta-lechera-en-durango\/#primaryimage"},"thumbnailUrl":"https:\/\/centrourbano.com\/revista\/wp-content\/uploads\/PHOTO-2020-01-09-18-58-03.jpg","keywords":["construcci\u00f3n de planta lechera","Durango","G\u00f3mez Palacio","planta lechera","Segalmex"],"articleSection":["Actualidad","Construcci\u00f3n"],"inLanguage":"es","potentialAction":[{"@type":"CommentAction","name":"Comment","target":["https:\/\/centrourbano.com\/revista\/actualidad\/anuncia-segalmex-construccion-de-planta-lechera-en-durango\/#respond"]}]},{"@type":"WebPage","@id":"https:\/\/centrourbano.com\/revista\/actualidad\/anuncia-segalmex-construccion-de-planta-lechera-en-durango\/","url":"https:\/\/centrourbano.com\/revista\/actualidad\/anuncia-segalmex-construccion-de-planta-lechera-en-durango\/","name":"Anuncia Segalmex construcci\u00f3n de planta lechera en Durango","isPartOf":{"@id":"https:\/\/centrourbano.com\/revista\/#website"},"primaryImageOfPage":{"@id":"https:\/\/centrourbano.com\/revista\/actualidad\/anuncia-segalmex-construccion-de-planta-lechera-en-durango\/#primaryimage"},"image":{"@id":"https:\/\/centrourbano.com\/revista\/actualidad\/anuncia-segalmex-construccion-de-planta-lechera-en-durango\/#primaryimage"},"thumbnailUrl":"https:\/\/centrourbano.com\/revista\/wp-content\/uploads\/PHOTO-2020-01-09-18-58-03.jpg","datePublished":"2020-01-14T18:30:57+00:00","dateModified":"2020-01-14T19:34:18+00:00","description":"La planta lechera tendr\u00e1 capacidad de recepci\u00f3n de hasta un mill\u00f3n de litros para producci\u00f3n de 100 toneladas de leche en polvo","breadcrumb":{"@id":"https:\/\/centrourbano.com\/revista\/actualidad\/anuncia-segalmex-construccion-de-planta-lechera-en-durango\/#breadcrumb"},"inLanguage":"es","potentialAction":[{"@type":"ReadAction","target":["https:\/\/centrourbano.com\/revista\/actualidad\/anuncia-segalmex-construccion-de-planta-lechera-en-durango\/"]}]},{"@type":"ImageObject","inLanguage":"es","@id":"https:\/\/centrourbano.com\/revista\/actualidad\/anuncia-segalmex-construccion-de-planta-lechera-en-durango\/#primaryimage","url":"https:\/\/centrourbano.com\/revista\/wp-content\/uploads\/PHOTO-2020-01-09-18-58-03.jpg","contentUrl":"https:\/\/centrourbano.com\/revista\/wp-content\/uploads\/PHOTO-2020-01-09-18-58-03.jpg","width":1280,"height":777,"caption":"La planta lechera tendr\u00e1 capacidad de recepci\u00f3n de hasta un mill\u00f3n de litros para producci\u00f3n de 100 toneladas de leche en polvo"},{"@type":"BreadcrumbList","@id":"https:\/\/centrourbano.com\/revista\/actualidad\/anuncia-segalmex-construccion-de-planta-lechera-en-durango\/#breadcrumb","itemListElement":[{"@type":"ListItem","position":1,"name":"Portada","item":"https:\/\/centrourbano.com\/revista\/"},{"@type":"ListItem","position":2,"name":"Anuncia Segalmex construcci\u00f3n de planta lechera en Durango"}]},{"@type":"WebSite","@id":"https:\/\/centrourbano.com\/revista\/#website","url":"https:\/\/centrourbano.com\/revista\/","name":"Centro Urbano","description":"Medio especializado en los sectores vivienda, inmobiliario, construcci\u00f3n, arquitectura y urbanismo.","publisher":{"@id":"https:\/\/centrourbano.com\/revista\/#organization"},"potentialAction":[{"@type":"SearchAction","target":{"@type":"EntryPoint","urlTemplate":"https:\/\/centrourbano.com\/revista\/?s={search_term_string}"},"query-input":{"@type":"PropertyValueSpecification","valueRequired":true,"valueName":"search_term_string"}}],"inLanguage":"es"},{"@type":"Organization","@id":"https:\/\/centrourbano.com\/revista\/#organization","name":"Centro Urbano","url":"https:\/\/centrourbano.com\/revista\/","logo":{"@type":"ImageObject","inLanguage":"es","@id":"https:\/\/centrourbano.com\/revista\/#\/schema\/logo\/image\/","url":"https:\/\/centrourbano.com\/revista\/wp-content\/uploads\/web_CU_logo-1.png","contentUrl":"https:\/\/centrourbano.com\/revista\/wp-content\/uploads\/web_CU_logo-1.png","width":350,"height":91,"caption":"Centro Urbano"},"image":{"@id":"https:\/\/centrourbano.com\/revista\/#\/schema\/logo\/image\/"},"sameAs":["https:\/\/www.facebook.com\/portalcentrourbano","https:\/\/x.com\/CentroUrbano","https:\/\/www.instagram.com\/centro_urbano\/","https:\/\/www.linkedin.com\/company\/centro-urbano\/","http:\/\/www.youtube.com\/user\/portalcentrourbano"]},{"@type":"Person","@id":"https:\/\/centrourbano.com\/revista\/#\/schema\/person\/d12ede3164a0881bab68f5868d5dfe8c","name":"Antonio Garc\u00eda","image":{"@type":"ImageObject","inLanguage":"es","@id":"https:\/\/secure.gravatar.com\/avatar\/68b7fcfc82d16a702310836698db1d823c3fb3b28e1f0938164455de47d96d82?s=96&d=mm&r=g","url":"https:\/\/secure.gravatar.com\/avatar\/68b7fcfc82d16a702310836698db1d823c3fb3b28e1f0938164455de47d96d82?s=96&d=mm&r=g","contentUrl":"https:\/\/secure.gravatar.com\/avatar\/68b7fcfc82d16a702310836698db1d823c3fb3b28e1f0938164455de47d96d82?s=96&d=mm&r=g","caption":"Antonio Garc\u00eda"},"description":"Integrante del equipo editorial en Centro Urbano. Egresado de la carrera de Econom\u00eda (preespecialidad en Desarrollo Regional) en el IPN y de Matem\u00e1ticas Aplicadas y Computaci\u00f3n en la UNAM. Apasionado de los temas inherentes al desarrollo urbano-regional y estudios formales -e informales- sobre la ciudad y la econom\u00eda urbana.","sameAs":["https:\/\/www.instagram.com\/caminante_en_la_ciudad\/?hl=es-la","https:\/\/x.com\/https:\/\/twitter.com\/TGarper"],"url":"https:\/\/centrourbano.com\/revista\/author\/antonio-garcia\/"}]}},"_links":{"self":[{"href":"https:\/\/centrourbano.com\/revista\/wp-json\/wp\/v2\/posts\/101454","targetHints":{"allow":["GET"]}}],"collection":[{"href":"https:\/\/centrourbano.com\/revista\/wp-json\/wp\/v2\/posts"}],"about":[{"href":"https:\/\/centrourbano.com\/revista\/wp-json\/wp\/v2\/types\/post"}],"author":[{"embeddable":true,"href":"https:\/\/centrourbano.com\/revista\/wp-json\/wp\/v2\/users\/75"}],"replies":[{"embeddable":true,"href":"https:\/\/centrourbano.com\/revista\/wp-json\/wp\/v2\/comments?post=101454"}],"version-history":[{"count":3,"href":"https:\/\/centrourbano.com\/revista\/wp-json\/wp\/v2\/posts\/101454\/revisions"}],"predecessor-version":[{"id":101557,"href":"https:\/\/centrourbano.com\/revista\/wp-json\/wp\/v2\/posts\/101454\/revisions\/101557"}],"wp:featuredmedia":[{"embeddable":true,"href":"https:\/\/centrourbano.com\/revista\/wp-json\/wp\/v2\/media\/101456"}],"wp:attachment":[{"href":"https:\/\/centrourbano.com\/revista\/wp-json\/wp\/v2\/media?parent=101454"}],"wp:term":[{"taxonomy":"category","embeddable":true,"href":"https:\/\/centrourbano.com\/revista\/wp-json\/wp\/v2\/categories?post=101454"},{"taxonomy":"post_tag","embeddable":true,"href":"https:\/\/centrourbano.com\/revista\/wp-json\/wp\/v2\/tags?post=101454"}],"curies":[{"name":"wp","href":"https:\/\/api.w.org\/{rel}","templated":true}]}}