{"id":101201,"date":"2020-01-08T08:05:11","date_gmt":"2020-01-08T14:05:11","guid":{"rendered":"https:\/\/centrourbano.com\/?p=101201"},"modified":"2020-01-08T00:21:11","modified_gmt":"2020-01-08T06:21:11","slug":"programas-bicicleta-cdmx","status":"publish","type":"post","link":"https:\/\/centrourbano.com\/revista\/urbanismo\/programas-bicicleta-cdmx\/","title":{"rendered":"Programas con bicicleta cierran el 2019 con r\u00e9cords de asistencia"},"content":{"rendered":"\r\n<p><em>Los programas \u2018Biciescuela\u2019 y \u2018Mu\u00e9vete en Bici\u2019, de la Secretar\u00eda de Movilidad (Semovi) de la CDMX, reiniciaron sus actividades el primer fin de semana de 2020<\/em><\/p>\r\n\r\n\r\n\r\n<p>La <strong>Secretar\u00eda de Movilidad (Semovi)<\/strong> de la Ciudad de M\u00e9xico dio a conocer que los programas cuya finalidad es promover el uso de la bicicleta como opci\u00f3n de transporte entre los capitalinos, cerraron el 2019 con <strong>r\u00e9cords de asistencia.<\/strong><\/p>\r\n\r\n\r\n\r\n<p>A trav\u00e9s de un comunicado, la dependencia inform\u00f3 que el <strong>Paseo Dominical<\/strong>, el cual se realiza todos los domingos de mes como parte del programa <strong>\u2018Mu\u00e9vete en Bici\u2019<\/strong>, tuvo una participaci\u00f3n hist\u00f3rica de <strong>3.1 millones de personas<\/strong> en total durante 2019; lo cual represent\u00f3 un aumento del 10% con respecto al 2018, cuando se registr\u00f3 una afluencia de 2.8 millones de personas.<\/p>\r\n\r\n\r\n\r\n<p>Asimismo, cabe mencionar que, gracias a este programa, en 2019 se logr\u00f3 la reducci\u00f3n de 43.2 toneladas de gases contaminantes al ambiente.<\/p>\r\n\r\n\r\n\r\n<p>Por otra parte, el programa <a href=\"https:\/\/centrourbano.com\/2019\/07\/17\/semovi-biciescuela-verano-gratuita\/\" target=\"_blank\" rel=\"noreferrer noopener\" aria-label=\"\u2018Biciescuela\u2019  (se abre en una nueva pesta\u00f1a)\"><strong>\u2018Biciescuela\u2019<\/strong> <\/a>tuvo una asistencia de <strong>89,000 personas<\/strong> en 2019; mientras que en 2018, logr\u00f3 reunir a 84,900 participantes. Adem\u00e1s, asistieron <strong>1,493 operadores del transporte p\u00fablico,<\/strong> como parte del curso de sensibilizaci\u00f3n, el cual busca incrementar la empat\u00eda y el conocimiento de las reglas.<\/p>\r\n\r\n\r\n\r\n<p>De acuerdo con la <strong>Semovi<\/strong>, estos programas reiniciaron actividades el primer fin de semana de 2020 con el primer <strong>Paseo Dominical \u2018Mu\u00e9vete en Bici\u2019<\/strong> y la primer sesi\u00f3n de la <strong>\u2018Biciescuela\u2019<\/strong>, en las estaciones de servicio La Villa, Glorieta de La Diana y Metro Zapata.<\/p>\r\n\r\n\r\n\r\n<p>Adem\u00e1s, se anunci\u00f3 que este a\u00f1o se realizar\u00e1n cuatro <strong>Paseos Nocturnos en Bicicleta<\/strong>, los cuales tendr\u00e1n tem\u00e1ticas alusivas al d\u00eda del amor y la amistad, a la primavera, al D\u00eda de Muertos y a las fiestas decembrinas.<\/p>\r\n","protected":false},"excerpt":{"rendered":"<p>Los programas \u2018Biciescuela\u2019 y \u2018Mu\u00e9vete en Bici\u2019, de la Secretar\u00eda de Movilidad (Semovi) de la CDMX, reiniciaron sus actividades el primer fin de semana de 2020 La Secretar\u00eda de Movilidad (Semovi) de la Ciudad de M\u00e9xico dio a conocer que los programas cuya finalidad es promover el uso de la bicicleta como opci\u00f3n de transporte [&hellip;]<\/p>\n","protected":false},"author":73,"featured_media":101202,"comment_status":"open","ping_status":"closed","sticky":false,"template":"","format":"standard","meta":{"om_disable_all_campaigns":false,"inline_featured_image":false,"_monsterinsights_skip_tracking":false,"_monsterinsights_sitenote_active":false,"_monsterinsights_sitenote_note":"","_monsterinsights_sitenote_category":0,"footnotes":""},"categories":[82],"tags":[718,4163,487,966,16688,2196],"class_list":["post-101201","post","type-post","status-publish","format-standard","has-post-thumbnail","hentry","category-urbanismo","tag-bicicleta","tag-biciescuela","tag-movilidad","tag-muevete-en-bici","tag-paseo-nocturno-en-bicicleta","tag-semovi"],"yoast_head":"<!-- This site is optimized with the Yoast SEO plugin v27.5 - https:\/\/yoast.com\/product\/yoast-seo-wordpress\/ -->\n<title>Programas con bicicleta cierran el 2019 con r\u00e9cords de asistencia<\/title>\n<meta name=\"description\" content=\"Los programas \u2018Biciescuela\u2019 y \u2018Mu\u00e9vete en Bici\u2019, de la Secretar\u00eda de Movilidad (Semovi), reiniciaron sus actividades el primer fin de semana de 2020\" \/>\n<meta name=\"robots\" content=\"index, follow, max-snippet:-1, max-image-preview:large, max-video-preview:-1\" \/>\n<link rel=\"canonical\" href=\"https:\/\/centrourbano.com\/revista\/urbanismo\/programas-bicicleta-cdmx\/\" \/>\n<meta property=\"og:locale\" content=\"es_ES\" \/>\n<meta property=\"og:type\" content=\"article\" \/>\n<meta property=\"og:title\" content=\"Programas con bicicleta cierran el 2019 con r\u00e9cords de asistencia\" \/>\n<meta property=\"og:description\" content=\"Los programas \u2018Biciescuela\u2019 y \u2018Mu\u00e9vete en Bici\u2019, de la Secretar\u00eda de Movilidad (Semovi), reiniciaron sus actividades el primer fin de semana de 2020\" \/>\n<meta property=\"og:url\" content=\"https:\/\/centrourbano.com\/revista\/urbanismo\/programas-bicicleta-cdmx\/\" \/>\n<meta property=\"og:site_name\" content=\"Centro Urbano\" \/>\n<meta property=\"article:publisher\" content=\"https:\/\/www.facebook.com\/portalcentrourbano\" \/>\n<meta property=\"article:published_time\" content=\"2020-01-08T14:05:11+00:00\" \/>\n<meta property=\"og:image\" content=\"https:\/\/centrourbano.com\/revista\/wp-content\/uploads\/Programas-con-bicicleta-cierran-el-2019-con-r\u00e9cords-de-asistencia.jpg\" \/>\n\t<meta property=\"og:image:width\" content=\"796\" \/>\n\t<meta property=\"og:image:height\" content=\"531\" \/>\n\t<meta property=\"og:image:type\" content=\"image\/jpeg\" \/>\n<meta name=\"author\" content=\"Fernanda Hern\u00e1ndez\" \/>\n<meta name=\"twitter:card\" content=\"summary_large_image\" \/>\n<meta name=\"twitter:creator\" content=\"@https:\/\/twitter.com\/Nannz_Hernandez\" \/>\n<meta name=\"twitter:site\" content=\"@CentroUrbano\" \/>\n<meta name=\"twitter:label1\" content=\"Escrito por\" \/>\n\t<meta name=\"twitter:data1\" content=\"Fernanda Hern\u00e1ndez\" \/>\n\t<meta name=\"twitter:label2\" content=\"Tiempo de lectura\" \/>\n\t<meta name=\"twitter:data2\" content=\"1 minuto\" \/>\n<script type=\"application\/ld+json\" class=\"yoast-schema-graph\">{\"@context\":\"https:\\\/\\\/schema.org\",\"@graph\":[{\"@type\":\"Article\",\"@id\":\"https:\\\/\\\/centrourbano.com\\\/revista\\\/urbanismo\\\/programas-bicicleta-cdmx\\\/#article\",\"isPartOf\":{\"@id\":\"https:\\\/\\\/centrourbano.com\\\/revista\\\/urbanismo\\\/programas-bicicleta-cdmx\\\/\"},\"author\":{\"name\":\"Fernanda Hern\u00e1ndez\",\"@id\":\"https:\\\/\\\/centrourbano.com\\\/revista\\\/#\\\/schema\\\/person\\\/bc284507d99af21c6df75a3f1924b95c\"},\"headline\":\"Programas con bicicleta cierran el 2019 con r\u00e9cords de asistencia\",\"datePublished\":\"2020-01-08T14:05:11+00:00\",\"mainEntityOfPage\":{\"@id\":\"https:\\\/\\\/centrourbano.com\\\/revista\\\/urbanismo\\\/programas-bicicleta-cdmx\\\/\"},\"wordCount\":298,\"commentCount\":0,\"publisher\":{\"@id\":\"https:\\\/\\\/centrourbano.com\\\/revista\\\/#organization\"},\"image\":{\"@id\":\"https:\\\/\\\/centrourbano.com\\\/revista\\\/urbanismo\\\/programas-bicicleta-cdmx\\\/#primaryimage\"},\"thumbnailUrl\":\"https:\\\/\\\/centrourbano.com\\\/revista\\\/wp-content\\\/uploads\\\/Programas-con-bicicleta-cierran-el-2019-con-r\u00e9cords-de-asistencia.jpg\",\"keywords\":[\"Bicicleta\",\"biciescuela\",\"movilidad\",\"Mu\u00e9vete en bici\",\"Paseo Nocturno en Bicicleta\",\"Semovi\"],\"articleSection\":[\"Urbanismo\"],\"inLanguage\":\"es\",\"potentialAction\":[{\"@type\":\"CommentAction\",\"name\":\"Comment\",\"target\":[\"https:\\\/\\\/centrourbano.com\\\/revista\\\/urbanismo\\\/programas-bicicleta-cdmx\\\/#respond\"]}]},{\"@type\":\"WebPage\",\"@id\":\"https:\\\/\\\/centrourbano.com\\\/revista\\\/urbanismo\\\/programas-bicicleta-cdmx\\\/\",\"url\":\"https:\\\/\\\/centrourbano.com\\\/revista\\\/urbanismo\\\/programas-bicicleta-cdmx\\\/\",\"name\":\"Programas con bicicleta cierran el 2019 con r\u00e9cords de asistencia\",\"isPartOf\":{\"@id\":\"https:\\\/\\\/centrourbano.com\\\/revista\\\/#website\"},\"primaryImageOfPage\":{\"@id\":\"https:\\\/\\\/centrourbano.com\\\/revista\\\/urbanismo\\\/programas-bicicleta-cdmx\\\/#primaryimage\"},\"image\":{\"@id\":\"https:\\\/\\\/centrourbano.com\\\/revista\\\/urbanismo\\\/programas-bicicleta-cdmx\\\/#primaryimage\"},\"thumbnailUrl\":\"https:\\\/\\\/centrourbano.com\\\/revista\\\/wp-content\\\/uploads\\\/Programas-con-bicicleta-cierran-el-2019-con-r\u00e9cords-de-asistencia.jpg\",\"datePublished\":\"2020-01-08T14:05:11+00:00\",\"description\":\"Los programas \u2018Biciescuela\u2019 y \u2018Mu\u00e9vete en Bici\u2019, de la Secretar\u00eda de Movilidad (Semovi), reiniciaron sus actividades el primer fin de semana de 2020\",\"breadcrumb\":{\"@id\":\"https:\\\/\\\/centrourbano.com\\\/revista\\\/urbanismo\\\/programas-bicicleta-cdmx\\\/#breadcrumb\"},\"inLanguage\":\"es\",\"potentialAction\":[{\"@type\":\"ReadAction\",\"target\":[\"https:\\\/\\\/centrourbano.com\\\/revista\\\/urbanismo\\\/programas-bicicleta-cdmx\\\/\"]}]},{\"@type\":\"ImageObject\",\"inLanguage\":\"es\",\"@id\":\"https:\\\/\\\/centrourbano.com\\\/revista\\\/urbanismo\\\/programas-bicicleta-cdmx\\\/#primaryimage\",\"url\":\"https:\\\/\\\/centrourbano.com\\\/revista\\\/wp-content\\\/uploads\\\/Programas-con-bicicleta-cierran-el-2019-con-r\u00e9cords-de-asistencia.jpg\",\"contentUrl\":\"https:\\\/\\\/centrourbano.com\\\/revista\\\/wp-content\\\/uploads\\\/Programas-con-bicicleta-cierran-el-2019-con-r\u00e9cords-de-asistencia.jpg\",\"width\":796,\"height\":531,\"caption\":\"Los programas \u2018Biciescuela\u2019 y \u2018Mu\u00e9vete en Bici\u2019, de la Secretar\u00eda de Movilidad (Semovi), reiniciaron sus actividades el primer fin de semana de 2020\"},{\"@type\":\"BreadcrumbList\",\"@id\":\"https:\\\/\\\/centrourbano.com\\\/revista\\\/urbanismo\\\/programas-bicicleta-cdmx\\\/#breadcrumb\",\"itemListElement\":[{\"@type\":\"ListItem\",\"position\":1,\"name\":\"Portada\",\"item\":\"https:\\\/\\\/centrourbano.com\\\/revista\\\/\"},{\"@type\":\"ListItem\",\"position\":2,\"name\":\"Programas con bicicleta cierran el 2019 con r\u00e9cords de asistencia\"}]},{\"@type\":\"WebSite\",\"@id\":\"https:\\\/\\\/centrourbano.com\\\/revista\\\/#website\",\"url\":\"https:\\\/\\\/centrourbano.com\\\/revista\\\/\",\"name\":\"Centro Urbano\",\"description\":\"Medio especializado en los sectores vivienda, inmobiliario, construcci\u00f3n, arquitectura y urbanismo.\",\"publisher\":{\"@id\":\"https:\\\/\\\/centrourbano.com\\\/revista\\\/#organization\"},\"potentialAction\":[{\"@type\":\"SearchAction\",\"target\":{\"@type\":\"EntryPoint\",\"urlTemplate\":\"https:\\\/\\\/centrourbano.com\\\/revista\\\/?s={search_term_string}\"},\"query-input\":{\"@type\":\"PropertyValueSpecification\",\"valueRequired\":true,\"valueName\":\"search_term_string\"}}],\"inLanguage\":\"es\"},{\"@type\":\"Organization\",\"@id\":\"https:\\\/\\\/centrourbano.com\\\/revista\\\/#organization\",\"name\":\"Centro Urbano\",\"url\":\"https:\\\/\\\/centrourbano.com\\\/revista\\\/\",\"logo\":{\"@type\":\"ImageObject\",\"inLanguage\":\"es\",\"@id\":\"https:\\\/\\\/centrourbano.com\\\/revista\\\/#\\\/schema\\\/logo\\\/image\\\/\",\"url\":\"https:\\\/\\\/centrourbano.com\\\/revista\\\/wp-content\\\/uploads\\\/web_CU_logo-1.png\",\"contentUrl\":\"https:\\\/\\\/centrourbano.com\\\/revista\\\/wp-content\\\/uploads\\\/web_CU_logo-1.png\",\"width\":350,\"height\":91,\"caption\":\"Centro Urbano\"},\"image\":{\"@id\":\"https:\\\/\\\/centrourbano.com\\\/revista\\\/#\\\/schema\\\/logo\\\/image\\\/\"},\"sameAs\":[\"https:\\\/\\\/www.facebook.com\\\/portalcentrourbano\",\"https:\\\/\\\/x.com\\\/CentroUrbano\",\"https:\\\/\\\/www.instagram.com\\\/centro_urbano\\\/\",\"https:\\\/\\\/www.linkedin.com\\\/company\\\/centro-urbano\\\/\",\"http:\\\/\\\/www.youtube.com\\\/user\\\/portalcentrourbano\"]},{\"@type\":\"Person\",\"@id\":\"https:\\\/\\\/centrourbano.com\\\/revista\\\/#\\\/schema\\\/person\\\/bc284507d99af21c6df75a3f1924b95c\",\"name\":\"Fernanda Hern\u00e1ndez\",\"image\":{\"@type\":\"ImageObject\",\"inLanguage\":\"es\",\"@id\":\"https:\\\/\\\/secure.gravatar.com\\\/avatar\\\/9471831fb0a24eae9d32d826a7cb8ef07c34a41520aca1a0ab1f5c0903ba49b9?s=96&d=mm&r=g\",\"url\":\"https:\\\/\\\/secure.gravatar.com\\\/avatar\\\/9471831fb0a24eae9d32d826a7cb8ef07c34a41520aca1a0ab1f5c0903ba49b9?s=96&d=mm&r=g\",\"contentUrl\":\"https:\\\/\\\/secure.gravatar.com\\\/avatar\\\/9471831fb0a24eae9d32d826a7cb8ef07c34a41520aca1a0ab1f5c0903ba49b9?s=96&d=mm&r=g\",\"caption\":\"Fernanda Hern\u00e1ndez\"},\"description\":\"Reportera y redactora en Centro Urbano. Soy egresada de la licenciatura en Ciencias de la Comunicaci\u00f3n de la Facultad de Ciencias Pol\u00edticas y Sociales (UNAM). Me interesa la cultura, el urbanismo y la arquitectura. Amante del mundo digital, el cine, la m\u00fasica, la lectura y la escritura.\",\"sameAs\":[\"https:\\\/\\\/x.com\\\/https:\\\/\\\/twitter.com\\\/Nannz_Hernandez\"],\"url\":\"https:\\\/\\\/centrourbano.com\\\/revista\\\/author\\\/fernanda-hernandez\\\/\"}]}<\/script>\n<!-- \/ Yoast SEO plugin. -->","yoast_head_json":{"title":"Programas con bicicleta cierran el 2019 con r\u00e9cords de asistencia","description":"Los programas \u2018Biciescuela\u2019 y \u2018Mu\u00e9vete en Bici\u2019, de la Secretar\u00eda de Movilidad (Semovi), reiniciaron sus actividades el primer fin de semana de 2020","robots":{"index":"index","follow":"follow","max-snippet":"max-snippet:-1","max-image-preview":"max-image-preview:large","max-video-preview":"max-video-preview:-1"},"canonical":"https:\/\/centrourbano.com\/revista\/urbanismo\/programas-bicicleta-cdmx\/","og_locale":"es_ES","og_type":"article","og_title":"Programas con bicicleta cierran el 2019 con r\u00e9cords de asistencia","og_description":"Los programas \u2018Biciescuela\u2019 y \u2018Mu\u00e9vete en Bici\u2019, de la Secretar\u00eda de Movilidad (Semovi), reiniciaron sus actividades el primer fin de semana de 2020","og_url":"https:\/\/centrourbano.com\/revista\/urbanismo\/programas-bicicleta-cdmx\/","og_site_name":"Centro Urbano","article_publisher":"https:\/\/www.facebook.com\/portalcentrourbano","article_published_time":"2020-01-08T14:05:11+00:00","og_image":[{"width":796,"height":531,"url":"https:\/\/centrourbano.com\/revista\/wp-content\/uploads\/Programas-con-bicicleta-cierran-el-2019-con-r\u00e9cords-de-asistencia.jpg","type":"image\/jpeg"}],"author":"Fernanda Hern\u00e1ndez","twitter_card":"summary_large_image","twitter_creator":"@https:\/\/twitter.com\/Nannz_Hernandez","twitter_site":"@CentroUrbano","twitter_misc":{"Escrito por":"Fernanda Hern\u00e1ndez","Tiempo de lectura":"1 minuto"},"schema":{"@context":"https:\/\/schema.org","@graph":[{"@type":"Article","@id":"https:\/\/centrourbano.com\/revista\/urbanismo\/programas-bicicleta-cdmx\/#article","isPartOf":{"@id":"https:\/\/centrourbano.com\/revista\/urbanismo\/programas-bicicleta-cdmx\/"},"author":{"name":"Fernanda Hern\u00e1ndez","@id":"https:\/\/centrourbano.com\/revista\/#\/schema\/person\/bc284507d99af21c6df75a3f1924b95c"},"headline":"Programas con bicicleta cierran el 2019 con r\u00e9cords de asistencia","datePublished":"2020-01-08T14:05:11+00:00","mainEntityOfPage":{"@id":"https:\/\/centrourbano.com\/revista\/urbanismo\/programas-bicicleta-cdmx\/"},"wordCount":298,"commentCount":0,"publisher":{"@id":"https:\/\/centrourbano.com\/revista\/#organization"},"image":{"@id":"https:\/\/centrourbano.com\/revista\/urbanismo\/programas-bicicleta-cdmx\/#primaryimage"},"thumbnailUrl":"https:\/\/centrourbano.com\/revista\/wp-content\/uploads\/Programas-con-bicicleta-cierran-el-2019-con-r\u00e9cords-de-asistencia.jpg","keywords":["Bicicleta","biciescuela","movilidad","Mu\u00e9vete en bici","Paseo Nocturno en Bicicleta","Semovi"],"articleSection":["Urbanismo"],"inLanguage":"es","potentialAction":[{"@type":"CommentAction","name":"Comment","target":["https:\/\/centrourbano.com\/revista\/urbanismo\/programas-bicicleta-cdmx\/#respond"]}]},{"@type":"WebPage","@id":"https:\/\/centrourbano.com\/revista\/urbanismo\/programas-bicicleta-cdmx\/","url":"https:\/\/centrourbano.com\/revista\/urbanismo\/programas-bicicleta-cdmx\/","name":"Programas con bicicleta cierran el 2019 con r\u00e9cords de asistencia","isPartOf":{"@id":"https:\/\/centrourbano.com\/revista\/#website"},"primaryImageOfPage":{"@id":"https:\/\/centrourbano.com\/revista\/urbanismo\/programas-bicicleta-cdmx\/#primaryimage"},"image":{"@id":"https:\/\/centrourbano.com\/revista\/urbanismo\/programas-bicicleta-cdmx\/#primaryimage"},"thumbnailUrl":"https:\/\/centrourbano.com\/revista\/wp-content\/uploads\/Programas-con-bicicleta-cierran-el-2019-con-r\u00e9cords-de-asistencia.jpg","datePublished":"2020-01-08T14:05:11+00:00","description":"Los programas \u2018Biciescuela\u2019 y \u2018Mu\u00e9vete en Bici\u2019, de la Secretar\u00eda de Movilidad (Semovi), reiniciaron sus actividades el primer fin de semana de 2020","breadcrumb":{"@id":"https:\/\/centrourbano.com\/revista\/urbanismo\/programas-bicicleta-cdmx\/#breadcrumb"},"inLanguage":"es","potentialAction":[{"@type":"ReadAction","target":["https:\/\/centrourbano.com\/revista\/urbanismo\/programas-bicicleta-cdmx\/"]}]},{"@type":"ImageObject","inLanguage":"es","@id":"https:\/\/centrourbano.com\/revista\/urbanismo\/programas-bicicleta-cdmx\/#primaryimage","url":"https:\/\/centrourbano.com\/revista\/wp-content\/uploads\/Programas-con-bicicleta-cierran-el-2019-con-r\u00e9cords-de-asistencia.jpg","contentUrl":"https:\/\/centrourbano.com\/revista\/wp-content\/uploads\/Programas-con-bicicleta-cierran-el-2019-con-r\u00e9cords-de-asistencia.jpg","width":796,"height":531,"caption":"Los programas \u2018Biciescuela\u2019 y \u2018Mu\u00e9vete en Bici\u2019, de la Secretar\u00eda de Movilidad (Semovi), reiniciaron sus actividades el primer fin de semana de 2020"},{"@type":"BreadcrumbList","@id":"https:\/\/centrourbano.com\/revista\/urbanismo\/programas-bicicleta-cdmx\/#breadcrumb","itemListElement":[{"@type":"ListItem","position":1,"name":"Portada","item":"https:\/\/centrourbano.com\/revista\/"},{"@type":"ListItem","position":2,"name":"Programas con bicicleta cierran el 2019 con r\u00e9cords de asistencia"}]},{"@type":"WebSite","@id":"https:\/\/centrourbano.com\/revista\/#website","url":"https:\/\/centrourbano.com\/revista\/","name":"Centro Urbano","description":"Medio especializado en los sectores vivienda, inmobiliario, construcci\u00f3n, arquitectura y urbanismo.","publisher":{"@id":"https:\/\/centrourbano.com\/revista\/#organization"},"potentialAction":[{"@type":"SearchAction","target":{"@type":"EntryPoint","urlTemplate":"https:\/\/centrourbano.com\/revista\/?s={search_term_string}"},"query-input":{"@type":"PropertyValueSpecification","valueRequired":true,"valueName":"search_term_string"}}],"inLanguage":"es"},{"@type":"Organization","@id":"https:\/\/centrourbano.com\/revista\/#organization","name":"Centro Urbano","url":"https:\/\/centrourbano.com\/revista\/","logo":{"@type":"ImageObject","inLanguage":"es","@id":"https:\/\/centrourbano.com\/revista\/#\/schema\/logo\/image\/","url":"https:\/\/centrourbano.com\/revista\/wp-content\/uploads\/web_CU_logo-1.png","contentUrl":"https:\/\/centrourbano.com\/revista\/wp-content\/uploads\/web_CU_logo-1.png","width":350,"height":91,"caption":"Centro Urbano"},"image":{"@id":"https:\/\/centrourbano.com\/revista\/#\/schema\/logo\/image\/"},"sameAs":["https:\/\/www.facebook.com\/portalcentrourbano","https:\/\/x.com\/CentroUrbano","https:\/\/www.instagram.com\/centro_urbano\/","https:\/\/www.linkedin.com\/company\/centro-urbano\/","http:\/\/www.youtube.com\/user\/portalcentrourbano"]},{"@type":"Person","@id":"https:\/\/centrourbano.com\/revista\/#\/schema\/person\/bc284507d99af21c6df75a3f1924b95c","name":"Fernanda Hern\u00e1ndez","image":{"@type":"ImageObject","inLanguage":"es","@id":"https:\/\/secure.gravatar.com\/avatar\/9471831fb0a24eae9d32d826a7cb8ef07c34a41520aca1a0ab1f5c0903ba49b9?s=96&d=mm&r=g","url":"https:\/\/secure.gravatar.com\/avatar\/9471831fb0a24eae9d32d826a7cb8ef07c34a41520aca1a0ab1f5c0903ba49b9?s=96&d=mm&r=g","contentUrl":"https:\/\/secure.gravatar.com\/avatar\/9471831fb0a24eae9d32d826a7cb8ef07c34a41520aca1a0ab1f5c0903ba49b9?s=96&d=mm&r=g","caption":"Fernanda Hern\u00e1ndez"},"description":"Reportera y redactora en Centro Urbano. Soy egresada de la licenciatura en Ciencias de la Comunicaci\u00f3n de la Facultad de Ciencias Pol\u00edticas y Sociales (UNAM). Me interesa la cultura, el urbanismo y la arquitectura. Amante del mundo digital, el cine, la m\u00fasica, la lectura y la escritura.","sameAs":["https:\/\/x.com\/https:\/\/twitter.com\/Nannz_Hernandez"],"url":"https:\/\/centrourbano.com\/revista\/author\/fernanda-hernandez\/"}]}},"_links":{"self":[{"href":"https:\/\/centrourbano.com\/revista\/wp-json\/wp\/v2\/posts\/101201","targetHints":{"allow":["GET"]}}],"collection":[{"href":"https:\/\/centrourbano.com\/revista\/wp-json\/wp\/v2\/posts"}],"about":[{"href":"https:\/\/centrourbano.com\/revista\/wp-json\/wp\/v2\/types\/post"}],"author":[{"embeddable":true,"href":"https:\/\/centrourbano.com\/revista\/wp-json\/wp\/v2\/users\/73"}],"replies":[{"embeddable":true,"href":"https:\/\/centrourbano.com\/revista\/wp-json\/wp\/v2\/comments?post=101201"}],"version-history":[{"count":2,"href":"https:\/\/centrourbano.com\/revista\/wp-json\/wp\/v2\/posts\/101201\/revisions"}],"predecessor-version":[{"id":101234,"href":"https:\/\/centrourbano.com\/revista\/wp-json\/wp\/v2\/posts\/101201\/revisions\/101234"}],"wp:featuredmedia":[{"embeddable":true,"href":"https:\/\/centrourbano.com\/revista\/wp-json\/wp\/v2\/media\/101202"}],"wp:attachment":[{"href":"https:\/\/centrourbano.com\/revista\/wp-json\/wp\/v2\/media?parent=101201"}],"wp:term":[{"taxonomy":"category","embeddable":true,"href":"https:\/\/centrourbano.com\/revista\/wp-json\/wp\/v2\/categories?post=101201"},{"taxonomy":"post_tag","embeddable":true,"href":"https:\/\/centrourbano.com\/revista\/wp-json\/wp\/v2\/tags?post=101201"}],"curies":[{"name":"wp","href":"https:\/\/api.w.org\/{rel}","templated":true}]}}