{"id":101097,"date":"2020-01-06T11:56:06","date_gmt":"2020-01-06T17:56:06","guid":{"rendered":"https:\/\/centrourbano.com\/?p=101097"},"modified":"2020-01-08T11:42:22","modified_gmt":"2020-01-08T17:42:22","slug":"niu-una-opcion-de-coliving-coworking-en-la-narvarte","status":"publish","type":"post","link":"https:\/\/centrourbano.com\/revista\/entrevistas\/niu-una-opcion-de-coliving-coworking-en-la-narvarte\/","title":{"rendered":"NIU: una opci\u00f3n de coliving + coworking en la Narvarte"},"content":{"rendered":"\r\n<p><em>Craft Arquitectos planea nuevos desarrollos compartidos como NIU en la N\u00e1poles, Roma y Condesa <\/em><\/p>\r\n\r\n\r\n\r\n<p>Concebida como una opci\u00f3n para atender las necesidades de trabajo y habitaci\u00f3n de nuevas generaciones en la Ciudad de M\u00e9xico, nace <strong>NIU<\/strong>, el primer proyecto de Craft Arquitectos, bajo la direcci\u00f3n de Daniel Rahmane, que integra espacios de coworking y coliving.<\/p>\r\n\r\n\r\n\r\n<p>Se trata de un desarrollo de espacios habitacionales y de trabajo compartidos, (54 departamentos para coliving y casi 200 metros cuadrados de oficinas de coworking), ubicado en la colonia Narvarte, al poniente de la capital.<\/p>\r\n\r\n\r\n\r\n<p>La idea, cuenta Daniel Rahmane, director de este proyecto arquitect\u00f3nico, es entender y atender las nuevas formas de movilidad de generaciones de j\u00f3venes que buscan lugares flexibles de convivencia, estancia y trabajo, de acuerdo a sus necesidades.<\/p>\r\n\r\n\r\n\r\n<p>\u00abEs la movilidad la tendencia, la gente est\u00e1 en eso. Estar en lugares c\u00e9ntricos, con mucho transporte, en ubicaciones como el nuestro, en colonias 100% peatonales. Nosotros pensamos que la tendencia va a ser lo que est\u00e1 sucediendo en NIU: que la gente busque m\u00e1s estos espacios y encuentre todo lo que necesite\u00bb, coment\u00f3 el directivo.<\/p>\r\n\r\n\r\n\r\n<p>En ese sentido, Daniel Rahmane destac\u00f3 que adem\u00e1s de este primer proyecto, inaugurado el pasado 1 de diciembre, ya se encuentran trabajando en otras ubicaciones, que podr\u00edan ser igual de bien recibidas en el mercado, como NIU Narvarte. \u00abAhorita estamos ya en proyectos para abrir m\u00e1s en la N\u00e1poles, Roma y Condesa\u00bb, asegur\u00f3.<\/p>\r\n\r\n\r\n\r\n<p>Agreg\u00f3 que una caracter\u00edstica de NIU son sus dise\u00f1os, espacios abiertos que fomentan la convivencia y la integraci\u00f3n de sus inquilinos, adem\u00e1s del entorno urbano en el que se encuentran.<\/p>\r\n\r\n\r\n\r\n<p>A diferencia de otros modelos de coliving, NIU ofrece departamentos en renta que van desde los 12,500 hasta los 15,500 pesos, con \u00e1reas comunes compartidas, as\u00ed como diversas amenidades, adem\u00e1s de los espacios de trabajo para networking.<\/p>\r\n\r\n\r\n\r\n<p>\u00abEs diferente a modelos donde la gente se va a lugares c\u00e9ntricos como la Condesa o la Roma, y rentan en edificios viejos, entre tres amigos, y cada quien se agarra un cuarto, es la \u00fanica forma de hacerlo costeable. Aqu\u00ed hacemos que sea costeable, pero que tu departamento sea tuyo y compartir con amigos y conocidos las \u00e1reas comunes\u00bb, coment\u00f3.<\/p>\r\n","protected":false},"excerpt":{"rendered":"<p>Craft Arquitectos planea nuevos desarrollos compartidos como NIU en la N\u00e1poles, Roma y Condesa Concebida como una opci\u00f3n para atender las necesidades de trabajo y habitaci\u00f3n de nuevas generaciones en la Ciudad de M\u00e9xico, nace NIU, el primer proyecto de Craft Arquitectos, bajo la direcci\u00f3n de Daniel Rahmane, que integra espacios de coworking y coliving. [&hellip;]<\/p>\n","protected":false},"author":69,"featured_media":101101,"comment_status":"open","ping_status":"closed","sticky":false,"template":"","format":"standard","meta":{"om_disable_all_campaigns":false,"inline_featured_image":false,"_monsterinsights_skip_tracking":false,"_monsterinsights_sitenote_active":false,"_monsterinsights_sitenote_note":"","_monsterinsights_sitenote_category":0,"footnotes":""},"categories":[13,15],"tags":[12234,11050,17194],"class_list":["post-101097","post","type-post","status-publish","format-standard","has-post-thumbnail","hentry","category-entrevistas","category-inmobiliario","tag-coworking","tag-narvarte","tag-niu"],"yoast_head":"<!-- This site is optimized with the Yoast SEO plugin v27.5 - https:\/\/yoast.com\/product\/yoast-seo-wordpress\/ -->\n<title>NIU: una opci\u00f3n de coliving + coworking en la Narvarte<\/title>\n<meta name=\"description\" content=\"Craft Arquitectos planea nuevos desarrollos compartidos como NIU en la N\u00e1poles, Roma y Condesa\" \/>\n<meta name=\"robots\" content=\"index, follow, max-snippet:-1, max-image-preview:large, max-video-preview:-1\" \/>\n<link rel=\"canonical\" href=\"https:\/\/centrourbano.com\/revista\/entrevistas\/niu-una-opcion-de-coliving-coworking-en-la-narvarte\/\" \/>\n<meta property=\"og:locale\" content=\"es_ES\" \/>\n<meta property=\"og:type\" content=\"article\" \/>\n<meta property=\"og:title\" content=\"NIU: una opci\u00f3n de coliving + coworking en la Narvarte\" \/>\n<meta property=\"og:description\" content=\"Craft Arquitectos planea nuevos desarrollos compartidos como NIU en la N\u00e1poles, Roma y Condesa\" \/>\n<meta property=\"og:url\" content=\"https:\/\/centrourbano.com\/revista\/entrevistas\/niu-una-opcion-de-coliving-coworking-en-la-narvarte\/\" \/>\n<meta property=\"og:site_name\" content=\"Centro Urbano\" \/>\n<meta property=\"article:publisher\" content=\"https:\/\/www.facebook.com\/portalcentrourbano\" \/>\n<meta property=\"article:published_time\" content=\"2020-01-06T17:56:06+00:00\" \/>\n<meta property=\"article:modified_time\" content=\"2020-01-08T17:42:22+00:00\" \/>\n<meta property=\"og:image\" content=\"https:\/\/centrourbano.com\/revista\/wp-content\/uploads\/MA_01.jpg\" \/>\n\t<meta property=\"og:image:width\" content=\"1329\" \/>\n\t<meta property=\"og:image:height\" content=\"894\" \/>\n\t<meta property=\"og:image:type\" content=\"image\/jpeg\" \/>\n<meta name=\"author\" content=\"Fernando Navarrete\" \/>\n<meta name=\"twitter:card\" content=\"summary_large_image\" \/>\n<meta name=\"twitter:creator\" content=\"@CentroUrbano\" \/>\n<meta name=\"twitter:site\" content=\"@CentroUrbano\" \/>\n<meta name=\"twitter:label1\" content=\"Escrito por\" \/>\n\t<meta name=\"twitter:data1\" content=\"Fernando Navarrete\" \/>\n\t<meta name=\"twitter:label2\" content=\"Tiempo de lectura\" \/>\n\t<meta name=\"twitter:data2\" content=\"2 minutos\" \/>\n<script type=\"application\/ld+json\" class=\"yoast-schema-graph\">{\"@context\":\"https:\\\/\\\/schema.org\",\"@graph\":[{\"@type\":\"Article\",\"@id\":\"https:\\\/\\\/centrourbano.com\\\/revista\\\/entrevistas\\\/niu-una-opcion-de-coliving-coworking-en-la-narvarte\\\/#article\",\"isPartOf\":{\"@id\":\"https:\\\/\\\/centrourbano.com\\\/revista\\\/entrevistas\\\/niu-una-opcion-de-coliving-coworking-en-la-narvarte\\\/\"},\"author\":{\"name\":\"Fernando Navarrete\",\"@id\":\"https:\\\/\\\/centrourbano.com\\\/revista\\\/#\\\/schema\\\/person\\\/2dd6b735ee955456b538202c353e2442\"},\"headline\":\"NIU: una opci\u00f3n de coliving + coworking en la Narvarte\",\"datePublished\":\"2020-01-06T17:56:06+00:00\",\"dateModified\":\"2020-01-08T17:42:22+00:00\",\"mainEntityOfPage\":{\"@id\":\"https:\\\/\\\/centrourbano.com\\\/revista\\\/entrevistas\\\/niu-una-opcion-de-coliving-coworking-en-la-narvarte\\\/\"},\"wordCount\":387,\"commentCount\":0,\"publisher\":{\"@id\":\"https:\\\/\\\/centrourbano.com\\\/revista\\\/#organization\"},\"image\":{\"@id\":\"https:\\\/\\\/centrourbano.com\\\/revista\\\/entrevistas\\\/niu-una-opcion-de-coliving-coworking-en-la-narvarte\\\/#primaryimage\"},\"thumbnailUrl\":\"https:\\\/\\\/centrourbano.com\\\/revista\\\/wp-content\\\/uploads\\\/MA_01.jpg\",\"keywords\":[\"Coworking\",\"Narvarte\",\"NIU\"],\"articleSection\":[\"Entrevistas\",\"Inmobiliario\"],\"inLanguage\":\"es\",\"potentialAction\":[{\"@type\":\"CommentAction\",\"name\":\"Comment\",\"target\":[\"https:\\\/\\\/centrourbano.com\\\/revista\\\/entrevistas\\\/niu-una-opcion-de-coliving-coworking-en-la-narvarte\\\/#respond\"]}]},{\"@type\":\"WebPage\",\"@id\":\"https:\\\/\\\/centrourbano.com\\\/revista\\\/entrevistas\\\/niu-una-opcion-de-coliving-coworking-en-la-narvarte\\\/\",\"url\":\"https:\\\/\\\/centrourbano.com\\\/revista\\\/entrevistas\\\/niu-una-opcion-de-coliving-coworking-en-la-narvarte\\\/\",\"name\":\"NIU: una opci\u00f3n de coliving + coworking en la Narvarte\",\"isPartOf\":{\"@id\":\"https:\\\/\\\/centrourbano.com\\\/revista\\\/#website\"},\"primaryImageOfPage\":{\"@id\":\"https:\\\/\\\/centrourbano.com\\\/revista\\\/entrevistas\\\/niu-una-opcion-de-coliving-coworking-en-la-narvarte\\\/#primaryimage\"},\"image\":{\"@id\":\"https:\\\/\\\/centrourbano.com\\\/revista\\\/entrevistas\\\/niu-una-opcion-de-coliving-coworking-en-la-narvarte\\\/#primaryimage\"},\"thumbnailUrl\":\"https:\\\/\\\/centrourbano.com\\\/revista\\\/wp-content\\\/uploads\\\/MA_01.jpg\",\"datePublished\":\"2020-01-06T17:56:06+00:00\",\"dateModified\":\"2020-01-08T17:42:22+00:00\",\"description\":\"Craft Arquitectos planea nuevos desarrollos compartidos como NIU en la N\u00e1poles, Roma y Condesa\",\"breadcrumb\":{\"@id\":\"https:\\\/\\\/centrourbano.com\\\/revista\\\/entrevistas\\\/niu-una-opcion-de-coliving-coworking-en-la-narvarte\\\/#breadcrumb\"},\"inLanguage\":\"es\",\"potentialAction\":[{\"@type\":\"ReadAction\",\"target\":[\"https:\\\/\\\/centrourbano.com\\\/revista\\\/entrevistas\\\/niu-una-opcion-de-coliving-coworking-en-la-narvarte\\\/\"]}]},{\"@type\":\"ImageObject\",\"inLanguage\":\"es\",\"@id\":\"https:\\\/\\\/centrourbano.com\\\/revista\\\/entrevistas\\\/niu-una-opcion-de-coliving-coworking-en-la-narvarte\\\/#primaryimage\",\"url\":\"https:\\\/\\\/centrourbano.com\\\/revista\\\/wp-content\\\/uploads\\\/MA_01.jpg\",\"contentUrl\":\"https:\\\/\\\/centrourbano.com\\\/revista\\\/wp-content\\\/uploads\\\/MA_01.jpg\",\"width\":1329,\"height\":894,\"caption\":\"NIU: una opci\u00f3n de coliving + coworking en la Narvarte\"},{\"@type\":\"BreadcrumbList\",\"@id\":\"https:\\\/\\\/centrourbano.com\\\/revista\\\/entrevistas\\\/niu-una-opcion-de-coliving-coworking-en-la-narvarte\\\/#breadcrumb\",\"itemListElement\":[{\"@type\":\"ListItem\",\"position\":1,\"name\":\"Portada\",\"item\":\"https:\\\/\\\/centrourbano.com\\\/revista\\\/\"},{\"@type\":\"ListItem\",\"position\":2,\"name\":\"NIU: una opci\u00f3n de coliving + coworking en la Narvarte\"}]},{\"@type\":\"WebSite\",\"@id\":\"https:\\\/\\\/centrourbano.com\\\/revista\\\/#website\",\"url\":\"https:\\\/\\\/centrourbano.com\\\/revista\\\/\",\"name\":\"Centro Urbano\",\"description\":\"Medio especializado en los sectores vivienda, inmobiliario, construcci\u00f3n, arquitectura y urbanismo.\",\"publisher\":{\"@id\":\"https:\\\/\\\/centrourbano.com\\\/revista\\\/#organization\"},\"potentialAction\":[{\"@type\":\"SearchAction\",\"target\":{\"@type\":\"EntryPoint\",\"urlTemplate\":\"https:\\\/\\\/centrourbano.com\\\/revista\\\/?s={search_term_string}\"},\"query-input\":{\"@type\":\"PropertyValueSpecification\",\"valueRequired\":true,\"valueName\":\"search_term_string\"}}],\"inLanguage\":\"es\"},{\"@type\":\"Organization\",\"@id\":\"https:\\\/\\\/centrourbano.com\\\/revista\\\/#organization\",\"name\":\"Centro Urbano\",\"url\":\"https:\\\/\\\/centrourbano.com\\\/revista\\\/\",\"logo\":{\"@type\":\"ImageObject\",\"inLanguage\":\"es\",\"@id\":\"https:\\\/\\\/centrourbano.com\\\/revista\\\/#\\\/schema\\\/logo\\\/image\\\/\",\"url\":\"https:\\\/\\\/centrourbano.com\\\/revista\\\/wp-content\\\/uploads\\\/web_CU_logo-1.png\",\"contentUrl\":\"https:\\\/\\\/centrourbano.com\\\/revista\\\/wp-content\\\/uploads\\\/web_CU_logo-1.png\",\"width\":350,\"height\":91,\"caption\":\"Centro Urbano\"},\"image\":{\"@id\":\"https:\\\/\\\/centrourbano.com\\\/revista\\\/#\\\/schema\\\/logo\\\/image\\\/\"},\"sameAs\":[\"https:\\\/\\\/www.facebook.com\\\/portalcentrourbano\",\"https:\\\/\\\/x.com\\\/CentroUrbano\",\"https:\\\/\\\/www.instagram.com\\\/centro_urbano\\\/\",\"https:\\\/\\\/www.linkedin.com\\\/company\\\/centro-urbano\\\/\",\"http:\\\/\\\/www.youtube.com\\\/user\\\/portalcentrourbano\"]},{\"@type\":\"Person\",\"@id\":\"https:\\\/\\\/centrourbano.com\\\/revista\\\/#\\\/schema\\\/person\\\/2dd6b735ee955456b538202c353e2442\",\"name\":\"Fernando Navarrete\",\"image\":{\"@type\":\"ImageObject\",\"inLanguage\":\"es\",\"@id\":\"https:\\\/\\\/secure.gravatar.com\\\/avatar\\\/f4dd6927a99e72698473e350e20ec8a38bd48cb668e15b03d04e8e537da41ad0?s=96&d=mm&r=g\",\"url\":\"https:\\\/\\\/secure.gravatar.com\\\/avatar\\\/f4dd6927a99e72698473e350e20ec8a38bd48cb668e15b03d04e8e537da41ad0?s=96&d=mm&r=g\",\"contentUrl\":\"https:\\\/\\\/secure.gravatar.com\\\/avatar\\\/f4dd6927a99e72698473e350e20ec8a38bd48cb668e15b03d04e8e537da41ad0?s=96&d=mm&r=g\",\"caption\":\"Fernando Navarrete\"},\"description\":\"Reportero de negocios, inmobiliario, construcci\u00f3n e industria. Me interesa la econom\u00eda, pol\u00edtica, historia y antropolog\u00eda. Estudi\u00e9 en la Facultad de Ciencias Pol\u00edticas y Sociales de la UNAM. Tengo experiencia en el sector p\u00fablico, la industria del acero, ingenier\u00eda civil, IT y corporativos; soy un nost\u00e1lgico nacionalista contempor\u00e1neo que cree en la grandeza de su pa\u00eds. Asiduo lector de Juan Rulfo, Jos\u00e9 Revueltas y J. R. R Tolkien.\",\"url\":\"https:\\\/\\\/centrourbano.com\\\/revista\\\/author\\\/fernando-navarrete\\\/\"}]}<\/script>\n<!-- \/ Yoast SEO plugin. -->","yoast_head_json":{"title":"NIU: una opci\u00f3n de coliving + coworking en la Narvarte","description":"Craft Arquitectos planea nuevos desarrollos compartidos como NIU en la N\u00e1poles, Roma y Condesa","robots":{"index":"index","follow":"follow","max-snippet":"max-snippet:-1","max-image-preview":"max-image-preview:large","max-video-preview":"max-video-preview:-1"},"canonical":"https:\/\/centrourbano.com\/revista\/entrevistas\/niu-una-opcion-de-coliving-coworking-en-la-narvarte\/","og_locale":"es_ES","og_type":"article","og_title":"NIU: una opci\u00f3n de coliving + coworking en la Narvarte","og_description":"Craft Arquitectos planea nuevos desarrollos compartidos como NIU en la N\u00e1poles, Roma y Condesa","og_url":"https:\/\/centrourbano.com\/revista\/entrevistas\/niu-una-opcion-de-coliving-coworking-en-la-narvarte\/","og_site_name":"Centro Urbano","article_publisher":"https:\/\/www.facebook.com\/portalcentrourbano","article_published_time":"2020-01-06T17:56:06+00:00","article_modified_time":"2020-01-08T17:42:22+00:00","og_image":[{"width":1329,"height":894,"url":"https:\/\/centrourbano.com\/revista\/wp-content\/uploads\/MA_01.jpg","type":"image\/jpeg"}],"author":"Fernando Navarrete","twitter_card":"summary_large_image","twitter_creator":"@CentroUrbano","twitter_site":"@CentroUrbano","twitter_misc":{"Escrito por":"Fernando Navarrete","Tiempo de lectura":"2 minutos"},"schema":{"@context":"https:\/\/schema.org","@graph":[{"@type":"Article","@id":"https:\/\/centrourbano.com\/revista\/entrevistas\/niu-una-opcion-de-coliving-coworking-en-la-narvarte\/#article","isPartOf":{"@id":"https:\/\/centrourbano.com\/revista\/entrevistas\/niu-una-opcion-de-coliving-coworking-en-la-narvarte\/"},"author":{"name":"Fernando Navarrete","@id":"https:\/\/centrourbano.com\/revista\/#\/schema\/person\/2dd6b735ee955456b538202c353e2442"},"headline":"NIU: una opci\u00f3n de coliving + coworking en la Narvarte","datePublished":"2020-01-06T17:56:06+00:00","dateModified":"2020-01-08T17:42:22+00:00","mainEntityOfPage":{"@id":"https:\/\/centrourbano.com\/revista\/entrevistas\/niu-una-opcion-de-coliving-coworking-en-la-narvarte\/"},"wordCount":387,"commentCount":0,"publisher":{"@id":"https:\/\/centrourbano.com\/revista\/#organization"},"image":{"@id":"https:\/\/centrourbano.com\/revista\/entrevistas\/niu-una-opcion-de-coliving-coworking-en-la-narvarte\/#primaryimage"},"thumbnailUrl":"https:\/\/centrourbano.com\/revista\/wp-content\/uploads\/MA_01.jpg","keywords":["Coworking","Narvarte","NIU"],"articleSection":["Entrevistas","Inmobiliario"],"inLanguage":"es","potentialAction":[{"@type":"CommentAction","name":"Comment","target":["https:\/\/centrourbano.com\/revista\/entrevistas\/niu-una-opcion-de-coliving-coworking-en-la-narvarte\/#respond"]}]},{"@type":"WebPage","@id":"https:\/\/centrourbano.com\/revista\/entrevistas\/niu-una-opcion-de-coliving-coworking-en-la-narvarte\/","url":"https:\/\/centrourbano.com\/revista\/entrevistas\/niu-una-opcion-de-coliving-coworking-en-la-narvarte\/","name":"NIU: una opci\u00f3n de coliving + coworking en la Narvarte","isPartOf":{"@id":"https:\/\/centrourbano.com\/revista\/#website"},"primaryImageOfPage":{"@id":"https:\/\/centrourbano.com\/revista\/entrevistas\/niu-una-opcion-de-coliving-coworking-en-la-narvarte\/#primaryimage"},"image":{"@id":"https:\/\/centrourbano.com\/revista\/entrevistas\/niu-una-opcion-de-coliving-coworking-en-la-narvarte\/#primaryimage"},"thumbnailUrl":"https:\/\/centrourbano.com\/revista\/wp-content\/uploads\/MA_01.jpg","datePublished":"2020-01-06T17:56:06+00:00","dateModified":"2020-01-08T17:42:22+00:00","description":"Craft Arquitectos planea nuevos desarrollos compartidos como NIU en la N\u00e1poles, Roma y Condesa","breadcrumb":{"@id":"https:\/\/centrourbano.com\/revista\/entrevistas\/niu-una-opcion-de-coliving-coworking-en-la-narvarte\/#breadcrumb"},"inLanguage":"es","potentialAction":[{"@type":"ReadAction","target":["https:\/\/centrourbano.com\/revista\/entrevistas\/niu-una-opcion-de-coliving-coworking-en-la-narvarte\/"]}]},{"@type":"ImageObject","inLanguage":"es","@id":"https:\/\/centrourbano.com\/revista\/entrevistas\/niu-una-opcion-de-coliving-coworking-en-la-narvarte\/#primaryimage","url":"https:\/\/centrourbano.com\/revista\/wp-content\/uploads\/MA_01.jpg","contentUrl":"https:\/\/centrourbano.com\/revista\/wp-content\/uploads\/MA_01.jpg","width":1329,"height":894,"caption":"NIU: una opci\u00f3n de coliving + coworking en la Narvarte"},{"@type":"BreadcrumbList","@id":"https:\/\/centrourbano.com\/revista\/entrevistas\/niu-una-opcion-de-coliving-coworking-en-la-narvarte\/#breadcrumb","itemListElement":[{"@type":"ListItem","position":1,"name":"Portada","item":"https:\/\/centrourbano.com\/revista\/"},{"@type":"ListItem","position":2,"name":"NIU: una opci\u00f3n de coliving + coworking en la Narvarte"}]},{"@type":"WebSite","@id":"https:\/\/centrourbano.com\/revista\/#website","url":"https:\/\/centrourbano.com\/revista\/","name":"Centro Urbano","description":"Medio especializado en los sectores vivienda, inmobiliario, construcci\u00f3n, arquitectura y urbanismo.","publisher":{"@id":"https:\/\/centrourbano.com\/revista\/#organization"},"potentialAction":[{"@type":"SearchAction","target":{"@type":"EntryPoint","urlTemplate":"https:\/\/centrourbano.com\/revista\/?s={search_term_string}"},"query-input":{"@type":"PropertyValueSpecification","valueRequired":true,"valueName":"search_term_string"}}],"inLanguage":"es"},{"@type":"Organization","@id":"https:\/\/centrourbano.com\/revista\/#organization","name":"Centro Urbano","url":"https:\/\/centrourbano.com\/revista\/","logo":{"@type":"ImageObject","inLanguage":"es","@id":"https:\/\/centrourbano.com\/revista\/#\/schema\/logo\/image\/","url":"https:\/\/centrourbano.com\/revista\/wp-content\/uploads\/web_CU_logo-1.png","contentUrl":"https:\/\/centrourbano.com\/revista\/wp-content\/uploads\/web_CU_logo-1.png","width":350,"height":91,"caption":"Centro Urbano"},"image":{"@id":"https:\/\/centrourbano.com\/revista\/#\/schema\/logo\/image\/"},"sameAs":["https:\/\/www.facebook.com\/portalcentrourbano","https:\/\/x.com\/CentroUrbano","https:\/\/www.instagram.com\/centro_urbano\/","https:\/\/www.linkedin.com\/company\/centro-urbano\/","http:\/\/www.youtube.com\/user\/portalcentrourbano"]},{"@type":"Person","@id":"https:\/\/centrourbano.com\/revista\/#\/schema\/person\/2dd6b735ee955456b538202c353e2442","name":"Fernando Navarrete","image":{"@type":"ImageObject","inLanguage":"es","@id":"https:\/\/secure.gravatar.com\/avatar\/f4dd6927a99e72698473e350e20ec8a38bd48cb668e15b03d04e8e537da41ad0?s=96&d=mm&r=g","url":"https:\/\/secure.gravatar.com\/avatar\/f4dd6927a99e72698473e350e20ec8a38bd48cb668e15b03d04e8e537da41ad0?s=96&d=mm&r=g","contentUrl":"https:\/\/secure.gravatar.com\/avatar\/f4dd6927a99e72698473e350e20ec8a38bd48cb668e15b03d04e8e537da41ad0?s=96&d=mm&r=g","caption":"Fernando Navarrete"},"description":"Reportero de negocios, inmobiliario, construcci\u00f3n e industria. Me interesa la econom\u00eda, pol\u00edtica, historia y antropolog\u00eda. Estudi\u00e9 en la Facultad de Ciencias Pol\u00edticas y Sociales de la UNAM. Tengo experiencia en el sector p\u00fablico, la industria del acero, ingenier\u00eda civil, IT y corporativos; soy un nost\u00e1lgico nacionalista contempor\u00e1neo que cree en la grandeza de su pa\u00eds. Asiduo lector de Juan Rulfo, Jos\u00e9 Revueltas y J. R. R Tolkien.","url":"https:\/\/centrourbano.com\/revista\/author\/fernando-navarrete\/"}]}},"_links":{"self":[{"href":"https:\/\/centrourbano.com\/revista\/wp-json\/wp\/v2\/posts\/101097","targetHints":{"allow":["GET"]}}],"collection":[{"href":"https:\/\/centrourbano.com\/revista\/wp-json\/wp\/v2\/posts"}],"about":[{"href":"https:\/\/centrourbano.com\/revista\/wp-json\/wp\/v2\/types\/post"}],"author":[{"embeddable":true,"href":"https:\/\/centrourbano.com\/revista\/wp-json\/wp\/v2\/users\/69"}],"replies":[{"embeddable":true,"href":"https:\/\/centrourbano.com\/revista\/wp-json\/wp\/v2\/comments?post=101097"}],"version-history":[{"count":3,"href":"https:\/\/centrourbano.com\/revista\/wp-json\/wp\/v2\/posts\/101097\/revisions"}],"predecessor-version":[{"id":101255,"href":"https:\/\/centrourbano.com\/revista\/wp-json\/wp\/v2\/posts\/101097\/revisions\/101255"}],"wp:featuredmedia":[{"embeddable":true,"href":"https:\/\/centrourbano.com\/revista\/wp-json\/wp\/v2\/media\/101101"}],"wp:attachment":[{"href":"https:\/\/centrourbano.com\/revista\/wp-json\/wp\/v2\/media?parent=101097"}],"wp:term":[{"taxonomy":"category","embeddable":true,"href":"https:\/\/centrourbano.com\/revista\/wp-json\/wp\/v2\/categories?post=101097"},{"taxonomy":"post_tag","embeddable":true,"href":"https:\/\/centrourbano.com\/revista\/wp-json\/wp\/v2\/tags?post=101097"}],"curies":[{"name":"wp","href":"https:\/\/api.w.org\/{rel}","templated":true}]}}