{"id":10081,"date":"2014-08-26T12:47:23","date_gmt":"2014-08-26T17:47:23","guid":{"rendered":"http:\/\/centrourbano.com\/?p=10081"},"modified":"2014-08-26T12:47:23","modified_gmt":"2014-08-26T17:47:23","slug":"rehabilitan-el-monumento-a-machado-en-masaryk","status":"publish","type":"post","link":"https:\/\/centrourbano.com\/revista\/urbanismo\/rehabilitan-el-monumento-a-machado-en-masaryk\/","title":{"rendered":"Rehabilitan el monumento a Machado en Masaryk"},"content":{"rendered":"<p>&nbsp;<\/p>\n<p><em>Como parte de las celebraciones del 75 aniversario de la llegada de los exiliados espa\u00f1oles a M\u00e9xico<\/em><!--more--><\/p>\n<p>Como parte de los trabajos de rehabilitaci\u00f3n que se llevan a cabo en la Avenida Masaryk, la Secretar\u00eda de Desarrollo Urbano y Vivienda (Seduvi), a trav\u00e9s de la Autoridad del Espacio P\u00fablico (AEP) y en coordinaci\u00f3n con integrantes de la Asociaci\u00f3n Ateneo Espa\u00f1ol, supervisa la obras de rehabilitaci\u00f3n del Monumento a Antonio Machado, poeta sevillano al que se rinde homenaje en el parque del mismo nombre.<\/p>\n<p>Como parte de las labores se limpiar\u00e1 toda la estructura de la estela, se eliminar\u00e1 la microflora, har\u00e1n moldeo de piezas de cantera, as\u00ed como la reparaci\u00f3n de banquetas originales y colocaci\u00f3n art\u00edstica a base de LEDS. La restauraci\u00f3n de la estela en donde est\u00e1 el monumento al artista espa\u00f1ol forma parte de la primera etapa de dos que tendr\u00e1 el proyecto de intervenci\u00f3n\u00a0 del parque, donde se sustituir\u00e1n las partes de bronce por cantera, para resaltar su belleza.<\/p>\n<p>La segunda etapa de la rehabilitaci\u00f3n iniciar\u00e1 cuando concluya el proyecto de rehabilitaci\u00f3n de Masaryk, contempla el arreglo de banquetas, colocaci\u00f3n de granito, bancas y jardineras; adem\u00e1s de una reja perimetral, para mejor conservaci\u00f3n del parque.<\/p>\n<p>Se colocar\u00e1n cuatro nuevas luminarias y una p\u00e9rgola de madera con estructura de acero, adem\u00e1s de la colocaci\u00f3n de 70 metros cuadrados de cubresuelo.<\/p>\n<p>El titular de la Seduvi, Sim\u00f3n Neumann Ladenzon, explic\u00f3 que la restauraci\u00f3n del monumento contempla un \u00e1rea total de intervenci\u00f3n de 282 metros cuadrados, y se llevan a cabo en el marco del 75 aniversario de la llegada del exilio espa\u00f1ol a M\u00e9xico.<\/p>\n","protected":false},"excerpt":{"rendered":"<p>&nbsp; Como parte de las celebraciones del 75 aniversario de la llegada de los exiliados espa\u00f1oles a M\u00e9xico<\/p>\n","protected":false},"author":77,"featured_media":0,"comment_status":"open","ping_status":"closed","sticky":false,"template":"","format":"standard","meta":{"inline_featured_image":false,"footnotes":""},"categories":[82],"tags":[125,1554,2736,466,126],"class_list":["post-10081","post","type-post","status-publish","format-standard","hentry","category-urbanismo","tag-aep","tag-antonio-machado","tag-asociacion-ateneo-espanol","tag-masaryk","tag-seduvi"],"yoast_head":"<!-- This site is optimized with the Yoast SEO plugin v28.4 - https:\/\/yoast.com\/product\/yoast-seo-wordpress\/ -->\n<title>Rehabilitan el monumento a Machado en Masaryk -<\/title>\n<meta name=\"description\" content=\"&nbsp; Como parte de las celebraciones del 75 aniversario de la llegada de los exiliados espa\u00f1oles a M\u00e9xico Como parte de los trabajos de rehabilitaci\u00f3n\" \/>\n<meta name=\"robots\" content=\"index, follow, max-snippet:-1, max-image-preview:large, max-video-preview:-1\" \/>\n<link rel=\"canonical\" href=\"https:\/\/centrourbano.com\/revista\/urbanismo\/rehabilitan-el-monumento-a-machado-en-masaryk\/\" \/>\n<meta property=\"og:locale\" content=\"es_ES\" \/>\n<meta property=\"og:type\" content=\"article\" \/>\n<meta property=\"og:title\" content=\"Rehabilitan el monumento a Machado en Masaryk -\" \/>\n<meta property=\"og:description\" content=\"&nbsp; Como parte de las celebraciones del 75 aniversario de la llegada de los exiliados espa\u00f1oles a M\u00e9xico Como parte de los trabajos de rehabilitaci\u00f3n\" \/>\n<meta property=\"og:url\" content=\"https:\/\/centrourbano.com\/revista\/urbanismo\/rehabilitan-el-monumento-a-machado-en-masaryk\/\" \/>\n<meta property=\"og:site_name\" content=\"Centro Urbano\" \/>\n<meta property=\"article:publisher\" content=\"https:\/\/www.facebook.com\/portalcentrourbano\" \/>\n<meta property=\"article:published_time\" content=\"2014-08-26T17:47:23+00:00\" \/>\n<meta property=\"og:image\" content=\"https:\/\/centrourbano.com\/revista\/wp-content\/uploads\/CU-logo.png\" \/>\n\t<meta property=\"og:image:width\" content=\"350\" \/>\n\t<meta property=\"og:image:height\" content=\"91\" \/>\n\t<meta property=\"og:image:type\" content=\"image\/png\" \/>\n<meta name=\"author\" content=\"G4A\" \/>\n<meta name=\"twitter:card\" content=\"summary_large_image\" \/>\n<meta name=\"twitter:creator\" content=\"@CentroUrbano\" \/>\n<meta name=\"twitter:site\" content=\"@CentroUrbano\" \/>\n<meta name=\"twitter:label1\" content=\"Escrito por\" \/>\n\t<meta name=\"twitter:data1\" content=\"G4A\" \/>\n\t<meta name=\"twitter:label2\" content=\"Tiempo de lectura\" \/>\n\t<meta name=\"twitter:data2\" content=\"1 minuto\" \/>\n<script type=\"application\/ld+json\" class=\"yoast-schema-graph\">{\"@context\":\"https:\\\/\\\/schema.org\",\"@graph\":[{\"@type\":\"Article\",\"@id\":\"https:\\\/\\\/centrourbano.com\\\/revista\\\/urbanismo\\\/rehabilitan-el-monumento-a-machado-en-masaryk\\\/#article\",\"isPartOf\":{\"@id\":\"https:\\\/\\\/centrourbano.com\\\/revista\\\/urbanismo\\\/rehabilitan-el-monumento-a-machado-en-masaryk\\\/\"},\"author\":{\"name\":\"G4A\",\"@id\":\"https:\\\/\\\/centrourbano.com\\\/revista\\\/#\\\/schema\\\/person\\\/370fa0ba2d8dd5bde3fdb8b62ad360aa\"},\"headline\":\"Rehabilitan el monumento a Machado en Masaryk\",\"datePublished\":\"2014-08-26T17:47:23+00:00\",\"mainEntityOfPage\":{\"@id\":\"https:\\\/\\\/centrourbano.com\\\/revista\\\/urbanismo\\\/rehabilitan-el-monumento-a-machado-en-masaryk\\\/\"},\"wordCount\":301,\"commentCount\":0,\"publisher\":{\"@id\":\"https:\\\/\\\/centrourbano.com\\\/revista\\\/#organization\"},\"keywords\":[\"AEP\",\"Antonio Machado\",\"Asociaci\u00f3n Ateneo Espa\u00f1ol\",\"Masaryk\",\"Seduvi\"],\"articleSection\":[\"Urbanismo\"],\"inLanguage\":\"es\"},{\"@type\":\"WebPage\",\"@id\":\"https:\\\/\\\/centrourbano.com\\\/revista\\\/urbanismo\\\/rehabilitan-el-monumento-a-machado-en-masaryk\\\/\",\"url\":\"https:\\\/\\\/centrourbano.com\\\/revista\\\/urbanismo\\\/rehabilitan-el-monumento-a-machado-en-masaryk\\\/\",\"name\":\"Rehabilitan el monumento a Machado en Masaryk -\",\"isPartOf\":{\"@id\":\"https:\\\/\\\/centrourbano.com\\\/revista\\\/#website\"},\"datePublished\":\"2014-08-26T17:47:23+00:00\",\"description\":\"&nbsp; Como parte de las celebraciones del 75 aniversario de la llegada de los exiliados espa\u00f1oles a M\u00e9xico Como parte de los trabajos de rehabilitaci\u00f3n\",\"breadcrumb\":{\"@id\":\"https:\\\/\\\/centrourbano.com\\\/revista\\\/urbanismo\\\/rehabilitan-el-monumento-a-machado-en-masaryk\\\/#breadcrumb\"},\"inLanguage\":\"es\",\"potentialAction\":[{\"@type\":\"ReadAction\",\"target\":[\"https:\\\/\\\/centrourbano.com\\\/revista\\\/urbanismo\\\/rehabilitan-el-monumento-a-machado-en-masaryk\\\/\"]}]},{\"@type\":\"BreadcrumbList\",\"@id\":\"https:\\\/\\\/centrourbano.com\\\/revista\\\/urbanismo\\\/rehabilitan-el-monumento-a-machado-en-masaryk\\\/#breadcrumb\",\"itemListElement\":[{\"@type\":\"ListItem\",\"position\":1,\"name\":\"Portada\",\"item\":\"https:\\\/\\\/centrourbano.com\\\/revista\\\/\"},{\"@type\":\"ListItem\",\"position\":2,\"name\":\"Rehabilitan el monumento a Machado en Masaryk\"}]},{\"@type\":\"WebSite\",\"@id\":\"https:\\\/\\\/centrourbano.com\\\/revista\\\/#website\",\"url\":\"https:\\\/\\\/centrourbano.com\\\/revista\\\/\",\"name\":\"Centro Urbano\",\"description\":\"Medio especializado en los sectores vivienda, inmobiliario, construcci\u00f3n, arquitectura y urbanismo.\",\"publisher\":{\"@id\":\"https:\\\/\\\/centrourbano.com\\\/revista\\\/#organization\"},\"potentialAction\":[{\"@type\":\"SearchAction\",\"target\":{\"@type\":\"EntryPoint\",\"urlTemplate\":\"https:\\\/\\\/centrourbano.com\\\/revista\\\/?s={search_term_string}\"},\"query-input\":{\"@type\":\"PropertyValueSpecification\",\"valueRequired\":true,\"valueName\":\"search_term_string\"}}],\"inLanguage\":\"es\"},{\"@type\":\"Organization\",\"@id\":\"https:\\\/\\\/centrourbano.com\\\/revista\\\/#organization\",\"name\":\"Centro Urbano\",\"url\":\"https:\\\/\\\/centrourbano.com\\\/revista\\\/\",\"logo\":{\"@type\":\"ImageObject\",\"inLanguage\":\"es\",\"@id\":\"https:\\\/\\\/centrourbano.com\\\/revista\\\/#\\\/schema\\\/logo\\\/image\\\/\",\"url\":\"https:\\\/\\\/centrourbano.com\\\/revista\\\/wp-content\\\/uploads\\\/web_CU_logo-1.png\",\"contentUrl\":\"https:\\\/\\\/centrourbano.com\\\/revista\\\/wp-content\\\/uploads\\\/web_CU_logo-1.png\",\"width\":350,\"height\":91,\"caption\":\"Centro Urbano\"},\"image\":{\"@id\":\"https:\\\/\\\/centrourbano.com\\\/revista\\\/#\\\/schema\\\/logo\\\/image\\\/\"},\"sameAs\":[\"https:\\\/\\\/www.facebook.com\\\/portalcentrourbano\",\"https:\\\/\\\/x.com\\\/CentroUrbano\",\"https:\\\/\\\/www.instagram.com\\\/centro_urbano\\\/\",\"https:\\\/\\\/www.linkedin.com\\\/company\\\/centro-urbano\\\/\",\"http:\\\/\\\/www.youtube.com\\\/user\\\/portalcentrourbano\"]},{\"@type\":\"Person\",\"@id\":\"https:\\\/\\\/centrourbano.com\\\/revista\\\/#\\\/schema\\\/person\\\/370fa0ba2d8dd5bde3fdb8b62ad360aa\",\"name\":\"G4A\",\"image\":{\"@type\":\"ImageObject\",\"inLanguage\":\"es\",\"@id\":\"https:\\\/\\\/secure.gravatar.com\\\/avatar\\\/932a97121b13d5de5bbd8193c6c83d3b92c9eda0f39623607d4280e7a5778d97?s=96&d=mm&r=g\",\"url\":\"https:\\\/\\\/secure.gravatar.com\\\/avatar\\\/932a97121b13d5de5bbd8193c6c83d3b92c9eda0f39623607d4280e7a5778d97?s=96&d=mm&r=g\",\"contentUrl\":\"https:\\\/\\\/secure.gravatar.com\\\/avatar\\\/932a97121b13d5de5bbd8193c6c83d3b92c9eda0f39623607d4280e7a5778d97?s=96&d=mm&r=g\",\"caption\":\"G4A\"},\"url\":\"https:\\\/\\\/centrourbano.com\\\/revista\\\/author\\\/admin-g4a\\\/\"}]}<\/script>\n<!-- \/ Yoast SEO plugin. -->","yoast_head_json":{"title":"Rehabilitan el monumento a Machado en Masaryk -","description":"&nbsp; Como parte de las celebraciones del 75 aniversario de la llegada de los exiliados espa\u00f1oles a M\u00e9xico Como parte de los trabajos de rehabilitaci\u00f3n","robots":{"index":"index","follow":"follow","max-snippet":"max-snippet:-1","max-image-preview":"max-image-preview:large","max-video-preview":"max-video-preview:-1"},"canonical":"https:\/\/centrourbano.com\/revista\/urbanismo\/rehabilitan-el-monumento-a-machado-en-masaryk\/","og_locale":"es_ES","og_type":"article","og_title":"Rehabilitan el monumento a Machado en Masaryk -","og_description":"&nbsp; Como parte de las celebraciones del 75 aniversario de la llegada de los exiliados espa\u00f1oles a M\u00e9xico Como parte de los trabajos de rehabilitaci\u00f3n","og_url":"https:\/\/centrourbano.com\/revista\/urbanismo\/rehabilitan-el-monumento-a-machado-en-masaryk\/","og_site_name":"Centro Urbano","article_publisher":"https:\/\/www.facebook.com\/portalcentrourbano","article_published_time":"2014-08-26T17:47:23+00:00","og_image":[{"width":350,"height":91,"url":"https:\/\/centrourbano.com\/revista\/wp-content\/uploads\/CU-logo.png","type":"image\/png"}],"author":"G4A","twitter_card":"summary_large_image","twitter_creator":"@CentroUrbano","twitter_site":"@CentroUrbano","twitter_misc":{"Escrito por":"G4A","Tiempo de lectura":"1 minuto"},"schema":{"@context":"https:\/\/schema.org","@graph":[{"@type":"Article","@id":"https:\/\/centrourbano.com\/revista\/urbanismo\/rehabilitan-el-monumento-a-machado-en-masaryk\/#article","isPartOf":{"@id":"https:\/\/centrourbano.com\/revista\/urbanismo\/rehabilitan-el-monumento-a-machado-en-masaryk\/"},"author":{"name":"G4A","@id":"https:\/\/centrourbano.com\/revista\/#\/schema\/person\/370fa0ba2d8dd5bde3fdb8b62ad360aa"},"headline":"Rehabilitan el monumento a Machado en Masaryk","datePublished":"2014-08-26T17:47:23+00:00","mainEntityOfPage":{"@id":"https:\/\/centrourbano.com\/revista\/urbanismo\/rehabilitan-el-monumento-a-machado-en-masaryk\/"},"wordCount":301,"commentCount":0,"publisher":{"@id":"https:\/\/centrourbano.com\/revista\/#organization"},"keywords":["AEP","Antonio Machado","Asociaci\u00f3n Ateneo Espa\u00f1ol","Masaryk","Seduvi"],"articleSection":["Urbanismo"],"inLanguage":"es"},{"@type":"WebPage","@id":"https:\/\/centrourbano.com\/revista\/urbanismo\/rehabilitan-el-monumento-a-machado-en-masaryk\/","url":"https:\/\/centrourbano.com\/revista\/urbanismo\/rehabilitan-el-monumento-a-machado-en-masaryk\/","name":"Rehabilitan el monumento a Machado en Masaryk -","isPartOf":{"@id":"https:\/\/centrourbano.com\/revista\/#website"},"datePublished":"2014-08-26T17:47:23+00:00","description":"&nbsp; Como parte de las celebraciones del 75 aniversario de la llegada de los exiliados espa\u00f1oles a M\u00e9xico Como parte de los trabajos de rehabilitaci\u00f3n","breadcrumb":{"@id":"https:\/\/centrourbano.com\/revista\/urbanismo\/rehabilitan-el-monumento-a-machado-en-masaryk\/#breadcrumb"},"inLanguage":"es","potentialAction":[{"@type":"ReadAction","target":["https:\/\/centrourbano.com\/revista\/urbanismo\/rehabilitan-el-monumento-a-machado-en-masaryk\/"]}]},{"@type":"BreadcrumbList","@id":"https:\/\/centrourbano.com\/revista\/urbanismo\/rehabilitan-el-monumento-a-machado-en-masaryk\/#breadcrumb","itemListElement":[{"@type":"ListItem","position":1,"name":"Portada","item":"https:\/\/centrourbano.com\/revista\/"},{"@type":"ListItem","position":2,"name":"Rehabilitan el monumento a Machado en Masaryk"}]},{"@type":"WebSite","@id":"https:\/\/centrourbano.com\/revista\/#website","url":"https:\/\/centrourbano.com\/revista\/","name":"Centro Urbano","description":"Medio especializado en los sectores vivienda, inmobiliario, construcci\u00f3n, arquitectura y urbanismo.","publisher":{"@id":"https:\/\/centrourbano.com\/revista\/#organization"},"potentialAction":[{"@type":"SearchAction","target":{"@type":"EntryPoint","urlTemplate":"https:\/\/centrourbano.com\/revista\/?s={search_term_string}"},"query-input":{"@type":"PropertyValueSpecification","valueRequired":true,"valueName":"search_term_string"}}],"inLanguage":"es"},{"@type":"Organization","@id":"https:\/\/centrourbano.com\/revista\/#organization","name":"Centro Urbano","url":"https:\/\/centrourbano.com\/revista\/","logo":{"@type":"ImageObject","inLanguage":"es","@id":"https:\/\/centrourbano.com\/revista\/#\/schema\/logo\/image\/","url":"https:\/\/centrourbano.com\/revista\/wp-content\/uploads\/web_CU_logo-1.png","contentUrl":"https:\/\/centrourbano.com\/revista\/wp-content\/uploads\/web_CU_logo-1.png","width":350,"height":91,"caption":"Centro Urbano"},"image":{"@id":"https:\/\/centrourbano.com\/revista\/#\/schema\/logo\/image\/"},"sameAs":["https:\/\/www.facebook.com\/portalcentrourbano","https:\/\/x.com\/CentroUrbano","https:\/\/www.instagram.com\/centro_urbano\/","https:\/\/www.linkedin.com\/company\/centro-urbano\/","http:\/\/www.youtube.com\/user\/portalcentrourbano"]},{"@type":"Person","@id":"https:\/\/centrourbano.com\/revista\/#\/schema\/person\/370fa0ba2d8dd5bde3fdb8b62ad360aa","name":"G4A","image":{"@type":"ImageObject","inLanguage":"es","@id":"https:\/\/secure.gravatar.com\/avatar\/932a97121b13d5de5bbd8193c6c83d3b92c9eda0f39623607d4280e7a5778d97?s=96&d=mm&r=g","url":"https:\/\/secure.gravatar.com\/avatar\/932a97121b13d5de5bbd8193c6c83d3b92c9eda0f39623607d4280e7a5778d97?s=96&d=mm&r=g","contentUrl":"https:\/\/secure.gravatar.com\/avatar\/932a97121b13d5de5bbd8193c6c83d3b92c9eda0f39623607d4280e7a5778d97?s=96&d=mm&r=g","caption":"G4A"},"url":"https:\/\/centrourbano.com\/revista\/author\/admin-g4a\/"}]}},"_links":{"self":[{"href":"https:\/\/centrourbano.com\/revista\/wp-json\/wp\/v2\/posts\/10081","targetHints":{"allow":["GET"]}}],"collection":[{"href":"https:\/\/centrourbano.com\/revista\/wp-json\/wp\/v2\/posts"}],"about":[{"href":"https:\/\/centrourbano.com\/revista\/wp-json\/wp\/v2\/types\/post"}],"author":[{"embeddable":true,"href":"https:\/\/centrourbano.com\/revista\/wp-json\/wp\/v2\/users\/77"}],"replies":[{"embeddable":true,"href":"https:\/\/centrourbano.com\/revista\/wp-json\/wp\/v2\/comments?post=10081"}],"version-history":[{"count":0,"href":"https:\/\/centrourbano.com\/revista\/wp-json\/wp\/v2\/posts\/10081\/revisions"}],"wp:attachment":[{"href":"https:\/\/centrourbano.com\/revista\/wp-json\/wp\/v2\/media?parent=10081"}],"wp:term":[{"taxonomy":"category","embeddable":true,"href":"https:\/\/centrourbano.com\/revista\/wp-json\/wp\/v2\/categories?post=10081"},{"taxonomy":"post_tag","embeddable":true,"href":"https:\/\/centrourbano.com\/revista\/wp-json\/wp\/v2\/tags?post=10081"}],"curies":[{"name":"wp","href":"https:\/\/api.w.org\/{rel}","templated":true}]}}