{"id":10075,"date":"2014-08-26T10:50:16","date_gmt":"2014-08-26T15:50:16","guid":{"rendered":"http:\/\/centrourbano.com\/?p=10075"},"modified":"2014-08-26T10:50:16","modified_gmt":"2014-08-26T15:50:16","slug":"sismo-dano-edificios-y-viviendas-en-napa","status":"publish","type":"post","link":"https:\/\/centrourbano.com\/revista\/vivienda\/sismo-dano-edificios-y-viviendas-en-napa\/","title":{"rendered":"Sismo da\u00f1\u00f3 edificios y viviendas en Napa"},"content":{"rendered":"<p>&nbsp;<\/p>\n<p><em>Las p\u00e9rdidas llegar\u00edan a mil millones de d\u00f3lares en el valle vin\u00edcola<\/em><!--more--><\/p>\n<p>El gobernador de California Edmund Brown declar\u00f3 estado de emergencia tras los da\u00f1os ocasionados por el sismo de 6.0 grados Richter que azot\u00f3 la zona del Valle de Napa en la madrugada del domingo y dej\u00f3 severos da\u00f1os en la infraestructura, carreteras y viviendas.<\/p>\n<p>Las p\u00e9rdidas llegar\u00edan a mil millones de d\u00f3lares ante la destrucci\u00f3n de 49 edificios que quedaron inhabitables y un centenar de casas inseguras, afectando a cerca de 80 mil personas.<\/p>\n<p>Varios edificios sufrieron da\u00f1os estructurales, algunos con valor hist\u00f3rico, como es el caso de la biblioteca Goodman y la corte del condado. A parte, dos edificios comerciales en la ciudad de Napa est\u00e1n severamente lastimados.<\/p>\n<p>En total, 69 mil viviendas se quedaron sin electricidad en el estado, adem\u00e1s del registro de 50 fugas de gas y 30 de agua, provocando que algunas de estas casas no cuenten con servicios, aunque el suministro volvi\u00f3 pronto en algunas zonas.<\/p>\n<p>Al ser una zona vin\u00edcola, tambi\u00e9n se vio afectada por el sismo, ya que se detuvo la producci\u00f3n y adem\u00e1s, se destruyeron varias bodegas.<\/p>\n<p>Es el sismo m\u00e1s intenso desde 1989, el cual hab\u00eda alcanzando una magnitud de 6.9 grados Richter.<\/p>\n","protected":false},"excerpt":{"rendered":"<p>&nbsp; Las p\u00e9rdidas llegar\u00edan a mil millones de d\u00f3lares en el valle vin\u00edcola<\/p>\n","protected":false},"author":77,"featured_media":0,"comment_status":"open","ping_status":"closed","sticky":false,"template":"","format":"standard","meta":{"footnotes":""},"categories":[12],"tags":[1210,2735,2734,60],"class_list":["post-10075","post","type-post","status-publish","format-standard","hentry","category-vivienda","tag-california","tag-danos-sismo-napa","tag-sismo-napa","tag-vivienda-2"],"yoast_head":"<!-- This site is optimized with the Yoast SEO plugin v28.4 - https:\/\/yoast.com\/product\/yoast-seo-wordpress\/ -->\n<title>Sismo da\u00f1\u00f3 edificios y viviendas en Napa -<\/title>\n<meta name=\"description\" content=\"&nbsp; Las p\u00e9rdidas llegar\u00edan a mil millones de d\u00f3lares en el valle vin\u00edcola El gobernador de California Edmund Brown declar\u00f3 estado de emergencia tras\" \/>\n<meta name=\"robots\" content=\"index, follow, max-snippet:-1, max-image-preview:large, max-video-preview:-1\" \/>\n<link rel=\"canonical\" href=\"https:\/\/centrourbano.com\/revista\/vivienda\/sismo-dano-edificios-y-viviendas-en-napa\/\" \/>\n<meta property=\"og:locale\" content=\"es_ES\" \/>\n<meta property=\"og:type\" content=\"article\" \/>\n<meta property=\"og:title\" content=\"Sismo da\u00f1\u00f3 edificios y viviendas en Napa -\" \/>\n<meta property=\"og:description\" content=\"&nbsp; Las p\u00e9rdidas llegar\u00edan a mil millones de d\u00f3lares en el valle vin\u00edcola El gobernador de California Edmund Brown declar\u00f3 estado de emergencia tras\" \/>\n<meta property=\"og:url\" content=\"https:\/\/centrourbano.com\/revista\/vivienda\/sismo-dano-edificios-y-viviendas-en-napa\/\" \/>\n<meta property=\"og:site_name\" content=\"Centro Urbano\" \/>\n<meta property=\"article:publisher\" content=\"https:\/\/www.facebook.com\/portalcentrourbano\" \/>\n<meta property=\"article:published_time\" content=\"2014-08-26T15:50:16+00:00\" \/>\n<meta property=\"og:image\" content=\"https:\/\/centrourbano.com\/revista\/wp-content\/uploads\/CU-logo.png\" \/>\n\t<meta property=\"og:image:width\" content=\"350\" \/>\n\t<meta property=\"og:image:height\" content=\"91\" \/>\n\t<meta property=\"og:image:type\" content=\"image\/png\" \/>\n<meta name=\"author\" content=\"G4A\" \/>\n<meta name=\"twitter:card\" content=\"summary_large_image\" \/>\n<meta name=\"twitter:creator\" content=\"@CentroUrbano\" \/>\n<meta name=\"twitter:site\" content=\"@CentroUrbano\" \/>\n<meta name=\"twitter:label1\" content=\"Escrito por\" \/>\n\t<meta name=\"twitter:data1\" content=\"G4A\" \/>\n\t<meta name=\"twitter:label2\" content=\"Tiempo de lectura\" \/>\n\t<meta name=\"twitter:data2\" content=\"1 minuto\" \/>\n<script type=\"application\/ld+json\" class=\"yoast-schema-graph\">{\"@context\":\"https:\\\/\\\/schema.org\",\"@graph\":[{\"@type\":\"Article\",\"@id\":\"https:\\\/\\\/centrourbano.com\\\/revista\\\/vivienda\\\/sismo-dano-edificios-y-viviendas-en-napa\\\/#article\",\"isPartOf\":{\"@id\":\"https:\\\/\\\/centrourbano.com\\\/revista\\\/vivienda\\\/sismo-dano-edificios-y-viviendas-en-napa\\\/\"},\"author\":{\"name\":\"G4A\",\"@id\":\"https:\\\/\\\/centrourbano.com\\\/revista\\\/#\\\/schema\\\/person\\\/370fa0ba2d8dd5bde3fdb8b62ad360aa\"},\"headline\":\"Sismo da\u00f1\u00f3 edificios y viviendas en Napa\",\"datePublished\":\"2014-08-26T15:50:16+00:00\",\"mainEntityOfPage\":{\"@id\":\"https:\\\/\\\/centrourbano.com\\\/revista\\\/vivienda\\\/sismo-dano-edificios-y-viviendas-en-napa\\\/\"},\"wordCount\":224,\"commentCount\":0,\"publisher\":{\"@id\":\"https:\\\/\\\/centrourbano.com\\\/revista\\\/#organization\"},\"keywords\":[\"California\",\"da\u00f1os sismo Napa\",\"sismo Napa\",\"vivienda\"],\"articleSection\":[\"Vivienda\"],\"inLanguage\":\"es\"},{\"@type\":\"WebPage\",\"@id\":\"https:\\\/\\\/centrourbano.com\\\/revista\\\/vivienda\\\/sismo-dano-edificios-y-viviendas-en-napa\\\/\",\"url\":\"https:\\\/\\\/centrourbano.com\\\/revista\\\/vivienda\\\/sismo-dano-edificios-y-viviendas-en-napa\\\/\",\"name\":\"Sismo da\u00f1\u00f3 edificios y viviendas en Napa -\",\"isPartOf\":{\"@id\":\"https:\\\/\\\/centrourbano.com\\\/revista\\\/#website\"},\"datePublished\":\"2014-08-26T15:50:16+00:00\",\"description\":\"&nbsp; Las p\u00e9rdidas llegar\u00edan a mil millones de d\u00f3lares en el valle vin\u00edcola El gobernador de California Edmund Brown declar\u00f3 estado de emergencia tras\",\"breadcrumb\":{\"@id\":\"https:\\\/\\\/centrourbano.com\\\/revista\\\/vivienda\\\/sismo-dano-edificios-y-viviendas-en-napa\\\/#breadcrumb\"},\"inLanguage\":\"es\",\"potentialAction\":[{\"@type\":\"ReadAction\",\"target\":[\"https:\\\/\\\/centrourbano.com\\\/revista\\\/vivienda\\\/sismo-dano-edificios-y-viviendas-en-napa\\\/\"]}]},{\"@type\":\"BreadcrumbList\",\"@id\":\"https:\\\/\\\/centrourbano.com\\\/revista\\\/vivienda\\\/sismo-dano-edificios-y-viviendas-en-napa\\\/#breadcrumb\",\"itemListElement\":[{\"@type\":\"ListItem\",\"position\":1,\"name\":\"Portada\",\"item\":\"https:\\\/\\\/centrourbano.com\\\/revista\\\/\"},{\"@type\":\"ListItem\",\"position\":2,\"name\":\"Sismo da\u00f1\u00f3 edificios y viviendas en Napa\"}]},{\"@type\":\"WebSite\",\"@id\":\"https:\\\/\\\/centrourbano.com\\\/revista\\\/#website\",\"url\":\"https:\\\/\\\/centrourbano.com\\\/revista\\\/\",\"name\":\"Centro Urbano\",\"description\":\"Medio especializado en los sectores vivienda, inmobiliario, construcci\u00f3n, arquitectura y urbanismo.\",\"publisher\":{\"@id\":\"https:\\\/\\\/centrourbano.com\\\/revista\\\/#organization\"},\"potentialAction\":[{\"@type\":\"SearchAction\",\"target\":{\"@type\":\"EntryPoint\",\"urlTemplate\":\"https:\\\/\\\/centrourbano.com\\\/revista\\\/?s={search_term_string}\"},\"query-input\":{\"@type\":\"PropertyValueSpecification\",\"valueRequired\":true,\"valueName\":\"search_term_string\"}}],\"inLanguage\":\"es\"},{\"@type\":\"Organization\",\"@id\":\"https:\\\/\\\/centrourbano.com\\\/revista\\\/#organization\",\"name\":\"Centro Urbano\",\"url\":\"https:\\\/\\\/centrourbano.com\\\/revista\\\/\",\"logo\":{\"@type\":\"ImageObject\",\"inLanguage\":\"es\",\"@id\":\"https:\\\/\\\/centrourbano.com\\\/revista\\\/#\\\/schema\\\/logo\\\/image\\\/\",\"url\":\"https:\\\/\\\/centrourbano.com\\\/revista\\\/wp-content\\\/uploads\\\/web_CU_logo-1.png\",\"contentUrl\":\"https:\\\/\\\/centrourbano.com\\\/revista\\\/wp-content\\\/uploads\\\/web_CU_logo-1.png\",\"width\":350,\"height\":91,\"caption\":\"Centro Urbano\"},\"image\":{\"@id\":\"https:\\\/\\\/centrourbano.com\\\/revista\\\/#\\\/schema\\\/logo\\\/image\\\/\"},\"sameAs\":[\"https:\\\/\\\/www.facebook.com\\\/portalcentrourbano\",\"https:\\\/\\\/x.com\\\/CentroUrbano\",\"https:\\\/\\\/www.instagram.com\\\/centro_urbano\\\/\",\"https:\\\/\\\/www.linkedin.com\\\/company\\\/centro-urbano\\\/\",\"http:\\\/\\\/www.youtube.com\\\/user\\\/portalcentrourbano\"]},{\"@type\":\"Person\",\"@id\":\"https:\\\/\\\/centrourbano.com\\\/revista\\\/#\\\/schema\\\/person\\\/370fa0ba2d8dd5bde3fdb8b62ad360aa\",\"name\":\"G4A\",\"image\":{\"@type\":\"ImageObject\",\"inLanguage\":\"es\",\"@id\":\"https:\\\/\\\/secure.gravatar.com\\\/avatar\\\/932a97121b13d5de5bbd8193c6c83d3b92c9eda0f39623607d4280e7a5778d97?s=96&d=mm&r=g\",\"url\":\"https:\\\/\\\/secure.gravatar.com\\\/avatar\\\/932a97121b13d5de5bbd8193c6c83d3b92c9eda0f39623607d4280e7a5778d97?s=96&d=mm&r=g\",\"contentUrl\":\"https:\\\/\\\/secure.gravatar.com\\\/avatar\\\/932a97121b13d5de5bbd8193c6c83d3b92c9eda0f39623607d4280e7a5778d97?s=96&d=mm&r=g\",\"caption\":\"G4A\"},\"url\":\"https:\\\/\\\/centrourbano.com\\\/revista\\\/author\\\/admin-g4a\\\/\"}]}<\/script>\n<!-- \/ Yoast SEO plugin. -->","yoast_head_json":{"title":"Sismo da\u00f1\u00f3 edificios y viviendas en Napa -","description":"&nbsp; Las p\u00e9rdidas llegar\u00edan a mil millones de d\u00f3lares en el valle vin\u00edcola El gobernador de California Edmund Brown declar\u00f3 estado de emergencia tras","robots":{"index":"index","follow":"follow","max-snippet":"max-snippet:-1","max-image-preview":"max-image-preview:large","max-video-preview":"max-video-preview:-1"},"canonical":"https:\/\/centrourbano.com\/revista\/vivienda\/sismo-dano-edificios-y-viviendas-en-napa\/","og_locale":"es_ES","og_type":"article","og_title":"Sismo da\u00f1\u00f3 edificios y viviendas en Napa -","og_description":"&nbsp; Las p\u00e9rdidas llegar\u00edan a mil millones de d\u00f3lares en el valle vin\u00edcola El gobernador de California Edmund Brown declar\u00f3 estado de emergencia tras","og_url":"https:\/\/centrourbano.com\/revista\/vivienda\/sismo-dano-edificios-y-viviendas-en-napa\/","og_site_name":"Centro Urbano","article_publisher":"https:\/\/www.facebook.com\/portalcentrourbano","article_published_time":"2014-08-26T15:50:16+00:00","og_image":[{"width":350,"height":91,"url":"https:\/\/centrourbano.com\/revista\/wp-content\/uploads\/CU-logo.png","type":"image\/png"}],"author":"G4A","twitter_card":"summary_large_image","twitter_creator":"@CentroUrbano","twitter_site":"@CentroUrbano","twitter_misc":{"Escrito por":"G4A","Tiempo de lectura":"1 minuto"},"schema":{"@context":"https:\/\/schema.org","@graph":[{"@type":"Article","@id":"https:\/\/centrourbano.com\/revista\/vivienda\/sismo-dano-edificios-y-viviendas-en-napa\/#article","isPartOf":{"@id":"https:\/\/centrourbano.com\/revista\/vivienda\/sismo-dano-edificios-y-viviendas-en-napa\/"},"author":{"name":"G4A","@id":"https:\/\/centrourbano.com\/revista\/#\/schema\/person\/370fa0ba2d8dd5bde3fdb8b62ad360aa"},"headline":"Sismo da\u00f1\u00f3 edificios y viviendas en Napa","datePublished":"2014-08-26T15:50:16+00:00","mainEntityOfPage":{"@id":"https:\/\/centrourbano.com\/revista\/vivienda\/sismo-dano-edificios-y-viviendas-en-napa\/"},"wordCount":224,"commentCount":0,"publisher":{"@id":"https:\/\/centrourbano.com\/revista\/#organization"},"keywords":["California","da\u00f1os sismo Napa","sismo Napa","vivienda"],"articleSection":["Vivienda"],"inLanguage":"es"},{"@type":"WebPage","@id":"https:\/\/centrourbano.com\/revista\/vivienda\/sismo-dano-edificios-y-viviendas-en-napa\/","url":"https:\/\/centrourbano.com\/revista\/vivienda\/sismo-dano-edificios-y-viviendas-en-napa\/","name":"Sismo da\u00f1\u00f3 edificios y viviendas en Napa -","isPartOf":{"@id":"https:\/\/centrourbano.com\/revista\/#website"},"datePublished":"2014-08-26T15:50:16+00:00","description":"&nbsp; Las p\u00e9rdidas llegar\u00edan a mil millones de d\u00f3lares en el valle vin\u00edcola El gobernador de California Edmund Brown declar\u00f3 estado de emergencia tras","breadcrumb":{"@id":"https:\/\/centrourbano.com\/revista\/vivienda\/sismo-dano-edificios-y-viviendas-en-napa\/#breadcrumb"},"inLanguage":"es","potentialAction":[{"@type":"ReadAction","target":["https:\/\/centrourbano.com\/revista\/vivienda\/sismo-dano-edificios-y-viviendas-en-napa\/"]}]},{"@type":"BreadcrumbList","@id":"https:\/\/centrourbano.com\/revista\/vivienda\/sismo-dano-edificios-y-viviendas-en-napa\/#breadcrumb","itemListElement":[{"@type":"ListItem","position":1,"name":"Portada","item":"https:\/\/centrourbano.com\/revista\/"},{"@type":"ListItem","position":2,"name":"Sismo da\u00f1\u00f3 edificios y viviendas en Napa"}]},{"@type":"WebSite","@id":"https:\/\/centrourbano.com\/revista\/#website","url":"https:\/\/centrourbano.com\/revista\/","name":"Centro Urbano","description":"Medio especializado en los sectores vivienda, inmobiliario, construcci\u00f3n, arquitectura y urbanismo.","publisher":{"@id":"https:\/\/centrourbano.com\/revista\/#organization"},"potentialAction":[{"@type":"SearchAction","target":{"@type":"EntryPoint","urlTemplate":"https:\/\/centrourbano.com\/revista\/?s={search_term_string}"},"query-input":{"@type":"PropertyValueSpecification","valueRequired":true,"valueName":"search_term_string"}}],"inLanguage":"es"},{"@type":"Organization","@id":"https:\/\/centrourbano.com\/revista\/#organization","name":"Centro Urbano","url":"https:\/\/centrourbano.com\/revista\/","logo":{"@type":"ImageObject","inLanguage":"es","@id":"https:\/\/centrourbano.com\/revista\/#\/schema\/logo\/image\/","url":"https:\/\/centrourbano.com\/revista\/wp-content\/uploads\/web_CU_logo-1.png","contentUrl":"https:\/\/centrourbano.com\/revista\/wp-content\/uploads\/web_CU_logo-1.png","width":350,"height":91,"caption":"Centro Urbano"},"image":{"@id":"https:\/\/centrourbano.com\/revista\/#\/schema\/logo\/image\/"},"sameAs":["https:\/\/www.facebook.com\/portalcentrourbano","https:\/\/x.com\/CentroUrbano","https:\/\/www.instagram.com\/centro_urbano\/","https:\/\/www.linkedin.com\/company\/centro-urbano\/","http:\/\/www.youtube.com\/user\/portalcentrourbano"]},{"@type":"Person","@id":"https:\/\/centrourbano.com\/revista\/#\/schema\/person\/370fa0ba2d8dd5bde3fdb8b62ad360aa","name":"G4A","image":{"@type":"ImageObject","inLanguage":"es","@id":"https:\/\/secure.gravatar.com\/avatar\/932a97121b13d5de5bbd8193c6c83d3b92c9eda0f39623607d4280e7a5778d97?s=96&d=mm&r=g","url":"https:\/\/secure.gravatar.com\/avatar\/932a97121b13d5de5bbd8193c6c83d3b92c9eda0f39623607d4280e7a5778d97?s=96&d=mm&r=g","contentUrl":"https:\/\/secure.gravatar.com\/avatar\/932a97121b13d5de5bbd8193c6c83d3b92c9eda0f39623607d4280e7a5778d97?s=96&d=mm&r=g","caption":"G4A"},"url":"https:\/\/centrourbano.com\/revista\/author\/admin-g4a\/"}]}},"_links":{"self":[{"href":"https:\/\/centrourbano.com\/revista\/wp-json\/wp\/v2\/posts\/10075","targetHints":{"allow":["GET"]}}],"collection":[{"href":"https:\/\/centrourbano.com\/revista\/wp-json\/wp\/v2\/posts"}],"about":[{"href":"https:\/\/centrourbano.com\/revista\/wp-json\/wp\/v2\/types\/post"}],"author":[{"embeddable":true,"href":"https:\/\/centrourbano.com\/revista\/wp-json\/wp\/v2\/users\/77"}],"replies":[{"embeddable":true,"href":"https:\/\/centrourbano.com\/revista\/wp-json\/wp\/v2\/comments?post=10075"}],"version-history":[{"count":0,"href":"https:\/\/centrourbano.com\/revista\/wp-json\/wp\/v2\/posts\/10075\/revisions"}],"wp:attachment":[{"href":"https:\/\/centrourbano.com\/revista\/wp-json\/wp\/v2\/media?parent=10075"}],"wp:term":[{"taxonomy":"category","embeddable":true,"href":"https:\/\/centrourbano.com\/revista\/wp-json\/wp\/v2\/categories?post=10075"},{"taxonomy":"post_tag","embeddable":true,"href":"https:\/\/centrourbano.com\/revista\/wp-json\/wp\/v2\/tags?post=10075"}],"curies":[{"name":"wp","href":"https:\/\/api.w.org\/{rel}","templated":true}]}}