{"id":100574,"date":"2019-12-13T18:39:12","date_gmt":"2019-12-14T00:39:12","guid":{"rendered":"https:\/\/centrourbano.com\/?p=100574"},"modified":"2019-12-18T18:52:49","modified_gmt":"2019-12-19T00:52:49","slug":"mexico-transita-hacia-ciudades-incluyentes","status":"publish","type":"post","link":"https:\/\/centrourbano.com\/revista\/publicaciones\/mexico-transita-hacia-ciudades-incluyentes\/","title":{"rendered":"M\u00e9xico transita hacia ciudades incluyentes"},"content":{"rendered":"\n<p><em>Eskema Arquitectos propone recuperar espacios urbanos vac\u00edos para construir ciudades incluyentes <\/em><\/p>\n\n\n\n<p>La expansi\u00f3n\nconstante de ciudades del pa\u00eds ha planteado nuevos retos a urbanistas,\ndesarrolladores, gobiernos y organizaciones, para crear nuevas soluciones m\u00e1s\nincluyentes e integrales, en las que la arquitectura juega un papel muy\nimportante. <\/p>\n\n\n\n<p>En entrevista\npara <strong><em>Revista Inversi\u00f3n Inmobiliaria<\/em><\/strong>, el arquitecto Luis Manuel\nG\u00f3mez Portugal, socio director de Eskema Arquitectos, explic\u00f3 que para ello se\nrequiere de una visi\u00f3n multidisciplinaria que integre aspectos como lo social y\nlo econ\u00f3mico, y regresar el desarrollo hacia las zonas que ya cuentan con\nservicios e infraestructura. <\/p>\n\n\n\n<p>\u201cParte de lo\nque se busca en estos nuevos desarrollos es c\u00f3mo se vuelve a hacer el tejido\nurbano para que a la larga esto se pueda ir integrando poco a poco, a trav\u00e9s de\nproyectos productivos y sociales\u201d, expres\u00f3.<\/p>\n\n\n\n<p>En ese sentido,\nel directivo de Eskema Arquitectos explic\u00f3 que una gran oportunidad para poner\nen pr\u00e1ctica esta visi\u00f3n es aprovechar los vac\u00edos urbanos en zonas abandonadas o\nen desuso como viejas estaciones de ferrocarril, bodegas o naves industriales,\nlocalizadas en las periferias. <\/p>\n\n\n\n<p>As\u00ed, los nuevos\ndesarrollos de estas ciudades en crecimiento deber\u00edan estar orientados, seg\u00fan\nel experto, hacia una movilidad peatonal y ciclista, eficiente, as\u00ed como\nmejoras en el transporte p\u00fablico, para ayudar a que la ciudad sea m\u00e1s segura. <\/p>\n\n\n\n<p>G\u00f3mez Portugal\ndestac\u00f3 que la firma que dirige desde hace m\u00e1s de 17 a\u00f1os ha participado\nprincipalmente en el desarrollo de proyectos en ciudades no tan grandes como\nDurango, M\u00e9rida, Culiac\u00e1n y San Luis Potos\u00ed a trav\u00e9s de desarrollos\ncertificados. <\/p>\n\n\n\n<p>\u201cS\u00f3lo en\nDurango ya se llev\u00f3 a plan maestro y se est\u00e1 empezando a construir (\u2026) El caso\nde Durango, en una antigua estaci\u00f3n de trenes con 1.8 km de longitud, era una\nbarrera del centro hist\u00f3rico con la parte norte de la ciudad, eso produjo que\nse desarrollaran distintas clases sociales\u201d, destac\u00f3.<\/p>\n\n\n\n<p>Agreg\u00f3 que para\nello es importante aprovechar los vac\u00edos urbanos e implementar nuevos\ndesarrollos orientados al transporte. \u201cPara eso ayudan los edificios de usos\nmixtos porque lo que se busca es que la gente viva, trabaje y se entretenga en\nla misma zona\u201d, complet\u00f3. <\/p>\n\n\n\n<h2 class=\"wp-block-heading\"><strong>Redensificaci\u00f3n planeada <\/strong><\/h2>\n\n\n\n<p>Una de las\nformas de ayudar a controlar el crecimiento expansivo de las ciudades es a\ntrav\u00e9s de la redensificaci\u00f3n de las zonas centrales de las ciudades, para\ngenerar plusval\u00eda y que \u00e9stas crezcan de manera compacta, menos hacia la\nperiferia. <\/p>\n\n\n\n<p>En ese sentido,\nManuel G\u00f3mez Portugal, director general de Eskema Arquitectos, dijo que entre\nlos beneficios de desarrollar ciudades con mayor densidad se encuentra la\nreducci\u00f3n de distancias, se maximiza el uso de la infraestructura y se promueve\nel uso de transporte p\u00fablico de bajo costo.<\/p>\n\n\n\n<p>Adem\u00e1s, ayuda a\ndejar espacios libres, dentro de los cuales se pueden dise\u00f1ar plazas, espacios\nde convivencia o \u00e1reas verdes. Adem\u00e1s de que se abre la puerta a nuevos\ndesarrollos verticales, aunque recomend\u00f3 no se debe abusar de esos modelos por\nel bien de la ciudad. <\/p>\n\n\n\n<p>\u201cEl desarrollo\ntiene que verticalizarse, las ciudades deben densificarse y hay zonas\nindustriales como en la Granada que poco a poco se fueron densificando. Por\notro lado, tampoco se busca, y no creo que sea sano una densificaci\u00f3n brutal.<\/p>\n\n\n\n<p>\u201cNinguna ciudad\nquiere llegar a densificaciones como Hong Kong que ya se vuelven inhumanas; hay\nmucho mejores experiencias como Barcelona, que es una ciudad m\u00e1s densa,\ncompacta que funcionan mejor y es tractivo vivir ah\u00ed\u201d, a\u00f1adi\u00f3. <\/p>\n\n\n\n<p>El arquitecto\nconcluy\u00f3 diciendo que la mezcla de usos podr\u00eda ayudar a la ciudad a funcionar\nde manera din\u00e1mica, adem\u00e1s de priorizar la convivencia entre los distintos\nniveles de vivienda, uso comercial, de trabajo y recreativo, para fomentar una\nverdadera integraci\u00f3n social. <\/p>\n","protected":false},"excerpt":{"rendered":"<p>Eskema Arquitectos propone recuperar espacios urbanos vac\u00edos para construir ciudades incluyentes La expansi\u00f3n constante de ciudades del pa\u00eds ha planteado nuevos retos a urbanistas, desarrolladores, gobiernos y organizaciones, para crear nuevas soluciones m\u00e1s incluyentes e integrales, en las que la arquitectura juega un papel muy importante. En entrevista para Revista Inversi\u00f3n Inmobiliaria, el arquitecto Luis [&hellip;]<\/p>\n","protected":false},"author":69,"featured_media":100579,"comment_status":"open","ping_status":"closed","sticky":false,"template":"","format":"standard","meta":{"om_disable_all_campaigns":false,"inline_featured_image":false,"_monsterinsights_skip_tracking":false,"_monsterinsights_sitenote_active":false,"_monsterinsights_sitenote_note":"","_monsterinsights_sitenote_category":0,"footnotes":""},"categories":[4,7115],"tags":[211,17057,2247],"class_list":["post-100574","post","type-post","status-publish","format-standard","has-post-thumbnail","hentry","category-publicaciones","category-revista-inversion-inmobiliaria","tag-ciudades","tag-eskema-arquitectos","tag-inversion-inmobiliaria"],"yoast_head":"<!-- This site is optimized with the Yoast SEO plugin v27.5 - https:\/\/yoast.com\/product\/yoast-seo-wordpress\/ -->\n<title>M\u00e9xico transita hacia ciudades incluyentes-Revista Inversi\u00f3n Inmobiliaria<\/title>\n<meta name=\"description\" content=\"La expansi\u00f3n constante de ciudades del pa\u00eds ha planteado nuevos retos a urbanistas, desarrolladores, gobiernos y organizaciones, para crear nuevas...\" \/>\n<meta name=\"robots\" content=\"index, follow, max-snippet:-1, max-image-preview:large, max-video-preview:-1\" \/>\n<link rel=\"canonical\" href=\"https:\/\/centrourbano.com\/revista\/publicaciones\/mexico-transita-hacia-ciudades-incluyentes\/\" \/>\n<meta property=\"og:locale\" content=\"es_ES\" \/>\n<meta property=\"og:type\" content=\"article\" \/>\n<meta property=\"og:title\" content=\"M\u00e9xico transita hacia ciudades incluyentes-Revista Inversi\u00f3n Inmobiliaria\" \/>\n<meta property=\"og:description\" content=\"La expansi\u00f3n constante de ciudades del pa\u00eds ha planteado nuevos retos a urbanistas, desarrolladores, gobiernos y organizaciones, para crear nuevas...\" \/>\n<meta property=\"og:url\" content=\"https:\/\/centrourbano.com\/revista\/publicaciones\/mexico-transita-hacia-ciudades-incluyentes\/\" \/>\n<meta property=\"og:site_name\" content=\"Centro Urbano\" \/>\n<meta property=\"article:publisher\" content=\"https:\/\/www.facebook.com\/portalcentrourbano\" \/>\n<meta property=\"article:published_time\" content=\"2019-12-14T00:39:12+00:00\" \/>\n<meta property=\"article:modified_time\" content=\"2019-12-19T00:52:49+00:00\" \/>\n<meta property=\"og:image\" content=\"https:\/\/centrourbano.com\/revista\/wp-content\/uploads\/Eskema-Arquitectos-Entrevista-scaled-e1576716725410.jpg\" \/>\n\t<meta property=\"og:image:width\" content=\"800\" \/>\n\t<meta property=\"og:image:height\" content=\"600\" \/>\n\t<meta property=\"og:image:type\" content=\"image\/jpeg\" \/>\n<meta name=\"author\" content=\"Fernando Navarrete\" \/>\n<meta name=\"twitter:card\" content=\"summary_large_image\" \/>\n<meta name=\"twitter:creator\" content=\"@CentroUrbano\" \/>\n<meta name=\"twitter:site\" content=\"@CentroUrbano\" \/>\n<meta name=\"twitter:label1\" content=\"Escrito por\" \/>\n\t<meta name=\"twitter:data1\" content=\"Fernando Navarrete\" \/>\n\t<meta name=\"twitter:label2\" content=\"Tiempo de lectura\" \/>\n\t<meta name=\"twitter:data2\" content=\"3 minutos\" \/>\n<script type=\"application\/ld+json\" class=\"yoast-schema-graph\">{\"@context\":\"https:\\\/\\\/schema.org\",\"@graph\":[{\"@type\":\"Article\",\"@id\":\"https:\\\/\\\/centrourbano.com\\\/revista\\\/publicaciones\\\/mexico-transita-hacia-ciudades-incluyentes\\\/#article\",\"isPartOf\":{\"@id\":\"https:\\\/\\\/centrourbano.com\\\/revista\\\/publicaciones\\\/mexico-transita-hacia-ciudades-incluyentes\\\/\"},\"author\":{\"name\":\"Fernando Navarrete\",\"@id\":\"https:\\\/\\\/centrourbano.com\\\/revista\\\/#\\\/schema\\\/person\\\/2dd6b735ee955456b538202c353e2442\"},\"headline\":\"M\u00e9xico transita hacia ciudades incluyentes\",\"datePublished\":\"2019-12-14T00:39:12+00:00\",\"dateModified\":\"2019-12-19T00:52:49+00:00\",\"mainEntityOfPage\":{\"@id\":\"https:\\\/\\\/centrourbano.com\\\/revista\\\/publicaciones\\\/mexico-transita-hacia-ciudades-incluyentes\\\/\"},\"wordCount\":653,\"commentCount\":0,\"publisher\":{\"@id\":\"https:\\\/\\\/centrourbano.com\\\/revista\\\/#organization\"},\"image\":{\"@id\":\"https:\\\/\\\/centrourbano.com\\\/revista\\\/publicaciones\\\/mexico-transita-hacia-ciudades-incluyentes\\\/#primaryimage\"},\"thumbnailUrl\":\"https:\\\/\\\/centrourbano.com\\\/revista\\\/wp-content\\\/uploads\\\/Eskema-Arquitectos-Entrevista-scaled-e1576716725410.jpg\",\"keywords\":[\"ciudades\",\"Eskema Arquitectos\",\"Inversi\u00f3n Inmobiliaria\"],\"articleSection\":[\"Publicaciones\",\"Revista Inversi\u00f3n Inmobiliaria\"],\"inLanguage\":\"es\",\"potentialAction\":[{\"@type\":\"CommentAction\",\"name\":\"Comment\",\"target\":[\"https:\\\/\\\/centrourbano.com\\\/revista\\\/publicaciones\\\/mexico-transita-hacia-ciudades-incluyentes\\\/#respond\"]}]},{\"@type\":\"WebPage\",\"@id\":\"https:\\\/\\\/centrourbano.com\\\/revista\\\/publicaciones\\\/mexico-transita-hacia-ciudades-incluyentes\\\/\",\"url\":\"https:\\\/\\\/centrourbano.com\\\/revista\\\/publicaciones\\\/mexico-transita-hacia-ciudades-incluyentes\\\/\",\"name\":\"M\u00e9xico transita hacia ciudades incluyentes-Revista Inversi\u00f3n Inmobiliaria\",\"isPartOf\":{\"@id\":\"https:\\\/\\\/centrourbano.com\\\/revista\\\/#website\"},\"primaryImageOfPage\":{\"@id\":\"https:\\\/\\\/centrourbano.com\\\/revista\\\/publicaciones\\\/mexico-transita-hacia-ciudades-incluyentes\\\/#primaryimage\"},\"image\":{\"@id\":\"https:\\\/\\\/centrourbano.com\\\/revista\\\/publicaciones\\\/mexico-transita-hacia-ciudades-incluyentes\\\/#primaryimage\"},\"thumbnailUrl\":\"https:\\\/\\\/centrourbano.com\\\/revista\\\/wp-content\\\/uploads\\\/Eskema-Arquitectos-Entrevista-scaled-e1576716725410.jpg\",\"datePublished\":\"2019-12-14T00:39:12+00:00\",\"dateModified\":\"2019-12-19T00:52:49+00:00\",\"description\":\"La expansi\u00f3n constante de ciudades del pa\u00eds ha planteado nuevos retos a urbanistas, desarrolladores, gobiernos y organizaciones, para crear nuevas...\",\"breadcrumb\":{\"@id\":\"https:\\\/\\\/centrourbano.com\\\/revista\\\/publicaciones\\\/mexico-transita-hacia-ciudades-incluyentes\\\/#breadcrumb\"},\"inLanguage\":\"es\",\"potentialAction\":[{\"@type\":\"ReadAction\",\"target\":[\"https:\\\/\\\/centrourbano.com\\\/revista\\\/publicaciones\\\/mexico-transita-hacia-ciudades-incluyentes\\\/\"]}]},{\"@type\":\"ImageObject\",\"inLanguage\":\"es\",\"@id\":\"https:\\\/\\\/centrourbano.com\\\/revista\\\/publicaciones\\\/mexico-transita-hacia-ciudades-incluyentes\\\/#primaryimage\",\"url\":\"https:\\\/\\\/centrourbano.com\\\/revista\\\/wp-content\\\/uploads\\\/Eskema-Arquitectos-Entrevista-scaled-e1576716725410.jpg\",\"contentUrl\":\"https:\\\/\\\/centrourbano.com\\\/revista\\\/wp-content\\\/uploads\\\/Eskema-Arquitectos-Entrevista-scaled-e1576716725410.jpg\",\"width\":800,\"height\":600,\"caption\":\"Eskema Arquitectos-Entrevista\"},{\"@type\":\"BreadcrumbList\",\"@id\":\"https:\\\/\\\/centrourbano.com\\\/revista\\\/publicaciones\\\/mexico-transita-hacia-ciudades-incluyentes\\\/#breadcrumb\",\"itemListElement\":[{\"@type\":\"ListItem\",\"position\":1,\"name\":\"Portada\",\"item\":\"https:\\\/\\\/centrourbano.com\\\/revista\\\/\"},{\"@type\":\"ListItem\",\"position\":2,\"name\":\"M\u00e9xico transita hacia ciudades incluyentes\"}]},{\"@type\":\"WebSite\",\"@id\":\"https:\\\/\\\/centrourbano.com\\\/revista\\\/#website\",\"url\":\"https:\\\/\\\/centrourbano.com\\\/revista\\\/\",\"name\":\"Centro Urbano\",\"description\":\"Medio especializado en los sectores vivienda, inmobiliario, construcci\u00f3n, arquitectura y urbanismo.\",\"publisher\":{\"@id\":\"https:\\\/\\\/centrourbano.com\\\/revista\\\/#organization\"},\"potentialAction\":[{\"@type\":\"SearchAction\",\"target\":{\"@type\":\"EntryPoint\",\"urlTemplate\":\"https:\\\/\\\/centrourbano.com\\\/revista\\\/?s={search_term_string}\"},\"query-input\":{\"@type\":\"PropertyValueSpecification\",\"valueRequired\":true,\"valueName\":\"search_term_string\"}}],\"inLanguage\":\"es\"},{\"@type\":\"Organization\",\"@id\":\"https:\\\/\\\/centrourbano.com\\\/revista\\\/#organization\",\"name\":\"Centro Urbano\",\"url\":\"https:\\\/\\\/centrourbano.com\\\/revista\\\/\",\"logo\":{\"@type\":\"ImageObject\",\"inLanguage\":\"es\",\"@id\":\"https:\\\/\\\/centrourbano.com\\\/revista\\\/#\\\/schema\\\/logo\\\/image\\\/\",\"url\":\"https:\\\/\\\/centrourbano.com\\\/revista\\\/wp-content\\\/uploads\\\/web_CU_logo-1.png\",\"contentUrl\":\"https:\\\/\\\/centrourbano.com\\\/revista\\\/wp-content\\\/uploads\\\/web_CU_logo-1.png\",\"width\":350,\"height\":91,\"caption\":\"Centro Urbano\"},\"image\":{\"@id\":\"https:\\\/\\\/centrourbano.com\\\/revista\\\/#\\\/schema\\\/logo\\\/image\\\/\"},\"sameAs\":[\"https:\\\/\\\/www.facebook.com\\\/portalcentrourbano\",\"https:\\\/\\\/x.com\\\/CentroUrbano\",\"https:\\\/\\\/www.instagram.com\\\/centro_urbano\\\/\",\"https:\\\/\\\/www.linkedin.com\\\/company\\\/centro-urbano\\\/\",\"http:\\\/\\\/www.youtube.com\\\/user\\\/portalcentrourbano\"]},{\"@type\":\"Person\",\"@id\":\"https:\\\/\\\/centrourbano.com\\\/revista\\\/#\\\/schema\\\/person\\\/2dd6b735ee955456b538202c353e2442\",\"name\":\"Fernando Navarrete\",\"image\":{\"@type\":\"ImageObject\",\"inLanguage\":\"es\",\"@id\":\"https:\\\/\\\/secure.gravatar.com\\\/avatar\\\/f4dd6927a99e72698473e350e20ec8a38bd48cb668e15b03d04e8e537da41ad0?s=96&d=mm&r=g\",\"url\":\"https:\\\/\\\/secure.gravatar.com\\\/avatar\\\/f4dd6927a99e72698473e350e20ec8a38bd48cb668e15b03d04e8e537da41ad0?s=96&d=mm&r=g\",\"contentUrl\":\"https:\\\/\\\/secure.gravatar.com\\\/avatar\\\/f4dd6927a99e72698473e350e20ec8a38bd48cb668e15b03d04e8e537da41ad0?s=96&d=mm&r=g\",\"caption\":\"Fernando Navarrete\"},\"description\":\"Reportero de negocios, inmobiliario, construcci\u00f3n e industria. Me interesa la econom\u00eda, pol\u00edtica, historia y antropolog\u00eda. Estudi\u00e9 en la Facultad de Ciencias Pol\u00edticas y Sociales de la UNAM. Tengo experiencia en el sector p\u00fablico, la industria del acero, ingenier\u00eda civil, IT y corporativos; soy un nost\u00e1lgico nacionalista contempor\u00e1neo que cree en la grandeza de su pa\u00eds. Asiduo lector de Juan Rulfo, Jos\u00e9 Revueltas y J. R. R Tolkien.\",\"url\":\"https:\\\/\\\/centrourbano.com\\\/revista\\\/author\\\/fernando-navarrete\\\/\"}]}<\/script>\n<!-- \/ Yoast SEO plugin. -->","yoast_head_json":{"title":"M\u00e9xico transita hacia ciudades incluyentes-Revista Inversi\u00f3n Inmobiliaria","description":"La expansi\u00f3n constante de ciudades del pa\u00eds ha planteado nuevos retos a urbanistas, desarrolladores, gobiernos y organizaciones, para crear nuevas...","robots":{"index":"index","follow":"follow","max-snippet":"max-snippet:-1","max-image-preview":"max-image-preview:large","max-video-preview":"max-video-preview:-1"},"canonical":"https:\/\/centrourbano.com\/revista\/publicaciones\/mexico-transita-hacia-ciudades-incluyentes\/","og_locale":"es_ES","og_type":"article","og_title":"M\u00e9xico transita hacia ciudades incluyentes-Revista Inversi\u00f3n Inmobiliaria","og_description":"La expansi\u00f3n constante de ciudades del pa\u00eds ha planteado nuevos retos a urbanistas, desarrolladores, gobiernos y organizaciones, para crear nuevas...","og_url":"https:\/\/centrourbano.com\/revista\/publicaciones\/mexico-transita-hacia-ciudades-incluyentes\/","og_site_name":"Centro Urbano","article_publisher":"https:\/\/www.facebook.com\/portalcentrourbano","article_published_time":"2019-12-14T00:39:12+00:00","article_modified_time":"2019-12-19T00:52:49+00:00","og_image":[{"width":800,"height":600,"url":"https:\/\/centrourbano.com\/revista\/wp-content\/uploads\/Eskema-Arquitectos-Entrevista-scaled-e1576716725410.jpg","type":"image\/jpeg"}],"author":"Fernando Navarrete","twitter_card":"summary_large_image","twitter_creator":"@CentroUrbano","twitter_site":"@CentroUrbano","twitter_misc":{"Escrito por":"Fernando Navarrete","Tiempo de lectura":"3 minutos"},"schema":{"@context":"https:\/\/schema.org","@graph":[{"@type":"Article","@id":"https:\/\/centrourbano.com\/revista\/publicaciones\/mexico-transita-hacia-ciudades-incluyentes\/#article","isPartOf":{"@id":"https:\/\/centrourbano.com\/revista\/publicaciones\/mexico-transita-hacia-ciudades-incluyentes\/"},"author":{"name":"Fernando Navarrete","@id":"https:\/\/centrourbano.com\/revista\/#\/schema\/person\/2dd6b735ee955456b538202c353e2442"},"headline":"M\u00e9xico transita hacia ciudades incluyentes","datePublished":"2019-12-14T00:39:12+00:00","dateModified":"2019-12-19T00:52:49+00:00","mainEntityOfPage":{"@id":"https:\/\/centrourbano.com\/revista\/publicaciones\/mexico-transita-hacia-ciudades-incluyentes\/"},"wordCount":653,"commentCount":0,"publisher":{"@id":"https:\/\/centrourbano.com\/revista\/#organization"},"image":{"@id":"https:\/\/centrourbano.com\/revista\/publicaciones\/mexico-transita-hacia-ciudades-incluyentes\/#primaryimage"},"thumbnailUrl":"https:\/\/centrourbano.com\/revista\/wp-content\/uploads\/Eskema-Arquitectos-Entrevista-scaled-e1576716725410.jpg","keywords":["ciudades","Eskema Arquitectos","Inversi\u00f3n Inmobiliaria"],"articleSection":["Publicaciones","Revista Inversi\u00f3n Inmobiliaria"],"inLanguage":"es","potentialAction":[{"@type":"CommentAction","name":"Comment","target":["https:\/\/centrourbano.com\/revista\/publicaciones\/mexico-transita-hacia-ciudades-incluyentes\/#respond"]}]},{"@type":"WebPage","@id":"https:\/\/centrourbano.com\/revista\/publicaciones\/mexico-transita-hacia-ciudades-incluyentes\/","url":"https:\/\/centrourbano.com\/revista\/publicaciones\/mexico-transita-hacia-ciudades-incluyentes\/","name":"M\u00e9xico transita hacia ciudades incluyentes-Revista Inversi\u00f3n Inmobiliaria","isPartOf":{"@id":"https:\/\/centrourbano.com\/revista\/#website"},"primaryImageOfPage":{"@id":"https:\/\/centrourbano.com\/revista\/publicaciones\/mexico-transita-hacia-ciudades-incluyentes\/#primaryimage"},"image":{"@id":"https:\/\/centrourbano.com\/revista\/publicaciones\/mexico-transita-hacia-ciudades-incluyentes\/#primaryimage"},"thumbnailUrl":"https:\/\/centrourbano.com\/revista\/wp-content\/uploads\/Eskema-Arquitectos-Entrevista-scaled-e1576716725410.jpg","datePublished":"2019-12-14T00:39:12+00:00","dateModified":"2019-12-19T00:52:49+00:00","description":"La expansi\u00f3n constante de ciudades del pa\u00eds ha planteado nuevos retos a urbanistas, desarrolladores, gobiernos y organizaciones, para crear nuevas...","breadcrumb":{"@id":"https:\/\/centrourbano.com\/revista\/publicaciones\/mexico-transita-hacia-ciudades-incluyentes\/#breadcrumb"},"inLanguage":"es","potentialAction":[{"@type":"ReadAction","target":["https:\/\/centrourbano.com\/revista\/publicaciones\/mexico-transita-hacia-ciudades-incluyentes\/"]}]},{"@type":"ImageObject","inLanguage":"es","@id":"https:\/\/centrourbano.com\/revista\/publicaciones\/mexico-transita-hacia-ciudades-incluyentes\/#primaryimage","url":"https:\/\/centrourbano.com\/revista\/wp-content\/uploads\/Eskema-Arquitectos-Entrevista-scaled-e1576716725410.jpg","contentUrl":"https:\/\/centrourbano.com\/revista\/wp-content\/uploads\/Eskema-Arquitectos-Entrevista-scaled-e1576716725410.jpg","width":800,"height":600,"caption":"Eskema Arquitectos-Entrevista"},{"@type":"BreadcrumbList","@id":"https:\/\/centrourbano.com\/revista\/publicaciones\/mexico-transita-hacia-ciudades-incluyentes\/#breadcrumb","itemListElement":[{"@type":"ListItem","position":1,"name":"Portada","item":"https:\/\/centrourbano.com\/revista\/"},{"@type":"ListItem","position":2,"name":"M\u00e9xico transita hacia ciudades incluyentes"}]},{"@type":"WebSite","@id":"https:\/\/centrourbano.com\/revista\/#website","url":"https:\/\/centrourbano.com\/revista\/","name":"Centro Urbano","description":"Medio especializado en los sectores vivienda, inmobiliario, construcci\u00f3n, arquitectura y urbanismo.","publisher":{"@id":"https:\/\/centrourbano.com\/revista\/#organization"},"potentialAction":[{"@type":"SearchAction","target":{"@type":"EntryPoint","urlTemplate":"https:\/\/centrourbano.com\/revista\/?s={search_term_string}"},"query-input":{"@type":"PropertyValueSpecification","valueRequired":true,"valueName":"search_term_string"}}],"inLanguage":"es"},{"@type":"Organization","@id":"https:\/\/centrourbano.com\/revista\/#organization","name":"Centro Urbano","url":"https:\/\/centrourbano.com\/revista\/","logo":{"@type":"ImageObject","inLanguage":"es","@id":"https:\/\/centrourbano.com\/revista\/#\/schema\/logo\/image\/","url":"https:\/\/centrourbano.com\/revista\/wp-content\/uploads\/web_CU_logo-1.png","contentUrl":"https:\/\/centrourbano.com\/revista\/wp-content\/uploads\/web_CU_logo-1.png","width":350,"height":91,"caption":"Centro Urbano"},"image":{"@id":"https:\/\/centrourbano.com\/revista\/#\/schema\/logo\/image\/"},"sameAs":["https:\/\/www.facebook.com\/portalcentrourbano","https:\/\/x.com\/CentroUrbano","https:\/\/www.instagram.com\/centro_urbano\/","https:\/\/www.linkedin.com\/company\/centro-urbano\/","http:\/\/www.youtube.com\/user\/portalcentrourbano"]},{"@type":"Person","@id":"https:\/\/centrourbano.com\/revista\/#\/schema\/person\/2dd6b735ee955456b538202c353e2442","name":"Fernando Navarrete","image":{"@type":"ImageObject","inLanguage":"es","@id":"https:\/\/secure.gravatar.com\/avatar\/f4dd6927a99e72698473e350e20ec8a38bd48cb668e15b03d04e8e537da41ad0?s=96&d=mm&r=g","url":"https:\/\/secure.gravatar.com\/avatar\/f4dd6927a99e72698473e350e20ec8a38bd48cb668e15b03d04e8e537da41ad0?s=96&d=mm&r=g","contentUrl":"https:\/\/secure.gravatar.com\/avatar\/f4dd6927a99e72698473e350e20ec8a38bd48cb668e15b03d04e8e537da41ad0?s=96&d=mm&r=g","caption":"Fernando Navarrete"},"description":"Reportero de negocios, inmobiliario, construcci\u00f3n e industria. Me interesa la econom\u00eda, pol\u00edtica, historia y antropolog\u00eda. Estudi\u00e9 en la Facultad de Ciencias Pol\u00edticas y Sociales de la UNAM. Tengo experiencia en el sector p\u00fablico, la industria del acero, ingenier\u00eda civil, IT y corporativos; soy un nost\u00e1lgico nacionalista contempor\u00e1neo que cree en la grandeza de su pa\u00eds. Asiduo lector de Juan Rulfo, Jos\u00e9 Revueltas y J. R. R Tolkien.","url":"https:\/\/centrourbano.com\/revista\/author\/fernando-navarrete\/"}]}},"_links":{"self":[{"href":"https:\/\/centrourbano.com\/revista\/wp-json\/wp\/v2\/posts\/100574","targetHints":{"allow":["GET"]}}],"collection":[{"href":"https:\/\/centrourbano.com\/revista\/wp-json\/wp\/v2\/posts"}],"about":[{"href":"https:\/\/centrourbano.com\/revista\/wp-json\/wp\/v2\/types\/post"}],"author":[{"embeddable":true,"href":"https:\/\/centrourbano.com\/revista\/wp-json\/wp\/v2\/users\/69"}],"replies":[{"embeddable":true,"href":"https:\/\/centrourbano.com\/revista\/wp-json\/wp\/v2\/comments?post=100574"}],"version-history":[{"count":1,"href":"https:\/\/centrourbano.com\/revista\/wp-json\/wp\/v2\/posts\/100574\/revisions"}],"predecessor-version":[{"id":100576,"href":"https:\/\/centrourbano.com\/revista\/wp-json\/wp\/v2\/posts\/100574\/revisions\/100576"}],"wp:featuredmedia":[{"embeddable":true,"href":"https:\/\/centrourbano.com\/revista\/wp-json\/wp\/v2\/media\/100579"}],"wp:attachment":[{"href":"https:\/\/centrourbano.com\/revista\/wp-json\/wp\/v2\/media?parent=100574"}],"wp:term":[{"taxonomy":"category","embeddable":true,"href":"https:\/\/centrourbano.com\/revista\/wp-json\/wp\/v2\/categories?post=100574"},{"taxonomy":"post_tag","embeddable":true,"href":"https:\/\/centrourbano.com\/revista\/wp-json\/wp\/v2\/tags?post=100574"}],"curies":[{"name":"wp","href":"https:\/\/api.w.org\/{rel}","templated":true}]}}