{"id":100368,"date":"2019-12-13T16:52:52","date_gmt":"2019-12-13T22:52:52","guid":{"rendered":"https:\/\/centrourbano.com\/?p=100368"},"modified":"2019-12-13T16:52:58","modified_gmt":"2019-12-13T22:52:58","slug":"ley-planeacion-cdmx-politica","status":"publish","type":"post","link":"https:\/\/centrourbano.com\/revista\/urbanismo\/ley-planeacion-cdmx-politica\/","title":{"rendered":"Ley de Planeaci\u00f3n CDMX, hecha con c\u00e1lculo pol\u00edtico: diputados"},"content":{"rendered":"\n<p><em>Los legisladores del PAN lamentaron que la Ley de Planeaci\u00f3n se hizo con visi\u00f3n para que el desarrollo urbano fuera facultad del Ejecutivo y no de la colectividad<\/em><\/p>\n\n\n\n<p>La Ley de Planeaci\u00f3n aprobada por el Congreso de la Ciudad de M\u00e9xico, lejos de promover lo que establece la Constituci\u00f3n, es un proyecto dictado desde el Ejecutivo, que obedece a c\u00e1lculos pol\u00edticos, acusaron diputados capitalinos del PAN. <\/p>\n\n\n\n<p>Los legisladores, que incluso abandonaron el pleno durante la discusi\u00f3n del proyecto al no estar de acuerdo con lo establecido, aseguraron que a pesar que la Carta Magna de la Ciudad de M\u00e9xico orden a establecer una Ley de Planeaci\u00f3n democr\u00e1ticas y participativa\u201d, el documento aprobado no contiene \u201cni una sola frase que incluya la participaci\u00f3n ciudadana\u201d. Acusaron directamente que el proyecto est\u00e1 encaminado para que la planeaci\u00f3n urbana sea un elemento restringido y dirigido por la Jefa de Gobierno. \u00a0<\/p>\n\n\n\n<h2 class=\"wp-block-heading\">Ley de Planeaci\u00f3n sin ciudadanos<\/h2>\n\n\n\n<p>Al respecto, el diputado Federico D\u00f6ring Casar, de la\nfracci\u00f3n parlamentaria del PAN, lament\u00f3 que la Ley de Planeaci\u00f3n dej\u00f3 de lado\nla participaci\u00f3n ciudadana. Asegur\u00f3 que \u201cno hay media s\u00edlaba en el dictamen que\nhable de una sola aportaci\u00f3n ciudadana\u201d.<\/p>\n\n\n\n<p>\u201cEs un fraude legislativo al haber convocado a los foros y\ndespu\u00e9s no incorporar al dictamen las propuestas de los ciudadanos (\u2026)<\/p>\n\n\n\n<p>\u201cLa Constituci\u00f3n de la Ciudad de M\u00e9xico le dio la\noportunidad a este Congreso de hacer historia, de innovar, de hacer una\nplaneaci\u00f3n distinta, de ponerla en la mano de los ciudadanos, de sacar a los\npol\u00edticos del manoseo del c\u00e1rtel inmobiliario y de los usos de suelo y el\ndesarrollo urbano de la ciudad; y les qued\u00f3 grande la agenda a muchos\u201d. <\/p>\n\n\n\n<p>Por otro lado, la diputada Gabriela Salido, tambi\u00e9n del PAN,\nsubray\u00f3 que a pesar que la Instituci\u00f3n mandat\u00f3 aprobar una \u201cley democr\u00e1tica,\nparticipativa, descentralizada, transparente, transversal y de deliberaci\u00f3n\np\u00fablica\u201d, la realidad, fue otra. Dijo que el dictamen impulsa una participaci\u00f3n\nciudadana mal dise\u00f1ada, que queda a expensas del Ejecutivo. <\/p>\n\n\n\n<p>\u201cCon este dictamen se pretende hacer de la planeaci\u00f3n un\nprocedimiento autocr\u00e1tico, restringido y dirigido desde el Ejecutivo local; con\ninstrumentos de participaci\u00f3n ciudadana mal dise\u00f1ados, sujeto a la voluntad de\nla Jefatura de Gobierno. El gobierno quiere desde el Instituto de Planeaci\u00f3n hacer\nuna Secretar\u00eda m\u00e1s\u201d. <\/p>\n\n\n\n<p>En lo referente, la legisladora critic\u00f3 que el proyecto puesto a consideraci\u00f3n del pleno no fue una construcci\u00f3n de las Comisiones Unidas de Administraci\u00f3n P\u00fablica Local y Planeaci\u00f3n del Desarrollo, sino, un \u201cdictado desde la Secretar\u00eda de Gobierno. <\/p>\n","protected":false},"excerpt":{"rendered":"<p>Los legisladores del PAN lamentaron que la Ley de Planeaci\u00f3n se hizo con visi\u00f3n para que el desarrollo urbano fuera facultad del Ejecutivo y no de la colectividad La Ley de Planeaci\u00f3n aprobada por el Congreso de la Ciudad de M\u00e9xico, lejos de promover lo que establece la Constituci\u00f3n, es un proyecto dictado desde el [&hellip;]<\/p>\n","protected":false},"author":47,"featured_media":100371,"comment_status":"open","ping_status":"closed","sticky":false,"template":"","format":"standard","meta":{"om_disable_all_campaigns":false,"inline_featured_image":false,"_monsterinsights_skip_tracking":false,"_monsterinsights_sitenote_active":false,"_monsterinsights_sitenote_note":"","_monsterinsights_sitenote_category":0,"footnotes":""},"categories":[15,82,12],"tags":[],"class_list":["post-100368","post","type-post","status-publish","format-standard","has-post-thumbnail","hentry","category-inmobiliario","category-urbanismo","category-vivienda"],"yoast_head":"<!-- This site is optimized with the Yoast SEO plugin v27.5 - https:\/\/yoast.com\/product\/yoast-seo-wordpress\/ -->\n<title>Ley de Planeaci\u00f3n CDMX, hecha con c\u00e1lculo pol\u00edtico: diputados<\/title>\n<meta name=\"description\" content=\"La Ley de Planeaci\u00f3n aprobada por el Congreso de la Ciudad de M\u00e9xico, lejos de promover lo que establece la Constituci\u00f3n...\" \/>\n<meta name=\"robots\" content=\"index, follow, max-snippet:-1, max-image-preview:large, max-video-preview:-1\" \/>\n<link rel=\"canonical\" href=\"https:\/\/centrourbano.com\/revista\/urbanismo\/ley-planeacion-cdmx-politica\/\" \/>\n<meta property=\"og:locale\" content=\"es_ES\" \/>\n<meta property=\"og:type\" content=\"article\" \/>\n<meta property=\"og:title\" content=\"Ley de Planeaci\u00f3n CDMX, hecha con c\u00e1lculo pol\u00edtico: diputados\" \/>\n<meta property=\"og:description\" content=\"La Ley de Planeaci\u00f3n aprobada por el Congreso de la Ciudad de M\u00e9xico, lejos de promover lo que establece la Constituci\u00f3n...\" \/>\n<meta property=\"og:url\" content=\"https:\/\/centrourbano.com\/revista\/urbanismo\/ley-planeacion-cdmx-politica\/\" \/>\n<meta property=\"og:site_name\" content=\"Centro Urbano\" \/>\n<meta property=\"article:publisher\" content=\"https:\/\/www.facebook.com\/portalcentrourbano\" \/>\n<meta property=\"article:published_time\" content=\"2019-12-13T22:52:52+00:00\" \/>\n<meta property=\"article:modified_time\" content=\"2019-12-13T22:52:58+00:00\" \/>\n<meta property=\"og:image\" content=\"https:\/\/centrourbano.com\/revista\/wp-content\/uploads\/Ley-Planeaci\u00f3n-Federico-D\u00f6ring-e1576277180968.jpg\" \/>\n\t<meta property=\"og:image:width\" content=\"800\" \/>\n\t<meta property=\"og:image:height\" content=\"531\" \/>\n\t<meta property=\"og:image:type\" content=\"image\/jpeg\" \/>\n<meta name=\"author\" content=\"Edgar Rosas\" \/>\n<meta name=\"twitter:card\" content=\"summary_large_image\" \/>\n<meta name=\"twitter:creator\" content=\"@https:\/\/twitter.com\/ERosasCU?s=09\" \/>\n<meta name=\"twitter:site\" content=\"@CentroUrbano\" \/>\n<meta name=\"twitter:label1\" content=\"Escrito por\" \/>\n\t<meta name=\"twitter:data1\" content=\"Edgar Rosas\" \/>\n\t<meta name=\"twitter:label2\" content=\"Tiempo de lectura\" \/>\n\t<meta name=\"twitter:data2\" content=\"2 minutos\" \/>\n<script type=\"application\/ld+json\" class=\"yoast-schema-graph\">{\"@context\":\"https:\\\/\\\/schema.org\",\"@graph\":[{\"@type\":\"Article\",\"@id\":\"https:\\\/\\\/centrourbano.com\\\/revista\\\/urbanismo\\\/ley-planeacion-cdmx-politica\\\/#article\",\"isPartOf\":{\"@id\":\"https:\\\/\\\/centrourbano.com\\\/revista\\\/urbanismo\\\/ley-planeacion-cdmx-politica\\\/\"},\"author\":{\"name\":\"Edgar Rosas\",\"@id\":\"https:\\\/\\\/centrourbano.com\\\/revista\\\/#\\\/schema\\\/person\\\/131fd76fa17f4ca2c25c65a74d97c6b6\"},\"headline\":\"Ley de Planeaci\u00f3n CDMX, hecha con c\u00e1lculo pol\u00edtico: diputados\",\"datePublished\":\"2019-12-13T22:52:52+00:00\",\"dateModified\":\"2019-12-13T22:52:58+00:00\",\"mainEntityOfPage\":{\"@id\":\"https:\\\/\\\/centrourbano.com\\\/revista\\\/urbanismo\\\/ley-planeacion-cdmx-politica\\\/\"},\"wordCount\":469,\"commentCount\":0,\"publisher\":{\"@id\":\"https:\\\/\\\/centrourbano.com\\\/revista\\\/#organization\"},\"image\":{\"@id\":\"https:\\\/\\\/centrourbano.com\\\/revista\\\/urbanismo\\\/ley-planeacion-cdmx-politica\\\/#primaryimage\"},\"thumbnailUrl\":\"https:\\\/\\\/centrourbano.com\\\/revista\\\/wp-content\\\/uploads\\\/Ley-Planeaci\u00f3n-Federico-D\u00f6ring-e1576277180968.jpg\",\"articleSection\":[\"Inmobiliario\",\"Urbanismo\",\"Vivienda\"],\"inLanguage\":\"es\",\"potentialAction\":[{\"@type\":\"CommentAction\",\"name\":\"Comment\",\"target\":[\"https:\\\/\\\/centrourbano.com\\\/revista\\\/urbanismo\\\/ley-planeacion-cdmx-politica\\\/#respond\"]}]},{\"@type\":\"WebPage\",\"@id\":\"https:\\\/\\\/centrourbano.com\\\/revista\\\/urbanismo\\\/ley-planeacion-cdmx-politica\\\/\",\"url\":\"https:\\\/\\\/centrourbano.com\\\/revista\\\/urbanismo\\\/ley-planeacion-cdmx-politica\\\/\",\"name\":\"Ley de Planeaci\u00f3n CDMX, hecha con c\u00e1lculo pol\u00edtico: diputados\",\"isPartOf\":{\"@id\":\"https:\\\/\\\/centrourbano.com\\\/revista\\\/#website\"},\"primaryImageOfPage\":{\"@id\":\"https:\\\/\\\/centrourbano.com\\\/revista\\\/urbanismo\\\/ley-planeacion-cdmx-politica\\\/#primaryimage\"},\"image\":{\"@id\":\"https:\\\/\\\/centrourbano.com\\\/revista\\\/urbanismo\\\/ley-planeacion-cdmx-politica\\\/#primaryimage\"},\"thumbnailUrl\":\"https:\\\/\\\/centrourbano.com\\\/revista\\\/wp-content\\\/uploads\\\/Ley-Planeaci\u00f3n-Federico-D\u00f6ring-e1576277180968.jpg\",\"datePublished\":\"2019-12-13T22:52:52+00:00\",\"dateModified\":\"2019-12-13T22:52:58+00:00\",\"description\":\"La Ley de Planeaci\u00f3n aprobada por el Congreso de la Ciudad de M\u00e9xico, lejos de promover lo que establece la Constituci\u00f3n...\",\"breadcrumb\":{\"@id\":\"https:\\\/\\\/centrourbano.com\\\/revista\\\/urbanismo\\\/ley-planeacion-cdmx-politica\\\/#breadcrumb\"},\"inLanguage\":\"es\",\"potentialAction\":[{\"@type\":\"ReadAction\",\"target\":[\"https:\\\/\\\/centrourbano.com\\\/revista\\\/urbanismo\\\/ley-planeacion-cdmx-politica\\\/\"]}]},{\"@type\":\"ImageObject\",\"inLanguage\":\"es\",\"@id\":\"https:\\\/\\\/centrourbano.com\\\/revista\\\/urbanismo\\\/ley-planeacion-cdmx-politica\\\/#primaryimage\",\"url\":\"https:\\\/\\\/centrourbano.com\\\/revista\\\/wp-content\\\/uploads\\\/Ley-Planeaci\u00f3n-Federico-D\u00f6ring-e1576277180968.jpg\",\"contentUrl\":\"https:\\\/\\\/centrourbano.com\\\/revista\\\/wp-content\\\/uploads\\\/Ley-Planeaci\u00f3n-Federico-D\u00f6ring-e1576277180968.jpg\",\"width\":800,\"height\":531,\"caption\":\"La Ley de Planeaci\u00f3n fue aprobada en medio de un amplio debate y cr\u00edticas por parte de la oposici\u00f3n.\"},{\"@type\":\"BreadcrumbList\",\"@id\":\"https:\\\/\\\/centrourbano.com\\\/revista\\\/urbanismo\\\/ley-planeacion-cdmx-politica\\\/#breadcrumb\",\"itemListElement\":[{\"@type\":\"ListItem\",\"position\":1,\"name\":\"Portada\",\"item\":\"https:\\\/\\\/centrourbano.com\\\/revista\\\/\"},{\"@type\":\"ListItem\",\"position\":2,\"name\":\"Ley de Planeaci\u00f3n CDMX, hecha con c\u00e1lculo pol\u00edtico: diputados\"}]},{\"@type\":\"WebSite\",\"@id\":\"https:\\\/\\\/centrourbano.com\\\/revista\\\/#website\",\"url\":\"https:\\\/\\\/centrourbano.com\\\/revista\\\/\",\"name\":\"Centro Urbano\",\"description\":\"Medio especializado en los sectores vivienda, inmobiliario, construcci\u00f3n, arquitectura y urbanismo.\",\"publisher\":{\"@id\":\"https:\\\/\\\/centrourbano.com\\\/revista\\\/#organization\"},\"potentialAction\":[{\"@type\":\"SearchAction\",\"target\":{\"@type\":\"EntryPoint\",\"urlTemplate\":\"https:\\\/\\\/centrourbano.com\\\/revista\\\/?s={search_term_string}\"},\"query-input\":{\"@type\":\"PropertyValueSpecification\",\"valueRequired\":true,\"valueName\":\"search_term_string\"}}],\"inLanguage\":\"es\"},{\"@type\":\"Organization\",\"@id\":\"https:\\\/\\\/centrourbano.com\\\/revista\\\/#organization\",\"name\":\"Centro Urbano\",\"url\":\"https:\\\/\\\/centrourbano.com\\\/revista\\\/\",\"logo\":{\"@type\":\"ImageObject\",\"inLanguage\":\"es\",\"@id\":\"https:\\\/\\\/centrourbano.com\\\/revista\\\/#\\\/schema\\\/logo\\\/image\\\/\",\"url\":\"https:\\\/\\\/centrourbano.com\\\/revista\\\/wp-content\\\/uploads\\\/web_CU_logo-1.png\",\"contentUrl\":\"https:\\\/\\\/centrourbano.com\\\/revista\\\/wp-content\\\/uploads\\\/web_CU_logo-1.png\",\"width\":350,\"height\":91,\"caption\":\"Centro Urbano\"},\"image\":{\"@id\":\"https:\\\/\\\/centrourbano.com\\\/revista\\\/#\\\/schema\\\/logo\\\/image\\\/\"},\"sameAs\":[\"https:\\\/\\\/www.facebook.com\\\/portalcentrourbano\",\"https:\\\/\\\/x.com\\\/CentroUrbano\",\"https:\\\/\\\/www.instagram.com\\\/centro_urbano\\\/\",\"https:\\\/\\\/www.linkedin.com\\\/company\\\/centro-urbano\\\/\",\"http:\\\/\\\/www.youtube.com\\\/user\\\/portalcentrourbano\"]},{\"@type\":\"Person\",\"@id\":\"https:\\\/\\\/centrourbano.com\\\/revista\\\/#\\\/schema\\\/person\\\/131fd76fa17f4ca2c25c65a74d97c6b6\",\"name\":\"Edgar Rosas\",\"image\":{\"@type\":\"ImageObject\",\"inLanguage\":\"es\",\"@id\":\"https:\\\/\\\/secure.gravatar.com\\\/avatar\\\/94440c4283495211faa5300bf85e80061036b83fced868c3783aa1310b350d9c?s=96&d=mm&r=g\",\"url\":\"https:\\\/\\\/secure.gravatar.com\\\/avatar\\\/94440c4283495211faa5300bf85e80061036b83fced868c3783aa1310b350d9c?s=96&d=mm&r=g\",\"contentUrl\":\"https:\\\/\\\/secure.gravatar.com\\\/avatar\\\/94440c4283495211faa5300bf85e80061036b83fced868c3783aa1310b350d9c?s=96&d=mm&r=g\",\"caption\":\"Edgar Rosas\"},\"description\":\"Editor en Jefe de Centro Urbano. Egresado de la maestr\u00eda en Periodismo Pol\u00edtico de la Escuela de Periodismo Carlos Septi\u00e9n Garc\u00eda (EPCSG). Estudi\u00f3 la licenciatura en Comunicaci\u00f3n en la Universidad Mexicana. Amante de la cr\u00f3nica y el reportaje. Admirador de Vicente Le\u00f1ero y Miguel \u00c1ngel Granados Chapa.\",\"sameAs\":[\"https:\\\/\\\/x.com\\\/https:\\\/\\\/twitter.com\\\/ERosasCU?s=09\"],\"url\":\"https:\\\/\\\/centrourbano.com\\\/revista\\\/author\\\/edgar-rosas\\\/\"}]}<\/script>\n<!-- \/ Yoast SEO plugin. -->","yoast_head_json":{"title":"Ley de Planeaci\u00f3n CDMX, hecha con c\u00e1lculo pol\u00edtico: diputados","description":"La Ley de Planeaci\u00f3n aprobada por el Congreso de la Ciudad de M\u00e9xico, lejos de promover lo que establece la Constituci\u00f3n...","robots":{"index":"index","follow":"follow","max-snippet":"max-snippet:-1","max-image-preview":"max-image-preview:large","max-video-preview":"max-video-preview:-1"},"canonical":"https:\/\/centrourbano.com\/revista\/urbanismo\/ley-planeacion-cdmx-politica\/","og_locale":"es_ES","og_type":"article","og_title":"Ley de Planeaci\u00f3n CDMX, hecha con c\u00e1lculo pol\u00edtico: diputados","og_description":"La Ley de Planeaci\u00f3n aprobada por el Congreso de la Ciudad de M\u00e9xico, lejos de promover lo que establece la Constituci\u00f3n...","og_url":"https:\/\/centrourbano.com\/revista\/urbanismo\/ley-planeacion-cdmx-politica\/","og_site_name":"Centro Urbano","article_publisher":"https:\/\/www.facebook.com\/portalcentrourbano","article_published_time":"2019-12-13T22:52:52+00:00","article_modified_time":"2019-12-13T22:52:58+00:00","og_image":[{"width":800,"height":531,"url":"https:\/\/centrourbano.com\/revista\/wp-content\/uploads\/Ley-Planeaci\u00f3n-Federico-D\u00f6ring-e1576277180968.jpg","type":"image\/jpeg"}],"author":"Edgar Rosas","twitter_card":"summary_large_image","twitter_creator":"@https:\/\/twitter.com\/ERosasCU?s=09","twitter_site":"@CentroUrbano","twitter_misc":{"Escrito por":"Edgar Rosas","Tiempo de lectura":"2 minutos"},"schema":{"@context":"https:\/\/schema.org","@graph":[{"@type":"Article","@id":"https:\/\/centrourbano.com\/revista\/urbanismo\/ley-planeacion-cdmx-politica\/#article","isPartOf":{"@id":"https:\/\/centrourbano.com\/revista\/urbanismo\/ley-planeacion-cdmx-politica\/"},"author":{"name":"Edgar Rosas","@id":"https:\/\/centrourbano.com\/revista\/#\/schema\/person\/131fd76fa17f4ca2c25c65a74d97c6b6"},"headline":"Ley de Planeaci\u00f3n CDMX, hecha con c\u00e1lculo pol\u00edtico: diputados","datePublished":"2019-12-13T22:52:52+00:00","dateModified":"2019-12-13T22:52:58+00:00","mainEntityOfPage":{"@id":"https:\/\/centrourbano.com\/revista\/urbanismo\/ley-planeacion-cdmx-politica\/"},"wordCount":469,"commentCount":0,"publisher":{"@id":"https:\/\/centrourbano.com\/revista\/#organization"},"image":{"@id":"https:\/\/centrourbano.com\/revista\/urbanismo\/ley-planeacion-cdmx-politica\/#primaryimage"},"thumbnailUrl":"https:\/\/centrourbano.com\/revista\/wp-content\/uploads\/Ley-Planeaci\u00f3n-Federico-D\u00f6ring-e1576277180968.jpg","articleSection":["Inmobiliario","Urbanismo","Vivienda"],"inLanguage":"es","potentialAction":[{"@type":"CommentAction","name":"Comment","target":["https:\/\/centrourbano.com\/revista\/urbanismo\/ley-planeacion-cdmx-politica\/#respond"]}]},{"@type":"WebPage","@id":"https:\/\/centrourbano.com\/revista\/urbanismo\/ley-planeacion-cdmx-politica\/","url":"https:\/\/centrourbano.com\/revista\/urbanismo\/ley-planeacion-cdmx-politica\/","name":"Ley de Planeaci\u00f3n CDMX, hecha con c\u00e1lculo pol\u00edtico: diputados","isPartOf":{"@id":"https:\/\/centrourbano.com\/revista\/#website"},"primaryImageOfPage":{"@id":"https:\/\/centrourbano.com\/revista\/urbanismo\/ley-planeacion-cdmx-politica\/#primaryimage"},"image":{"@id":"https:\/\/centrourbano.com\/revista\/urbanismo\/ley-planeacion-cdmx-politica\/#primaryimage"},"thumbnailUrl":"https:\/\/centrourbano.com\/revista\/wp-content\/uploads\/Ley-Planeaci\u00f3n-Federico-D\u00f6ring-e1576277180968.jpg","datePublished":"2019-12-13T22:52:52+00:00","dateModified":"2019-12-13T22:52:58+00:00","description":"La Ley de Planeaci\u00f3n aprobada por el Congreso de la Ciudad de M\u00e9xico, lejos de promover lo que establece la Constituci\u00f3n...","breadcrumb":{"@id":"https:\/\/centrourbano.com\/revista\/urbanismo\/ley-planeacion-cdmx-politica\/#breadcrumb"},"inLanguage":"es","potentialAction":[{"@type":"ReadAction","target":["https:\/\/centrourbano.com\/revista\/urbanismo\/ley-planeacion-cdmx-politica\/"]}]},{"@type":"ImageObject","inLanguage":"es","@id":"https:\/\/centrourbano.com\/revista\/urbanismo\/ley-planeacion-cdmx-politica\/#primaryimage","url":"https:\/\/centrourbano.com\/revista\/wp-content\/uploads\/Ley-Planeaci\u00f3n-Federico-D\u00f6ring-e1576277180968.jpg","contentUrl":"https:\/\/centrourbano.com\/revista\/wp-content\/uploads\/Ley-Planeaci\u00f3n-Federico-D\u00f6ring-e1576277180968.jpg","width":800,"height":531,"caption":"La Ley de Planeaci\u00f3n fue aprobada en medio de un amplio debate y cr\u00edticas por parte de la oposici\u00f3n."},{"@type":"BreadcrumbList","@id":"https:\/\/centrourbano.com\/revista\/urbanismo\/ley-planeacion-cdmx-politica\/#breadcrumb","itemListElement":[{"@type":"ListItem","position":1,"name":"Portada","item":"https:\/\/centrourbano.com\/revista\/"},{"@type":"ListItem","position":2,"name":"Ley de Planeaci\u00f3n CDMX, hecha con c\u00e1lculo pol\u00edtico: diputados"}]},{"@type":"WebSite","@id":"https:\/\/centrourbano.com\/revista\/#website","url":"https:\/\/centrourbano.com\/revista\/","name":"Centro Urbano","description":"Medio especializado en los sectores vivienda, inmobiliario, construcci\u00f3n, arquitectura y urbanismo.","publisher":{"@id":"https:\/\/centrourbano.com\/revista\/#organization"},"potentialAction":[{"@type":"SearchAction","target":{"@type":"EntryPoint","urlTemplate":"https:\/\/centrourbano.com\/revista\/?s={search_term_string}"},"query-input":{"@type":"PropertyValueSpecification","valueRequired":true,"valueName":"search_term_string"}}],"inLanguage":"es"},{"@type":"Organization","@id":"https:\/\/centrourbano.com\/revista\/#organization","name":"Centro Urbano","url":"https:\/\/centrourbano.com\/revista\/","logo":{"@type":"ImageObject","inLanguage":"es","@id":"https:\/\/centrourbano.com\/revista\/#\/schema\/logo\/image\/","url":"https:\/\/centrourbano.com\/revista\/wp-content\/uploads\/web_CU_logo-1.png","contentUrl":"https:\/\/centrourbano.com\/revista\/wp-content\/uploads\/web_CU_logo-1.png","width":350,"height":91,"caption":"Centro Urbano"},"image":{"@id":"https:\/\/centrourbano.com\/revista\/#\/schema\/logo\/image\/"},"sameAs":["https:\/\/www.facebook.com\/portalcentrourbano","https:\/\/x.com\/CentroUrbano","https:\/\/www.instagram.com\/centro_urbano\/","https:\/\/www.linkedin.com\/company\/centro-urbano\/","http:\/\/www.youtube.com\/user\/portalcentrourbano"]},{"@type":"Person","@id":"https:\/\/centrourbano.com\/revista\/#\/schema\/person\/131fd76fa17f4ca2c25c65a74d97c6b6","name":"Edgar Rosas","image":{"@type":"ImageObject","inLanguage":"es","@id":"https:\/\/secure.gravatar.com\/avatar\/94440c4283495211faa5300bf85e80061036b83fced868c3783aa1310b350d9c?s=96&d=mm&r=g","url":"https:\/\/secure.gravatar.com\/avatar\/94440c4283495211faa5300bf85e80061036b83fced868c3783aa1310b350d9c?s=96&d=mm&r=g","contentUrl":"https:\/\/secure.gravatar.com\/avatar\/94440c4283495211faa5300bf85e80061036b83fced868c3783aa1310b350d9c?s=96&d=mm&r=g","caption":"Edgar Rosas"},"description":"Editor en Jefe de Centro Urbano. Egresado de la maestr\u00eda en Periodismo Pol\u00edtico de la Escuela de Periodismo Carlos Septi\u00e9n Garc\u00eda (EPCSG). Estudi\u00f3 la licenciatura en Comunicaci\u00f3n en la Universidad Mexicana. Amante de la cr\u00f3nica y el reportaje. Admirador de Vicente Le\u00f1ero y Miguel \u00c1ngel Granados Chapa.","sameAs":["https:\/\/x.com\/https:\/\/twitter.com\/ERosasCU?s=09"],"url":"https:\/\/centrourbano.com\/revista\/author\/edgar-rosas\/"}]}},"_links":{"self":[{"href":"https:\/\/centrourbano.com\/revista\/wp-json\/wp\/v2\/posts\/100368","targetHints":{"allow":["GET"]}}],"collection":[{"href":"https:\/\/centrourbano.com\/revista\/wp-json\/wp\/v2\/posts"}],"about":[{"href":"https:\/\/centrourbano.com\/revista\/wp-json\/wp\/v2\/types\/post"}],"author":[{"embeddable":true,"href":"https:\/\/centrourbano.com\/revista\/wp-json\/wp\/v2\/users\/47"}],"replies":[{"embeddable":true,"href":"https:\/\/centrourbano.com\/revista\/wp-json\/wp\/v2\/comments?post=100368"}],"version-history":[{"count":1,"href":"https:\/\/centrourbano.com\/revista\/wp-json\/wp\/v2\/posts\/100368\/revisions"}],"predecessor-version":[{"id":100373,"href":"https:\/\/centrourbano.com\/revista\/wp-json\/wp\/v2\/posts\/100368\/revisions\/100373"}],"wp:featuredmedia":[{"embeddable":true,"href":"https:\/\/centrourbano.com\/revista\/wp-json\/wp\/v2\/media\/100371"}],"wp:attachment":[{"href":"https:\/\/centrourbano.com\/revista\/wp-json\/wp\/v2\/media?parent=100368"}],"wp:term":[{"taxonomy":"category","embeddable":true,"href":"https:\/\/centrourbano.com\/revista\/wp-json\/wp\/v2\/categories?post=100368"},{"taxonomy":"post_tag","embeddable":true,"href":"https:\/\/centrourbano.com\/revista\/wp-json\/wp\/v2\/tags?post=100368"}],"curies":[{"name":"wp","href":"https:\/\/api.w.org\/{rel}","templated":true}]}}