{"id":100366,"date":"2019-12-13T17:07:55","date_gmt":"2019-12-13T23:07:55","guid":{"rendered":"https:\/\/centrourbano.com\/?p=100366"},"modified":"2019-12-13T17:29:40","modified_gmt":"2019-12-13T23:29:40","slug":"inauguran-saks-lomas-un-templo-para-el-tequila-en-ciudad-de-mexico","status":"publish","type":"post","link":"https:\/\/centrourbano.com\/revista\/inmobiliario\/inauguran-saks-lomas-un-templo-para-el-tequila-en-ciudad-de-mexico\/","title":{"rendered":"Inauguran Saks Lomas, un templo para el tequila en CDMX"},"content":{"rendered":"\n<p><em>Se trata de la sexta sucursal de Saks que busca convertirse en nuevo destino de la Ciudad de M\u00e9xico <\/em><\/p>\n\n\n\n<p>Despu\u00e9s de 35 a\u00f1os de haber inaugurado la primera sucursal en Insurgentes Sur, la cadena de restaurantes Saks inaugur\u00f3 su sexta unidad operativa en la Ciudad de M\u00e9xico, el Saks Lomas, localizado dentro del corporativo Reforma Plus de GFA Grupo Inmobiliario.<\/p>\n\n\n\n<p>El nuevo restaurante con casi 1,000 metros cuadrados de espacio, es todo un templo ancestral, hasta museogr\u00e1fico, del tequila, una bebida tradicional para la cultura mexicana que hoy es parte de una nueva experiencia que la firma busca colocar en el mercado capitalino. <\/p>\n\n\n\n<p>\u00abLa tem\u00e1tica de esta nueva sucursal es el tequila, es reciente este tema para los restaurantes. Hoy en d\u00eda ya todas cuentan con una esquina dedicada al tequila, pero ninguna como este tributo tan grande. <\/p>\n\n\n\n<p>Se decidi\u00f3 apostar por esta belleza de tributo, teniendo m\u00e1s de 4,000 botellas en un mismo lugar, como la colecci\u00f3n m\u00e1s grande conocida en nuestro pa\u00eds, para presumir la bebida ancestral y artesanal que tenemos\u00bb, dijo en entrevista, Lior Levy, director de Saks. <\/p>\n\n\n\n<p>La propuesta gastron\u00f3mica de Saks, sigue siendo sustancialmente la misma, un ambiente jovial y un dise\u00f1o arquitect\u00f3nico que le rinde culto a M\u00e9xico, pensados en el tequila, el caf\u00e9 y el vino, con elementos naturales que buscan transformar la experiencia de ir a comer tradicional. <\/p>\n\n\n\n<p>\u00abTenemos pasteler\u00eda propia, almac\u00e9n, \u00e1reas de refrigeraci\u00f3n y todo para que sea el servicio correcto de los comensales. Los materiales que est\u00e1n aqu\u00ed est\u00e1n pensados en el tequila: contamos con madera, metal pensando en el alambique donde se destila;<\/p>\n\n\n\n<p>\u00abTenemos el mecate en las l\u00e1mparas, pensando en los telares del agave y todo con s\u00edmbolos de energ\u00eda divina como flores de la vida, para energizar y sentir una atm\u00f3sfera totalmente agradable de la cual la gente que ha venido nos ha aplaudido\u00bb, agreg\u00f3 el directivo. <\/p>\n\n\n\n<p>Actualmente Saks cuenta con seis sucursales: Saks Insurgentes Sur, Internacional, San \u00c1ngel, Polanco y Tlalpan. Esta nueva unidad, localizada sobre Paseo de la Reforma, muy cerca de Constituyentes, busca crear una nueva experiencia que podr\u00eda replicarse en nuevas unidades. <\/p>\n\n\n\n<p>\u00abHa sido parte m\u00e1s bien del edificio corporativo, darle un plus, un ad value a la zona al edificio y que sea un valor agregado para todos los que est\u00e1n aqu\u00ed, que sea un destino\u00bb, concluy\u00f3 Lior Levy. <\/p>\n\n\n\n<p><strong>Te puede interesar:<\/strong> <a href=\"https:\/\/centrourbano.com\/2019\/12\/11\/restauranteros-representan-15-3-del-pib-turistico-en-mexico\/\" target=\"_blank\" rel=\"noreferrer noopener\" aria-label=\"Restauranteros representan 15.3% del PIB tur\u00edstico en M\u00e9xico (se abre en una nueva pesta\u00f1a)\">Restauranteros representan 15.3% del PIB tur\u00edstico en M\u00e9xico<\/a><\/p>\n","protected":false},"excerpt":{"rendered":"<p>Se trata de la sexta sucursal de Saks que busca convertirse en nuevo destino de la Ciudad de M\u00e9xico Despu\u00e9s de 35 a\u00f1os de haber inaugurado la primera sucursal en Insurgentes Sur, la cadena de restaurantes Saks inaugur\u00f3 su sexta unidad operativa en la Ciudad de M\u00e9xico, el Saks Lomas, localizado dentro del corporativo Reforma [&hellip;]<\/p>\n","protected":false},"author":69,"featured_media":100374,"comment_status":"open","ping_status":"closed","sticky":false,"template":"","format":"standard","meta":{"om_disable_all_campaigns":false,"inline_featured_image":false,"_monsterinsights_skip_tracking":false,"_monsterinsights_sitenote_active":false,"_monsterinsights_sitenote_note":"","_monsterinsights_sitenote_category":0,"footnotes":""},"categories":[15],"tags":[290,9451,1747,17000,2355,16999],"class_list":["post-100366","post","type-post","status-publish","format-standard","has-post-thumbnail","hentry","category-inmobiliario","tag-ciudad-de-mexico","tag-gfa","tag-inmobiliaria","tag-reforma-plus","tag-restaurantes","tag-saks"],"yoast_head":"<!-- This site is optimized with the Yoast SEO plugin v27.5 - https:\/\/yoast.com\/product\/yoast-seo-wordpress\/ -->\n<title>Inauguran Saks Lomas, un templo para el tequila en Ciudad de M\u00e9xico<\/title>\n<meta name=\"description\" content=\"Se trata de la sexta sucursal de Saks que busca convertirse en nuevo destino de la Ciudad de M\u00e9xico\" \/>\n<meta name=\"robots\" content=\"index, follow, max-snippet:-1, max-image-preview:large, max-video-preview:-1\" \/>\n<link rel=\"canonical\" href=\"https:\/\/centrourbano.com\/revista\/inmobiliario\/inauguran-saks-lomas-un-templo-para-el-tequila-en-ciudad-de-mexico\/\" \/>\n<meta property=\"og:locale\" content=\"es_ES\" \/>\n<meta property=\"og:type\" content=\"article\" \/>\n<meta property=\"og:title\" content=\"Inauguran Saks Lomas, un templo para el tequila en Ciudad de M\u00e9xico\" \/>\n<meta property=\"og:description\" content=\"Se trata de la sexta sucursal de Saks que busca convertirse en nuevo destino de la Ciudad de M\u00e9xico\" \/>\n<meta property=\"og:url\" content=\"https:\/\/centrourbano.com\/revista\/inmobiliario\/inauguran-saks-lomas-un-templo-para-el-tequila-en-ciudad-de-mexico\/\" \/>\n<meta property=\"og:site_name\" content=\"Centro Urbano\" \/>\n<meta property=\"article:publisher\" content=\"https:\/\/www.facebook.com\/portalcentrourbano\" \/>\n<meta property=\"article:published_time\" content=\"2019-12-13T23:07:55+00:00\" \/>\n<meta property=\"article:modified_time\" content=\"2019-12-13T23:29:40+00:00\" \/>\n<meta property=\"og:image\" content=\"https:\/\/centrourbano.com\/revista\/wp-content\/uploads\/FOTO-1-SAKS.jpg\" \/>\n\t<meta property=\"og:image:width\" content=\"1638\" \/>\n\t<meta property=\"og:image:height\" content=\"1092\" \/>\n\t<meta property=\"og:image:type\" content=\"image\/jpeg\" \/>\n<meta name=\"author\" content=\"Fernando Navarrete\" \/>\n<meta name=\"twitter:card\" content=\"summary_large_image\" \/>\n<meta name=\"twitter:creator\" content=\"@CentroUrbano\" \/>\n<meta name=\"twitter:site\" content=\"@CentroUrbano\" \/>\n<meta name=\"twitter:label1\" content=\"Escrito por\" \/>\n\t<meta name=\"twitter:data1\" content=\"Fernando Navarrete\" \/>\n\t<meta name=\"twitter:label2\" content=\"Tiempo de lectura\" \/>\n\t<meta name=\"twitter:data2\" content=\"2 minutos\" \/>\n<script type=\"application\/ld+json\" class=\"yoast-schema-graph\">{\"@context\":\"https:\\\/\\\/schema.org\",\"@graph\":[{\"@type\":\"Article\",\"@id\":\"https:\\\/\\\/centrourbano.com\\\/revista\\\/inmobiliario\\\/inauguran-saks-lomas-un-templo-para-el-tequila-en-ciudad-de-mexico\\\/#article\",\"isPartOf\":{\"@id\":\"https:\\\/\\\/centrourbano.com\\\/revista\\\/inmobiliario\\\/inauguran-saks-lomas-un-templo-para-el-tequila-en-ciudad-de-mexico\\\/\"},\"author\":{\"name\":\"Fernando Navarrete\",\"@id\":\"https:\\\/\\\/centrourbano.com\\\/revista\\\/#\\\/schema\\\/person\\\/2dd6b735ee955456b538202c353e2442\"},\"headline\":\"Inauguran Saks Lomas, un templo para el tequila en CDMX\",\"datePublished\":\"2019-12-13T23:07:55+00:00\",\"dateModified\":\"2019-12-13T23:29:40+00:00\",\"mainEntityOfPage\":{\"@id\":\"https:\\\/\\\/centrourbano.com\\\/revista\\\/inmobiliario\\\/inauguran-saks-lomas-un-templo-para-el-tequila-en-ciudad-de-mexico\\\/\"},\"wordCount\":434,\"commentCount\":0,\"publisher\":{\"@id\":\"https:\\\/\\\/centrourbano.com\\\/revista\\\/#organization\"},\"image\":{\"@id\":\"https:\\\/\\\/centrourbano.com\\\/revista\\\/inmobiliario\\\/inauguran-saks-lomas-un-templo-para-el-tequila-en-ciudad-de-mexico\\\/#primaryimage\"},\"thumbnailUrl\":\"https:\\\/\\\/centrourbano.com\\\/revista\\\/wp-content\\\/uploads\\\/FOTO-1-SAKS.jpg\",\"keywords\":[\"ciudad de M\u00e9xico\",\"GFa\",\"inmobiliaria\",\"Reforma Plus\",\"Restaurantes\",\"Saks\"],\"articleSection\":[\"Inmobiliario\"],\"inLanguage\":\"es\",\"potentialAction\":[{\"@type\":\"CommentAction\",\"name\":\"Comment\",\"target\":[\"https:\\\/\\\/centrourbano.com\\\/revista\\\/inmobiliario\\\/inauguran-saks-lomas-un-templo-para-el-tequila-en-ciudad-de-mexico\\\/#respond\"]}]},{\"@type\":\"WebPage\",\"@id\":\"https:\\\/\\\/centrourbano.com\\\/revista\\\/inmobiliario\\\/inauguran-saks-lomas-un-templo-para-el-tequila-en-ciudad-de-mexico\\\/\",\"url\":\"https:\\\/\\\/centrourbano.com\\\/revista\\\/inmobiliario\\\/inauguran-saks-lomas-un-templo-para-el-tequila-en-ciudad-de-mexico\\\/\",\"name\":\"Inauguran Saks Lomas, un templo para el tequila en Ciudad de M\u00e9xico\",\"isPartOf\":{\"@id\":\"https:\\\/\\\/centrourbano.com\\\/revista\\\/#website\"},\"primaryImageOfPage\":{\"@id\":\"https:\\\/\\\/centrourbano.com\\\/revista\\\/inmobiliario\\\/inauguran-saks-lomas-un-templo-para-el-tequila-en-ciudad-de-mexico\\\/#primaryimage\"},\"image\":{\"@id\":\"https:\\\/\\\/centrourbano.com\\\/revista\\\/inmobiliario\\\/inauguran-saks-lomas-un-templo-para-el-tequila-en-ciudad-de-mexico\\\/#primaryimage\"},\"thumbnailUrl\":\"https:\\\/\\\/centrourbano.com\\\/revista\\\/wp-content\\\/uploads\\\/FOTO-1-SAKS.jpg\",\"datePublished\":\"2019-12-13T23:07:55+00:00\",\"dateModified\":\"2019-12-13T23:29:40+00:00\",\"description\":\"Se trata de la sexta sucursal de Saks que busca convertirse en nuevo destino de la Ciudad de M\u00e9xico\",\"breadcrumb\":{\"@id\":\"https:\\\/\\\/centrourbano.com\\\/revista\\\/inmobiliario\\\/inauguran-saks-lomas-un-templo-para-el-tequila-en-ciudad-de-mexico\\\/#breadcrumb\"},\"inLanguage\":\"es\",\"potentialAction\":[{\"@type\":\"ReadAction\",\"target\":[\"https:\\\/\\\/centrourbano.com\\\/revista\\\/inmobiliario\\\/inauguran-saks-lomas-un-templo-para-el-tequila-en-ciudad-de-mexico\\\/\"]}]},{\"@type\":\"ImageObject\",\"inLanguage\":\"es\",\"@id\":\"https:\\\/\\\/centrourbano.com\\\/revista\\\/inmobiliario\\\/inauguran-saks-lomas-un-templo-para-el-tequila-en-ciudad-de-mexico\\\/#primaryimage\",\"url\":\"https:\\\/\\\/centrourbano.com\\\/revista\\\/wp-content\\\/uploads\\\/FOTO-1-SAKS.jpg\",\"contentUrl\":\"https:\\\/\\\/centrourbano.com\\\/revista\\\/wp-content\\\/uploads\\\/FOTO-1-SAKS.jpg\",\"width\":1638,\"height\":1092,\"caption\":\"Se trata de la sexta sucursal de Saks que busca convertirse en nuevo destino de la Ciudad de M\u00e9xico\"},{\"@type\":\"BreadcrumbList\",\"@id\":\"https:\\\/\\\/centrourbano.com\\\/revista\\\/inmobiliario\\\/inauguran-saks-lomas-un-templo-para-el-tequila-en-ciudad-de-mexico\\\/#breadcrumb\",\"itemListElement\":[{\"@type\":\"ListItem\",\"position\":1,\"name\":\"Portada\",\"item\":\"https:\\\/\\\/centrourbano.com\\\/revista\\\/\"},{\"@type\":\"ListItem\",\"position\":2,\"name\":\"Inauguran Saks Lomas, un templo para el tequila en CDMX\"}]},{\"@type\":\"WebSite\",\"@id\":\"https:\\\/\\\/centrourbano.com\\\/revista\\\/#website\",\"url\":\"https:\\\/\\\/centrourbano.com\\\/revista\\\/\",\"name\":\"Centro Urbano\",\"description\":\"Medio especializado en los sectores vivienda, inmobiliario, construcci\u00f3n, arquitectura y urbanismo.\",\"publisher\":{\"@id\":\"https:\\\/\\\/centrourbano.com\\\/revista\\\/#organization\"},\"potentialAction\":[{\"@type\":\"SearchAction\",\"target\":{\"@type\":\"EntryPoint\",\"urlTemplate\":\"https:\\\/\\\/centrourbano.com\\\/revista\\\/?s={search_term_string}\"},\"query-input\":{\"@type\":\"PropertyValueSpecification\",\"valueRequired\":true,\"valueName\":\"search_term_string\"}}],\"inLanguage\":\"es\"},{\"@type\":\"Organization\",\"@id\":\"https:\\\/\\\/centrourbano.com\\\/revista\\\/#organization\",\"name\":\"Centro Urbano\",\"url\":\"https:\\\/\\\/centrourbano.com\\\/revista\\\/\",\"logo\":{\"@type\":\"ImageObject\",\"inLanguage\":\"es\",\"@id\":\"https:\\\/\\\/centrourbano.com\\\/revista\\\/#\\\/schema\\\/logo\\\/image\\\/\",\"url\":\"https:\\\/\\\/centrourbano.com\\\/revista\\\/wp-content\\\/uploads\\\/web_CU_logo-1.png\",\"contentUrl\":\"https:\\\/\\\/centrourbano.com\\\/revista\\\/wp-content\\\/uploads\\\/web_CU_logo-1.png\",\"width\":350,\"height\":91,\"caption\":\"Centro Urbano\"},\"image\":{\"@id\":\"https:\\\/\\\/centrourbano.com\\\/revista\\\/#\\\/schema\\\/logo\\\/image\\\/\"},\"sameAs\":[\"https:\\\/\\\/www.facebook.com\\\/portalcentrourbano\",\"https:\\\/\\\/x.com\\\/CentroUrbano\",\"https:\\\/\\\/www.instagram.com\\\/centro_urbano\\\/\",\"https:\\\/\\\/www.linkedin.com\\\/company\\\/centro-urbano\\\/\",\"http:\\\/\\\/www.youtube.com\\\/user\\\/portalcentrourbano\"]},{\"@type\":\"Person\",\"@id\":\"https:\\\/\\\/centrourbano.com\\\/revista\\\/#\\\/schema\\\/person\\\/2dd6b735ee955456b538202c353e2442\",\"name\":\"Fernando Navarrete\",\"image\":{\"@type\":\"ImageObject\",\"inLanguage\":\"es\",\"@id\":\"https:\\\/\\\/secure.gravatar.com\\\/avatar\\\/f4dd6927a99e72698473e350e20ec8a38bd48cb668e15b03d04e8e537da41ad0?s=96&d=mm&r=g\",\"url\":\"https:\\\/\\\/secure.gravatar.com\\\/avatar\\\/f4dd6927a99e72698473e350e20ec8a38bd48cb668e15b03d04e8e537da41ad0?s=96&d=mm&r=g\",\"contentUrl\":\"https:\\\/\\\/secure.gravatar.com\\\/avatar\\\/f4dd6927a99e72698473e350e20ec8a38bd48cb668e15b03d04e8e537da41ad0?s=96&d=mm&r=g\",\"caption\":\"Fernando Navarrete\"},\"description\":\"Reportero de negocios, inmobiliario, construcci\u00f3n e industria. Me interesa la econom\u00eda, pol\u00edtica, historia y antropolog\u00eda. Estudi\u00e9 en la Facultad de Ciencias Pol\u00edticas y Sociales de la UNAM. Tengo experiencia en el sector p\u00fablico, la industria del acero, ingenier\u00eda civil, IT y corporativos; soy un nost\u00e1lgico nacionalista contempor\u00e1neo que cree en la grandeza de su pa\u00eds. Asiduo lector de Juan Rulfo, Jos\u00e9 Revueltas y J. R. R Tolkien.\",\"url\":\"https:\\\/\\\/centrourbano.com\\\/revista\\\/author\\\/fernando-navarrete\\\/\"}]}<\/script>\n<!-- \/ Yoast SEO plugin. -->","yoast_head_json":{"title":"Inauguran Saks Lomas, un templo para el tequila en Ciudad de M\u00e9xico","description":"Se trata de la sexta sucursal de Saks que busca convertirse en nuevo destino de la Ciudad de M\u00e9xico","robots":{"index":"index","follow":"follow","max-snippet":"max-snippet:-1","max-image-preview":"max-image-preview:large","max-video-preview":"max-video-preview:-1"},"canonical":"https:\/\/centrourbano.com\/revista\/inmobiliario\/inauguran-saks-lomas-un-templo-para-el-tequila-en-ciudad-de-mexico\/","og_locale":"es_ES","og_type":"article","og_title":"Inauguran Saks Lomas, un templo para el tequila en Ciudad de M\u00e9xico","og_description":"Se trata de la sexta sucursal de Saks que busca convertirse en nuevo destino de la Ciudad de M\u00e9xico","og_url":"https:\/\/centrourbano.com\/revista\/inmobiliario\/inauguran-saks-lomas-un-templo-para-el-tequila-en-ciudad-de-mexico\/","og_site_name":"Centro Urbano","article_publisher":"https:\/\/www.facebook.com\/portalcentrourbano","article_published_time":"2019-12-13T23:07:55+00:00","article_modified_time":"2019-12-13T23:29:40+00:00","og_image":[{"width":1638,"height":1092,"url":"https:\/\/centrourbano.com\/revista\/wp-content\/uploads\/FOTO-1-SAKS.jpg","type":"image\/jpeg"}],"author":"Fernando Navarrete","twitter_card":"summary_large_image","twitter_creator":"@CentroUrbano","twitter_site":"@CentroUrbano","twitter_misc":{"Escrito por":"Fernando Navarrete","Tiempo de lectura":"2 minutos"},"schema":{"@context":"https:\/\/schema.org","@graph":[{"@type":"Article","@id":"https:\/\/centrourbano.com\/revista\/inmobiliario\/inauguran-saks-lomas-un-templo-para-el-tequila-en-ciudad-de-mexico\/#article","isPartOf":{"@id":"https:\/\/centrourbano.com\/revista\/inmobiliario\/inauguran-saks-lomas-un-templo-para-el-tequila-en-ciudad-de-mexico\/"},"author":{"name":"Fernando Navarrete","@id":"https:\/\/centrourbano.com\/revista\/#\/schema\/person\/2dd6b735ee955456b538202c353e2442"},"headline":"Inauguran Saks Lomas, un templo para el tequila en CDMX","datePublished":"2019-12-13T23:07:55+00:00","dateModified":"2019-12-13T23:29:40+00:00","mainEntityOfPage":{"@id":"https:\/\/centrourbano.com\/revista\/inmobiliario\/inauguran-saks-lomas-un-templo-para-el-tequila-en-ciudad-de-mexico\/"},"wordCount":434,"commentCount":0,"publisher":{"@id":"https:\/\/centrourbano.com\/revista\/#organization"},"image":{"@id":"https:\/\/centrourbano.com\/revista\/inmobiliario\/inauguran-saks-lomas-un-templo-para-el-tequila-en-ciudad-de-mexico\/#primaryimage"},"thumbnailUrl":"https:\/\/centrourbano.com\/revista\/wp-content\/uploads\/FOTO-1-SAKS.jpg","keywords":["ciudad de M\u00e9xico","GFa","inmobiliaria","Reforma Plus","Restaurantes","Saks"],"articleSection":["Inmobiliario"],"inLanguage":"es","potentialAction":[{"@type":"CommentAction","name":"Comment","target":["https:\/\/centrourbano.com\/revista\/inmobiliario\/inauguran-saks-lomas-un-templo-para-el-tequila-en-ciudad-de-mexico\/#respond"]}]},{"@type":"WebPage","@id":"https:\/\/centrourbano.com\/revista\/inmobiliario\/inauguran-saks-lomas-un-templo-para-el-tequila-en-ciudad-de-mexico\/","url":"https:\/\/centrourbano.com\/revista\/inmobiliario\/inauguran-saks-lomas-un-templo-para-el-tequila-en-ciudad-de-mexico\/","name":"Inauguran Saks Lomas, un templo para el tequila en Ciudad de M\u00e9xico","isPartOf":{"@id":"https:\/\/centrourbano.com\/revista\/#website"},"primaryImageOfPage":{"@id":"https:\/\/centrourbano.com\/revista\/inmobiliario\/inauguran-saks-lomas-un-templo-para-el-tequila-en-ciudad-de-mexico\/#primaryimage"},"image":{"@id":"https:\/\/centrourbano.com\/revista\/inmobiliario\/inauguran-saks-lomas-un-templo-para-el-tequila-en-ciudad-de-mexico\/#primaryimage"},"thumbnailUrl":"https:\/\/centrourbano.com\/revista\/wp-content\/uploads\/FOTO-1-SAKS.jpg","datePublished":"2019-12-13T23:07:55+00:00","dateModified":"2019-12-13T23:29:40+00:00","description":"Se trata de la sexta sucursal de Saks que busca convertirse en nuevo destino de la Ciudad de M\u00e9xico","breadcrumb":{"@id":"https:\/\/centrourbano.com\/revista\/inmobiliario\/inauguran-saks-lomas-un-templo-para-el-tequila-en-ciudad-de-mexico\/#breadcrumb"},"inLanguage":"es","potentialAction":[{"@type":"ReadAction","target":["https:\/\/centrourbano.com\/revista\/inmobiliario\/inauguran-saks-lomas-un-templo-para-el-tequila-en-ciudad-de-mexico\/"]}]},{"@type":"ImageObject","inLanguage":"es","@id":"https:\/\/centrourbano.com\/revista\/inmobiliario\/inauguran-saks-lomas-un-templo-para-el-tequila-en-ciudad-de-mexico\/#primaryimage","url":"https:\/\/centrourbano.com\/revista\/wp-content\/uploads\/FOTO-1-SAKS.jpg","contentUrl":"https:\/\/centrourbano.com\/revista\/wp-content\/uploads\/FOTO-1-SAKS.jpg","width":1638,"height":1092,"caption":"Se trata de la sexta sucursal de Saks que busca convertirse en nuevo destino de la Ciudad de M\u00e9xico"},{"@type":"BreadcrumbList","@id":"https:\/\/centrourbano.com\/revista\/inmobiliario\/inauguran-saks-lomas-un-templo-para-el-tequila-en-ciudad-de-mexico\/#breadcrumb","itemListElement":[{"@type":"ListItem","position":1,"name":"Portada","item":"https:\/\/centrourbano.com\/revista\/"},{"@type":"ListItem","position":2,"name":"Inauguran Saks Lomas, un templo para el tequila en CDMX"}]},{"@type":"WebSite","@id":"https:\/\/centrourbano.com\/revista\/#website","url":"https:\/\/centrourbano.com\/revista\/","name":"Centro Urbano","description":"Medio especializado en los sectores vivienda, inmobiliario, construcci\u00f3n, arquitectura y urbanismo.","publisher":{"@id":"https:\/\/centrourbano.com\/revista\/#organization"},"potentialAction":[{"@type":"SearchAction","target":{"@type":"EntryPoint","urlTemplate":"https:\/\/centrourbano.com\/revista\/?s={search_term_string}"},"query-input":{"@type":"PropertyValueSpecification","valueRequired":true,"valueName":"search_term_string"}}],"inLanguage":"es"},{"@type":"Organization","@id":"https:\/\/centrourbano.com\/revista\/#organization","name":"Centro Urbano","url":"https:\/\/centrourbano.com\/revista\/","logo":{"@type":"ImageObject","inLanguage":"es","@id":"https:\/\/centrourbano.com\/revista\/#\/schema\/logo\/image\/","url":"https:\/\/centrourbano.com\/revista\/wp-content\/uploads\/web_CU_logo-1.png","contentUrl":"https:\/\/centrourbano.com\/revista\/wp-content\/uploads\/web_CU_logo-1.png","width":350,"height":91,"caption":"Centro Urbano"},"image":{"@id":"https:\/\/centrourbano.com\/revista\/#\/schema\/logo\/image\/"},"sameAs":["https:\/\/www.facebook.com\/portalcentrourbano","https:\/\/x.com\/CentroUrbano","https:\/\/www.instagram.com\/centro_urbano\/","https:\/\/www.linkedin.com\/company\/centro-urbano\/","http:\/\/www.youtube.com\/user\/portalcentrourbano"]},{"@type":"Person","@id":"https:\/\/centrourbano.com\/revista\/#\/schema\/person\/2dd6b735ee955456b538202c353e2442","name":"Fernando Navarrete","image":{"@type":"ImageObject","inLanguage":"es","@id":"https:\/\/secure.gravatar.com\/avatar\/f4dd6927a99e72698473e350e20ec8a38bd48cb668e15b03d04e8e537da41ad0?s=96&d=mm&r=g","url":"https:\/\/secure.gravatar.com\/avatar\/f4dd6927a99e72698473e350e20ec8a38bd48cb668e15b03d04e8e537da41ad0?s=96&d=mm&r=g","contentUrl":"https:\/\/secure.gravatar.com\/avatar\/f4dd6927a99e72698473e350e20ec8a38bd48cb668e15b03d04e8e537da41ad0?s=96&d=mm&r=g","caption":"Fernando Navarrete"},"description":"Reportero de negocios, inmobiliario, construcci\u00f3n e industria. Me interesa la econom\u00eda, pol\u00edtica, historia y antropolog\u00eda. Estudi\u00e9 en la Facultad de Ciencias Pol\u00edticas y Sociales de la UNAM. Tengo experiencia en el sector p\u00fablico, la industria del acero, ingenier\u00eda civil, IT y corporativos; soy un nost\u00e1lgico nacionalista contempor\u00e1neo que cree en la grandeza de su pa\u00eds. Asiduo lector de Juan Rulfo, Jos\u00e9 Revueltas y J. R. R Tolkien.","url":"https:\/\/centrourbano.com\/revista\/author\/fernando-navarrete\/"}]}},"_links":{"self":[{"href":"https:\/\/centrourbano.com\/revista\/wp-json\/wp\/v2\/posts\/100366","targetHints":{"allow":["GET"]}}],"collection":[{"href":"https:\/\/centrourbano.com\/revista\/wp-json\/wp\/v2\/posts"}],"about":[{"href":"https:\/\/centrourbano.com\/revista\/wp-json\/wp\/v2\/types\/post"}],"author":[{"embeddable":true,"href":"https:\/\/centrourbano.com\/revista\/wp-json\/wp\/v2\/users\/69"}],"replies":[{"embeddable":true,"href":"https:\/\/centrourbano.com\/revista\/wp-json\/wp\/v2\/comments?post=100366"}],"version-history":[{"count":4,"href":"https:\/\/centrourbano.com\/revista\/wp-json\/wp\/v2\/posts\/100366\/revisions"}],"predecessor-version":[{"id":100381,"href":"https:\/\/centrourbano.com\/revista\/wp-json\/wp\/v2\/posts\/100366\/revisions\/100381"}],"wp:featuredmedia":[{"embeddable":true,"href":"https:\/\/centrourbano.com\/revista\/wp-json\/wp\/v2\/media\/100374"}],"wp:attachment":[{"href":"https:\/\/centrourbano.com\/revista\/wp-json\/wp\/v2\/media?parent=100366"}],"wp:term":[{"taxonomy":"category","embeddable":true,"href":"https:\/\/centrourbano.com\/revista\/wp-json\/wp\/v2\/categories?post=100366"},{"taxonomy":"post_tag","embeddable":true,"href":"https:\/\/centrourbano.com\/revista\/wp-json\/wp\/v2\/tags?post=100366"}],"curies":[{"name":"wp","href":"https:\/\/api.w.org\/{rel}","templated":true}]}}