{"id":100326,"date":"2019-12-13T11:00:00","date_gmt":"2019-12-13T17:00:00","guid":{"rendered":"https:\/\/centrourbano.com\/?p=100326"},"modified":"2019-12-13T12:43:48","modified_gmt":"2019-12-13T18:43:48","slug":"trabajadores-infonavit-paro","status":"publish","type":"post","link":"https:\/\/centrourbano.com\/revista\/vivienda\/trabajadores-infonavit-paro\/","title":{"rendered":"Trabajadores del Infonavit se van a paro nacional"},"content":{"rendered":"\n<p><em>Los trabajadores del Infonavit amagaron con mantener las protestas de no cumplirse sus demandas\u00a0<\/em><\/p>\n\n\n\n<p>El <strong>Sindicato Nacional de Trabajadores del Infonavit<\/strong> (Sntinfonavit) realiz\u00f3 un paro a nivel nacional. El organismo de representaci\u00f3n laboral exigi\u00f3 a la Direcci\u00f3n General del Instituto que encabeza <strong>Carlos Mart\u00ednez<\/strong> la contrataci\u00f3n de m\u00e1s personal, as\u00ed como la compra de equipo y sistemas de informaci\u00f3n confiables.\u00a0<\/p>\n\n\n\n<p>El Sindicato, que lidera <strong>Rafael Riva Palacio<\/strong>, asegur\u00f3 que en la actualidad, el servicio que otorga el Infonavit en los Centros de Atenci\u00f3n se ha deteriorado. Y es que, se\u00f1al\u00f3, no existe el personal suficiente para atender la demanda de atenci\u00f3n de los derechohabientes; adem\u00e1s de no contar con los instrumentos necesarios para cumplir con su labor.\u00a0<\/p>\n\n\n\n<p>Los trabajadores adscritos al Sindicato se manifestaron el d\u00eda de ayer en las <strong>32 delegaciones del pa\u00eds<\/strong>, as\u00ed como en las oficinas centrales ubicadas en la Ciudad de M\u00e9xico. En la jornada, los trabajadores amagaron con mantener las protestas si no se cumplen con las peticiones.\u00a0<\/p>\n\n\n\n<p>A trav\u00e9s de un comunicado, el Sindicato dej\u00f3 claro que la manifestaci\u00f3n se realizaron \u201c<strong>en contra del Director General <\/strong>del instituto, Carlos Mart\u00ednez Vel\u00e1zquez, por evitar la contrataci\u00f3n de personal en los Centros de Atenci\u00f3n, lo que afecta a los trabajadores derechohabientes\u201d.\u00a0<\/p>\n\n\n\n<p>En lo referente, a decir de Rafael Riva Palacios, est\u00e1 actitud de negar la contrataci\u00f3n de m\u00e1s persona se traduce en una acci\u00f3n en contra de los trabajadores afiliados al Instituto. Insisti\u00f3 que \u201clos servicios que presta el instituto a m\u00e1s de 16 millones de derechohabientes se han deteriorado por la negativa de la Direcci\u00f3n del instituto para que exista personal suficiente para su atenci\u00f3n\u201d.\u00a0<\/p>\n","protected":false},"excerpt":{"rendered":"<p>Los trabajadores del Infonavit amagaron con mantener las protestas de no cumplirse sus demandas\u00a0 El Sindicato Nacional de Trabajadores del Infonavit (Sntinfonavit) realiz\u00f3 un paro a nivel nacional. El organismo de representaci\u00f3n laboral exigi\u00f3 a la Direcci\u00f3n General del Instituto que encabeza Carlos Mart\u00ednez la contrataci\u00f3n de m\u00e1s personal, as\u00ed como la compra de equipo [&hellip;]<\/p>\n","protected":false},"author":14,"featured_media":100328,"comment_status":"open","ping_status":"closed","sticky":false,"template":"","format":"standard","meta":{"om_disable_all_campaigns":false,"inline_featured_image":false,"_monsterinsights_skip_tracking":false,"_monsterinsights_sitenote_active":false,"_monsterinsights_sitenote_note":"","_monsterinsights_sitenote_category":0,"footnotes":""},"categories":[12],"tags":[],"class_list":["post-100326","post","type-post","status-publish","format-standard","has-post-thumbnail","hentry","category-vivienda"],"yoast_head":"<!-- This site is optimized with the Yoast SEO plugin v27.5 - https:\/\/yoast.com\/product\/yoast-seo-wordpress\/ -->\n<title>Trabajadores Infonavit realizan paro y amagan con mantener protestas<\/title>\n<meta name=\"description\" content=\"El Sindicato Nacional de Trabajadores del Infonavit (Sntinfonavit) realiz\u00f3 un paro a nivel nacional. El organismo de representaci\u00f3n laboral exigi\u00f3...\" \/>\n<meta name=\"robots\" content=\"index, follow, max-snippet:-1, max-image-preview:large, max-video-preview:-1\" \/>\n<link rel=\"canonical\" href=\"https:\/\/centrourbano.com\/revista\/vivienda\/trabajadores-infonavit-paro\/\" \/>\n<meta property=\"og:locale\" content=\"es_ES\" \/>\n<meta property=\"og:type\" content=\"article\" \/>\n<meta property=\"og:title\" content=\"Trabajadores Infonavit realizan paro y amagan con mantener protestas\" \/>\n<meta property=\"og:description\" content=\"El Sindicato Nacional de Trabajadores del Infonavit (Sntinfonavit) realiz\u00f3 un paro a nivel nacional. El organismo de representaci\u00f3n laboral exigi\u00f3...\" \/>\n<meta property=\"og:url\" content=\"https:\/\/centrourbano.com\/revista\/vivienda\/trabajadores-infonavit-paro\/\" \/>\n<meta property=\"og:site_name\" content=\"Centro Urbano\" \/>\n<meta property=\"article:publisher\" content=\"https:\/\/www.facebook.com\/portalcentrourbano\" \/>\n<meta property=\"article:published_time\" content=\"2019-12-13T17:00:00+00:00\" \/>\n<meta property=\"article:modified_time\" content=\"2019-12-13T18:43:48+00:00\" \/>\n<meta property=\"og:image\" content=\"https:\/\/centrourbano.com\/revista\/wp-content\/uploads\/Trabajadores-Infonavit-Paro.jpg\" \/>\n\t<meta property=\"og:image:width\" content=\"800\" \/>\n\t<meta property=\"og:image:height\" content=\"600\" \/>\n\t<meta property=\"og:image:type\" content=\"image\/jpeg\" \/>\n<meta name=\"author\" content=\"Redacci\u00f3n Centro Urbano\" \/>\n<meta name=\"twitter:card\" content=\"summary_large_image\" \/>\n<meta name=\"twitter:creator\" content=\"@CentroUrbano\" \/>\n<meta name=\"twitter:site\" content=\"@CentroUrbano\" \/>\n<meta name=\"twitter:label1\" content=\"Escrito por\" \/>\n\t<meta name=\"twitter:data1\" content=\"Redacci\u00f3n Centro Urbano\" \/>\n\t<meta name=\"twitter:label2\" content=\"Tiempo de lectura\" \/>\n\t<meta name=\"twitter:data2\" content=\"1 minuto\" \/>\n<script type=\"application\/ld+json\" class=\"yoast-schema-graph\">{\"@context\":\"https:\\\/\\\/schema.org\",\"@graph\":[{\"@type\":\"Article\",\"@id\":\"https:\\\/\\\/centrourbano.com\\\/revista\\\/vivienda\\\/trabajadores-infonavit-paro\\\/#article\",\"isPartOf\":{\"@id\":\"https:\\\/\\\/centrourbano.com\\\/revista\\\/vivienda\\\/trabajadores-infonavit-paro\\\/\"},\"author\":{\"name\":\"Redacci\u00f3n Centro Urbano\",\"@id\":\"https:\\\/\\\/centrourbano.com\\\/revista\\\/#\\\/schema\\\/person\\\/5259f06e282c59482812d0e9a84a6440\"},\"headline\":\"Trabajadores del Infonavit se van a paro nacional\",\"datePublished\":\"2019-12-13T17:00:00+00:00\",\"dateModified\":\"2019-12-13T18:43:48+00:00\",\"mainEntityOfPage\":{\"@id\":\"https:\\\/\\\/centrourbano.com\\\/revista\\\/vivienda\\\/trabajadores-infonavit-paro\\\/\"},\"wordCount\":301,\"commentCount\":0,\"publisher\":{\"@id\":\"https:\\\/\\\/centrourbano.com\\\/revista\\\/#organization\"},\"image\":{\"@id\":\"https:\\\/\\\/centrourbano.com\\\/revista\\\/vivienda\\\/trabajadores-infonavit-paro\\\/#primaryimage\"},\"thumbnailUrl\":\"https:\\\/\\\/centrourbano.com\\\/revista\\\/wp-content\\\/uploads\\\/Trabajadores-Infonavit-Paro.jpg\",\"articleSection\":[\"Vivienda\"],\"inLanguage\":\"es\",\"potentialAction\":[{\"@type\":\"CommentAction\",\"name\":\"Comment\",\"target\":[\"https:\\\/\\\/centrourbano.com\\\/revista\\\/vivienda\\\/trabajadores-infonavit-paro\\\/#respond\"]}]},{\"@type\":\"WebPage\",\"@id\":\"https:\\\/\\\/centrourbano.com\\\/revista\\\/vivienda\\\/trabajadores-infonavit-paro\\\/\",\"url\":\"https:\\\/\\\/centrourbano.com\\\/revista\\\/vivienda\\\/trabajadores-infonavit-paro\\\/\",\"name\":\"Trabajadores Infonavit realizan paro y amagan con mantener protestas\",\"isPartOf\":{\"@id\":\"https:\\\/\\\/centrourbano.com\\\/revista\\\/#website\"},\"primaryImageOfPage\":{\"@id\":\"https:\\\/\\\/centrourbano.com\\\/revista\\\/vivienda\\\/trabajadores-infonavit-paro\\\/#primaryimage\"},\"image\":{\"@id\":\"https:\\\/\\\/centrourbano.com\\\/revista\\\/vivienda\\\/trabajadores-infonavit-paro\\\/#primaryimage\"},\"thumbnailUrl\":\"https:\\\/\\\/centrourbano.com\\\/revista\\\/wp-content\\\/uploads\\\/Trabajadores-Infonavit-Paro.jpg\",\"datePublished\":\"2019-12-13T17:00:00+00:00\",\"dateModified\":\"2019-12-13T18:43:48+00:00\",\"description\":\"El Sindicato Nacional de Trabajadores del Infonavit (Sntinfonavit) realiz\u00f3 un paro a nivel nacional. El organismo de representaci\u00f3n laboral exigi\u00f3...\",\"breadcrumb\":{\"@id\":\"https:\\\/\\\/centrourbano.com\\\/revista\\\/vivienda\\\/trabajadores-infonavit-paro\\\/#breadcrumb\"},\"inLanguage\":\"es\",\"potentialAction\":[{\"@type\":\"ReadAction\",\"target\":[\"https:\\\/\\\/centrourbano.com\\\/revista\\\/vivienda\\\/trabajadores-infonavit-paro\\\/\"]}]},{\"@type\":\"ImageObject\",\"inLanguage\":\"es\",\"@id\":\"https:\\\/\\\/centrourbano.com\\\/revista\\\/vivienda\\\/trabajadores-infonavit-paro\\\/#primaryimage\",\"url\":\"https:\\\/\\\/centrourbano.com\\\/revista\\\/wp-content\\\/uploads\\\/Trabajadores-Infonavit-Paro.jpg\",\"contentUrl\":\"https:\\\/\\\/centrourbano.com\\\/revista\\\/wp-content\\\/uploads\\\/Trabajadores-Infonavit-Paro.jpg\",\"width\":800,\"height\":600,\"caption\":\"Trabajadores-Infonavit-Paro\"},{\"@type\":\"BreadcrumbList\",\"@id\":\"https:\\\/\\\/centrourbano.com\\\/revista\\\/vivienda\\\/trabajadores-infonavit-paro\\\/#breadcrumb\",\"itemListElement\":[{\"@type\":\"ListItem\",\"position\":1,\"name\":\"Portada\",\"item\":\"https:\\\/\\\/centrourbano.com\\\/revista\\\/\"},{\"@type\":\"ListItem\",\"position\":2,\"name\":\"Trabajadores del Infonavit se van a paro nacional\"}]},{\"@type\":\"WebSite\",\"@id\":\"https:\\\/\\\/centrourbano.com\\\/revista\\\/#website\",\"url\":\"https:\\\/\\\/centrourbano.com\\\/revista\\\/\",\"name\":\"Centro Urbano\",\"description\":\"Medio especializado en los sectores vivienda, inmobiliario, construcci\u00f3n, arquitectura y urbanismo.\",\"publisher\":{\"@id\":\"https:\\\/\\\/centrourbano.com\\\/revista\\\/#organization\"},\"potentialAction\":[{\"@type\":\"SearchAction\",\"target\":{\"@type\":\"EntryPoint\",\"urlTemplate\":\"https:\\\/\\\/centrourbano.com\\\/revista\\\/?s={search_term_string}\"},\"query-input\":{\"@type\":\"PropertyValueSpecification\",\"valueRequired\":true,\"valueName\":\"search_term_string\"}}],\"inLanguage\":\"es\"},{\"@type\":\"Organization\",\"@id\":\"https:\\\/\\\/centrourbano.com\\\/revista\\\/#organization\",\"name\":\"Centro Urbano\",\"url\":\"https:\\\/\\\/centrourbano.com\\\/revista\\\/\",\"logo\":{\"@type\":\"ImageObject\",\"inLanguage\":\"es\",\"@id\":\"https:\\\/\\\/centrourbano.com\\\/revista\\\/#\\\/schema\\\/logo\\\/image\\\/\",\"url\":\"https:\\\/\\\/centrourbano.com\\\/revista\\\/wp-content\\\/uploads\\\/web_CU_logo-1.png\",\"contentUrl\":\"https:\\\/\\\/centrourbano.com\\\/revista\\\/wp-content\\\/uploads\\\/web_CU_logo-1.png\",\"width\":350,\"height\":91,\"caption\":\"Centro Urbano\"},\"image\":{\"@id\":\"https:\\\/\\\/centrourbano.com\\\/revista\\\/#\\\/schema\\\/logo\\\/image\\\/\"},\"sameAs\":[\"https:\\\/\\\/www.facebook.com\\\/portalcentrourbano\",\"https:\\\/\\\/x.com\\\/CentroUrbano\",\"https:\\\/\\\/www.instagram.com\\\/centro_urbano\\\/\",\"https:\\\/\\\/www.linkedin.com\\\/company\\\/centro-urbano\\\/\",\"http:\\\/\\\/www.youtube.com\\\/user\\\/portalcentrourbano\"]},{\"@type\":\"Person\",\"@id\":\"https:\\\/\\\/centrourbano.com\\\/revista\\\/#\\\/schema\\\/person\\\/5259f06e282c59482812d0e9a84a6440\",\"name\":\"Redacci\u00f3n Centro Urbano\",\"image\":{\"@type\":\"ImageObject\",\"inLanguage\":\"es\",\"@id\":\"https:\\\/\\\/secure.gravatar.com\\\/avatar\\\/15a789f894398c0f311f3a7a2ee28032bbc0483098539da66b6a045aa810bf35?s=96&d=mm&r=g\",\"url\":\"https:\\\/\\\/secure.gravatar.com\\\/avatar\\\/15a789f894398c0f311f3a7a2ee28032bbc0483098539da66b6a045aa810bf35?s=96&d=mm&r=g\",\"contentUrl\":\"https:\\\/\\\/secure.gravatar.com\\\/avatar\\\/15a789f894398c0f311f3a7a2ee28032bbc0483098539da66b6a045aa810bf35?s=96&d=mm&r=g\",\"caption\":\"Redacci\u00f3n Centro Urbano\"},\"url\":\"https:\\\/\\\/centrourbano.com\\\/revista\\\/author\\\/editorial\\\/\"}]}<\/script>\n<!-- \/ Yoast SEO plugin. -->","yoast_head_json":{"title":"Trabajadores Infonavit realizan paro y amagan con mantener protestas","description":"El Sindicato Nacional de Trabajadores del Infonavit (Sntinfonavit) realiz\u00f3 un paro a nivel nacional. El organismo de representaci\u00f3n laboral exigi\u00f3...","robots":{"index":"index","follow":"follow","max-snippet":"max-snippet:-1","max-image-preview":"max-image-preview:large","max-video-preview":"max-video-preview:-1"},"canonical":"https:\/\/centrourbano.com\/revista\/vivienda\/trabajadores-infonavit-paro\/","og_locale":"es_ES","og_type":"article","og_title":"Trabajadores Infonavit realizan paro y amagan con mantener protestas","og_description":"El Sindicato Nacional de Trabajadores del Infonavit (Sntinfonavit) realiz\u00f3 un paro a nivel nacional. El organismo de representaci\u00f3n laboral exigi\u00f3...","og_url":"https:\/\/centrourbano.com\/revista\/vivienda\/trabajadores-infonavit-paro\/","og_site_name":"Centro Urbano","article_publisher":"https:\/\/www.facebook.com\/portalcentrourbano","article_published_time":"2019-12-13T17:00:00+00:00","article_modified_time":"2019-12-13T18:43:48+00:00","og_image":[{"width":800,"height":600,"url":"https:\/\/centrourbano.com\/revista\/wp-content\/uploads\/Trabajadores-Infonavit-Paro.jpg","type":"image\/jpeg"}],"author":"Redacci\u00f3n Centro Urbano","twitter_card":"summary_large_image","twitter_creator":"@CentroUrbano","twitter_site":"@CentroUrbano","twitter_misc":{"Escrito por":"Redacci\u00f3n Centro Urbano","Tiempo de lectura":"1 minuto"},"schema":{"@context":"https:\/\/schema.org","@graph":[{"@type":"Article","@id":"https:\/\/centrourbano.com\/revista\/vivienda\/trabajadores-infonavit-paro\/#article","isPartOf":{"@id":"https:\/\/centrourbano.com\/revista\/vivienda\/trabajadores-infonavit-paro\/"},"author":{"name":"Redacci\u00f3n Centro Urbano","@id":"https:\/\/centrourbano.com\/revista\/#\/schema\/person\/5259f06e282c59482812d0e9a84a6440"},"headline":"Trabajadores del Infonavit se van a paro nacional","datePublished":"2019-12-13T17:00:00+00:00","dateModified":"2019-12-13T18:43:48+00:00","mainEntityOfPage":{"@id":"https:\/\/centrourbano.com\/revista\/vivienda\/trabajadores-infonavit-paro\/"},"wordCount":301,"commentCount":0,"publisher":{"@id":"https:\/\/centrourbano.com\/revista\/#organization"},"image":{"@id":"https:\/\/centrourbano.com\/revista\/vivienda\/trabajadores-infonavit-paro\/#primaryimage"},"thumbnailUrl":"https:\/\/centrourbano.com\/revista\/wp-content\/uploads\/Trabajadores-Infonavit-Paro.jpg","articleSection":["Vivienda"],"inLanguage":"es","potentialAction":[{"@type":"CommentAction","name":"Comment","target":["https:\/\/centrourbano.com\/revista\/vivienda\/trabajadores-infonavit-paro\/#respond"]}]},{"@type":"WebPage","@id":"https:\/\/centrourbano.com\/revista\/vivienda\/trabajadores-infonavit-paro\/","url":"https:\/\/centrourbano.com\/revista\/vivienda\/trabajadores-infonavit-paro\/","name":"Trabajadores Infonavit realizan paro y amagan con mantener protestas","isPartOf":{"@id":"https:\/\/centrourbano.com\/revista\/#website"},"primaryImageOfPage":{"@id":"https:\/\/centrourbano.com\/revista\/vivienda\/trabajadores-infonavit-paro\/#primaryimage"},"image":{"@id":"https:\/\/centrourbano.com\/revista\/vivienda\/trabajadores-infonavit-paro\/#primaryimage"},"thumbnailUrl":"https:\/\/centrourbano.com\/revista\/wp-content\/uploads\/Trabajadores-Infonavit-Paro.jpg","datePublished":"2019-12-13T17:00:00+00:00","dateModified":"2019-12-13T18:43:48+00:00","description":"El Sindicato Nacional de Trabajadores del Infonavit (Sntinfonavit) realiz\u00f3 un paro a nivel nacional. El organismo de representaci\u00f3n laboral exigi\u00f3...","breadcrumb":{"@id":"https:\/\/centrourbano.com\/revista\/vivienda\/trabajadores-infonavit-paro\/#breadcrumb"},"inLanguage":"es","potentialAction":[{"@type":"ReadAction","target":["https:\/\/centrourbano.com\/revista\/vivienda\/trabajadores-infonavit-paro\/"]}]},{"@type":"ImageObject","inLanguage":"es","@id":"https:\/\/centrourbano.com\/revista\/vivienda\/trabajadores-infonavit-paro\/#primaryimage","url":"https:\/\/centrourbano.com\/revista\/wp-content\/uploads\/Trabajadores-Infonavit-Paro.jpg","contentUrl":"https:\/\/centrourbano.com\/revista\/wp-content\/uploads\/Trabajadores-Infonavit-Paro.jpg","width":800,"height":600,"caption":"Trabajadores-Infonavit-Paro"},{"@type":"BreadcrumbList","@id":"https:\/\/centrourbano.com\/revista\/vivienda\/trabajadores-infonavit-paro\/#breadcrumb","itemListElement":[{"@type":"ListItem","position":1,"name":"Portada","item":"https:\/\/centrourbano.com\/revista\/"},{"@type":"ListItem","position":2,"name":"Trabajadores del Infonavit se van a paro nacional"}]},{"@type":"WebSite","@id":"https:\/\/centrourbano.com\/revista\/#website","url":"https:\/\/centrourbano.com\/revista\/","name":"Centro Urbano","description":"Medio especializado en los sectores vivienda, inmobiliario, construcci\u00f3n, arquitectura y urbanismo.","publisher":{"@id":"https:\/\/centrourbano.com\/revista\/#organization"},"potentialAction":[{"@type":"SearchAction","target":{"@type":"EntryPoint","urlTemplate":"https:\/\/centrourbano.com\/revista\/?s={search_term_string}"},"query-input":{"@type":"PropertyValueSpecification","valueRequired":true,"valueName":"search_term_string"}}],"inLanguage":"es"},{"@type":"Organization","@id":"https:\/\/centrourbano.com\/revista\/#organization","name":"Centro Urbano","url":"https:\/\/centrourbano.com\/revista\/","logo":{"@type":"ImageObject","inLanguage":"es","@id":"https:\/\/centrourbano.com\/revista\/#\/schema\/logo\/image\/","url":"https:\/\/centrourbano.com\/revista\/wp-content\/uploads\/web_CU_logo-1.png","contentUrl":"https:\/\/centrourbano.com\/revista\/wp-content\/uploads\/web_CU_logo-1.png","width":350,"height":91,"caption":"Centro Urbano"},"image":{"@id":"https:\/\/centrourbano.com\/revista\/#\/schema\/logo\/image\/"},"sameAs":["https:\/\/www.facebook.com\/portalcentrourbano","https:\/\/x.com\/CentroUrbano","https:\/\/www.instagram.com\/centro_urbano\/","https:\/\/www.linkedin.com\/company\/centro-urbano\/","http:\/\/www.youtube.com\/user\/portalcentrourbano"]},{"@type":"Person","@id":"https:\/\/centrourbano.com\/revista\/#\/schema\/person\/5259f06e282c59482812d0e9a84a6440","name":"Redacci\u00f3n Centro Urbano","image":{"@type":"ImageObject","inLanguage":"es","@id":"https:\/\/secure.gravatar.com\/avatar\/15a789f894398c0f311f3a7a2ee28032bbc0483098539da66b6a045aa810bf35?s=96&d=mm&r=g","url":"https:\/\/secure.gravatar.com\/avatar\/15a789f894398c0f311f3a7a2ee28032bbc0483098539da66b6a045aa810bf35?s=96&d=mm&r=g","contentUrl":"https:\/\/secure.gravatar.com\/avatar\/15a789f894398c0f311f3a7a2ee28032bbc0483098539da66b6a045aa810bf35?s=96&d=mm&r=g","caption":"Redacci\u00f3n Centro Urbano"},"url":"https:\/\/centrourbano.com\/revista\/author\/editorial\/"}]}},"_links":{"self":[{"href":"https:\/\/centrourbano.com\/revista\/wp-json\/wp\/v2\/posts\/100326","targetHints":{"allow":["GET"]}}],"collection":[{"href":"https:\/\/centrourbano.com\/revista\/wp-json\/wp\/v2\/posts"}],"about":[{"href":"https:\/\/centrourbano.com\/revista\/wp-json\/wp\/v2\/types\/post"}],"author":[{"embeddable":true,"href":"https:\/\/centrourbano.com\/revista\/wp-json\/wp\/v2\/users\/14"}],"replies":[{"embeddable":true,"href":"https:\/\/centrourbano.com\/revista\/wp-json\/wp\/v2\/comments?post=100326"}],"version-history":[{"count":2,"href":"https:\/\/centrourbano.com\/revista\/wp-json\/wp\/v2\/posts\/100326\/revisions"}],"predecessor-version":[{"id":100330,"href":"https:\/\/centrourbano.com\/revista\/wp-json\/wp\/v2\/posts\/100326\/revisions\/100330"}],"wp:featuredmedia":[{"embeddable":true,"href":"https:\/\/centrourbano.com\/revista\/wp-json\/wp\/v2\/media\/100328"}],"wp:attachment":[{"href":"https:\/\/centrourbano.com\/revista\/wp-json\/wp\/v2\/media?parent=100326"}],"wp:term":[{"taxonomy":"category","embeddable":true,"href":"https:\/\/centrourbano.com\/revista\/wp-json\/wp\/v2\/categories?post=100326"},{"taxonomy":"post_tag","embeddable":true,"href":"https:\/\/centrourbano.com\/revista\/wp-json\/wp\/v2\/tags?post=100326"}],"curies":[{"name":"wp","href":"https:\/\/api.w.org\/{rel}","templated":true}]}}