{"id":100227,"date":"2019-12-13T08:15:50","date_gmt":"2019-12-13T14:15:50","guid":{"rendered":"https:\/\/centrourbano.com\/?p=100227"},"modified":"2019-12-13T08:15:57","modified_gmt":"2019-12-13T14:15:57","slug":"ley-desarrollo-metropolitano","status":"publish","type":"post","link":"https:\/\/centrourbano.com\/revista\/urbanismo\/ley-desarrollo-metropolitano\/","title":{"rendered":"Ley de Desarrollo Metropolitano requiere \u00e9nfasis en seguridad y movilidad: diputados"},"content":{"rendered":"<p><em>El objetivo de la iniciativa de Ley es crear un espacio para lo metropolitano, que es subyacente cuando se requiere atender problemas comunes<\/em><!--more--><\/p>\n<p>En el marco de la d\u00e9cimo primera reuni\u00f3n ordinaria de la <strong>Comisi\u00f3n de Desarrollo Metropolitano, Urbano, Ordenamiento Territorial y Movilidad<\/strong> <strong>de la C\u00e1mara de Diputados,<\/strong> legisladores locales y autoridades de Hidalgo, Estado de M\u00e9xico y Ciudad de M\u00e9xico se dieron cita para discutir aspectos en torno al proyecto de <strong>Ley de Desarrollo para la Zona Metropolitana del Valle de M\u00e9xico.<\/strong><\/p>\n<p>Al respecto, la <strong>presidenta de la Comisi\u00f3n, diputada Pilar Lozano Mac Donald,<\/strong> destac\u00f3 la voluntad pol\u00edtica de las dependencias, alcald\u00edas y municipios de las entidades que conforman la zona metropolitana del centro del pa\u00eds, de trabajar coordinadamente para elaborar un marco legal en beneficio de la zona.<\/p>\n<p>El <strong>diputado Javier Ariel Hidalgo Ponce, secretario de la Comisi\u00f3n<\/strong>, afirm\u00f3 que, de aprobarse, la Ley permitir\u00e1 resolver los problemas de gobernanza de las entidades que conviven en un solo espacio urbano, sin embargo, a\u00fan hay dudas sobre la planeaci\u00f3n en materia de movilidad y vivienda.<\/p>\n<p>Por su parte, la <strong>diputada Aleida Alavez Ruiz<\/strong> se\u00f1al\u00f3 que la legislaci\u00f3n contribuir\u00e1 a encontrar un dise\u00f1o de pol\u00edtica p\u00fablica en el \u00e1mbito territorial, por lo que deber\u00e1 incluir la Nueva Agenda Urbana de la que se habla en encuentros internacionales: \u201cRequerimos que impulse acciones en protecci\u00f3n civil, sobre todo en seguridad, lo cual ha sido una denuncia constante que permea en las vialidades que conectan alcald\u00edas y municipios\u201d.<\/p>\n<p>Asimismo, el <strong>diputado Francisco Javier Sald\u00edvar Camacho, secretario de la Comisi\u00f3n,<\/strong> subray\u00f3 que la iniciativa debe incluir el asunto de los contrastes de urbanidad en cada zona metropolitana, como el \u00e1rea comercial y residencial de Santa Fe con el resto de la poblaci\u00f3n.<\/p>\n<p><strong>Ren\u00e9 Cervera Garc\u00eda, subsecretario de Coordinaci\u00f3n Metropolitana y Enlace Gubernamental de la Ciudad de M\u00e9xico<\/strong>, expuso que el objetivo de la iniciativa de <strong>Ley de Desarrollo Metropolitano<\/strong> es crear un espacio para lo metropolitano, pues es subyacente en muchas situaciones, especialmente cuando se requiere atender problemas comunes: \u201cHay situaciones cr\u00edticas que devienen de la interacci\u00f3n de ciudadanos. Hay 14 millones por la tarde en la Ciudad de M\u00e9xico y 9 millones pernoctan en ella\u201d.<\/p>\n<p>Adem\u00e1s, explic\u00f3 que la iniciativa no solo propone la coordinaci\u00f3n metropolitana, sino que reconoce los elementos concurrentes como la Federaci\u00f3n, gobiernos y municipios de la zona conurbada.<\/p>\n<p>Finalmente, <strong>Pablo Bas\u00e1\u00f1ez Garc\u00eda, subsecretario de Desarrollo Metropolitano del Estado de M\u00e9xico<\/strong>, destac\u00f3 que el proyecto es producto de la cooperaci\u00f3n entre las entidades involucradas: \u201cSe gesta en las tres legislaturas de los tres estados y responde a un nuevo entendimiento metropolitano que quiere incidir para retomar la necesidad de un cambio para hacer la habitabilidad m\u00e1s amigable. Atender\u00e1 problemas de movilidad, tratamiento de residuos s\u00f3lidos y de agua\u201d.<\/p>\n<p><strong>Graciela Jim\u00e9nez Islas, coordinadora general de planeaci\u00f3n para el Desarrollo Regional y Metropolitano del estado de Hidalgo,<\/strong> agreg\u00f3 que el marco legal propuesto persigue objetivos espec\u00edficos con car\u00e1cter estrat\u00e9gico e incluyente, con el prop\u00f3sito de que las metas no se queden s\u00f3lo en grandes ideas: \u201cSe busca un crecimiento ordenado a la par de una mejor calidad de vida, as\u00ed como una identidad metropolitana\u201d.<\/p>\n","protected":false},"excerpt":{"rendered":"<p>El objetivo de la iniciativa de Ley es crear un espacio para lo metropolitano, que es subyacente cuando se requiere atender problemas comunes<\/p>\n","protected":false},"author":73,"featured_media":100230,"comment_status":"open","ping_status":"closed","sticky":false,"template":"","format":"standard","meta":{"om_disable_all_campaigns":false,"inline_featured_image":false,"_monsterinsights_skip_tracking":false,"_monsterinsights_sitenote_active":false,"_monsterinsights_sitenote_note":"","_monsterinsights_sitenote_category":0,"footnotes":""},"categories":[82],"tags":[606,15752,589,304,16260],"class_list":["post-100227","post","type-post","status-publish","format-standard","has-post-thumbnail","hentry","category-urbanismo","tag-cdmx","tag-comision-de-desarrollo-metropolitano-urbano-ordenamiento-territorial-y-movilidad","tag-edomex","tag-hidalgo","tag-ley-de-desarrollo-metropolitano-del-valle-de-mexico"],"yoast_head":"<!-- This site is optimized with the Yoast SEO plugin v27.5 - https:\/\/yoast.com\/product\/yoast-seo-wordpress\/ -->\n<title>Ley de Desarrollo Metropolitano requiere \u00e9nfasis en seguridad y movilidad<\/title>\n<meta name=\"description\" content=\"El objetivo de la iniciativa de Ley es crear un espacio para lo metropolitano, que es subyacente cuando se requiere atender problemas comunes\" \/>\n<meta name=\"robots\" content=\"index, follow, max-snippet:-1, max-image-preview:large, max-video-preview:-1\" \/>\n<link rel=\"canonical\" href=\"https:\/\/centrourbano.com\/revista\/urbanismo\/ley-desarrollo-metropolitano\/\" \/>\n<meta property=\"og:locale\" content=\"es_ES\" \/>\n<meta property=\"og:type\" content=\"article\" \/>\n<meta property=\"og:title\" content=\"Ley de Desarrollo Metropolitano requiere \u00e9nfasis en seguridad y movilidad\" \/>\n<meta property=\"og:description\" content=\"El objetivo de la iniciativa de Ley es crear un espacio para lo metropolitano, que es subyacente cuando se requiere atender problemas comunes\" \/>\n<meta property=\"og:url\" content=\"https:\/\/centrourbano.com\/revista\/urbanismo\/ley-desarrollo-metropolitano\/\" \/>\n<meta property=\"og:site_name\" content=\"Centro Urbano\" \/>\n<meta property=\"article:publisher\" content=\"https:\/\/www.facebook.com\/portalcentrourbano\" \/>\n<meta property=\"article:published_time\" content=\"2019-12-13T14:15:50+00:00\" \/>\n<meta property=\"article:modified_time\" content=\"2019-12-13T14:15:57+00:00\" \/>\n<meta property=\"og:image\" content=\"https:\/\/centrourbano.com\/revista\/wp-content\/uploads\/Ley-de-Desarrollo-Metropolitano-requiere-\u00e9nfasis-en-seguridad-y-movilidad.jpg\" \/>\n\t<meta property=\"og:image:width\" content=\"798\" \/>\n\t<meta property=\"og:image:height\" content=\"532\" \/>\n\t<meta property=\"og:image:type\" content=\"image\/jpeg\" \/>\n<meta name=\"author\" content=\"Fernanda Hern\u00e1ndez\" \/>\n<meta name=\"twitter:card\" content=\"summary_large_image\" \/>\n<meta name=\"twitter:creator\" content=\"@https:\/\/twitter.com\/Nannz_Hernandez\" \/>\n<meta name=\"twitter:site\" content=\"@CentroUrbano\" \/>\n<meta name=\"twitter:label1\" content=\"Escrito por\" \/>\n\t<meta name=\"twitter:data1\" content=\"Fernanda Hern\u00e1ndez\" \/>\n\t<meta name=\"twitter:label2\" content=\"Tiempo de lectura\" \/>\n\t<meta name=\"twitter:data2\" content=\"3 minutos\" \/>\n<script type=\"application\/ld+json\" class=\"yoast-schema-graph\">{\"@context\":\"https:\\\/\\\/schema.org\",\"@graph\":[{\"@type\":\"Article\",\"@id\":\"https:\\\/\\\/centrourbano.com\\\/revista\\\/urbanismo\\\/ley-desarrollo-metropolitano\\\/#article\",\"isPartOf\":{\"@id\":\"https:\\\/\\\/centrourbano.com\\\/revista\\\/urbanismo\\\/ley-desarrollo-metropolitano\\\/\"},\"author\":{\"name\":\"Fernanda Hern\u00e1ndez\",\"@id\":\"https:\\\/\\\/centrourbano.com\\\/revista\\\/#\\\/schema\\\/person\\\/b190b20bbbceb41ec72278c546fa8df3\"},\"headline\":\"Ley de Desarrollo Metropolitano requiere \u00e9nfasis en seguridad y movilidad: diputados\",\"datePublished\":\"2019-12-13T14:15:50+00:00\",\"dateModified\":\"2019-12-13T14:15:57+00:00\",\"mainEntityOfPage\":{\"@id\":\"https:\\\/\\\/centrourbano.com\\\/revista\\\/urbanismo\\\/ley-desarrollo-metropolitano\\\/\"},\"wordCount\":577,\"commentCount\":0,\"publisher\":{\"@id\":\"https:\\\/\\\/centrourbano.com\\\/revista\\\/#organization\"},\"image\":{\"@id\":\"https:\\\/\\\/centrourbano.com\\\/revista\\\/urbanismo\\\/ley-desarrollo-metropolitano\\\/#primaryimage\"},\"thumbnailUrl\":\"https:\\\/\\\/centrourbano.com\\\/revista\\\/wp-content\\\/uploads\\\/Ley-de-Desarrollo-Metropolitano-requiere-\u00e9nfasis-en-seguridad-y-movilidad.jpg\",\"keywords\":[\"CDMX\",\"Comisi\u00f3n de Desarrollo Metropolitano Urbano Ordenamiento Territorial y Movilidad\",\"Edomex\",\"Hidalgo\",\"Ley de Desarrollo Metropolitano del Valle de M\u00e9xico\"],\"articleSection\":[\"Urbanismo\"],\"inLanguage\":\"es\",\"potentialAction\":[{\"@type\":\"CommentAction\",\"name\":\"Comment\",\"target\":[\"https:\\\/\\\/centrourbano.com\\\/revista\\\/urbanismo\\\/ley-desarrollo-metropolitano\\\/#respond\"]}]},{\"@type\":\"WebPage\",\"@id\":\"https:\\\/\\\/centrourbano.com\\\/revista\\\/urbanismo\\\/ley-desarrollo-metropolitano\\\/\",\"url\":\"https:\\\/\\\/centrourbano.com\\\/revista\\\/urbanismo\\\/ley-desarrollo-metropolitano\\\/\",\"name\":\"Ley de Desarrollo Metropolitano requiere \u00e9nfasis en seguridad y movilidad\",\"isPartOf\":{\"@id\":\"https:\\\/\\\/centrourbano.com\\\/revista\\\/#website\"},\"primaryImageOfPage\":{\"@id\":\"https:\\\/\\\/centrourbano.com\\\/revista\\\/urbanismo\\\/ley-desarrollo-metropolitano\\\/#primaryimage\"},\"image\":{\"@id\":\"https:\\\/\\\/centrourbano.com\\\/revista\\\/urbanismo\\\/ley-desarrollo-metropolitano\\\/#primaryimage\"},\"thumbnailUrl\":\"https:\\\/\\\/centrourbano.com\\\/revista\\\/wp-content\\\/uploads\\\/Ley-de-Desarrollo-Metropolitano-requiere-\u00e9nfasis-en-seguridad-y-movilidad.jpg\",\"datePublished\":\"2019-12-13T14:15:50+00:00\",\"dateModified\":\"2019-12-13T14:15:57+00:00\",\"description\":\"El objetivo de la iniciativa de Ley es crear un espacio para lo metropolitano, que es subyacente cuando se requiere atender problemas comunes\",\"breadcrumb\":{\"@id\":\"https:\\\/\\\/centrourbano.com\\\/revista\\\/urbanismo\\\/ley-desarrollo-metropolitano\\\/#breadcrumb\"},\"inLanguage\":\"es\",\"potentialAction\":[{\"@type\":\"ReadAction\",\"target\":[\"https:\\\/\\\/centrourbano.com\\\/revista\\\/urbanismo\\\/ley-desarrollo-metropolitano\\\/\"]}]},{\"@type\":\"ImageObject\",\"inLanguage\":\"es\",\"@id\":\"https:\\\/\\\/centrourbano.com\\\/revista\\\/urbanismo\\\/ley-desarrollo-metropolitano\\\/#primaryimage\",\"url\":\"https:\\\/\\\/centrourbano.com\\\/revista\\\/wp-content\\\/uploads\\\/Ley-de-Desarrollo-Metropolitano-requiere-\u00e9nfasis-en-seguridad-y-movilidad.jpg\",\"contentUrl\":\"https:\\\/\\\/centrourbano.com\\\/revista\\\/wp-content\\\/uploads\\\/Ley-de-Desarrollo-Metropolitano-requiere-\u00e9nfasis-en-seguridad-y-movilidad.jpg\",\"width\":798,\"height\":532,\"caption\":\"El objetivo de la iniciativa de Ley es crear un espacio para lo metropolitano, que es subyacente cuando se requiere atender problemas comunes\"},{\"@type\":\"BreadcrumbList\",\"@id\":\"https:\\\/\\\/centrourbano.com\\\/revista\\\/urbanismo\\\/ley-desarrollo-metropolitano\\\/#breadcrumb\",\"itemListElement\":[{\"@type\":\"ListItem\",\"position\":1,\"name\":\"Portada\",\"item\":\"https:\\\/\\\/centrourbano.com\\\/revista\\\/\"},{\"@type\":\"ListItem\",\"position\":2,\"name\":\"Ley de Desarrollo Metropolitano requiere \u00e9nfasis en seguridad y movilidad: diputados\"}]},{\"@type\":\"WebSite\",\"@id\":\"https:\\\/\\\/centrourbano.com\\\/revista\\\/#website\",\"url\":\"https:\\\/\\\/centrourbano.com\\\/revista\\\/\",\"name\":\"Centro Urbano\",\"description\":\"Medio especializado en los sectores vivienda, inmobiliario, construcci\u00f3n, arquitectura y urbanismo.\",\"publisher\":{\"@id\":\"https:\\\/\\\/centrourbano.com\\\/revista\\\/#organization\"},\"potentialAction\":[{\"@type\":\"SearchAction\",\"target\":{\"@type\":\"EntryPoint\",\"urlTemplate\":\"https:\\\/\\\/centrourbano.com\\\/revista\\\/?s={search_term_string}\"},\"query-input\":{\"@type\":\"PropertyValueSpecification\",\"valueRequired\":true,\"valueName\":\"search_term_string\"}}],\"inLanguage\":\"es\"},{\"@type\":\"Organization\",\"@id\":\"https:\\\/\\\/centrourbano.com\\\/revista\\\/#organization\",\"name\":\"Centro Urbano\",\"url\":\"https:\\\/\\\/centrourbano.com\\\/revista\\\/\",\"logo\":{\"@type\":\"ImageObject\",\"inLanguage\":\"es\",\"@id\":\"https:\\\/\\\/centrourbano.com\\\/revista\\\/#\\\/schema\\\/logo\\\/image\\\/\",\"url\":\"https:\\\/\\\/centrourbano.com\\\/revista\\\/wp-content\\\/uploads\\\/web_CU_logo-1.png\",\"contentUrl\":\"https:\\\/\\\/centrourbano.com\\\/revista\\\/wp-content\\\/uploads\\\/web_CU_logo-1.png\",\"width\":350,\"height\":91,\"caption\":\"Centro Urbano\"},\"image\":{\"@id\":\"https:\\\/\\\/centrourbano.com\\\/revista\\\/#\\\/schema\\\/logo\\\/image\\\/\"},\"sameAs\":[\"https:\\\/\\\/www.facebook.com\\\/portalcentrourbano\",\"https:\\\/\\\/x.com\\\/CentroUrbano\",\"https:\\\/\\\/www.instagram.com\\\/centro_urbano\\\/\",\"https:\\\/\\\/www.linkedin.com\\\/company\\\/centro-urbano\\\/\",\"http:\\\/\\\/www.youtube.com\\\/user\\\/portalcentrourbano\"]},{\"@type\":\"Person\",\"@id\":\"https:\\\/\\\/centrourbano.com\\\/revista\\\/#\\\/schema\\\/person\\\/b190b20bbbceb41ec72278c546fa8df3\",\"name\":\"Fernanda Hern\u00e1ndez\",\"image\":{\"@type\":\"ImageObject\",\"inLanguage\":\"es\",\"@id\":\"https:\\\/\\\/secure.gravatar.com\\\/avatar\\\/9471831fb0a24eae9d32d826a7cb8ef07c34a41520aca1a0ab1f5c0903ba49b9?s=96&d=mm&r=g\",\"url\":\"https:\\\/\\\/secure.gravatar.com\\\/avatar\\\/9471831fb0a24eae9d32d826a7cb8ef07c34a41520aca1a0ab1f5c0903ba49b9?s=96&d=mm&r=g\",\"contentUrl\":\"https:\\\/\\\/secure.gravatar.com\\\/avatar\\\/9471831fb0a24eae9d32d826a7cb8ef07c34a41520aca1a0ab1f5c0903ba49b9?s=96&d=mm&r=g\",\"caption\":\"Fernanda Hern\u00e1ndez\"},\"description\":\"Reportera y redactora en Centro Urbano. Soy egresada de la licenciatura en Ciencias de la Comunicaci\u00f3n de la Facultad de Ciencias Pol\u00edticas y Sociales (UNAM). Me interesa la cultura, el urbanismo y la arquitectura. Amante del mundo digital, el cine, la m\u00fasica, la lectura y la escritura.\",\"sameAs\":[\"https:\\\/\\\/x.com\\\/https:\\\/\\\/twitter.com\\\/Nannz_Hernandez\"],\"url\":\"https:\\\/\\\/centrourbano.com\\\/revista\\\/author\\\/fernanda-hernandez\\\/\"}]}<\/script>\n<!-- \/ Yoast SEO plugin. -->","yoast_head_json":{"title":"Ley de Desarrollo Metropolitano requiere \u00e9nfasis en seguridad y movilidad","description":"El objetivo de la iniciativa de Ley es crear un espacio para lo metropolitano, que es subyacente cuando se requiere atender problemas comunes","robots":{"index":"index","follow":"follow","max-snippet":"max-snippet:-1","max-image-preview":"max-image-preview:large","max-video-preview":"max-video-preview:-1"},"canonical":"https:\/\/centrourbano.com\/revista\/urbanismo\/ley-desarrollo-metropolitano\/","og_locale":"es_ES","og_type":"article","og_title":"Ley de Desarrollo Metropolitano requiere \u00e9nfasis en seguridad y movilidad","og_description":"El objetivo de la iniciativa de Ley es crear un espacio para lo metropolitano, que es subyacente cuando se requiere atender problemas comunes","og_url":"https:\/\/centrourbano.com\/revista\/urbanismo\/ley-desarrollo-metropolitano\/","og_site_name":"Centro Urbano","article_publisher":"https:\/\/www.facebook.com\/portalcentrourbano","article_published_time":"2019-12-13T14:15:50+00:00","article_modified_time":"2019-12-13T14:15:57+00:00","og_image":[{"width":798,"height":532,"url":"https:\/\/centrourbano.com\/revista\/wp-content\/uploads\/Ley-de-Desarrollo-Metropolitano-requiere-\u00e9nfasis-en-seguridad-y-movilidad.jpg","type":"image\/jpeg"}],"author":"Fernanda Hern\u00e1ndez","twitter_card":"summary_large_image","twitter_creator":"@https:\/\/twitter.com\/Nannz_Hernandez","twitter_site":"@CentroUrbano","twitter_misc":{"Escrito por":"Fernanda Hern\u00e1ndez","Tiempo de lectura":"3 minutos"},"schema":{"@context":"https:\/\/schema.org","@graph":[{"@type":"Article","@id":"https:\/\/centrourbano.com\/revista\/urbanismo\/ley-desarrollo-metropolitano\/#article","isPartOf":{"@id":"https:\/\/centrourbano.com\/revista\/urbanismo\/ley-desarrollo-metropolitano\/"},"author":{"name":"Fernanda Hern\u00e1ndez","@id":"https:\/\/centrourbano.com\/revista\/#\/schema\/person\/b190b20bbbceb41ec72278c546fa8df3"},"headline":"Ley de Desarrollo Metropolitano requiere \u00e9nfasis en seguridad y movilidad: diputados","datePublished":"2019-12-13T14:15:50+00:00","dateModified":"2019-12-13T14:15:57+00:00","mainEntityOfPage":{"@id":"https:\/\/centrourbano.com\/revista\/urbanismo\/ley-desarrollo-metropolitano\/"},"wordCount":577,"commentCount":0,"publisher":{"@id":"https:\/\/centrourbano.com\/revista\/#organization"},"image":{"@id":"https:\/\/centrourbano.com\/revista\/urbanismo\/ley-desarrollo-metropolitano\/#primaryimage"},"thumbnailUrl":"https:\/\/centrourbano.com\/revista\/wp-content\/uploads\/Ley-de-Desarrollo-Metropolitano-requiere-\u00e9nfasis-en-seguridad-y-movilidad.jpg","keywords":["CDMX","Comisi\u00f3n de Desarrollo Metropolitano Urbano Ordenamiento Territorial y Movilidad","Edomex","Hidalgo","Ley de Desarrollo Metropolitano del Valle de M\u00e9xico"],"articleSection":["Urbanismo"],"inLanguage":"es","potentialAction":[{"@type":"CommentAction","name":"Comment","target":["https:\/\/centrourbano.com\/revista\/urbanismo\/ley-desarrollo-metropolitano\/#respond"]}]},{"@type":"WebPage","@id":"https:\/\/centrourbano.com\/revista\/urbanismo\/ley-desarrollo-metropolitano\/","url":"https:\/\/centrourbano.com\/revista\/urbanismo\/ley-desarrollo-metropolitano\/","name":"Ley de Desarrollo Metropolitano requiere \u00e9nfasis en seguridad y movilidad","isPartOf":{"@id":"https:\/\/centrourbano.com\/revista\/#website"},"primaryImageOfPage":{"@id":"https:\/\/centrourbano.com\/revista\/urbanismo\/ley-desarrollo-metropolitano\/#primaryimage"},"image":{"@id":"https:\/\/centrourbano.com\/revista\/urbanismo\/ley-desarrollo-metropolitano\/#primaryimage"},"thumbnailUrl":"https:\/\/centrourbano.com\/revista\/wp-content\/uploads\/Ley-de-Desarrollo-Metropolitano-requiere-\u00e9nfasis-en-seguridad-y-movilidad.jpg","datePublished":"2019-12-13T14:15:50+00:00","dateModified":"2019-12-13T14:15:57+00:00","description":"El objetivo de la iniciativa de Ley es crear un espacio para lo metropolitano, que es subyacente cuando se requiere atender problemas comunes","breadcrumb":{"@id":"https:\/\/centrourbano.com\/revista\/urbanismo\/ley-desarrollo-metropolitano\/#breadcrumb"},"inLanguage":"es","potentialAction":[{"@type":"ReadAction","target":["https:\/\/centrourbano.com\/revista\/urbanismo\/ley-desarrollo-metropolitano\/"]}]},{"@type":"ImageObject","inLanguage":"es","@id":"https:\/\/centrourbano.com\/revista\/urbanismo\/ley-desarrollo-metropolitano\/#primaryimage","url":"https:\/\/centrourbano.com\/revista\/wp-content\/uploads\/Ley-de-Desarrollo-Metropolitano-requiere-\u00e9nfasis-en-seguridad-y-movilidad.jpg","contentUrl":"https:\/\/centrourbano.com\/revista\/wp-content\/uploads\/Ley-de-Desarrollo-Metropolitano-requiere-\u00e9nfasis-en-seguridad-y-movilidad.jpg","width":798,"height":532,"caption":"El objetivo de la iniciativa de Ley es crear un espacio para lo metropolitano, que es subyacente cuando se requiere atender problemas comunes"},{"@type":"BreadcrumbList","@id":"https:\/\/centrourbano.com\/revista\/urbanismo\/ley-desarrollo-metropolitano\/#breadcrumb","itemListElement":[{"@type":"ListItem","position":1,"name":"Portada","item":"https:\/\/centrourbano.com\/revista\/"},{"@type":"ListItem","position":2,"name":"Ley de Desarrollo Metropolitano requiere \u00e9nfasis en seguridad y movilidad: diputados"}]},{"@type":"WebSite","@id":"https:\/\/centrourbano.com\/revista\/#website","url":"https:\/\/centrourbano.com\/revista\/","name":"Centro Urbano","description":"Medio especializado en los sectores vivienda, inmobiliario, construcci\u00f3n, arquitectura y urbanismo.","publisher":{"@id":"https:\/\/centrourbano.com\/revista\/#organization"},"potentialAction":[{"@type":"SearchAction","target":{"@type":"EntryPoint","urlTemplate":"https:\/\/centrourbano.com\/revista\/?s={search_term_string}"},"query-input":{"@type":"PropertyValueSpecification","valueRequired":true,"valueName":"search_term_string"}}],"inLanguage":"es"},{"@type":"Organization","@id":"https:\/\/centrourbano.com\/revista\/#organization","name":"Centro Urbano","url":"https:\/\/centrourbano.com\/revista\/","logo":{"@type":"ImageObject","inLanguage":"es","@id":"https:\/\/centrourbano.com\/revista\/#\/schema\/logo\/image\/","url":"https:\/\/centrourbano.com\/revista\/wp-content\/uploads\/web_CU_logo-1.png","contentUrl":"https:\/\/centrourbano.com\/revista\/wp-content\/uploads\/web_CU_logo-1.png","width":350,"height":91,"caption":"Centro Urbano"},"image":{"@id":"https:\/\/centrourbano.com\/revista\/#\/schema\/logo\/image\/"},"sameAs":["https:\/\/www.facebook.com\/portalcentrourbano","https:\/\/x.com\/CentroUrbano","https:\/\/www.instagram.com\/centro_urbano\/","https:\/\/www.linkedin.com\/company\/centro-urbano\/","http:\/\/www.youtube.com\/user\/portalcentrourbano"]},{"@type":"Person","@id":"https:\/\/centrourbano.com\/revista\/#\/schema\/person\/b190b20bbbceb41ec72278c546fa8df3","name":"Fernanda Hern\u00e1ndez","image":{"@type":"ImageObject","inLanguage":"es","@id":"https:\/\/secure.gravatar.com\/avatar\/9471831fb0a24eae9d32d826a7cb8ef07c34a41520aca1a0ab1f5c0903ba49b9?s=96&d=mm&r=g","url":"https:\/\/secure.gravatar.com\/avatar\/9471831fb0a24eae9d32d826a7cb8ef07c34a41520aca1a0ab1f5c0903ba49b9?s=96&d=mm&r=g","contentUrl":"https:\/\/secure.gravatar.com\/avatar\/9471831fb0a24eae9d32d826a7cb8ef07c34a41520aca1a0ab1f5c0903ba49b9?s=96&d=mm&r=g","caption":"Fernanda Hern\u00e1ndez"},"description":"Reportera y redactora en Centro Urbano. Soy egresada de la licenciatura en Ciencias de la Comunicaci\u00f3n de la Facultad de Ciencias Pol\u00edticas y Sociales (UNAM). Me interesa la cultura, el urbanismo y la arquitectura. Amante del mundo digital, el cine, la m\u00fasica, la lectura y la escritura.","sameAs":["https:\/\/x.com\/https:\/\/twitter.com\/Nannz_Hernandez"],"url":"https:\/\/centrourbano.com\/revista\/author\/fernanda-hernandez\/"}]}},"_links":{"self":[{"href":"https:\/\/centrourbano.com\/revista\/wp-json\/wp\/v2\/posts\/100227","targetHints":{"allow":["GET"]}}],"collection":[{"href":"https:\/\/centrourbano.com\/revista\/wp-json\/wp\/v2\/posts"}],"about":[{"href":"https:\/\/centrourbano.com\/revista\/wp-json\/wp\/v2\/types\/post"}],"author":[{"embeddable":true,"href":"https:\/\/centrourbano.com\/revista\/wp-json\/wp\/v2\/users\/73"}],"replies":[{"embeddable":true,"href":"https:\/\/centrourbano.com\/revista\/wp-json\/wp\/v2\/comments?post=100227"}],"version-history":[{"count":1,"href":"https:\/\/centrourbano.com\/revista\/wp-json\/wp\/v2\/posts\/100227\/revisions"}],"predecessor-version":[{"id":100231,"href":"https:\/\/centrourbano.com\/revista\/wp-json\/wp\/v2\/posts\/100227\/revisions\/100231"}],"wp:featuredmedia":[{"embeddable":true,"href":"https:\/\/centrourbano.com\/revista\/wp-json\/wp\/v2\/media\/100230"}],"wp:attachment":[{"href":"https:\/\/centrourbano.com\/revista\/wp-json\/wp\/v2\/media?parent=100227"}],"wp:term":[{"taxonomy":"category","embeddable":true,"href":"https:\/\/centrourbano.com\/revista\/wp-json\/wp\/v2\/categories?post=100227"},{"taxonomy":"post_tag","embeddable":true,"href":"https:\/\/centrourbano.com\/revista\/wp-json\/wp\/v2\/tags?post=100227"}],"curies":[{"name":"wp","href":"https:\/\/api.w.org\/{rel}","templated":true}]}}