{"id":100066,"date":"2019-12-06T17:34:14","date_gmt":"2019-12-06T23:34:14","guid":{"rendered":"https:\/\/centrourbano.com\/?p=100066"},"modified":"2019-12-06T17:34:14","modified_gmt":"2019-12-06T23:34:14","slug":"infonavit-negocio-personal","status":"publish","type":"post","link":"https:\/\/centrourbano.com\/revista\/vivienda\/infonavit-negocio-personal\/","title":{"rendered":"Infonavit se convirti\u00f3 en un negocio personal: Mart\u00ednez"},"content":{"rendered":"<p><em>\u00a0El Director General del Infonavit destac\u00f3 que el organismo se encuentra en una nueva etapa <\/em><!--more--><\/p>\n<p>A decir de Carlos Mart\u00ednez, en los \u00faltimos a\u00f1os el Infonavit abandon\u00f3 su funci\u00f3n social, y se convirti\u00f3 en un negocio personal que beneficio a unos cuantos.<\/p>\n<p>Al participar en la Asamblea General 119 del Infonavit, el Director General del organismo destac\u00f3 que esta etapa del organismo se acab\u00f3. Reiter\u00f3 que el Instituto vive \u201cun nuevo comienzo\u201d, en el que busca poner al centro de las decisiones a los trabajadores.<\/p>\n<p>En su menaje, Mart\u00ednez Vel\u00e1zquez manifest\u00f3 que hace un a\u00f1o, a la llegada de la actual administraci\u00f3n, los funcionarios encontraron un Infonavit alejado de su vocaci\u00f3n; \u00abun organismo que med\u00eda sus metas en relaci\u00f3n a los n\u00fameros y no a elevar la calidad de vida de las familias\u00bb.<\/p>\n<p>\u201cHace un a\u00f1o, al acercarnos al Instituto encontramos muchos obst\u00e1culos. Advertimos serias fallas entre ellas ineficiencias e insuficiencias; adem\u00e1s de inercias que hab\u00edan desviado al Infonavit de su misi\u00f3n original\u201d, indic\u00f3.<\/p>\n<h2>Un nuevo camino en el Infonavit<\/h2>\n<p>El funcionario precis\u00f3 que la misi\u00f3n de la nueva a administraci\u00f3n es impulsar una transformaci\u00f3n profunda. Ante ello, indic\u00f3, la Asamblea aprob\u00f3 dos documentos muy importantes que definir\u00e1n el rumbo a seguir el en Instituto: se trata del C\u00f3digo de \u00c9tica y del Plan Estrat\u00e9gico y Financiero para los pr\u00f3ximos cinco a\u00f1os.<\/p>\n<p>\u201cEstos documentos ser\u00e1n la hoja de ruta para implementar nuestras acciones y medir nuestros resultados. Tambi\u00e9n, ser\u00e1n el recordatorio permanente de nuestra misi\u00f3n y de los compromisos que hemos asumido\u201d, manifest\u00f3.<\/p>\n<p>En palabras del Director General, el C\u00f3digo de \u00c9tica ser\u00e1 un documento \u201cque regir\u00e1 nuestra labor desde la dimensi\u00f3n m\u00e1s importante: la probidad. Porque s\u00f3lo siendo un Infonavit m\u00e1s honesto podemos ser un Infonavit eficaz\u201d. Por otro lado, el Plan Estrat\u00e9gico y Financiero, mencion\u00f3, integra de manera coordinada con el Presupuesto y el Plan de Labores, para lograr consistencia entre la narrativa y las acciones emprendidas.<\/p>\n<h2>Infonavit alejado de los trabajadores<\/h2>\n<p>Asimismo, Mart\u00ednez Vel\u00e1zquez a\u00f1adi\u00f3 que en esta nueva etapa la meta ser\u00e1 tomar decisiones en beneficio de los derechohabientes. Por ello, insisti\u00f3, no s\u00f3lo se impulsar\u00e1n nuevos esquemas, sino que se aumentar\u00e1 la eficiencia en el Instituto.<\/p>\n<p>\u201cEl Infonavit se hab\u00eda vuelto un negocio personal para muchos. La ambici\u00f3n privada hab\u00eda sustituido a la vocaci\u00f3n social. A nuestra llegada encontramos compras il\u00f3gicas, precios exorbitantes, adjudicaciones injustificadas; pr\u00e1cticas verdaderamente indignantes.<\/p>\n<p>\u201cExcesos financiados por y a pesar de los trabajadores; de su derecho a la seguridad social; a tener una vivienda adecuada; a construir un patrimonio\u201d.<\/p>\n","protected":false},"excerpt":{"rendered":"<p>\u00a0El Director General del Infonavit destac\u00f3 que el organismo se encuentra en una nueva etapa<\/p>\n","protected":false},"author":47,"featured_media":100067,"comment_status":"open","ping_status":"closed","sticky":false,"template":"","format":"standard","meta":{"om_disable_all_campaigns":false,"inline_featured_image":false,"_monsterinsights_skip_tracking":false,"_monsterinsights_sitenote_active":false,"_monsterinsights_sitenote_note":"","_monsterinsights_sitenote_category":0,"footnotes":""},"categories":[12],"tags":[14572,100,16490,60],"class_list":["post-100066","post","type-post","status-publish","format-standard","has-post-thumbnail","hentry","category-vivienda","tag-carlos-martinez","tag-infonavit","tag-nuevo-comienzo","tag-vivienda-2"],"yoast_head":"<!-- This site is optimized with the Yoast SEO plugin v27.4 - https:\/\/yoast.com\/product\/yoast-seo-wordpress\/ -->\n<title>Infonavit se convirti\u00f3 en en el negocio personal de unos cuantos: Mart\u00ednez<\/title>\n<meta name=\"description\" content=\"A decir de Carlos Mart\u00ednez, en los \u00faltimos a\u00f1os el Infonavit abandon\u00f3 su funci\u00f3n social, y se convirti\u00f3 en un negocio personal que beneficio a unos cuantos.\" \/>\n<meta name=\"robots\" content=\"index, follow, max-snippet:-1, max-image-preview:large, max-video-preview:-1\" \/>\n<link rel=\"canonical\" href=\"https:\/\/centrourbano.com\/revista\/vivienda\/infonavit-negocio-personal\/\" \/>\n<meta property=\"og:locale\" content=\"es_ES\" \/>\n<meta property=\"og:type\" content=\"article\" \/>\n<meta property=\"og:title\" content=\"Infonavit se convirti\u00f3 en en el negocio personal de unos cuantos: Mart\u00ednez\" \/>\n<meta property=\"og:description\" content=\"A decir de Carlos Mart\u00ednez, en los \u00faltimos a\u00f1os el Infonavit abandon\u00f3 su funci\u00f3n social, y se convirti\u00f3 en un negocio personal que beneficio a unos cuantos.\" \/>\n<meta property=\"og:url\" content=\"https:\/\/centrourbano.com\/revista\/vivienda\/infonavit-negocio-personal\/\" \/>\n<meta property=\"og:site_name\" content=\"Centro Urbano\" \/>\n<meta property=\"article:publisher\" content=\"https:\/\/www.facebook.com\/portalcentrourbano\" \/>\n<meta property=\"article:published_time\" content=\"2019-12-06T23:34:14+00:00\" \/>\n<meta property=\"og:image\" content=\"https:\/\/centrourbano.com\/revista\/wp-content\/uploads\/Infonavit-Carlos-Mart\u00ednez-Negocio.jpg\" \/>\n\t<meta property=\"og:image:width\" content=\"680\" \/>\n\t<meta property=\"og:image:height\" content=\"453\" \/>\n\t<meta property=\"og:image:type\" content=\"image\/jpeg\" \/>\n<meta name=\"author\" content=\"Edgar Rosas\" \/>\n<meta name=\"twitter:card\" content=\"summary_large_image\" \/>\n<meta name=\"twitter:creator\" content=\"@https:\/\/twitter.com\/ERosasCU?s=09\" \/>\n<meta name=\"twitter:site\" content=\"@CentroUrbano\" \/>\n<meta name=\"twitter:label1\" content=\"Escrito por\" \/>\n\t<meta name=\"twitter:data1\" content=\"Edgar Rosas\" \/>\n\t<meta name=\"twitter:label2\" content=\"Tiempo de lectura\" \/>\n\t<meta name=\"twitter:data2\" content=\"2 minutos\" \/>\n<script type=\"application\/ld+json\" class=\"yoast-schema-graph\">{\"@context\":\"https:\\\/\\\/schema.org\",\"@graph\":[{\"@type\":\"Article\",\"@id\":\"https:\\\/\\\/centrourbano.com\\\/revista\\\/vivienda\\\/infonavit-negocio-personal\\\/#article\",\"isPartOf\":{\"@id\":\"https:\\\/\\\/centrourbano.com\\\/revista\\\/vivienda\\\/infonavit-negocio-personal\\\/\"},\"author\":{\"name\":\"Edgar Rosas\",\"@id\":\"https:\\\/\\\/centrourbano.com\\\/revista\\\/#\\\/schema\\\/person\\\/ff3c00651ce5b1630479d2cd0c2e3ac0\"},\"headline\":\"Infonavit se convirti\u00f3 en un negocio personal: Mart\u00ednez\",\"datePublished\":\"2019-12-06T23:34:14+00:00\",\"mainEntityOfPage\":{\"@id\":\"https:\\\/\\\/centrourbano.com\\\/revista\\\/vivienda\\\/infonavit-negocio-personal\\\/\"},\"wordCount\":471,\"commentCount\":0,\"publisher\":{\"@id\":\"https:\\\/\\\/centrourbano.com\\\/revista\\\/#organization\"},\"image\":{\"@id\":\"https:\\\/\\\/centrourbano.com\\\/revista\\\/vivienda\\\/infonavit-negocio-personal\\\/#primaryimage\"},\"thumbnailUrl\":\"https:\\\/\\\/centrourbano.com\\\/revista\\\/wp-content\\\/uploads\\\/Infonavit-Carlos-Mart\u00ednez-Negocio.jpg\",\"keywords\":[\"Carlos Mart\u00ednez\",\"Infonavit\",\"Nuevo Comienzo\",\"vivienda\"],\"articleSection\":[\"Vivienda\"],\"inLanguage\":\"es\",\"potentialAction\":[{\"@type\":\"CommentAction\",\"name\":\"Comment\",\"target\":[\"https:\\\/\\\/centrourbano.com\\\/revista\\\/vivienda\\\/infonavit-negocio-personal\\\/#respond\"]}]},{\"@type\":\"WebPage\",\"@id\":\"https:\\\/\\\/centrourbano.com\\\/revista\\\/vivienda\\\/infonavit-negocio-personal\\\/\",\"url\":\"https:\\\/\\\/centrourbano.com\\\/revista\\\/vivienda\\\/infonavit-negocio-personal\\\/\",\"name\":\"Infonavit se convirti\u00f3 en en el negocio personal de unos cuantos: Mart\u00ednez\",\"isPartOf\":{\"@id\":\"https:\\\/\\\/centrourbano.com\\\/revista\\\/#website\"},\"primaryImageOfPage\":{\"@id\":\"https:\\\/\\\/centrourbano.com\\\/revista\\\/vivienda\\\/infonavit-negocio-personal\\\/#primaryimage\"},\"image\":{\"@id\":\"https:\\\/\\\/centrourbano.com\\\/revista\\\/vivienda\\\/infonavit-negocio-personal\\\/#primaryimage\"},\"thumbnailUrl\":\"https:\\\/\\\/centrourbano.com\\\/revista\\\/wp-content\\\/uploads\\\/Infonavit-Carlos-Mart\u00ednez-Negocio.jpg\",\"datePublished\":\"2019-12-06T23:34:14+00:00\",\"description\":\"A decir de Carlos Mart\u00ednez, en los \u00faltimos a\u00f1os el Infonavit abandon\u00f3 su funci\u00f3n social, y se convirti\u00f3 en un negocio personal que beneficio a unos cuantos.\",\"breadcrumb\":{\"@id\":\"https:\\\/\\\/centrourbano.com\\\/revista\\\/vivienda\\\/infonavit-negocio-personal\\\/#breadcrumb\"},\"inLanguage\":\"es\",\"potentialAction\":[{\"@type\":\"ReadAction\",\"target\":[\"https:\\\/\\\/centrourbano.com\\\/revista\\\/vivienda\\\/infonavit-negocio-personal\\\/\"]}]},{\"@type\":\"ImageObject\",\"inLanguage\":\"es\",\"@id\":\"https:\\\/\\\/centrourbano.com\\\/revista\\\/vivienda\\\/infonavit-negocio-personal\\\/#primaryimage\",\"url\":\"https:\\\/\\\/centrourbano.com\\\/revista\\\/wp-content\\\/uploads\\\/Infonavit-Carlos-Mart\u00ednez-Negocio.jpg\",\"contentUrl\":\"https:\\\/\\\/centrourbano.com\\\/revista\\\/wp-content\\\/uploads\\\/Infonavit-Carlos-Mart\u00ednez-Negocio.jpg\",\"width\":680,\"height\":453,\"caption\":\"Infonavit-Carlos Mart\u00ednez-Negocio\"},{\"@type\":\"BreadcrumbList\",\"@id\":\"https:\\\/\\\/centrourbano.com\\\/revista\\\/vivienda\\\/infonavit-negocio-personal\\\/#breadcrumb\",\"itemListElement\":[{\"@type\":\"ListItem\",\"position\":1,\"name\":\"Portada\",\"item\":\"https:\\\/\\\/centrourbano.com\\\/revista\\\/\"},{\"@type\":\"ListItem\",\"position\":2,\"name\":\"Infonavit se convirti\u00f3 en un negocio personal: Mart\u00ednez\"}]},{\"@type\":\"WebSite\",\"@id\":\"https:\\\/\\\/centrourbano.com\\\/revista\\\/#website\",\"url\":\"https:\\\/\\\/centrourbano.com\\\/revista\\\/\",\"name\":\"Centro Urbano\",\"description\":\"Medio especializado en los sectores vivienda, inmobiliario, construcci\u00f3n, arquitectura y urbanismo.\",\"publisher\":{\"@id\":\"https:\\\/\\\/centrourbano.com\\\/revista\\\/#organization\"},\"potentialAction\":[{\"@type\":\"SearchAction\",\"target\":{\"@type\":\"EntryPoint\",\"urlTemplate\":\"https:\\\/\\\/centrourbano.com\\\/revista\\\/?s={search_term_string}\"},\"query-input\":{\"@type\":\"PropertyValueSpecification\",\"valueRequired\":true,\"valueName\":\"search_term_string\"}}],\"inLanguage\":\"es\"},{\"@type\":\"Organization\",\"@id\":\"https:\\\/\\\/centrourbano.com\\\/revista\\\/#organization\",\"name\":\"Centro Urbano\",\"url\":\"https:\\\/\\\/centrourbano.com\\\/revista\\\/\",\"logo\":{\"@type\":\"ImageObject\",\"inLanguage\":\"es\",\"@id\":\"https:\\\/\\\/centrourbano.com\\\/revista\\\/#\\\/schema\\\/logo\\\/image\\\/\",\"url\":\"https:\\\/\\\/centrourbano.com\\\/revista\\\/wp-content\\\/uploads\\\/web_CU_logo-1.png\",\"contentUrl\":\"https:\\\/\\\/centrourbano.com\\\/revista\\\/wp-content\\\/uploads\\\/web_CU_logo-1.png\",\"width\":350,\"height\":91,\"caption\":\"Centro Urbano\"},\"image\":{\"@id\":\"https:\\\/\\\/centrourbano.com\\\/revista\\\/#\\\/schema\\\/logo\\\/image\\\/\"},\"sameAs\":[\"https:\\\/\\\/www.facebook.com\\\/portalcentrourbano\",\"https:\\\/\\\/x.com\\\/CentroUrbano\",\"https:\\\/\\\/www.instagram.com\\\/centro_urbano\\\/\",\"https:\\\/\\\/www.linkedin.com\\\/company\\\/centro-urbano\\\/\",\"http:\\\/\\\/www.youtube.com\\\/user\\\/portalcentrourbano\"]},{\"@type\":\"Person\",\"@id\":\"https:\\\/\\\/centrourbano.com\\\/revista\\\/#\\\/schema\\\/person\\\/ff3c00651ce5b1630479d2cd0c2e3ac0\",\"name\":\"Edgar Rosas\",\"image\":{\"@type\":\"ImageObject\",\"inLanguage\":\"es\",\"@id\":\"https:\\\/\\\/secure.gravatar.com\\\/avatar\\\/94440c4283495211faa5300bf85e80061036b83fced868c3783aa1310b350d9c?s=96&d=mm&r=g\",\"url\":\"https:\\\/\\\/secure.gravatar.com\\\/avatar\\\/94440c4283495211faa5300bf85e80061036b83fced868c3783aa1310b350d9c?s=96&d=mm&r=g\",\"contentUrl\":\"https:\\\/\\\/secure.gravatar.com\\\/avatar\\\/94440c4283495211faa5300bf85e80061036b83fced868c3783aa1310b350d9c?s=96&d=mm&r=g\",\"caption\":\"Edgar Rosas\"},\"description\":\"Editor en Jefe de Centro Urbano. Egresado de la maestr\u00eda en Periodismo Pol\u00edtico de la Escuela de Periodismo Carlos Septi\u00e9n Garc\u00eda (EPCSG). Estudi\u00f3 la licenciatura en Comunicaci\u00f3n en la Universidad Mexicana. Amante de la cr\u00f3nica y el reportaje. Admirador de Vicente Le\u00f1ero y Miguel \u00c1ngel Granados Chapa.\",\"sameAs\":[\"https:\\\/\\\/x.com\\\/https:\\\/\\\/twitter.com\\\/ERosasCU?s=09\"],\"url\":\"https:\\\/\\\/centrourbano.com\\\/revista\\\/author\\\/edgar-rosas\\\/\"}]}<\/script>\n<!-- \/ Yoast SEO plugin. -->","yoast_head_json":{"title":"Infonavit se convirti\u00f3 en en el negocio personal de unos cuantos: Mart\u00ednez","description":"A decir de Carlos Mart\u00ednez, en los \u00faltimos a\u00f1os el Infonavit abandon\u00f3 su funci\u00f3n social, y se convirti\u00f3 en un negocio personal que beneficio a unos cuantos.","robots":{"index":"index","follow":"follow","max-snippet":"max-snippet:-1","max-image-preview":"max-image-preview:large","max-video-preview":"max-video-preview:-1"},"canonical":"https:\/\/centrourbano.com\/revista\/vivienda\/infonavit-negocio-personal\/","og_locale":"es_ES","og_type":"article","og_title":"Infonavit se convirti\u00f3 en en el negocio personal de unos cuantos: Mart\u00ednez","og_description":"A decir de Carlos Mart\u00ednez, en los \u00faltimos a\u00f1os el Infonavit abandon\u00f3 su funci\u00f3n social, y se convirti\u00f3 en un negocio personal que beneficio a unos cuantos.","og_url":"https:\/\/centrourbano.com\/revista\/vivienda\/infonavit-negocio-personal\/","og_site_name":"Centro Urbano","article_publisher":"https:\/\/www.facebook.com\/portalcentrourbano","article_published_time":"2019-12-06T23:34:14+00:00","og_image":[{"width":680,"height":453,"url":"https:\/\/centrourbano.com\/revista\/wp-content\/uploads\/Infonavit-Carlos-Mart\u00ednez-Negocio.jpg","type":"image\/jpeg"}],"author":"Edgar Rosas","twitter_card":"summary_large_image","twitter_creator":"@https:\/\/twitter.com\/ERosasCU?s=09","twitter_site":"@CentroUrbano","twitter_misc":{"Escrito por":"Edgar Rosas","Tiempo de lectura":"2 minutos"},"schema":{"@context":"https:\/\/schema.org","@graph":[{"@type":"Article","@id":"https:\/\/centrourbano.com\/revista\/vivienda\/infonavit-negocio-personal\/#article","isPartOf":{"@id":"https:\/\/centrourbano.com\/revista\/vivienda\/infonavit-negocio-personal\/"},"author":{"name":"Edgar Rosas","@id":"https:\/\/centrourbano.com\/revista\/#\/schema\/person\/ff3c00651ce5b1630479d2cd0c2e3ac0"},"headline":"Infonavit se convirti\u00f3 en un negocio personal: Mart\u00ednez","datePublished":"2019-12-06T23:34:14+00:00","mainEntityOfPage":{"@id":"https:\/\/centrourbano.com\/revista\/vivienda\/infonavit-negocio-personal\/"},"wordCount":471,"commentCount":0,"publisher":{"@id":"https:\/\/centrourbano.com\/revista\/#organization"},"image":{"@id":"https:\/\/centrourbano.com\/revista\/vivienda\/infonavit-negocio-personal\/#primaryimage"},"thumbnailUrl":"https:\/\/centrourbano.com\/revista\/wp-content\/uploads\/Infonavit-Carlos-Mart\u00ednez-Negocio.jpg","keywords":["Carlos Mart\u00ednez","Infonavit","Nuevo Comienzo","vivienda"],"articleSection":["Vivienda"],"inLanguage":"es","potentialAction":[{"@type":"CommentAction","name":"Comment","target":["https:\/\/centrourbano.com\/revista\/vivienda\/infonavit-negocio-personal\/#respond"]}]},{"@type":"WebPage","@id":"https:\/\/centrourbano.com\/revista\/vivienda\/infonavit-negocio-personal\/","url":"https:\/\/centrourbano.com\/revista\/vivienda\/infonavit-negocio-personal\/","name":"Infonavit se convirti\u00f3 en en el negocio personal de unos cuantos: Mart\u00ednez","isPartOf":{"@id":"https:\/\/centrourbano.com\/revista\/#website"},"primaryImageOfPage":{"@id":"https:\/\/centrourbano.com\/revista\/vivienda\/infonavit-negocio-personal\/#primaryimage"},"image":{"@id":"https:\/\/centrourbano.com\/revista\/vivienda\/infonavit-negocio-personal\/#primaryimage"},"thumbnailUrl":"https:\/\/centrourbano.com\/revista\/wp-content\/uploads\/Infonavit-Carlos-Mart\u00ednez-Negocio.jpg","datePublished":"2019-12-06T23:34:14+00:00","description":"A decir de Carlos Mart\u00ednez, en los \u00faltimos a\u00f1os el Infonavit abandon\u00f3 su funci\u00f3n social, y se convirti\u00f3 en un negocio personal que beneficio a unos cuantos.","breadcrumb":{"@id":"https:\/\/centrourbano.com\/revista\/vivienda\/infonavit-negocio-personal\/#breadcrumb"},"inLanguage":"es","potentialAction":[{"@type":"ReadAction","target":["https:\/\/centrourbano.com\/revista\/vivienda\/infonavit-negocio-personal\/"]}]},{"@type":"ImageObject","inLanguage":"es","@id":"https:\/\/centrourbano.com\/revista\/vivienda\/infonavit-negocio-personal\/#primaryimage","url":"https:\/\/centrourbano.com\/revista\/wp-content\/uploads\/Infonavit-Carlos-Mart\u00ednez-Negocio.jpg","contentUrl":"https:\/\/centrourbano.com\/revista\/wp-content\/uploads\/Infonavit-Carlos-Mart\u00ednez-Negocio.jpg","width":680,"height":453,"caption":"Infonavit-Carlos Mart\u00ednez-Negocio"},{"@type":"BreadcrumbList","@id":"https:\/\/centrourbano.com\/revista\/vivienda\/infonavit-negocio-personal\/#breadcrumb","itemListElement":[{"@type":"ListItem","position":1,"name":"Portada","item":"https:\/\/centrourbano.com\/revista\/"},{"@type":"ListItem","position":2,"name":"Infonavit se convirti\u00f3 en un negocio personal: Mart\u00ednez"}]},{"@type":"WebSite","@id":"https:\/\/centrourbano.com\/revista\/#website","url":"https:\/\/centrourbano.com\/revista\/","name":"Centro Urbano","description":"Medio especializado en los sectores vivienda, inmobiliario, construcci\u00f3n, arquitectura y urbanismo.","publisher":{"@id":"https:\/\/centrourbano.com\/revista\/#organization"},"potentialAction":[{"@type":"SearchAction","target":{"@type":"EntryPoint","urlTemplate":"https:\/\/centrourbano.com\/revista\/?s={search_term_string}"},"query-input":{"@type":"PropertyValueSpecification","valueRequired":true,"valueName":"search_term_string"}}],"inLanguage":"es"},{"@type":"Organization","@id":"https:\/\/centrourbano.com\/revista\/#organization","name":"Centro Urbano","url":"https:\/\/centrourbano.com\/revista\/","logo":{"@type":"ImageObject","inLanguage":"es","@id":"https:\/\/centrourbano.com\/revista\/#\/schema\/logo\/image\/","url":"https:\/\/centrourbano.com\/revista\/wp-content\/uploads\/web_CU_logo-1.png","contentUrl":"https:\/\/centrourbano.com\/revista\/wp-content\/uploads\/web_CU_logo-1.png","width":350,"height":91,"caption":"Centro Urbano"},"image":{"@id":"https:\/\/centrourbano.com\/revista\/#\/schema\/logo\/image\/"},"sameAs":["https:\/\/www.facebook.com\/portalcentrourbano","https:\/\/x.com\/CentroUrbano","https:\/\/www.instagram.com\/centro_urbano\/","https:\/\/www.linkedin.com\/company\/centro-urbano\/","http:\/\/www.youtube.com\/user\/portalcentrourbano"]},{"@type":"Person","@id":"https:\/\/centrourbano.com\/revista\/#\/schema\/person\/ff3c00651ce5b1630479d2cd0c2e3ac0","name":"Edgar Rosas","image":{"@type":"ImageObject","inLanguage":"es","@id":"https:\/\/secure.gravatar.com\/avatar\/94440c4283495211faa5300bf85e80061036b83fced868c3783aa1310b350d9c?s=96&d=mm&r=g","url":"https:\/\/secure.gravatar.com\/avatar\/94440c4283495211faa5300bf85e80061036b83fced868c3783aa1310b350d9c?s=96&d=mm&r=g","contentUrl":"https:\/\/secure.gravatar.com\/avatar\/94440c4283495211faa5300bf85e80061036b83fced868c3783aa1310b350d9c?s=96&d=mm&r=g","caption":"Edgar Rosas"},"description":"Editor en Jefe de Centro Urbano. Egresado de la maestr\u00eda en Periodismo Pol\u00edtico de la Escuela de Periodismo Carlos Septi\u00e9n Garc\u00eda (EPCSG). Estudi\u00f3 la licenciatura en Comunicaci\u00f3n en la Universidad Mexicana. Amante de la cr\u00f3nica y el reportaje. Admirador de Vicente Le\u00f1ero y Miguel \u00c1ngel Granados Chapa.","sameAs":["https:\/\/x.com\/https:\/\/twitter.com\/ERosasCU?s=09"],"url":"https:\/\/centrourbano.com\/revista\/author\/edgar-rosas\/"}]}},"_links":{"self":[{"href":"https:\/\/centrourbano.com\/revista\/wp-json\/wp\/v2\/posts\/100066","targetHints":{"allow":["GET"]}}],"collection":[{"href":"https:\/\/centrourbano.com\/revista\/wp-json\/wp\/v2\/posts"}],"about":[{"href":"https:\/\/centrourbano.com\/revista\/wp-json\/wp\/v2\/types\/post"}],"author":[{"embeddable":true,"href":"https:\/\/centrourbano.com\/revista\/wp-json\/wp\/v2\/users\/47"}],"replies":[{"embeddable":true,"href":"https:\/\/centrourbano.com\/revista\/wp-json\/wp\/v2\/comments?post=100066"}],"version-history":[{"count":1,"href":"https:\/\/centrourbano.com\/revista\/wp-json\/wp\/v2\/posts\/100066\/revisions"}],"predecessor-version":[{"id":100068,"href":"https:\/\/centrourbano.com\/revista\/wp-json\/wp\/v2\/posts\/100066\/revisions\/100068"}],"wp:featuredmedia":[{"embeddable":true,"href":"https:\/\/centrourbano.com\/revista\/wp-json\/wp\/v2\/media\/100067"}],"wp:attachment":[{"href":"https:\/\/centrourbano.com\/revista\/wp-json\/wp\/v2\/media?parent=100066"}],"wp:term":[{"taxonomy":"category","embeddable":true,"href":"https:\/\/centrourbano.com\/revista\/wp-json\/wp\/v2\/categories?post=100066"},{"taxonomy":"post_tag","embeddable":true,"href":"https:\/\/centrourbano.com\/revista\/wp-json\/wp\/v2\/tags?post=100066"}],"curies":[{"name":"wp","href":"https:\/\/api.w.org\/{rel}","templated":true}]}}